{"id":10656,"date":"2012-06-23T15:07:39","date_gmt":"2012-06-23T13:07:39","guid":{"rendered":"http:\/\/www.simpleplan.cz\/cz\/?p=10656"},"modified":"2023-06-26T07:50:30","modified_gmt":"2023-06-26T05:50:30","slug":"koncert-na-u18-festivalu-ve-valencii-ve-spanelsku","status":"publish","type":"post","link":"https:\/\/www.simpleplan.cz\/cz\/index.php\/koncert-na-u18-festivalu-ve-valencii-ve-spanelsku\/","title":{"rendered":"Koncert na U18 festivalu &#8211; ve Valencii, ve \u0160pan\u011blsku"},"content":{"rendered":"<p>Simple Plan v\u010dera zah\u00e1jili svou t\u0159\u00eddenn\u00ed j\u00edzdu po \u0161pan\u011blsk\u00e9m festivalu Under18, kter\u00fd se kon\u00e1 ve m\u011bstech Valencia, Bilbao a Santiago. V\u010dera zahr\u00e1li v prvn\u00edm z nich, ve Valencii, a prvn\u00ed <b>fotografie jak z meet &#038; greet s fanou\u0161ky<\/b>, tak tak\u00e9 <b>ze samotn\u00e9ho koncertu<\/b>, najdete v galerii SimplePlan.cz:<\/p>\n<p><center><a href=\"http:\/\/www.simpleplan.cz\/gallery\/thumbnails.php?album=1462\" target=\"_blank\" rel=\"noopener\"><img decoding=\"async\" src=\"http:\/\/www.simpleplan.cz\/gal\/2764.gif\"\/><\/a> <a href=\"http:\/\/www.simpleplan.cz\/gallery\/thumbnails.php?album=1463\" target=\"_blank\" rel=\"noopener\"><img decoding=\"async\" src=\"http:\/\/www.simpleplan.cz\/gal\/2763.gif\"\/><\/a><\/center><\/p>\n<p>A pokud v\u00e1s zaj\u00edm\u00e1, jak vypadala atmosf\u00e9ra na tomto festivalu b\u011bhem v\u010derej\u0161\u00edho dne, zde je <b>uk\u00e1zka z vystoupen\u00ed Simple Plan<\/b> s jejich pravd\u011bpodobn\u011b nadch\u00e1zej\u00edc\u00edm singlem &#8211; <b>&#8222;This Song Saved My Life&#8220;<\/b>:<\/p>\n<p><center><object width=\"480\" height=\"360\"><param name=\"movie\" value=\"http:\/\/www.youtube.com\/v\/mm_XcejlRLI?version=3&amp;hl=en_US\"><\/param><param name=\"allowFullScreen\" value=\"true\"><\/param><param name=\"allowscriptaccess\" value=\"always\"><\/param><embed src=\"http:\/\/www.youtube.com\/v\/mm_XcejlRLI?version=3&amp;hl=en_US\" type=\"application\/x-shockwave-flash\" width=\"480\" height=\"360\" allowscriptaccess=\"always\" allowfullscreen=\"true\"><\/embed><\/object><\/center><\/p>\n<div class=\"fblikebutton_button\" style=\"float: left; padding-top: 20px; margin-right: 20px; padding-bottom: 20px; padding-left: 20px;\"><iframe src=\"http:\/\/www.facebook.com\/plugins\/like.php?href=https%3A%2F%2Fwww.simpleplan.cz%2Fcz%2Findex.php%2Fkoncert-na-u18-festivalu-ve-valencii-ve-spanelsku%2F&amp;layout=standard&amp;show-faces=false&amp;width=450&amp;action=like&amp;colorscheme=light\" scrolling=\"no\" frameborder=\"0\" allowTransparency=\"true\" style=\"border:none; overflow:hidden; width:450px; height:26px\"><\/iframe><\/div>\n","protected":false},"excerpt":{"rendered":"<p>Simple Plan v\u010dera zah\u00e1jili svou t\u0159\u00eddenn\u00ed j\u00edzdu po \u0161pan\u011blsk\u00e9m festivalu Under18, kter\u00fd se kon\u00e1 ve<\/p>\n","protected":false},"author":5,"featured_media":0,"comment_status":"open","ping_status":"open","sticky":false,"template":"","format":"standard","meta":{"footnotes":"","fifu_image_url":"","fifu_image_alt":""},"categories":[9,8,10],"tags":[472,882,519,1014,825,823],"yoast_head":"<!-- This site is optimized with the Yoast SEO plugin v20.9 - https:\/\/yoast.com\/wordpress\/plugins\/seo\/ -->\n<title>Koncert na U18 festivalu - ve Valencii, ve \u0160pan\u011blsku | CZ: SimplePlan.cz<\/title>\n<meta name=\"robots\" content=\"index, follow, max-snippet:-1, max-image-preview:large, max-video-preview:-1\" \/>\n<link rel=\"canonical\" href=\"https:\/\/www.simpleplan.cz\/cz\/index.php\/koncert-na-u18-festivalu-ve-valencii-ve-spanelsku\/\" \/>\n<meta property=\"og:locale\" content=\"cs_CZ\" \/>\n<meta property=\"og:type\" content=\"article\" \/>\n<meta property=\"og:title\" content=\"Koncert na U18 festivalu - ve Valencii, ve \u0160pan\u011blsku | CZ: SimplePlan.cz\" \/>\n<meta property=\"og:description\" content=\"Simple Plan v\u010dera zah\u00e1jili svou t\u0159\u00eddenn\u00ed j\u00edzdu po \u0161pan\u011blsk\u00e9m festivalu Under18, kter\u00fd se kon\u00e1 ve\" \/>\n<meta property=\"og:url\" content=\"https:\/\/www.simpleplan.cz\/cz\/index.php\/koncert-na-u18-festivalu-ve-valencii-ve-spanelsku\/\" \/>\n<meta property=\"og:site_name\" content=\"CZ: SimplePlan.cz\" \/>\n<meta property=\"article:publisher\" content=\"http:\/\/www.facebook.com\/simpleplancz\" \/>\n<meta property=\"article:published_time\" content=\"2012-06-23T13:07:39+00:00\" \/>\n<meta property=\"article:modified_time\" content=\"2023-06-26T05:50:30+00:00\" \/>\n<meta property=\"og:image\" content=\"http:\/\/www.simpleplan.cz\/gal\/2764.gif\" \/>\n<meta name=\"author\" content=\"Dominika\" \/>\n<meta name=\"twitter:card\" content=\"summary_large_image\" \/>\n<meta name=\"twitter:creator\" content=\"@simpleplancz\" \/>\n<meta name=\"twitter:site\" content=\"@simpleplancz\" \/>\n<meta name=\"twitter:label1\" content=\"Napsal(a)\" \/>\n\t<meta name=\"twitter:data1\" content=\"Dominika\" \/>\n\t<meta name=\"twitter:label2\" content=\"Odhadovan\u00e1 doba \u010dten\u00ed\" \/>\n\t<meta name=\"twitter:data2\" content=\"1 minuta\" \/>\n<script type=\"application\/ld+json\" class=\"yoast-schema-graph\">{\"@context\":\"https:\/\/schema.org\",\"@graph\":[{\"@type\":\"Article\",\"@id\":\"https:\/\/www.simpleplan.cz\/cz\/index.php\/koncert-na-u18-festivalu-ve-valencii-ve-spanelsku\/#article\",\"isPartOf\":{\"@id\":\"https:\/\/www.simpleplan.cz\/cz\/index.php\/koncert-na-u18-festivalu-ve-valencii-ve-spanelsku\/\"},\"author\":{\"name\":\"Dominika\",\"@id\":\"https:\/\/www.simpleplan.cz\/cz\/#\/schema\/person\/bb90dd25f4baab7793fc73ab0b783730\"},\"headline\":\"Koncert na U18 festivalu &#8211; ve Valencii, ve \u0160pan\u011blsku\",\"datePublished\":\"2012-06-23T13:07:39+00:00\",\"dateModified\":\"2023-06-26T05:50:30+00:00\",\"mainEntityOfPage\":{\"@id\":\"https:\/\/www.simpleplan.cz\/cz\/index.php\/koncert-na-u18-festivalu-ve-valencii-ve-spanelsku\/\"},\"wordCount\":111,\"commentCount\":0,\"publisher\":{\"@id\":\"https:\/\/www.simpleplan.cz\/cz\/#organization\"},\"keywords\":[\"Evropa\",\"festival\",\"\u0160pan\u011blsko\",\"U18\",\"Under18\",\"Valencia\"],\"articleSection\":[\"fotky\",\"koncerty\",\"videa\"],\"inLanguage\":\"cs\",\"potentialAction\":[{\"@type\":\"CommentAction\",\"name\":\"Comment\",\"target\":[\"https:\/\/www.simpleplan.cz\/cz\/index.php\/koncert-na-u18-festivalu-ve-valencii-ve-spanelsku\/#respond\"]}]},{\"@type\":\"WebPage\",\"@id\":\"https:\/\/www.simpleplan.cz\/cz\/index.php\/koncert-na-u18-festivalu-ve-valencii-ve-spanelsku\/\",\"url\":\"https:\/\/www.simpleplan.cz\/cz\/index.php\/koncert-na-u18-festivalu-ve-valencii-ve-spanelsku\/\",\"name\":\"Koncert na U18 festivalu - ve Valencii, ve \u0160pan\u011blsku | CZ: SimplePlan.cz\",\"isPartOf\":{\"@id\":\"https:\/\/www.simpleplan.cz\/cz\/#website\"},\"datePublished\":\"2012-06-23T13:07:39+00:00\",\"dateModified\":\"2023-06-26T05:50:30+00:00\",\"breadcrumb\":{\"@id\":\"https:\/\/www.simpleplan.cz\/cz\/index.php\/koncert-na-u18-festivalu-ve-valencii-ve-spanelsku\/#breadcrumb\"},\"inLanguage\":\"cs\",\"potentialAction\":[{\"@type\":\"ReadAction\",\"target\":[\"https:\/\/www.simpleplan.cz\/cz\/index.php\/koncert-na-u18-festivalu-ve-valencii-ve-spanelsku\/\"]}]},{\"@type\":\"BreadcrumbList\",\"@id\":\"https:\/\/www.simpleplan.cz\/cz\/index.php\/koncert-na-u18-festivalu-ve-valencii-ve-spanelsku\/#breadcrumb\",\"itemListElement\":[{\"@type\":\"ListItem\",\"position\":1,\"name\":\"Dom\u016f\",\"item\":\"https:\/\/www.simpleplan.cz\/cz\/\"},{\"@type\":\"ListItem\",\"position\":2,\"name\":\"fotky\",\"item\":\"https:\/\/www.simpleplan.cz\/cz\/index.php\/category\/fotky\/\"},{\"@type\":\"ListItem\",\"position\":3,\"name\":\"Koncert na U18 festivalu &#8211; ve Valencii, ve \u0160pan\u011blsku\"}]},{\"@type\":\"WebSite\",\"@id\":\"https:\/\/www.simpleplan.cz\/cz\/#website\",\"url\":\"https:\/\/www.simpleplan.cz\/cz\/\",\"name\":\"CZ: SimplePlan.cz\",\"description\":\"Nejlep\u0161\u00ed zdroj informac\u00ed o kapele Simple Plan\",\"publisher\":{\"@id\":\"https:\/\/www.simpleplan.cz\/cz\/#organization\"},\"potentialAction\":[{\"@type\":\"SearchAction\",\"target\":{\"@type\":\"EntryPoint\",\"urlTemplate\":\"https:\/\/www.simpleplan.cz\/cz\/?s={search_term_string}\"},\"query-input\":\"required name=search_term_string\"}],\"inLanguage\":\"cs\"},{\"@type\":\"Organization\",\"@id\":\"https:\/\/www.simpleplan.cz\/cz\/#organization\",\"name\":\"CZ: SimplePlan.cz\",\"url\":\"https:\/\/www.simpleplan.cz\/cz\/\",\"logo\":{\"@type\":\"ImageObject\",\"inLanguage\":\"cs\",\"@id\":\"https:\/\/www.simpleplan.cz\/cz\/#\/schema\/logo\/image\/\",\"url\":\"https:\/\/www.simpleplan.cz\/cz\/wp-content\/uploads\/spczlogo.png\",\"contentUrl\":\"https:\/\/www.simpleplan.cz\/cz\/wp-content\/uploads\/spczlogo.png\",\"width\":250,\"height\":190,\"caption\":\"CZ: SimplePlan.cz\"},\"image\":{\"@id\":\"https:\/\/www.simpleplan.cz\/cz\/#\/schema\/logo\/image\/\"},\"sameAs\":[\"http:\/\/www.facebook.com\/simpleplancz\",\"https:\/\/twitter.com\/simpleplancz\",\"http:\/\/www.instagram.com\/simpleplancz\",\"http:\/\/www.youtube.com\/simpleplancz\"]},{\"@type\":\"Person\",\"@id\":\"https:\/\/www.simpleplan.cz\/cz\/#\/schema\/person\/bb90dd25f4baab7793fc73ab0b783730\",\"name\":\"Dominika\",\"image\":{\"@type\":\"ImageObject\",\"inLanguage\":\"cs\",\"@id\":\"https:\/\/www.simpleplan.cz\/cz\/#\/schema\/person\/image\/\",\"url\":\"https:\/\/secure.gravatar.com\/avatar\/de55cb16a8578d56e96c89d1a0af3db5?s=96&d=mm&r=g\",\"contentUrl\":\"https:\/\/secure.gravatar.com\/avatar\/de55cb16a8578d56e96c89d1a0af3db5?s=96&d=mm&r=g\",\"caption\":\"Dominika\"},\"sameAs\":[\"http:\/\/www.simpleplan.cz\"],\"url\":\"https:\/\/www.simpleplan.cz\/cz\/index.php\/author\/admin-2\/\"}]}<\/script>\n<!-- \/ Yoast SEO plugin. -->","yoast_head_json":{"title":"Koncert na U18 festivalu - ve Valencii, ve \u0160pan\u011blsku | CZ: SimplePlan.cz","robots":{"index":"index","follow":"follow","max-snippet":"max-snippet:-1","max-image-preview":"max-image-preview:large","max-video-preview":"max-video-preview:-1"},"canonical":"https:\/\/www.simpleplan.cz\/cz\/index.php\/koncert-na-u18-festivalu-ve-valencii-ve-spanelsku\/","og_locale":"cs_CZ","og_type":"article","og_title":"Koncert na U18 festivalu - ve Valencii, ve \u0160pan\u011blsku | CZ: SimplePlan.cz","og_description":"Simple Plan v\u010dera zah\u00e1jili svou t\u0159\u00eddenn\u00ed j\u00edzdu po \u0161pan\u011blsk\u00e9m festivalu Under18, kter\u00fd se kon\u00e1 ve","og_url":"https:\/\/www.simpleplan.cz\/cz\/index.php\/koncert-na-u18-festivalu-ve-valencii-ve-spanelsku\/","og_site_name":"CZ: SimplePlan.cz","article_publisher":"http:\/\/www.facebook.com\/simpleplancz","article_published_time":"2012-06-23T13:07:39+00:00","article_modified_time":"2023-06-26T05:50:30+00:00","og_image":[{"url":"http:\/\/www.simpleplan.cz\/gal\/2764.gif"}],"author":"Dominika","twitter_card":"summary_large_image","twitter_creator":"@simpleplancz","twitter_site":"@simpleplancz","twitter_misc":{"Napsal(a)":"Dominika","Odhadovan\u00e1 doba \u010dten\u00ed":"1 minuta"},"schema":{"@context":"https:\/\/schema.org","@graph":[{"@type":"Article","@id":"https:\/\/www.simpleplan.cz\/cz\/index.php\/koncert-na-u18-festivalu-ve-valencii-ve-spanelsku\/#article","isPartOf":{"@id":"https:\/\/www.simpleplan.cz\/cz\/index.php\/koncert-na-u18-festivalu-ve-valencii-ve-spanelsku\/"},"author":{"name":"Dominika","@id":"https:\/\/www.simpleplan.cz\/cz\/#\/schema\/person\/bb90dd25f4baab7793fc73ab0b783730"},"headline":"Koncert na U18 festivalu &#8211; ve Valencii, ve \u0160pan\u011blsku","datePublished":"2012-06-23T13:07:39+00:00","dateModified":"2023-06-26T05:50:30+00:00","mainEntityOfPage":{"@id":"https:\/\/www.simpleplan.cz\/cz\/index.php\/koncert-na-u18-festivalu-ve-valencii-ve-spanelsku\/"},"wordCount":111,"commentCount":0,"publisher":{"@id":"https:\/\/www.simpleplan.cz\/cz\/#organization"},"keywords":["Evropa","festival","\u0160pan\u011blsko","U18","Under18","Valencia"],"articleSection":["fotky","koncerty","videa"],"inLanguage":"cs","potentialAction":[{"@type":"CommentAction","name":"Comment","target":["https:\/\/www.simpleplan.cz\/cz\/index.php\/koncert-na-u18-festivalu-ve-valencii-ve-spanelsku\/#respond"]}]},{"@type":"WebPage","@id":"https:\/\/www.simpleplan.cz\/cz\/index.php\/koncert-na-u18-festivalu-ve-valencii-ve-spanelsku\/","url":"https:\/\/www.simpleplan.cz\/cz\/index.php\/koncert-na-u18-festivalu-ve-valencii-ve-spanelsku\/","name":"Koncert na U18 festivalu - ve Valencii, ve \u0160pan\u011blsku | CZ: SimplePlan.cz","isPartOf":{"@id":"https:\/\/www.simpleplan.cz\/cz\/#website"},"datePublished":"2012-06-23T13:07:39+00:00","dateModified":"2023-06-26T05:50:30+00:00","breadcrumb":{"@id":"https:\/\/www.simpleplan.cz\/cz\/index.php\/koncert-na-u18-festivalu-ve-valencii-ve-spanelsku\/#breadcrumb"},"inLanguage":"cs","potentialAction":[{"@type":"ReadAction","target":["https:\/\/www.simpleplan.cz\/cz\/index.php\/koncert-na-u18-festivalu-ve-valencii-ve-spanelsku\/"]}]},{"@type":"BreadcrumbList","@id":"https:\/\/www.simpleplan.cz\/cz\/index.php\/koncert-na-u18-festivalu-ve-valencii-ve-spanelsku\/#breadcrumb","itemListElement":[{"@type":"ListItem","position":1,"name":"Dom\u016f","item":"https:\/\/www.simpleplan.cz\/cz\/"},{"@type":"ListItem","position":2,"name":"fotky","item":"https:\/\/www.simpleplan.cz\/cz\/index.php\/category\/fotky\/"},{"@type":"ListItem","position":3,"name":"Koncert na U18 festivalu &#8211; ve Valencii, ve \u0160pan\u011blsku"}]},{"@type":"WebSite","@id":"https:\/\/www.simpleplan.cz\/cz\/#website","url":"https:\/\/www.simpleplan.cz\/cz\/","name":"CZ: SimplePlan.cz","description":"Nejlep\u0161\u00ed zdroj informac\u00ed o kapele Simple Plan","publisher":{"@id":"https:\/\/www.simpleplan.cz\/cz\/#organization"},"potentialAction":[{"@type":"SearchAction","target":{"@type":"EntryPoint","urlTemplate":"https:\/\/www.simpleplan.cz\/cz\/?s={search_term_string}"},"query-input":"required name=search_term_string"}],"inLanguage":"cs"},{"@type":"Organization","@id":"https:\/\/www.simpleplan.cz\/cz\/#organization","name":"CZ: SimplePlan.cz","url":"https:\/\/www.simpleplan.cz\/cz\/","logo":{"@type":"ImageObject","inLanguage":"cs","@id":"https:\/\/www.simpleplan.cz\/cz\/#\/schema\/logo\/image\/","url":"https:\/\/www.simpleplan.cz\/cz\/wp-content\/uploads\/spczlogo.png","contentUrl":"https:\/\/www.simpleplan.cz\/cz\/wp-content\/uploads\/spczlogo.png","width":250,"height":190,"caption":"CZ: SimplePlan.cz"},"image":{"@id":"https:\/\/www.simpleplan.cz\/cz\/#\/schema\/logo\/image\/"},"sameAs":["http:\/\/www.facebook.com\/simpleplancz","https:\/\/twitter.com\/simpleplancz","http:\/\/www.instagram.com\/simpleplancz","http:\/\/www.youtube.com\/simpleplancz"]},{"@type":"Person","@id":"https:\/\/www.simpleplan.cz\/cz\/#\/schema\/person\/bb90dd25f4baab7793fc73ab0b783730","name":"Dominika","image":{"@type":"ImageObject","inLanguage":"cs","@id":"https:\/\/www.simpleplan.cz\/cz\/#\/schema\/person\/image\/","url":"https:\/\/secure.gravatar.com\/avatar\/de55cb16a8578d56e96c89d1a0af3db5?s=96&d=mm&r=g","contentUrl":"https:\/\/secure.gravatar.com\/avatar\/de55cb16a8578d56e96c89d1a0af3db5?s=96&d=mm&r=g","caption":"Dominika"},"sameAs":["http:\/\/www.simpleplan.cz"],"url":"https:\/\/www.simpleplan.cz\/cz\/index.php\/author\/admin-2\/"}]}},"featured_image_urls":{"full":"","thumbnail":"","medium":"","medium_large":"","large":"","1536x1536":"","2048x2048":"","elegant-magazine-featured":"","elegant-magazine-medium":"","elegant-magazine-medium-small":"","elegant-magazine-thumbnail-small":""},"author_info":{"display_name":"Dominika","author_link":"https:\/\/www.simpleplan.cz\/cz\/index.php\/author\/admin-2\/"},"category_info":"<a href=\"https:\/\/www.simpleplan.cz\/cz\/index.php\/category\/fotky\/\" rel=\"category tag\">fotky<\/a> <a href=\"https:\/\/www.simpleplan.cz\/cz\/index.php\/category\/koncerty\/\" rel=\"category tag\">koncerty<\/a> <a href=\"https:\/\/www.simpleplan.cz\/cz\/index.php\/category\/videa\/\" rel=\"category tag\">videa<\/a>","tag_info":"videa","comment_count":"0","_links":{"self":[{"href":"https:\/\/www.simpleplan.cz\/cz\/index.php\/wp-json\/wp\/v2\/posts\/10656"}],"collection":[{"href":"https:\/\/www.simpleplan.cz\/cz\/index.php\/wp-json\/wp\/v2\/posts"}],"about":[{"href":"https:\/\/www.simpleplan.cz\/cz\/index.php\/wp-json\/wp\/v2\/types\/post"}],"author":[{"embeddable":true,"href":"https:\/\/www.simpleplan.cz\/cz\/index.php\/wp-json\/wp\/v2\/users\/5"}],"replies":[{"embeddable":true,"href":"https:\/\/www.simpleplan.cz\/cz\/index.php\/wp-json\/wp\/v2\/comments?post=10656"}],"version-history":[{"count":2,"href":"https:\/\/www.simpleplan.cz\/cz\/index.php\/wp-json\/wp\/v2\/posts\/10656\/revisions"}],"predecessor-version":[{"id":32122,"href":"https:\/\/www.simpleplan.cz\/cz\/index.php\/wp-json\/wp\/v2\/posts\/10656\/revisions\/32122"}],"wp:attachment":[{"href":"https:\/\/www.simpleplan.cz\/cz\/index.php\/wp-json\/wp\/v2\/media?parent=10656"}],"wp:term":[{"taxonomy":"category","embeddable":true,"href":"https:\/\/www.simpleplan.cz\/cz\/index.php\/wp-json\/wp\/v2\/categories?post=10656"},{"taxonomy":"post_tag","embeddable":true,"href":"https:\/\/www.simpleplan.cz\/cz\/index.php\/wp-json\/wp\/v2\/tags?post=10656"}],"curies":[{"name":"wp","href":"https:\/\/api.w.org\/{rel}","templated":true}]}}