{"id":10941,"date":"2012-07-17T22:35:00","date_gmt":"2012-07-17T20:35:00","guid":{"rendered":"http:\/\/www.simpleplan.cz\/cz\/?p=10941"},"modified":"2023-06-26T07:50:25","modified_gmt":"2023-06-26T05:50:25","slug":"popovy-sbor-ze-sherbrooku-nazpival-jet-lag","status":"publish","type":"post","link":"https:\/\/www.simpleplan.cz\/cz\/index.php\/popovy-sbor-ze-sherbrooku-nazpival-jet-lag\/","title":{"rendered":"Popov\u00fd sbor ze Sherbrooku nazp\u00edval &#8222;Jet Lag&#8220;"},"content":{"rendered":"<p>Popov\u00fd sbor zvan\u00fd <b>&#8222;Choeur Pop de Sherbrooke&#8220;<\/b>, kter\u00fd poch\u00e1z\u00ed ze Sherbrooku, v Kanad\u011b, ned\u00e1vno do sv\u00e9ho reperto\u00e1ru p\u0159idal <b>vlastn\u00ed interpretaci francouzsk\u00e9 verze p\u00edsn\u011b Jet Lag&#8220;<\/b> (p\u016fvodn\u011b od Simple Plan s Marie-Mai), a dokonce sv\u00e9 vystoupen\u00ed nahr\u00e1l na video a publikoval na YouTube. <\/p>\n<p>Je rozhodn\u011b velmi zaj\u00edmav\u00e9 porovnat tuto verzi s tou, na kterou jsme zvykl\u00ed od Simple Plan, nebo\u0165 se od sebe v mnoha ohledech velice li\u0161\u00ed: nam\u00edsto p\u011bti\u010dlen\u00e9 p\u00e1nsk\u00e9 sestavy s jedn\u00edm d\u00e1msk\u00fdm doprovodem, tu n\u00e1hle m\u00e1me 60-\u010dlenn\u00fd sbor, kter\u00fd se skl\u00e1d\u00e1 jak z mu\u017e\u016f, tak i z \u017een &#8211; a to v\u0161ech v\u011bkov\u00fdch skupin. <\/p>\n<p>Na celou verzi t\u00e9to interpretace Jet Lag se m\u016f\u017eete pod\u00edvat zde:<\/p>\n<p><center><object width=\"480\" height=\"270\"><param name=\"movie\" value=\"http:\/\/www.youtube.com\/v\/iWKgJs-3vWg?version=3&amp;hl=en_US\"><\/param><param name=\"allowFullScreen\" value=\"true\"><\/param><param name=\"allowscriptaccess\" value=\"always\"><\/param><embed src=\"http:\/\/www.youtube.com\/v\/iWKgJs-3vWg?version=3&amp;hl=en_US\" type=\"application\/x-shockwave-flash\" width=\"480\" height=\"270\" allowscriptaccess=\"always\" allowfullscreen=\"true\"><\/embed><\/object><\/center><\/p>\n<div class=\"fblikebutton_button\" style=\"float: left; padding-top: 20px; margin-right: 20px; padding-bottom: 20px; padding-left: 20px;\"><iframe src=\"http:\/\/www.facebook.com\/plugins\/like.php?href=https%3A%2F%2Fwww.simpleplan.cz%2Fcz%2Findex.php%2Fpopovy-sbor-ze-sherbrooku-nazpival-jet-lag%2F&amp;layout=standard&amp;show-faces=false&amp;width=450&amp;action=like&amp;colorscheme=light\" scrolling=\"no\" frameborder=\"0\" allowTransparency=\"true\" style=\"border:none; overflow:hidden; width:450px; height:26px\"><\/iframe><\/div>\n","protected":false},"excerpt":{"rendered":"<p>Popov\u00fd sbor zvan\u00fd &#8222;Choeur Pop de Sherbrooke&#8220;, kter\u00fd poch\u00e1z\u00ed ze Sherbrooku, v Kanad\u011b, ned\u00e1vno do<\/p>\n","protected":false},"author":5,"featured_media":0,"comment_status":"open","ping_status":"open","sticky":false,"template":"","format":"standard","meta":{"footnotes":"","fifu_image_url":"","fifu_image_alt":""},"categories":[24,10],"tags":[1049,428],"yoast_head":"<!-- This site is optimized with the Yoast SEO plugin v20.9 - https:\/\/yoast.com\/wordpress\/plugins\/seo\/ -->\n<title>Popov\u00fd sbor ze Sherbrooku nazp\u00edval &quot;Jet Lag&quot; | CZ: SimplePlan.cz<\/title>\n<meta name=\"robots\" content=\"index, follow, max-snippet:-1, max-image-preview:large, max-video-preview:-1\" \/>\n<link rel=\"canonical\" href=\"https:\/\/www.simpleplan.cz\/cz\/index.php\/popovy-sbor-ze-sherbrooku-nazpival-jet-lag\/\" \/>\n<meta property=\"og:locale\" content=\"cs_CZ\" \/>\n<meta property=\"og:type\" content=\"article\" \/>\n<meta property=\"og:title\" content=\"Popov\u00fd sbor ze Sherbrooku nazp\u00edval &quot;Jet Lag&quot; | CZ: SimplePlan.cz\" \/>\n<meta property=\"og:description\" content=\"Popov\u00fd sbor zvan\u00fd &#8222;Choeur Pop de Sherbrooke&#8220;, kter\u00fd poch\u00e1z\u00ed ze Sherbrooku, v Kanad\u011b, ned\u00e1vno do\" \/>\n<meta property=\"og:url\" content=\"https:\/\/www.simpleplan.cz\/cz\/index.php\/popovy-sbor-ze-sherbrooku-nazpival-jet-lag\/\" \/>\n<meta property=\"og:site_name\" content=\"CZ: SimplePlan.cz\" \/>\n<meta property=\"article:publisher\" content=\"http:\/\/www.facebook.com\/simpleplancz\" \/>\n<meta property=\"article:published_time\" content=\"2012-07-17T20:35:00+00:00\" \/>\n<meta property=\"article:modified_time\" content=\"2023-06-26T05:50:25+00:00\" \/>\n<meta property=\"og:image\" content=\"http:\/\/www.simpleplan.cz\/cz\/wp-content\/uploads\/logo.gif\" \/>\n<meta name=\"author\" content=\"Dominika\" \/>\n<meta name=\"twitter:card\" content=\"summary_large_image\" \/>\n<meta name=\"twitter:creator\" content=\"@simpleplancz\" \/>\n<meta name=\"twitter:site\" content=\"@simpleplancz\" \/>\n<meta name=\"twitter:label1\" content=\"Napsal(a)\" \/>\n\t<meta name=\"twitter:data1\" content=\"Dominika\" \/>\n\t<meta name=\"twitter:label2\" content=\"Odhadovan\u00e1 doba \u010dten\u00ed\" \/>\n\t<meta name=\"twitter:data2\" content=\"1 minuta\" \/>\n<script type=\"application\/ld+json\" class=\"yoast-schema-graph\">{\"@context\":\"https:\/\/schema.org\",\"@graph\":[{\"@type\":\"Article\",\"@id\":\"https:\/\/www.simpleplan.cz\/cz\/index.php\/popovy-sbor-ze-sherbrooku-nazpival-jet-lag\/#article\",\"isPartOf\":{\"@id\":\"https:\/\/www.simpleplan.cz\/cz\/index.php\/popovy-sbor-ze-sherbrooku-nazpival-jet-lag\/\"},\"author\":{\"name\":\"Dominika\",\"@id\":\"https:\/\/www.simpleplan.cz\/cz\/#\/schema\/person\/bb90dd25f4baab7793fc73ab0b783730\"},\"headline\":\"Popov\u00fd sbor ze Sherbrooku nazp\u00edval &#8222;Jet Lag&#8220;\",\"datePublished\":\"2012-07-17T20:35:00+00:00\",\"dateModified\":\"2023-06-26T05:50:25+00:00\",\"mainEntityOfPage\":{\"@id\":\"https:\/\/www.simpleplan.cz\/cz\/index.php\/popovy-sbor-ze-sherbrooku-nazpival-jet-lag\/\"},\"wordCount\":141,\"commentCount\":0,\"publisher\":{\"@id\":\"https:\/\/www.simpleplan.cz\/cz\/#organization\"},\"keywords\":[\"Choeur Pop de Sherbrooke\",\"Jet Lag\"],\"articleSection\":[\"ostatn\u00ed\",\"videa\"],\"inLanguage\":\"cs\",\"potentialAction\":[{\"@type\":\"CommentAction\",\"name\":\"Comment\",\"target\":[\"https:\/\/www.simpleplan.cz\/cz\/index.php\/popovy-sbor-ze-sherbrooku-nazpival-jet-lag\/#respond\"]}]},{\"@type\":\"WebPage\",\"@id\":\"https:\/\/www.simpleplan.cz\/cz\/index.php\/popovy-sbor-ze-sherbrooku-nazpival-jet-lag\/\",\"url\":\"https:\/\/www.simpleplan.cz\/cz\/index.php\/popovy-sbor-ze-sherbrooku-nazpival-jet-lag\/\",\"name\":\"Popov\u00fd sbor ze Sherbrooku nazp\u00edval \\\"Jet Lag\\\" | CZ: SimplePlan.cz\",\"isPartOf\":{\"@id\":\"https:\/\/www.simpleplan.cz\/cz\/#website\"},\"datePublished\":\"2012-07-17T20:35:00+00:00\",\"dateModified\":\"2023-06-26T05:50:25+00:00\",\"breadcrumb\":{\"@id\":\"https:\/\/www.simpleplan.cz\/cz\/index.php\/popovy-sbor-ze-sherbrooku-nazpival-jet-lag\/#breadcrumb\"},\"inLanguage\":\"cs\",\"potentialAction\":[{\"@type\":\"ReadAction\",\"target\":[\"https:\/\/www.simpleplan.cz\/cz\/index.php\/popovy-sbor-ze-sherbrooku-nazpival-jet-lag\/\"]}]},{\"@type\":\"BreadcrumbList\",\"@id\":\"https:\/\/www.simpleplan.cz\/cz\/index.php\/popovy-sbor-ze-sherbrooku-nazpival-jet-lag\/#breadcrumb\",\"itemListElement\":[{\"@type\":\"ListItem\",\"position\":1,\"name\":\"Dom\u016f\",\"item\":\"https:\/\/www.simpleplan.cz\/cz\/\"},{\"@type\":\"ListItem\",\"position\":2,\"name\":\"ostatn\u00ed\",\"item\":\"https:\/\/www.simpleplan.cz\/cz\/index.php\/category\/ostatni\/\"},{\"@type\":\"ListItem\",\"position\":3,\"name\":\"Popov\u00fd sbor ze Sherbrooku nazp\u00edval &#8222;Jet Lag&#8220;\"}]},{\"@type\":\"WebSite\",\"@id\":\"https:\/\/www.simpleplan.cz\/cz\/#website\",\"url\":\"https:\/\/www.simpleplan.cz\/cz\/\",\"name\":\"CZ: SimplePlan.cz\",\"description\":\"Nejlep\u0161\u00ed zdroj informac\u00ed o kapele Simple Plan\",\"publisher\":{\"@id\":\"https:\/\/www.simpleplan.cz\/cz\/#organization\"},\"potentialAction\":[{\"@type\":\"SearchAction\",\"target\":{\"@type\":\"EntryPoint\",\"urlTemplate\":\"https:\/\/www.simpleplan.cz\/cz\/?s={search_term_string}\"},\"query-input\":\"required name=search_term_string\"}],\"inLanguage\":\"cs\"},{\"@type\":\"Organization\",\"@id\":\"https:\/\/www.simpleplan.cz\/cz\/#organization\",\"name\":\"CZ: SimplePlan.cz\",\"url\":\"https:\/\/www.simpleplan.cz\/cz\/\",\"logo\":{\"@type\":\"ImageObject\",\"inLanguage\":\"cs\",\"@id\":\"https:\/\/www.simpleplan.cz\/cz\/#\/schema\/logo\/image\/\",\"url\":\"https:\/\/www.simpleplan.cz\/cz\/wp-content\/uploads\/spczlogo.png\",\"contentUrl\":\"https:\/\/www.simpleplan.cz\/cz\/wp-content\/uploads\/spczlogo.png\",\"width\":250,\"height\":190,\"caption\":\"CZ: SimplePlan.cz\"},\"image\":{\"@id\":\"https:\/\/www.simpleplan.cz\/cz\/#\/schema\/logo\/image\/\"},\"sameAs\":[\"http:\/\/www.facebook.com\/simpleplancz\",\"https:\/\/twitter.com\/simpleplancz\",\"http:\/\/www.instagram.com\/simpleplancz\",\"http:\/\/www.youtube.com\/simpleplancz\"]},{\"@type\":\"Person\",\"@id\":\"https:\/\/www.simpleplan.cz\/cz\/#\/schema\/person\/bb90dd25f4baab7793fc73ab0b783730\",\"name\":\"Dominika\",\"image\":{\"@type\":\"ImageObject\",\"inLanguage\":\"cs\",\"@id\":\"https:\/\/www.simpleplan.cz\/cz\/#\/schema\/person\/image\/\",\"url\":\"https:\/\/secure.gravatar.com\/avatar\/de55cb16a8578d56e96c89d1a0af3db5?s=96&d=mm&r=g\",\"contentUrl\":\"https:\/\/secure.gravatar.com\/avatar\/de55cb16a8578d56e96c89d1a0af3db5?s=96&d=mm&r=g\",\"caption\":\"Dominika\"},\"sameAs\":[\"http:\/\/www.simpleplan.cz\"],\"url\":\"https:\/\/www.simpleplan.cz\/cz\/index.php\/author\/admin-2\/\"}]}<\/script>\n<!-- \/ Yoast SEO plugin. -->","yoast_head_json":{"title":"Popov\u00fd sbor ze Sherbrooku nazp\u00edval \"Jet Lag\" | CZ: SimplePlan.cz","robots":{"index":"index","follow":"follow","max-snippet":"max-snippet:-1","max-image-preview":"max-image-preview:large","max-video-preview":"max-video-preview:-1"},"canonical":"https:\/\/www.simpleplan.cz\/cz\/index.php\/popovy-sbor-ze-sherbrooku-nazpival-jet-lag\/","og_locale":"cs_CZ","og_type":"article","og_title":"Popov\u00fd sbor ze Sherbrooku nazp\u00edval \"Jet Lag\" | CZ: SimplePlan.cz","og_description":"Popov\u00fd sbor zvan\u00fd &#8222;Choeur Pop de Sherbrooke&#8220;, kter\u00fd poch\u00e1z\u00ed ze Sherbrooku, v Kanad\u011b, ned\u00e1vno do","og_url":"https:\/\/www.simpleplan.cz\/cz\/index.php\/popovy-sbor-ze-sherbrooku-nazpival-jet-lag\/","og_site_name":"CZ: SimplePlan.cz","article_publisher":"http:\/\/www.facebook.com\/simpleplancz","article_published_time":"2012-07-17T20:35:00+00:00","article_modified_time":"2023-06-26T05:50:25+00:00","og_image":[{"url":"http:\/\/www.simpleplan.cz\/cz\/wp-content\/uploads\/logo.gif"}],"author":"Dominika","twitter_card":"summary_large_image","twitter_creator":"@simpleplancz","twitter_site":"@simpleplancz","twitter_misc":{"Napsal(a)":"Dominika","Odhadovan\u00e1 doba \u010dten\u00ed":"1 minuta"},"schema":{"@context":"https:\/\/schema.org","@graph":[{"@type":"Article","@id":"https:\/\/www.simpleplan.cz\/cz\/index.php\/popovy-sbor-ze-sherbrooku-nazpival-jet-lag\/#article","isPartOf":{"@id":"https:\/\/www.simpleplan.cz\/cz\/index.php\/popovy-sbor-ze-sherbrooku-nazpival-jet-lag\/"},"author":{"name":"Dominika","@id":"https:\/\/www.simpleplan.cz\/cz\/#\/schema\/person\/bb90dd25f4baab7793fc73ab0b783730"},"headline":"Popov\u00fd sbor ze Sherbrooku nazp\u00edval &#8222;Jet Lag&#8220;","datePublished":"2012-07-17T20:35:00+00:00","dateModified":"2023-06-26T05:50:25+00:00","mainEntityOfPage":{"@id":"https:\/\/www.simpleplan.cz\/cz\/index.php\/popovy-sbor-ze-sherbrooku-nazpival-jet-lag\/"},"wordCount":141,"commentCount":0,"publisher":{"@id":"https:\/\/www.simpleplan.cz\/cz\/#organization"},"keywords":["Choeur Pop de Sherbrooke","Jet Lag"],"articleSection":["ostatn\u00ed","videa"],"inLanguage":"cs","potentialAction":[{"@type":"CommentAction","name":"Comment","target":["https:\/\/www.simpleplan.cz\/cz\/index.php\/popovy-sbor-ze-sherbrooku-nazpival-jet-lag\/#respond"]}]},{"@type":"WebPage","@id":"https:\/\/www.simpleplan.cz\/cz\/index.php\/popovy-sbor-ze-sherbrooku-nazpival-jet-lag\/","url":"https:\/\/www.simpleplan.cz\/cz\/index.php\/popovy-sbor-ze-sherbrooku-nazpival-jet-lag\/","name":"Popov\u00fd sbor ze Sherbrooku nazp\u00edval \"Jet Lag\" | CZ: SimplePlan.cz","isPartOf":{"@id":"https:\/\/www.simpleplan.cz\/cz\/#website"},"datePublished":"2012-07-17T20:35:00+00:00","dateModified":"2023-06-26T05:50:25+00:00","breadcrumb":{"@id":"https:\/\/www.simpleplan.cz\/cz\/index.php\/popovy-sbor-ze-sherbrooku-nazpival-jet-lag\/#breadcrumb"},"inLanguage":"cs","potentialAction":[{"@type":"ReadAction","target":["https:\/\/www.simpleplan.cz\/cz\/index.php\/popovy-sbor-ze-sherbrooku-nazpival-jet-lag\/"]}]},{"@type":"BreadcrumbList","@id":"https:\/\/www.simpleplan.cz\/cz\/index.php\/popovy-sbor-ze-sherbrooku-nazpival-jet-lag\/#breadcrumb","itemListElement":[{"@type":"ListItem","position":1,"name":"Dom\u016f","item":"https:\/\/www.simpleplan.cz\/cz\/"},{"@type":"ListItem","position":2,"name":"ostatn\u00ed","item":"https:\/\/www.simpleplan.cz\/cz\/index.php\/category\/ostatni\/"},{"@type":"ListItem","position":3,"name":"Popov\u00fd sbor ze Sherbrooku nazp\u00edval &#8222;Jet Lag&#8220;"}]},{"@type":"WebSite","@id":"https:\/\/www.simpleplan.cz\/cz\/#website","url":"https:\/\/www.simpleplan.cz\/cz\/","name":"CZ: SimplePlan.cz","description":"Nejlep\u0161\u00ed zdroj informac\u00ed o kapele Simple Plan","publisher":{"@id":"https:\/\/www.simpleplan.cz\/cz\/#organization"},"potentialAction":[{"@type":"SearchAction","target":{"@type":"EntryPoint","urlTemplate":"https:\/\/www.simpleplan.cz\/cz\/?s={search_term_string}"},"query-input":"required name=search_term_string"}],"inLanguage":"cs"},{"@type":"Organization","@id":"https:\/\/www.simpleplan.cz\/cz\/#organization","name":"CZ: SimplePlan.cz","url":"https:\/\/www.simpleplan.cz\/cz\/","logo":{"@type":"ImageObject","inLanguage":"cs","@id":"https:\/\/www.simpleplan.cz\/cz\/#\/schema\/logo\/image\/","url":"https:\/\/www.simpleplan.cz\/cz\/wp-content\/uploads\/spczlogo.png","contentUrl":"https:\/\/www.simpleplan.cz\/cz\/wp-content\/uploads\/spczlogo.png","width":250,"height":190,"caption":"CZ: SimplePlan.cz"},"image":{"@id":"https:\/\/www.simpleplan.cz\/cz\/#\/schema\/logo\/image\/"},"sameAs":["http:\/\/www.facebook.com\/simpleplancz","https:\/\/twitter.com\/simpleplancz","http:\/\/www.instagram.com\/simpleplancz","http:\/\/www.youtube.com\/simpleplancz"]},{"@type":"Person","@id":"https:\/\/www.simpleplan.cz\/cz\/#\/schema\/person\/bb90dd25f4baab7793fc73ab0b783730","name":"Dominika","image":{"@type":"ImageObject","inLanguage":"cs","@id":"https:\/\/www.simpleplan.cz\/cz\/#\/schema\/person\/image\/","url":"https:\/\/secure.gravatar.com\/avatar\/de55cb16a8578d56e96c89d1a0af3db5?s=96&d=mm&r=g","contentUrl":"https:\/\/secure.gravatar.com\/avatar\/de55cb16a8578d56e96c89d1a0af3db5?s=96&d=mm&r=g","caption":"Dominika"},"sameAs":["http:\/\/www.simpleplan.cz"],"url":"https:\/\/www.simpleplan.cz\/cz\/index.php\/author\/admin-2\/"}]}},"featured_image_urls":{"full":"","thumbnail":"","medium":"","medium_large":"","large":"","1536x1536":"","2048x2048":"","elegant-magazine-featured":"","elegant-magazine-medium":"","elegant-magazine-medium-small":"","elegant-magazine-thumbnail-small":""},"author_info":{"display_name":"Dominika","author_link":"https:\/\/www.simpleplan.cz\/cz\/index.php\/author\/admin-2\/"},"category_info":"<a href=\"https:\/\/www.simpleplan.cz\/cz\/index.php\/category\/ostatni\/\" rel=\"category tag\">ostatn\u00ed<\/a> <a href=\"https:\/\/www.simpleplan.cz\/cz\/index.php\/category\/videa\/\" rel=\"category tag\">videa<\/a>","tag_info":"videa","comment_count":"0","_links":{"self":[{"href":"https:\/\/www.simpleplan.cz\/cz\/index.php\/wp-json\/wp\/v2\/posts\/10941"}],"collection":[{"href":"https:\/\/www.simpleplan.cz\/cz\/index.php\/wp-json\/wp\/v2\/posts"}],"about":[{"href":"https:\/\/www.simpleplan.cz\/cz\/index.php\/wp-json\/wp\/v2\/types\/post"}],"author":[{"embeddable":true,"href":"https:\/\/www.simpleplan.cz\/cz\/index.php\/wp-json\/wp\/v2\/users\/5"}],"replies":[{"embeddable":true,"href":"https:\/\/www.simpleplan.cz\/cz\/index.php\/wp-json\/wp\/v2\/comments?post=10941"}],"version-history":[{"count":1,"href":"https:\/\/www.simpleplan.cz\/cz\/index.php\/wp-json\/wp\/v2\/posts\/10941\/revisions"}],"predecessor-version":[{"id":10942,"href":"https:\/\/www.simpleplan.cz\/cz\/index.php\/wp-json\/wp\/v2\/posts\/10941\/revisions\/10942"}],"wp:attachment":[{"href":"https:\/\/www.simpleplan.cz\/cz\/index.php\/wp-json\/wp\/v2\/media?parent=10941"}],"wp:term":[{"taxonomy":"category","embeddable":true,"href":"https:\/\/www.simpleplan.cz\/cz\/index.php\/wp-json\/wp\/v2\/categories?post=10941"},{"taxonomy":"post_tag","embeddable":true,"href":"https:\/\/www.simpleplan.cz\/cz\/index.php\/wp-json\/wp\/v2\/tags?post=10941"}],"curies":[{"name":"wp","href":"https:\/\/api.w.org\/{rel}","templated":true}]}}