{"id":11011,"date":"2012-07-26T12:29:02","date_gmt":"2012-07-26T10:29:02","guid":{"rendered":"http:\/\/www.simpleplan.cz\/cz\/?p=11011"},"modified":"2023-06-26T07:50:22","modified_gmt":"2023-06-26T05:50:22","slug":"simple-plan-predpokladaji-ze-pate-album-by-mohlo-vyjit-v-roce-2014","status":"publish","type":"post","link":"https:\/\/www.simpleplan.cz\/cz\/index.php\/simple-plan-predpokladaji-ze-pate-album-by-mohlo-vyjit-v-roce-2014\/","title":{"rendered":"Simple Plan p\u0159edpokl\u00e1daj\u00ed, \u017ee p\u00e1t\u00e9 album by mohlo vyj\u00edt v roce 2014"},"content":{"rendered":"<p><img decoding=\"async\" style=\"margin: 6px;\" src=\"http:\/\/www.simpleplan.cz\/gal\/2825.gif\" alt=\"\" align=\"left\" \/>Ve <b>velice zaj\u00edmav\u00e9m nov\u00e9m \u010dl\u00e1nku<\/b> zve\u0159ejn\u011bn\u00e9m na str\u00e1nk\u00e1ch den\u00edku <a href=\"http:\/\/www.journaldemontreal.com\/2012\/07\/25\/les--vacances--de-simple-plan\" target=\"_blank\" rel=\"noopener\">Le Journal de Montreal<\/a> (kter\u00fd tak\u00e9 publikoval tuto skv\u011blou fotku Simple Plan z photoshootu z roku 2011, kterou v pln\u00e9 velikosti nyn\u00ed najdete v <a href=\"http:\/\/www.simpleplan.cz\/gallery\/thumbnails.php?album=1024\" target=\"_blank\" rel=\"noopener\">galerii<\/a>), Sebastien prob\u00edr\u00e1 s report\u00e9rkou \u00fasp\u011bch kapely s jejich nejnov\u011bj\u0161\u00edm singlem &#8222;Summer Paradise&#8220; a tak\u00e9 n\u011bkolik dal\u0161\u00edch zaj\u00edmav\u00fdch t\u00e9mat.<\/p>\n<p>Nap\u0159\u00edklad je v rozhovoru zm\u00edn\u011bno, <b>\u017ee kapela p\u0159edpokl\u00e1d\u00e1, \u017ee by jejich p\u00e1t\u00e9 studiov\u00e9 album mohlo vyj\u00edt na konci roku 2013 nebo na za\u010d\u00e1tku 2014<\/b>. Ale bu\u010fme realisti\u010dt\u00ed, <b>s nejv\u011bt\u0161\u00ed pravd\u011bpodobnost\u00ed se bude jednat sp\u00ed\u0161e o konec roku 2014<\/b>. Nebo\u0165 i jak Sebastien v rozhovoru  \u0159\u00edk\u00e1, <b>Simple Plan necht\u011bj\u00ed b\u00fdt pod\u0159\u00edzeni n\u011bjak\u00fdm konkr\u00e9tn\u00edm term\u00ednem, kter\u00fd by museli dodr\u017eet<\/b>: <i>&#8222;Nem\u00e1me \u017e\u00e1dn\u00fd deadline. Budeme ps\u00e1t v pr\u016fb\u011bhu cel\u00e9ho roku 2013. Cht\u011bli bychom to album vydat co nejd\u0159\u00edv to bude mo\u017en\u00e9, ale mus\u00edme m\u00edt \u010das na to ho napsat. Kapela si nav\u00edc pravd\u011bpodobn\u011b bude cht\u00edt vz\u00edt trochu oddech p\u0159ed prac\u00ed na dal\u0161\u00ed desce. Proto\u017ee to opravdu nutn\u011b pot\u0159ebujeme, v\u011b\u0159te mi!&#8220;<\/i><\/p>\n<p>Dal\u0161\u00edm velmi zaj\u00edmav\u00fdm t\u00e9matem zm\u00edn\u011bn\u00fdm v tomto \u010dl\u00e1nku byl zp\u016fsob, jak\u00fdm si Simple Plan vyb\u00edraj\u00ed, kam p\u016fjdou zahr\u00e1t p\u0159\u00ed\u0161t\u011b. Kluci ji\u017e nyn\u00ed v\u00ed, \u017ee do konce tohoto roku (pokud po\u010d\u00edt\u00e1me i nov\u00e9 zem\u011b v Ji\u017en\u00ed Americe a v Evrop\u011b) by m\u011bli dos\u00e1hnout po\u010dtu 50 st\u00e1t\u016f, kter\u00e9 celkem za svou kari\u00e9ru nav\u0161t\u00edvili. I p\u0159esto si je ale <b>kapela v\u011bdoma sv\u00fdch limit\u016f, co se t\u00fd\u010de zem\u00ed, ve kter\u00fdch mohou hr\u00e1t: v\u011bt\u0161inou z\u00e1le\u017e\u00ed hlavn\u011b na tom, jak dob\u0159e se jejich desk\u00e1m v dan\u00e9m st\u00e1t\u011b da\u0159\u00ed a\/nebo jak se na r\u00e1di\u00edch da\u0159\u00ed jejich singl\u016fm<\/b>. \u0158ecko je nap\u0159\u00edklad uvedeno jako p\u0159\u00edklad zem\u011b, kter\u00e1 up\u0159ednost\u0148uje sp\u00ed\u0161e techno nad pop-rockem, co\u017e pro kapelu jako jsou Simple Plan znamen\u00e1, \u017ee je velice t\u011b\u017ek\u00e9 m\u00edt v takov\u00e9to zemi koncert, proto\u017ee by se p\u0159irozen\u011b l\u00edstky moc neprod\u00e1valy. <b><i>&#8222;Existuj\u00ed m\u00edsta, kde jsme nikdy neprodali jedinou desku, kde jsme neprodali v\u016fbec nic. A pak tu jsou tak\u00e9 takov\u00e9 zem\u011b, kter\u00e9 jsme nav\u0161t\u00edvili jednou a ani nev\u00edme, jestli se tam je\u0161t\u011b n\u011bkdy vr\u00e1t\u00edme,&#8220;<\/i><\/b> p\u0159izn\u00e1v\u00e1 Sebastien.<\/p>\n<p>Tak\u017ee tady je jedna rada: pokud chcete, aby Simple Plan p\u0159ijeli do va\u0161\u00ed zem\u011b, po\u0159\u00e1dn\u011b se ujist\u011bte, \u017ee je zde r\u00e1dia hraj\u00ed, a pokud ne, volejte do r\u00e1diov\u00fdch stanic a jejich p\u00edsn\u011b si vy\u017eadujte a d\u00e1vejte o nich ostatn\u00edm lidem v\u011bd\u011bt. Takto tomu m\u016f\u017eete dopomoci vlastn\u00ed silou nejv\u00edc. <\/p>\n<div class=\"fblikebutton_button\" style=\"float: left; padding-top: 20px; margin-right: 20px; padding-bottom: 20px; padding-left: 20px;\"><iframe src=\"http:\/\/www.facebook.com\/plugins\/like.php?href=https%3A%2F%2Fwww.simpleplan.cz%2Fcz%2Findex.php%2Fsimple-plan-predpokladaji-ze-pate-album-by-mohlo-vyjit-v-roce-2014%2F&amp;layout=standard&amp;show-faces=false&amp;width=450&amp;action=like&amp;colorscheme=light\" scrolling=\"no\" frameborder=\"0\" allowTransparency=\"true\" style=\"border:none; overflow:hidden; width:450px; height:26px\"><\/iframe><\/div>\n","protected":false},"excerpt":{"rendered":"<p>Ve velice zaj\u00edmav\u00e9m nov\u00e9m \u010dl\u00e1nku zve\u0159ejn\u011bn\u00e9m na str\u00e1nk\u00e1ch den\u00edku Le Journal de Montreal (kter\u00fd tak\u00e9<\/p>\n","protected":false},"author":5,"featured_media":0,"comment_status":"open","ping_status":"open","sticky":false,"template":"","format":"standard","meta":{"footnotes":"","fifu_image_url":"","fifu_image_alt":""},"categories":[848,22,9,19,3],"tags":[1063,1995,1064],"yoast_head":"<!-- This site is optimized with the Yoast SEO plugin v20.9 - https:\/\/yoast.com\/wordpress\/plugins\/seo\/ -->\n<title>Simple Plan p\u0159edpokl\u00e1daj\u00ed, \u017ee p\u00e1t\u00e9 album by mohlo vyj\u00edt v roce 2014 | CZ: SimplePlan.cz<\/title>\n<meta name=\"robots\" content=\"index, follow, max-snippet:-1, max-image-preview:large, max-video-preview:-1\" \/>\n<link rel=\"canonical\" href=\"https:\/\/www.simpleplan.cz\/cz\/index.php\/simple-plan-predpokladaji-ze-pate-album-by-mohlo-vyjit-v-roce-2014\/\" \/>\n<meta property=\"og:locale\" content=\"cs_CZ\" \/>\n<meta property=\"og:type\" content=\"article\" \/>\n<meta property=\"og:title\" content=\"Simple Plan p\u0159edpokl\u00e1daj\u00ed, \u017ee p\u00e1t\u00e9 album by mohlo vyj\u00edt v roce 2014 | CZ: SimplePlan.cz\" \/>\n<meta property=\"og:description\" content=\"Ve velice zaj\u00edmav\u00e9m nov\u00e9m \u010dl\u00e1nku zve\u0159ejn\u011bn\u00e9m na str\u00e1nk\u00e1ch den\u00edku Le Journal de Montreal (kter\u00fd tak\u00e9\" \/>\n<meta property=\"og:url\" content=\"https:\/\/www.simpleplan.cz\/cz\/index.php\/simple-plan-predpokladaji-ze-pate-album-by-mohlo-vyjit-v-roce-2014\/\" \/>\n<meta property=\"og:site_name\" content=\"CZ: SimplePlan.cz\" \/>\n<meta property=\"article:publisher\" content=\"http:\/\/www.facebook.com\/simpleplancz\" \/>\n<meta property=\"article:published_time\" content=\"2012-07-26T10:29:02+00:00\" \/>\n<meta property=\"article:modified_time\" content=\"2023-06-26T05:50:22+00:00\" \/>\n<meta property=\"og:image\" content=\"http:\/\/www.simpleplan.cz\/gal\/2825.gif\" \/>\n<meta name=\"author\" content=\"Dominika\" \/>\n<meta name=\"twitter:card\" content=\"summary_large_image\" \/>\n<meta name=\"twitter:creator\" content=\"@simpleplancz\" \/>\n<meta name=\"twitter:site\" content=\"@simpleplancz\" \/>\n<meta name=\"twitter:label1\" content=\"Napsal(a)\" \/>\n\t<meta name=\"twitter:data1\" content=\"Dominika\" \/>\n\t<meta name=\"twitter:label2\" content=\"Odhadovan\u00e1 doba \u010dten\u00ed\" \/>\n\t<meta name=\"twitter:data2\" content=\"3 minuty\" \/>\n<script type=\"application\/ld+json\" class=\"yoast-schema-graph\">{\"@context\":\"https:\/\/schema.org\",\"@graph\":[{\"@type\":\"Article\",\"@id\":\"https:\/\/www.simpleplan.cz\/cz\/index.php\/simple-plan-predpokladaji-ze-pate-album-by-mohlo-vyjit-v-roce-2014\/#article\",\"isPartOf\":{\"@id\":\"https:\/\/www.simpleplan.cz\/cz\/index.php\/simple-plan-predpokladaji-ze-pate-album-by-mohlo-vyjit-v-roce-2014\/\"},\"author\":{\"name\":\"Dominika\",\"@id\":\"https:\/\/www.simpleplan.cz\/cz\/#\/schema\/person\/bb90dd25f4baab7793fc73ab0b783730\"},\"headline\":\"Simple Plan p\u0159edpokl\u00e1daj\u00ed, \u017ee p\u00e1t\u00e9 album by mohlo vyj\u00edt v roce 2014\",\"datePublished\":\"2012-07-26T10:29:02+00:00\",\"dateModified\":\"2023-06-26T05:50:22+00:00\",\"mainEntityOfPage\":{\"@id\":\"https:\/\/www.simpleplan.cz\/cz\/index.php\/simple-plan-predpokladaji-ze-pate-album-by-mohlo-vyjit-v-roce-2014\/\"},\"wordCount\":517,\"commentCount\":6,\"publisher\":{\"@id\":\"https:\/\/www.simpleplan.cz\/cz\/#organization\"},\"keywords\":[\"Le Journal de Montreal\",\"nov\u00e9 album\",\"\u0158ecko\"],\"articleSection\":[\"5. album\",\"\u010dl\u00e1nky\",\"fotky\",\"rozhovory\",\"Sebastien\"],\"inLanguage\":\"cs\",\"potentialAction\":[{\"@type\":\"CommentAction\",\"name\":\"Comment\",\"target\":[\"https:\/\/www.simpleplan.cz\/cz\/index.php\/simple-plan-predpokladaji-ze-pate-album-by-mohlo-vyjit-v-roce-2014\/#respond\"]}]},{\"@type\":\"WebPage\",\"@id\":\"https:\/\/www.simpleplan.cz\/cz\/index.php\/simple-plan-predpokladaji-ze-pate-album-by-mohlo-vyjit-v-roce-2014\/\",\"url\":\"https:\/\/www.simpleplan.cz\/cz\/index.php\/simple-plan-predpokladaji-ze-pate-album-by-mohlo-vyjit-v-roce-2014\/\",\"name\":\"Simple Plan p\u0159edpokl\u00e1daj\u00ed, \u017ee p\u00e1t\u00e9 album by mohlo vyj\u00edt v roce 2014 | CZ: SimplePlan.cz\",\"isPartOf\":{\"@id\":\"https:\/\/www.simpleplan.cz\/cz\/#website\"},\"datePublished\":\"2012-07-26T10:29:02+00:00\",\"dateModified\":\"2023-06-26T05:50:22+00:00\",\"breadcrumb\":{\"@id\":\"https:\/\/www.simpleplan.cz\/cz\/index.php\/simple-plan-predpokladaji-ze-pate-album-by-mohlo-vyjit-v-roce-2014\/#breadcrumb\"},\"inLanguage\":\"cs\",\"potentialAction\":[{\"@type\":\"ReadAction\",\"target\":[\"https:\/\/www.simpleplan.cz\/cz\/index.php\/simple-plan-predpokladaji-ze-pate-album-by-mohlo-vyjit-v-roce-2014\/\"]}]},{\"@type\":\"BreadcrumbList\",\"@id\":\"https:\/\/www.simpleplan.cz\/cz\/index.php\/simple-plan-predpokladaji-ze-pate-album-by-mohlo-vyjit-v-roce-2014\/#breadcrumb\",\"itemListElement\":[{\"@type\":\"ListItem\",\"position\":1,\"name\":\"Dom\u016f\",\"item\":\"https:\/\/www.simpleplan.cz\/cz\/\"},{\"@type\":\"ListItem\",\"position\":2,\"name\":\"5. album\",\"item\":\"https:\/\/www.simpleplan.cz\/cz\/index.php\/category\/5-album\/\"},{\"@type\":\"ListItem\",\"position\":3,\"name\":\"Simple Plan p\u0159edpokl\u00e1daj\u00ed, \u017ee p\u00e1t\u00e9 album by mohlo vyj\u00edt v roce 2014\"}]},{\"@type\":\"WebSite\",\"@id\":\"https:\/\/www.simpleplan.cz\/cz\/#website\",\"url\":\"https:\/\/www.simpleplan.cz\/cz\/\",\"name\":\"CZ: SimplePlan.cz\",\"description\":\"Nejlep\u0161\u00ed zdroj informac\u00ed o kapele Simple Plan\",\"publisher\":{\"@id\":\"https:\/\/www.simpleplan.cz\/cz\/#organization\"},\"potentialAction\":[{\"@type\":\"SearchAction\",\"target\":{\"@type\":\"EntryPoint\",\"urlTemplate\":\"https:\/\/www.simpleplan.cz\/cz\/?s={search_term_string}\"},\"query-input\":\"required name=search_term_string\"}],\"inLanguage\":\"cs\"},{\"@type\":\"Organization\",\"@id\":\"https:\/\/www.simpleplan.cz\/cz\/#organization\",\"name\":\"CZ: SimplePlan.cz\",\"url\":\"https:\/\/www.simpleplan.cz\/cz\/\",\"logo\":{\"@type\":\"ImageObject\",\"inLanguage\":\"cs\",\"@id\":\"https:\/\/www.simpleplan.cz\/cz\/#\/schema\/logo\/image\/\",\"url\":\"https:\/\/www.simpleplan.cz\/cz\/wp-content\/uploads\/spczlogo.png\",\"contentUrl\":\"https:\/\/www.simpleplan.cz\/cz\/wp-content\/uploads\/spczlogo.png\",\"width\":250,\"height\":190,\"caption\":\"CZ: SimplePlan.cz\"},\"image\":{\"@id\":\"https:\/\/www.simpleplan.cz\/cz\/#\/schema\/logo\/image\/\"},\"sameAs\":[\"http:\/\/www.facebook.com\/simpleplancz\",\"https:\/\/twitter.com\/simpleplancz\",\"http:\/\/www.instagram.com\/simpleplancz\",\"http:\/\/www.youtube.com\/simpleplancz\"]},{\"@type\":\"Person\",\"@id\":\"https:\/\/www.simpleplan.cz\/cz\/#\/schema\/person\/bb90dd25f4baab7793fc73ab0b783730\",\"name\":\"Dominika\",\"image\":{\"@type\":\"ImageObject\",\"inLanguage\":\"cs\",\"@id\":\"https:\/\/www.simpleplan.cz\/cz\/#\/schema\/person\/image\/\",\"url\":\"https:\/\/secure.gravatar.com\/avatar\/de55cb16a8578d56e96c89d1a0af3db5?s=96&d=mm&r=g\",\"contentUrl\":\"https:\/\/secure.gravatar.com\/avatar\/de55cb16a8578d56e96c89d1a0af3db5?s=96&d=mm&r=g\",\"caption\":\"Dominika\"},\"sameAs\":[\"http:\/\/www.simpleplan.cz\"],\"url\":\"https:\/\/www.simpleplan.cz\/cz\/index.php\/author\/admin-2\/\"}]}<\/script>\n<!-- \/ Yoast SEO plugin. -->","yoast_head_json":{"title":"Simple Plan p\u0159edpokl\u00e1daj\u00ed, \u017ee p\u00e1t\u00e9 album by mohlo vyj\u00edt v roce 2014 | CZ: SimplePlan.cz","robots":{"index":"index","follow":"follow","max-snippet":"max-snippet:-1","max-image-preview":"max-image-preview:large","max-video-preview":"max-video-preview:-1"},"canonical":"https:\/\/www.simpleplan.cz\/cz\/index.php\/simple-plan-predpokladaji-ze-pate-album-by-mohlo-vyjit-v-roce-2014\/","og_locale":"cs_CZ","og_type":"article","og_title":"Simple Plan p\u0159edpokl\u00e1daj\u00ed, \u017ee p\u00e1t\u00e9 album by mohlo vyj\u00edt v roce 2014 | CZ: SimplePlan.cz","og_description":"Ve velice zaj\u00edmav\u00e9m nov\u00e9m \u010dl\u00e1nku zve\u0159ejn\u011bn\u00e9m na str\u00e1nk\u00e1ch den\u00edku Le Journal de Montreal (kter\u00fd tak\u00e9","og_url":"https:\/\/www.simpleplan.cz\/cz\/index.php\/simple-plan-predpokladaji-ze-pate-album-by-mohlo-vyjit-v-roce-2014\/","og_site_name":"CZ: SimplePlan.cz","article_publisher":"http:\/\/www.facebook.com\/simpleplancz","article_published_time":"2012-07-26T10:29:02+00:00","article_modified_time":"2023-06-26T05:50:22+00:00","og_image":[{"url":"http:\/\/www.simpleplan.cz\/gal\/2825.gif"}],"author":"Dominika","twitter_card":"summary_large_image","twitter_creator":"@simpleplancz","twitter_site":"@simpleplancz","twitter_misc":{"Napsal(a)":"Dominika","Odhadovan\u00e1 doba \u010dten\u00ed":"3 minuty"},"schema":{"@context":"https:\/\/schema.org","@graph":[{"@type":"Article","@id":"https:\/\/www.simpleplan.cz\/cz\/index.php\/simple-plan-predpokladaji-ze-pate-album-by-mohlo-vyjit-v-roce-2014\/#article","isPartOf":{"@id":"https:\/\/www.simpleplan.cz\/cz\/index.php\/simple-plan-predpokladaji-ze-pate-album-by-mohlo-vyjit-v-roce-2014\/"},"author":{"name":"Dominika","@id":"https:\/\/www.simpleplan.cz\/cz\/#\/schema\/person\/bb90dd25f4baab7793fc73ab0b783730"},"headline":"Simple Plan p\u0159edpokl\u00e1daj\u00ed, \u017ee p\u00e1t\u00e9 album by mohlo vyj\u00edt v roce 2014","datePublished":"2012-07-26T10:29:02+00:00","dateModified":"2023-06-26T05:50:22+00:00","mainEntityOfPage":{"@id":"https:\/\/www.simpleplan.cz\/cz\/index.php\/simple-plan-predpokladaji-ze-pate-album-by-mohlo-vyjit-v-roce-2014\/"},"wordCount":517,"commentCount":6,"publisher":{"@id":"https:\/\/www.simpleplan.cz\/cz\/#organization"},"keywords":["Le Journal de Montreal","nov\u00e9 album","\u0158ecko"],"articleSection":["5. album","\u010dl\u00e1nky","fotky","rozhovory","Sebastien"],"inLanguage":"cs","potentialAction":[{"@type":"CommentAction","name":"Comment","target":["https:\/\/www.simpleplan.cz\/cz\/index.php\/simple-plan-predpokladaji-ze-pate-album-by-mohlo-vyjit-v-roce-2014\/#respond"]}]},{"@type":"WebPage","@id":"https:\/\/www.simpleplan.cz\/cz\/index.php\/simple-plan-predpokladaji-ze-pate-album-by-mohlo-vyjit-v-roce-2014\/","url":"https:\/\/www.simpleplan.cz\/cz\/index.php\/simple-plan-predpokladaji-ze-pate-album-by-mohlo-vyjit-v-roce-2014\/","name":"Simple Plan p\u0159edpokl\u00e1daj\u00ed, \u017ee p\u00e1t\u00e9 album by mohlo vyj\u00edt v roce 2014 | CZ: SimplePlan.cz","isPartOf":{"@id":"https:\/\/www.simpleplan.cz\/cz\/#website"},"datePublished":"2012-07-26T10:29:02+00:00","dateModified":"2023-06-26T05:50:22+00:00","breadcrumb":{"@id":"https:\/\/www.simpleplan.cz\/cz\/index.php\/simple-plan-predpokladaji-ze-pate-album-by-mohlo-vyjit-v-roce-2014\/#breadcrumb"},"inLanguage":"cs","potentialAction":[{"@type":"ReadAction","target":["https:\/\/www.simpleplan.cz\/cz\/index.php\/simple-plan-predpokladaji-ze-pate-album-by-mohlo-vyjit-v-roce-2014\/"]}]},{"@type":"BreadcrumbList","@id":"https:\/\/www.simpleplan.cz\/cz\/index.php\/simple-plan-predpokladaji-ze-pate-album-by-mohlo-vyjit-v-roce-2014\/#breadcrumb","itemListElement":[{"@type":"ListItem","position":1,"name":"Dom\u016f","item":"https:\/\/www.simpleplan.cz\/cz\/"},{"@type":"ListItem","position":2,"name":"5. album","item":"https:\/\/www.simpleplan.cz\/cz\/index.php\/category\/5-album\/"},{"@type":"ListItem","position":3,"name":"Simple Plan p\u0159edpokl\u00e1daj\u00ed, \u017ee p\u00e1t\u00e9 album by mohlo vyj\u00edt v roce 2014"}]},{"@type":"WebSite","@id":"https:\/\/www.simpleplan.cz\/cz\/#website","url":"https:\/\/www.simpleplan.cz\/cz\/","name":"CZ: SimplePlan.cz","description":"Nejlep\u0161\u00ed zdroj informac\u00ed o kapele Simple Plan","publisher":{"@id":"https:\/\/www.simpleplan.cz\/cz\/#organization"},"potentialAction":[{"@type":"SearchAction","target":{"@type":"EntryPoint","urlTemplate":"https:\/\/www.simpleplan.cz\/cz\/?s={search_term_string}"},"query-input":"required name=search_term_string"}],"inLanguage":"cs"},{"@type":"Organization","@id":"https:\/\/www.simpleplan.cz\/cz\/#organization","name":"CZ: SimplePlan.cz","url":"https:\/\/www.simpleplan.cz\/cz\/","logo":{"@type":"ImageObject","inLanguage":"cs","@id":"https:\/\/www.simpleplan.cz\/cz\/#\/schema\/logo\/image\/","url":"https:\/\/www.simpleplan.cz\/cz\/wp-content\/uploads\/spczlogo.png","contentUrl":"https:\/\/www.simpleplan.cz\/cz\/wp-content\/uploads\/spczlogo.png","width":250,"height":190,"caption":"CZ: SimplePlan.cz"},"image":{"@id":"https:\/\/www.simpleplan.cz\/cz\/#\/schema\/logo\/image\/"},"sameAs":["http:\/\/www.facebook.com\/simpleplancz","https:\/\/twitter.com\/simpleplancz","http:\/\/www.instagram.com\/simpleplancz","http:\/\/www.youtube.com\/simpleplancz"]},{"@type":"Person","@id":"https:\/\/www.simpleplan.cz\/cz\/#\/schema\/person\/bb90dd25f4baab7793fc73ab0b783730","name":"Dominika","image":{"@type":"ImageObject","inLanguage":"cs","@id":"https:\/\/www.simpleplan.cz\/cz\/#\/schema\/person\/image\/","url":"https:\/\/secure.gravatar.com\/avatar\/de55cb16a8578d56e96c89d1a0af3db5?s=96&d=mm&r=g","contentUrl":"https:\/\/secure.gravatar.com\/avatar\/de55cb16a8578d56e96c89d1a0af3db5?s=96&d=mm&r=g","caption":"Dominika"},"sameAs":["http:\/\/www.simpleplan.cz"],"url":"https:\/\/www.simpleplan.cz\/cz\/index.php\/author\/admin-2\/"}]}},"featured_image_urls":{"full":"","thumbnail":"","medium":"","medium_large":"","large":"","1536x1536":"","2048x2048":"","elegant-magazine-featured":"","elegant-magazine-medium":"","elegant-magazine-medium-small":"","elegant-magazine-thumbnail-small":""},"author_info":{"display_name":"Dominika","author_link":"https:\/\/www.simpleplan.cz\/cz\/index.php\/author\/admin-2\/"},"category_info":"<a href=\"https:\/\/www.simpleplan.cz\/cz\/index.php\/category\/5-album\/\" rel=\"category tag\">5. album<\/a> <a href=\"https:\/\/www.simpleplan.cz\/cz\/index.php\/category\/clanky\/\" rel=\"category tag\">\u010dl\u00e1nky<\/a> <a href=\"https:\/\/www.simpleplan.cz\/cz\/index.php\/category\/fotky\/\" rel=\"category tag\">fotky<\/a> <a href=\"https:\/\/www.simpleplan.cz\/cz\/index.php\/category\/rozhovory\/\" rel=\"category tag\">rozhovory<\/a> <a href=\"https:\/\/www.simpleplan.cz\/cz\/index.php\/category\/sebastien\/\" rel=\"category tag\">Sebastien<\/a>","tag_info":"Sebastien","comment_count":"6","_links":{"self":[{"href":"https:\/\/www.simpleplan.cz\/cz\/index.php\/wp-json\/wp\/v2\/posts\/11011"}],"collection":[{"href":"https:\/\/www.simpleplan.cz\/cz\/index.php\/wp-json\/wp\/v2\/posts"}],"about":[{"href":"https:\/\/www.simpleplan.cz\/cz\/index.php\/wp-json\/wp\/v2\/types\/post"}],"author":[{"embeddable":true,"href":"https:\/\/www.simpleplan.cz\/cz\/index.php\/wp-json\/wp\/v2\/users\/5"}],"replies":[{"embeddable":true,"href":"https:\/\/www.simpleplan.cz\/cz\/index.php\/wp-json\/wp\/v2\/comments?post=11011"}],"version-history":[{"count":8,"href":"https:\/\/www.simpleplan.cz\/cz\/index.php\/wp-json\/wp\/v2\/posts\/11011\/revisions"}],"predecessor-version":[{"id":32065,"href":"https:\/\/www.simpleplan.cz\/cz\/index.php\/wp-json\/wp\/v2\/posts\/11011\/revisions\/32065"}],"wp:attachment":[{"href":"https:\/\/www.simpleplan.cz\/cz\/index.php\/wp-json\/wp\/v2\/media?parent=11011"}],"wp:term":[{"taxonomy":"category","embeddable":true,"href":"https:\/\/www.simpleplan.cz\/cz\/index.php\/wp-json\/wp\/v2\/categories?post=11011"},{"taxonomy":"post_tag","embeddable":true,"href":"https:\/\/www.simpleplan.cz\/cz\/index.php\/wp-json\/wp\/v2\/tags?post=11011"}],"curies":[{"name":"wp","href":"https:\/\/api.w.org\/{rel}","templated":true}]}}