{"id":11305,"date":"2012-09-20T14:46:06","date_gmt":"2012-09-20T12:46:06","guid":{"rendered":"http:\/\/www.simpleplan.cz\/cz\/?p=11305"},"modified":"2023-06-26T07:50:17","modified_gmt":"2023-06-26T05:50:17","slug":"prijedou-simple-plan-v-roce-2012-jeste-do-evropy","status":"publish","type":"post","link":"https:\/\/www.simpleplan.cz\/cz\/index.php\/prijedou-simple-plan-v-roce-2012-jeste-do-evropy\/","title":{"rendered":"P\u0159ijedou Simple Plan v roce 2012 je\u0161t\u011b do Evropy?!"},"content":{"rendered":"<p>I p\u0159esto, \u017ee se internetem ji\u017e za\u010daly \u0161\u00ed\u0159it r\u016fzn\u00e9 zv\u011bsti o tom, \u017ee se se Simple Plan v Evrop\u011b uvid\u00edme znovu a\u017e p\u0159\u00ed\u0161t\u00ed rok (pot\u00e9, co Pierre s\u00e1m jednomu fanou\u0161kovi na Twitteru sd\u011blil, \u017ee turn\u00e9 bylo <b>&#8222;trochu odlo\u017eeno&#8220;<\/b>), se nyn\u00ed objevil plak\u00e1t k chystan\u00e9mu <b>Coca-Cola festivalu<\/b>, na kter\u00e9m stoj\u00ed, \u017ee se jej krom\u011b jin\u00fdch kapel z\u00fa\u010dastn\u00ed tak\u00e9 Simple Plan, a to v <b>Madridu, ve \u0160pan\u011blsku, 9. listopadu 2012<\/b> (d\u00edky <i>Guilii<\/i> za informaci). Kapela v\u0161ak zat\u00edm nic ofici\u00e1ln\u00edho sama nepotvrdila.<\/p>\n<p>Jedna z dal\u0161\u00edch kapel, kter\u00e1 se tohoto festivalu z\u00fa\u010dastn\u00ed &#8211; <b>Everlyn<\/b> &#8211; v\u0161ak svou \u00fa\u010dast na sv\u00e9m <a href=\"http:\/\/www.facebook.com\/Everlynband\" target=\"_blank\" rel=\"noopener\">ofici\u00e1ln\u00edm Facebooku<\/a> potvrdila, \u017ee <b>Simple Plan tam tak\u00e9 <i>&#8222;rozhodn\u011b budou&#8220;<\/i><\/b> a podle v\u0161eho je do t\u00e9to zem\u011b p\u0159iv\u00e1d\u00ed stejn\u00fd promot\u00e9r, jako na jejich posledn\u00edch n\u011bkolika koncertech ve \u0160pan\u011blsku. <\/p>\n<p>Informaci o tom, \u017ee Simple Plan ve \u0160pan\u011blsku v listopadu skute\u010dn\u011b vystoup\u00ed za\u010daly pozd\u011bji potvrzovat i dal\u0161\u00ed novinkov\u00e9 zdroje, jako <a href=\"http:\/\/www.larazon.es\/noticia\/1072-pablo-alboran-y-simple-plan-juntos-en-un-concierto-en-madrid-el-9-de-noviembre\" target=\"_blank\" rel=\"noopener\">La Raz\u00f3n<\/a> nebo <a href=\"http:\/\/www.madridout.es\/musica\/item\/3188-pablo-alboran-y-simple-plan-en-el-palacio-de-los-deportes-en-noviembre\" target=\"_blank\" rel=\"noopener\">Madrid Out!<\/a>.<\/p>\n<p>Nezb\u00fdv\u00e1 n\u00e1m ne\u017e po\u010dkat a doufat, \u017ee Simple Plan tento koncert potvrd\u00ed, a snad p\u0159idaj\u00ed i dal\u0161\u00ed data.<\/p>\n<p><center><img decoding=\"async\" src=\"http:\/\/www.simpleplan.cz\/gal\/2871.gif\"\/><\/center><\/p>\n<div class=\"fblikebutton_button\" style=\"float: left; padding-top: 20px; margin-right: 20px; padding-bottom: 20px; padding-left: 20px;\"><iframe src=\"http:\/\/www.facebook.com\/plugins\/like.php?href=https%3A%2F%2Fwww.simpleplan.cz%2Fcz%2Findex.php%2Fprijedou-simple-plan-v-roce-2012-jeste-do-evropy%2F&amp;layout=standard&amp;show-faces=false&amp;width=450&amp;action=like&amp;colorscheme=light\" scrolling=\"no\" frameborder=\"0\" allowTransparency=\"true\" style=\"border:none; overflow:hidden; width:450px; height:26px\"><\/iframe><\/div>\n","protected":false},"excerpt":{"rendered":"<p>I p\u0159esto, \u017ee se internetem ji\u017e za\u010daly \u0161\u00ed\u0159it r\u016fzn\u00e9 zv\u011bsti o tom, \u017ee se se<\/p>\n","protected":false},"author":5,"featured_media":0,"comment_status":"open","ping_status":"open","sticky":false,"template":"","format":"standard","meta":{"footnotes":"","fifu_image_url":"","fifu_image_alt":""},"categories":[8],"tags":[1107,1108,472,551,638,519],"yoast_head":"<!-- This site is optimized with the Yoast SEO plugin v20.9 - https:\/\/yoast.com\/wordpress\/plugins\/seo\/ -->\n<title>P\u0159ijedou Simple Plan v roce 2012 je\u0161t\u011b do Evropy?! | CZ: SimplePlan.cz<\/title>\n<meta name=\"robots\" content=\"index, follow, max-snippet:-1, max-image-preview:large, max-video-preview:-1\" \/>\n<link rel=\"canonical\" href=\"https:\/\/www.simpleplan.cz\/cz\/index.php\/prijedou-simple-plan-v-roce-2012-jeste-do-evropy\/\" \/>\n<meta property=\"og:locale\" content=\"cs_CZ\" \/>\n<meta property=\"og:type\" content=\"article\" \/>\n<meta property=\"og:title\" content=\"P\u0159ijedou Simple Plan v roce 2012 je\u0161t\u011b do Evropy?! | CZ: SimplePlan.cz\" \/>\n<meta property=\"og:description\" content=\"I p\u0159esto, \u017ee se internetem ji\u017e za\u010daly \u0161\u00ed\u0159it r\u016fzn\u00e9 zv\u011bsti o tom, \u017ee se se\" \/>\n<meta property=\"og:url\" content=\"https:\/\/www.simpleplan.cz\/cz\/index.php\/prijedou-simple-plan-v-roce-2012-jeste-do-evropy\/\" \/>\n<meta property=\"og:site_name\" content=\"CZ: SimplePlan.cz\" \/>\n<meta property=\"article:publisher\" content=\"http:\/\/www.facebook.com\/simpleplancz\" \/>\n<meta property=\"article:published_time\" content=\"2012-09-20T12:46:06+00:00\" \/>\n<meta property=\"article:modified_time\" content=\"2023-06-26T05:50:17+00:00\" \/>\n<meta property=\"og:image\" content=\"http:\/\/www.simpleplan.cz\/gal\/2871.gif\" \/>\n<meta name=\"author\" content=\"Dominika\" \/>\n<meta name=\"twitter:card\" content=\"summary_large_image\" \/>\n<meta name=\"twitter:creator\" content=\"@simpleplancz\" \/>\n<meta name=\"twitter:site\" content=\"@simpleplancz\" \/>\n<meta name=\"twitter:label1\" content=\"Napsal(a)\" \/>\n\t<meta name=\"twitter:data1\" content=\"Dominika\" \/>\n\t<meta name=\"twitter:label2\" content=\"Odhadovan\u00e1 doba \u010dten\u00ed\" \/>\n\t<meta name=\"twitter:data2\" content=\"1 minuta\" \/>\n<script type=\"application\/ld+json\" class=\"yoast-schema-graph\">{\"@context\":\"https:\/\/schema.org\",\"@graph\":[{\"@type\":\"Article\",\"@id\":\"https:\/\/www.simpleplan.cz\/cz\/index.php\/prijedou-simple-plan-v-roce-2012-jeste-do-evropy\/#article\",\"isPartOf\":{\"@id\":\"https:\/\/www.simpleplan.cz\/cz\/index.php\/prijedou-simple-plan-v-roce-2012-jeste-do-evropy\/\"},\"author\":{\"name\":\"Dominika\",\"@id\":\"https:\/\/www.simpleplan.cz\/cz\/#\/schema\/person\/bb90dd25f4baab7793fc73ab0b783730\"},\"headline\":\"P\u0159ijedou Simple Plan v roce 2012 je\u0161t\u011b do Evropy?!\",\"datePublished\":\"2012-09-20T12:46:06+00:00\",\"dateModified\":\"2023-06-26T05:50:17+00:00\",\"mainEntityOfPage\":{\"@id\":\"https:\/\/www.simpleplan.cz\/cz\/index.php\/prijedou-simple-plan-v-roce-2012-jeste-do-evropy\/\"},\"wordCount\":219,\"commentCount\":2,\"publisher\":{\"@id\":\"https:\/\/www.simpleplan.cz\/cz\/#organization\"},\"keywords\":[\"Coca-Cola festival\",\"Everlyn\",\"Evropa\",\"Evropsk\u00e9 turn\u00e9\",\"Madrid\",\"\u0160pan\u011blsko\"],\"articleSection\":[\"koncerty\"],\"inLanguage\":\"cs\",\"potentialAction\":[{\"@type\":\"CommentAction\",\"name\":\"Comment\",\"target\":[\"https:\/\/www.simpleplan.cz\/cz\/index.php\/prijedou-simple-plan-v-roce-2012-jeste-do-evropy\/#respond\"]}]},{\"@type\":\"WebPage\",\"@id\":\"https:\/\/www.simpleplan.cz\/cz\/index.php\/prijedou-simple-plan-v-roce-2012-jeste-do-evropy\/\",\"url\":\"https:\/\/www.simpleplan.cz\/cz\/index.php\/prijedou-simple-plan-v-roce-2012-jeste-do-evropy\/\",\"name\":\"P\u0159ijedou Simple Plan v roce 2012 je\u0161t\u011b do Evropy?! | CZ: SimplePlan.cz\",\"isPartOf\":{\"@id\":\"https:\/\/www.simpleplan.cz\/cz\/#website\"},\"datePublished\":\"2012-09-20T12:46:06+00:00\",\"dateModified\":\"2023-06-26T05:50:17+00:00\",\"breadcrumb\":{\"@id\":\"https:\/\/www.simpleplan.cz\/cz\/index.php\/prijedou-simple-plan-v-roce-2012-jeste-do-evropy\/#breadcrumb\"},\"inLanguage\":\"cs\",\"potentialAction\":[{\"@type\":\"ReadAction\",\"target\":[\"https:\/\/www.simpleplan.cz\/cz\/index.php\/prijedou-simple-plan-v-roce-2012-jeste-do-evropy\/\"]}]},{\"@type\":\"BreadcrumbList\",\"@id\":\"https:\/\/www.simpleplan.cz\/cz\/index.php\/prijedou-simple-plan-v-roce-2012-jeste-do-evropy\/#breadcrumb\",\"itemListElement\":[{\"@type\":\"ListItem\",\"position\":1,\"name\":\"Dom\u016f\",\"item\":\"https:\/\/www.simpleplan.cz\/cz\/\"},{\"@type\":\"ListItem\",\"position\":2,\"name\":\"koncerty\",\"item\":\"https:\/\/www.simpleplan.cz\/cz\/index.php\/category\/koncerty\/\"},{\"@type\":\"ListItem\",\"position\":3,\"name\":\"P\u0159ijedou Simple Plan v roce 2012 je\u0161t\u011b do Evropy?!\"}]},{\"@type\":\"WebSite\",\"@id\":\"https:\/\/www.simpleplan.cz\/cz\/#website\",\"url\":\"https:\/\/www.simpleplan.cz\/cz\/\",\"name\":\"CZ: SimplePlan.cz\",\"description\":\"Nejlep\u0161\u00ed zdroj informac\u00ed o kapele Simple Plan\",\"publisher\":{\"@id\":\"https:\/\/www.simpleplan.cz\/cz\/#organization\"},\"potentialAction\":[{\"@type\":\"SearchAction\",\"target\":{\"@type\":\"EntryPoint\",\"urlTemplate\":\"https:\/\/www.simpleplan.cz\/cz\/?s={search_term_string}\"},\"query-input\":\"required name=search_term_string\"}],\"inLanguage\":\"cs\"},{\"@type\":\"Organization\",\"@id\":\"https:\/\/www.simpleplan.cz\/cz\/#organization\",\"name\":\"CZ: SimplePlan.cz\",\"url\":\"https:\/\/www.simpleplan.cz\/cz\/\",\"logo\":{\"@type\":\"ImageObject\",\"inLanguage\":\"cs\",\"@id\":\"https:\/\/www.simpleplan.cz\/cz\/#\/schema\/logo\/image\/\",\"url\":\"https:\/\/www.simpleplan.cz\/cz\/wp-content\/uploads\/spczlogo.png\",\"contentUrl\":\"https:\/\/www.simpleplan.cz\/cz\/wp-content\/uploads\/spczlogo.png\",\"width\":250,\"height\":190,\"caption\":\"CZ: SimplePlan.cz\"},\"image\":{\"@id\":\"https:\/\/www.simpleplan.cz\/cz\/#\/schema\/logo\/image\/\"},\"sameAs\":[\"http:\/\/www.facebook.com\/simpleplancz\",\"https:\/\/twitter.com\/simpleplancz\",\"http:\/\/www.instagram.com\/simpleplancz\",\"http:\/\/www.youtube.com\/simpleplancz\"]},{\"@type\":\"Person\",\"@id\":\"https:\/\/www.simpleplan.cz\/cz\/#\/schema\/person\/bb90dd25f4baab7793fc73ab0b783730\",\"name\":\"Dominika\",\"image\":{\"@type\":\"ImageObject\",\"inLanguage\":\"cs\",\"@id\":\"https:\/\/www.simpleplan.cz\/cz\/#\/schema\/person\/image\/\",\"url\":\"https:\/\/secure.gravatar.com\/avatar\/de55cb16a8578d56e96c89d1a0af3db5?s=96&d=mm&r=g\",\"contentUrl\":\"https:\/\/secure.gravatar.com\/avatar\/de55cb16a8578d56e96c89d1a0af3db5?s=96&d=mm&r=g\",\"caption\":\"Dominika\"},\"sameAs\":[\"http:\/\/www.simpleplan.cz\"],\"url\":\"https:\/\/www.simpleplan.cz\/cz\/index.php\/author\/admin-2\/\"}]}<\/script>\n<!-- \/ Yoast SEO plugin. -->","yoast_head_json":{"title":"P\u0159ijedou Simple Plan v roce 2012 je\u0161t\u011b do Evropy?! | CZ: SimplePlan.cz","robots":{"index":"index","follow":"follow","max-snippet":"max-snippet:-1","max-image-preview":"max-image-preview:large","max-video-preview":"max-video-preview:-1"},"canonical":"https:\/\/www.simpleplan.cz\/cz\/index.php\/prijedou-simple-plan-v-roce-2012-jeste-do-evropy\/","og_locale":"cs_CZ","og_type":"article","og_title":"P\u0159ijedou Simple Plan v roce 2012 je\u0161t\u011b do Evropy?! | CZ: SimplePlan.cz","og_description":"I p\u0159esto, \u017ee se internetem ji\u017e za\u010daly \u0161\u00ed\u0159it r\u016fzn\u00e9 zv\u011bsti o tom, \u017ee se se","og_url":"https:\/\/www.simpleplan.cz\/cz\/index.php\/prijedou-simple-plan-v-roce-2012-jeste-do-evropy\/","og_site_name":"CZ: SimplePlan.cz","article_publisher":"http:\/\/www.facebook.com\/simpleplancz","article_published_time":"2012-09-20T12:46:06+00:00","article_modified_time":"2023-06-26T05:50:17+00:00","og_image":[{"url":"http:\/\/www.simpleplan.cz\/gal\/2871.gif"}],"author":"Dominika","twitter_card":"summary_large_image","twitter_creator":"@simpleplancz","twitter_site":"@simpleplancz","twitter_misc":{"Napsal(a)":"Dominika","Odhadovan\u00e1 doba \u010dten\u00ed":"1 minuta"},"schema":{"@context":"https:\/\/schema.org","@graph":[{"@type":"Article","@id":"https:\/\/www.simpleplan.cz\/cz\/index.php\/prijedou-simple-plan-v-roce-2012-jeste-do-evropy\/#article","isPartOf":{"@id":"https:\/\/www.simpleplan.cz\/cz\/index.php\/prijedou-simple-plan-v-roce-2012-jeste-do-evropy\/"},"author":{"name":"Dominika","@id":"https:\/\/www.simpleplan.cz\/cz\/#\/schema\/person\/bb90dd25f4baab7793fc73ab0b783730"},"headline":"P\u0159ijedou Simple Plan v roce 2012 je\u0161t\u011b do Evropy?!","datePublished":"2012-09-20T12:46:06+00:00","dateModified":"2023-06-26T05:50:17+00:00","mainEntityOfPage":{"@id":"https:\/\/www.simpleplan.cz\/cz\/index.php\/prijedou-simple-plan-v-roce-2012-jeste-do-evropy\/"},"wordCount":219,"commentCount":2,"publisher":{"@id":"https:\/\/www.simpleplan.cz\/cz\/#organization"},"keywords":["Coca-Cola festival","Everlyn","Evropa","Evropsk\u00e9 turn\u00e9","Madrid","\u0160pan\u011blsko"],"articleSection":["koncerty"],"inLanguage":"cs","potentialAction":[{"@type":"CommentAction","name":"Comment","target":["https:\/\/www.simpleplan.cz\/cz\/index.php\/prijedou-simple-plan-v-roce-2012-jeste-do-evropy\/#respond"]}]},{"@type":"WebPage","@id":"https:\/\/www.simpleplan.cz\/cz\/index.php\/prijedou-simple-plan-v-roce-2012-jeste-do-evropy\/","url":"https:\/\/www.simpleplan.cz\/cz\/index.php\/prijedou-simple-plan-v-roce-2012-jeste-do-evropy\/","name":"P\u0159ijedou Simple Plan v roce 2012 je\u0161t\u011b do Evropy?! | CZ: SimplePlan.cz","isPartOf":{"@id":"https:\/\/www.simpleplan.cz\/cz\/#website"},"datePublished":"2012-09-20T12:46:06+00:00","dateModified":"2023-06-26T05:50:17+00:00","breadcrumb":{"@id":"https:\/\/www.simpleplan.cz\/cz\/index.php\/prijedou-simple-plan-v-roce-2012-jeste-do-evropy\/#breadcrumb"},"inLanguage":"cs","potentialAction":[{"@type":"ReadAction","target":["https:\/\/www.simpleplan.cz\/cz\/index.php\/prijedou-simple-plan-v-roce-2012-jeste-do-evropy\/"]}]},{"@type":"BreadcrumbList","@id":"https:\/\/www.simpleplan.cz\/cz\/index.php\/prijedou-simple-plan-v-roce-2012-jeste-do-evropy\/#breadcrumb","itemListElement":[{"@type":"ListItem","position":1,"name":"Dom\u016f","item":"https:\/\/www.simpleplan.cz\/cz\/"},{"@type":"ListItem","position":2,"name":"koncerty","item":"https:\/\/www.simpleplan.cz\/cz\/index.php\/category\/koncerty\/"},{"@type":"ListItem","position":3,"name":"P\u0159ijedou Simple Plan v roce 2012 je\u0161t\u011b do Evropy?!"}]},{"@type":"WebSite","@id":"https:\/\/www.simpleplan.cz\/cz\/#website","url":"https:\/\/www.simpleplan.cz\/cz\/","name":"CZ: SimplePlan.cz","description":"Nejlep\u0161\u00ed zdroj informac\u00ed o kapele Simple Plan","publisher":{"@id":"https:\/\/www.simpleplan.cz\/cz\/#organization"},"potentialAction":[{"@type":"SearchAction","target":{"@type":"EntryPoint","urlTemplate":"https:\/\/www.simpleplan.cz\/cz\/?s={search_term_string}"},"query-input":"required name=search_term_string"}],"inLanguage":"cs"},{"@type":"Organization","@id":"https:\/\/www.simpleplan.cz\/cz\/#organization","name":"CZ: SimplePlan.cz","url":"https:\/\/www.simpleplan.cz\/cz\/","logo":{"@type":"ImageObject","inLanguage":"cs","@id":"https:\/\/www.simpleplan.cz\/cz\/#\/schema\/logo\/image\/","url":"https:\/\/www.simpleplan.cz\/cz\/wp-content\/uploads\/spczlogo.png","contentUrl":"https:\/\/www.simpleplan.cz\/cz\/wp-content\/uploads\/spczlogo.png","width":250,"height":190,"caption":"CZ: SimplePlan.cz"},"image":{"@id":"https:\/\/www.simpleplan.cz\/cz\/#\/schema\/logo\/image\/"},"sameAs":["http:\/\/www.facebook.com\/simpleplancz","https:\/\/twitter.com\/simpleplancz","http:\/\/www.instagram.com\/simpleplancz","http:\/\/www.youtube.com\/simpleplancz"]},{"@type":"Person","@id":"https:\/\/www.simpleplan.cz\/cz\/#\/schema\/person\/bb90dd25f4baab7793fc73ab0b783730","name":"Dominika","image":{"@type":"ImageObject","inLanguage":"cs","@id":"https:\/\/www.simpleplan.cz\/cz\/#\/schema\/person\/image\/","url":"https:\/\/secure.gravatar.com\/avatar\/de55cb16a8578d56e96c89d1a0af3db5?s=96&d=mm&r=g","contentUrl":"https:\/\/secure.gravatar.com\/avatar\/de55cb16a8578d56e96c89d1a0af3db5?s=96&d=mm&r=g","caption":"Dominika"},"sameAs":["http:\/\/www.simpleplan.cz"],"url":"https:\/\/www.simpleplan.cz\/cz\/index.php\/author\/admin-2\/"}]}},"featured_image_urls":{"full":"","thumbnail":"","medium":"","medium_large":"","large":"","1536x1536":"","2048x2048":"","elegant-magazine-featured":"","elegant-magazine-medium":"","elegant-magazine-medium-small":"","elegant-magazine-thumbnail-small":""},"author_info":{"display_name":"Dominika","author_link":"https:\/\/www.simpleplan.cz\/cz\/index.php\/author\/admin-2\/"},"category_info":"<a href=\"https:\/\/www.simpleplan.cz\/cz\/index.php\/category\/koncerty\/\" rel=\"category tag\">koncerty<\/a>","tag_info":"koncerty","comment_count":"2","_links":{"self":[{"href":"https:\/\/www.simpleplan.cz\/cz\/index.php\/wp-json\/wp\/v2\/posts\/11305"}],"collection":[{"href":"https:\/\/www.simpleplan.cz\/cz\/index.php\/wp-json\/wp\/v2\/posts"}],"about":[{"href":"https:\/\/www.simpleplan.cz\/cz\/index.php\/wp-json\/wp\/v2\/types\/post"}],"author":[{"embeddable":true,"href":"https:\/\/www.simpleplan.cz\/cz\/index.php\/wp-json\/wp\/v2\/users\/5"}],"replies":[{"embeddable":true,"href":"https:\/\/www.simpleplan.cz\/cz\/index.php\/wp-json\/wp\/v2\/comments?post=11305"}],"version-history":[{"count":5,"href":"https:\/\/www.simpleplan.cz\/cz\/index.php\/wp-json\/wp\/v2\/posts\/11305\/revisions"}],"predecessor-version":[{"id":32013,"href":"https:\/\/www.simpleplan.cz\/cz\/index.php\/wp-json\/wp\/v2\/posts\/11305\/revisions\/32013"}],"wp:attachment":[{"href":"https:\/\/www.simpleplan.cz\/cz\/index.php\/wp-json\/wp\/v2\/media?parent=11305"}],"wp:term":[{"taxonomy":"category","embeddable":true,"href":"https:\/\/www.simpleplan.cz\/cz\/index.php\/wp-json\/wp\/v2\/categories?post=11305"},{"taxonomy":"post_tag","embeddable":true,"href":"https:\/\/www.simpleplan.cz\/cz\/index.php\/wp-json\/wp\/v2\/tags?post=11305"}],"curies":[{"name":"wp","href":"https:\/\/api.w.org\/{rel}","templated":true}]}}