{"id":11439,"date":"2012-10-04T13:06:52","date_gmt":"2012-10-04T11:06:52","guid":{"rendered":"http:\/\/www.simpleplan.cz\/cz\/?p=11439"},"modified":"2023-06-26T07:50:15","modified_gmt":"2023-06-26T05:50:15","slug":"evropske-turne-ano-nebo-ne","status":"publish","type":"post","link":"https:\/\/www.simpleplan.cz\/cz\/index.php\/evropske-turne-ano-nebo-ne\/","title":{"rendered":"Evropsk\u00e9 turn\u00e9: ano nebo ne?"},"content":{"rendered":"<p><img decoding=\"async\" style=\"margin: 6px;\" src=\"http:\/\/www.simpleplan.cz\/gal\/2894.gif\" alt=\"\" align=\"left\" \/>Ji\u017e prakticky od za\u010d\u00e1tku roku jsme v\u011bd\u011bli, \u017ee Simple Plan se do Evropy pl\u00e1novali op\u011bt vr\u00e1tit na asi \u0161esti-t\u00fddenn\u00ed turn\u00e9 na konci roku. Pot\u00e9 v\u0161ak, co se podzim bl\u00ed\u017eil \u010d\u00edm d\u00e1l v\u00edc, a \u017e\u00e1dn\u00e1 koncertn\u00ed data se st\u00e1le neoznamovala (a nav\u00edc se Simple Plan za\u010d\u00ednali zmi\u0148ovat o \u010d\u00e1sti turn\u00e9 v lednu (hlavn\u011b co se t\u00fd\u010de Velk\u00e9 Brit\u00e1nie)), za\u010dali evrop\u0161t\u00ed fanou\u0161ci p\u0159ij\u00edmat fakt, \u017ee letos svou kapelu u\u017e asi neuvid\u00ed.<\/p>\n<p>V\u0161e se ale zm\u011bnilo pot\u00e9, co <b>se potvrdila \u00fa\u010dast Simple Plan na Coca-Cola Music Experience festivalu v Madridu, ve \u0160pan\u011blsku &#8211; 9. listopadu<\/b> &#8211; a to i na ofici\u00e1ln\u00edch str\u00e1nk\u00e1ch kapely. \u010clenov\u00e9 v\u0161ak o jak\u00fdchkoliv dal\u0161\u00edch p\u0159\u00edpadn\u00fdch datech po Evrop\u011b st\u00e1le ml\u010deli. Vzhledem k tomu, \u017ee by ale nebylo logick\u00e9, aby Simple Plan p\u0159ijeli do Evropy jen na jeden koncert, si fanou\u0161ci uchov\u00e1vali alespo\u0148 malou nad\u011bji, \u017ee by tento jejich podzimn\u00ed pobyt na star\u00e9m kontinentu mohl b\u00fdt del\u0161\u00ed.<\/p>\n<p>V\u010dera ve\u010der b\u011bhem odpov\u00edd\u00e1n\u00ed na dotazy fanou\u0161k\u016f p\u0159es Twitter ale Pierre na dotaz, jestli je\u0161t\u011b letos doraz\u00ed kluci do N\u011bmecka, Pierre odpov\u011bd\u011bl: <b><i>&#8222;Na podzim ne. Snad p\u0159\u00ed\u0161t\u00ed rok. Je mi to l\u00edto.&#8220;<\/i><\/b> A jeliko\u017e N\u011bmecko b\u00fdv\u00e1 zast\u00e1vkou Simple Plan na ka\u017ed\u00e9m evropsk\u00e9m turn\u00e9, m\u016f\u017eeme si domyslet, \u017ee pravd\u011bpodobn\u011b v\u011bt\u0161ina koncertn\u00edch dat, kter\u00e1 byla napl\u00e1nov\u00e1na na podzim byla p\u0159esunuta na leden\/\u00fanor 2013 (kdy m\u00e1 k evropsk\u00e9mu turn\u00e9 Simple Plan ur\u010dit\u011b doj\u00edt), a je mo\u017en\u00e9, \u017ee \u0161pan\u011blsk\u00fd festival byl t\u0159eba jedin\u00fdm datem, kter\u00fd zru\u0161it nemohli.<\/p>\n<p>Nesmutn\u011bme v\u0161ak. <b>Simple Plan se do Evropy je\u0161t\u011b p\u0159ed zah\u00e1jen\u00edm prac\u00ed na dal\u0161\u00edm albu vr\u00e1t\u00ed &#8211; a to v lednu a v \u00fanoru 2013<\/b> &#8211;  a jak Chuck <a href=\"http:\/\/www.simpleplan.cz\/cz\/index.php\/chuck-ceskym-fanouskum-vratime-s-a-vynahradime-vam-to\/\">sl\u00edbil<\/a> &#8211; v pl\u00e1nu by snad m\u011bla b\u00fdt i \u010cesk\u00e1 republika.<\/p>\n<div class=\"fblikebutton_button\" style=\"float: left; padding-top: 20px; margin-right: 20px; padding-bottom: 20px; padding-left: 20px;\"><iframe src=\"http:\/\/www.facebook.com\/plugins\/like.php?href=https%3A%2F%2Fwww.simpleplan.cz%2Fcz%2Findex.php%2Fevropske-turne-ano-nebo-ne%2F&amp;layout=standard&amp;show-faces=false&amp;width=450&amp;action=like&amp;colorscheme=light\" scrolling=\"no\" frameborder=\"0\" allowTransparency=\"true\" style=\"border:none; overflow:hidden; width:450px; height:26px\"><\/iframe><\/div>\n","protected":false},"excerpt":{"rendered":"<p>Ji\u017e prakticky od za\u010d\u00e1tku roku jsme v\u011bd\u011bli, \u017ee Simple Plan se do Evropy pl\u00e1novali op\u011bt<\/p>\n","protected":false},"author":5,"featured_media":0,"comment_status":"open","ping_status":"open","sticky":false,"template":"","format":"standard","meta":{"footnotes":"","fifu_image_url":"","fifu_image_alt":""},"categories":[8,5],"tags":[472,551],"yoast_head":"<!-- This site is optimized with the Yoast SEO plugin v20.9 - https:\/\/yoast.com\/wordpress\/plugins\/seo\/ -->\n<title>Evropsk\u00e9 turn\u00e9: ano nebo ne? | CZ: SimplePlan.cz<\/title>\n<meta name=\"robots\" content=\"index, follow, max-snippet:-1, max-image-preview:large, max-video-preview:-1\" \/>\n<link rel=\"canonical\" href=\"https:\/\/www.simpleplan.cz\/cz\/index.php\/evropske-turne-ano-nebo-ne\/\" \/>\n<meta property=\"og:locale\" content=\"cs_CZ\" \/>\n<meta property=\"og:type\" content=\"article\" \/>\n<meta property=\"og:title\" content=\"Evropsk\u00e9 turn\u00e9: ano nebo ne? | CZ: SimplePlan.cz\" \/>\n<meta property=\"og:description\" content=\"Ji\u017e prakticky od za\u010d\u00e1tku roku jsme v\u011bd\u011bli, \u017ee Simple Plan se do Evropy pl\u00e1novali op\u011bt\" \/>\n<meta property=\"og:url\" content=\"https:\/\/www.simpleplan.cz\/cz\/index.php\/evropske-turne-ano-nebo-ne\/\" \/>\n<meta property=\"og:site_name\" content=\"CZ: SimplePlan.cz\" \/>\n<meta property=\"article:publisher\" content=\"http:\/\/www.facebook.com\/simpleplancz\" \/>\n<meta property=\"article:published_time\" content=\"2012-10-04T11:06:52+00:00\" \/>\n<meta property=\"article:modified_time\" content=\"2023-06-26T05:50:15+00:00\" \/>\n<meta property=\"og:image\" content=\"http:\/\/www.simpleplan.cz\/gal\/2894.gif\" \/>\n<meta name=\"author\" content=\"Dominika\" \/>\n<meta name=\"twitter:card\" content=\"summary_large_image\" \/>\n<meta name=\"twitter:creator\" content=\"@simpleplancz\" \/>\n<meta name=\"twitter:site\" content=\"@simpleplancz\" \/>\n<meta name=\"twitter:label1\" content=\"Napsal(a)\" \/>\n\t<meta name=\"twitter:data1\" content=\"Dominika\" \/>\n\t<meta name=\"twitter:label2\" content=\"Odhadovan\u00e1 doba \u010dten\u00ed\" \/>\n\t<meta name=\"twitter:data2\" content=\"2 minuty\" \/>\n<script type=\"application\/ld+json\" class=\"yoast-schema-graph\">{\"@context\":\"https:\/\/schema.org\",\"@graph\":[{\"@type\":\"Article\",\"@id\":\"https:\/\/www.simpleplan.cz\/cz\/index.php\/evropske-turne-ano-nebo-ne\/#article\",\"isPartOf\":{\"@id\":\"https:\/\/www.simpleplan.cz\/cz\/index.php\/evropske-turne-ano-nebo-ne\/\"},\"author\":{\"name\":\"Dominika\",\"@id\":\"https:\/\/www.simpleplan.cz\/cz\/#\/schema\/person\/bb90dd25f4baab7793fc73ab0b783730\"},\"headline\":\"Evropsk\u00e9 turn\u00e9: ano nebo ne?\",\"datePublished\":\"2012-10-04T11:06:52+00:00\",\"dateModified\":\"2023-06-26T05:50:15+00:00\",\"mainEntityOfPage\":{\"@id\":\"https:\/\/www.simpleplan.cz\/cz\/index.php\/evropske-turne-ano-nebo-ne\/\"},\"wordCount\":361,\"commentCount\":0,\"publisher\":{\"@id\":\"https:\/\/www.simpleplan.cz\/cz\/#organization\"},\"keywords\":[\"Evropa\",\"Evropsk\u00e9 turn\u00e9\"],\"articleSection\":[\"koncerty\",\"Pierre\"],\"inLanguage\":\"cs\",\"potentialAction\":[{\"@type\":\"CommentAction\",\"name\":\"Comment\",\"target\":[\"https:\/\/www.simpleplan.cz\/cz\/index.php\/evropske-turne-ano-nebo-ne\/#respond\"]}]},{\"@type\":\"WebPage\",\"@id\":\"https:\/\/www.simpleplan.cz\/cz\/index.php\/evropske-turne-ano-nebo-ne\/\",\"url\":\"https:\/\/www.simpleplan.cz\/cz\/index.php\/evropske-turne-ano-nebo-ne\/\",\"name\":\"Evropsk\u00e9 turn\u00e9: ano nebo ne? | CZ: SimplePlan.cz\",\"isPartOf\":{\"@id\":\"https:\/\/www.simpleplan.cz\/cz\/#website\"},\"datePublished\":\"2012-10-04T11:06:52+00:00\",\"dateModified\":\"2023-06-26T05:50:15+00:00\",\"breadcrumb\":{\"@id\":\"https:\/\/www.simpleplan.cz\/cz\/index.php\/evropske-turne-ano-nebo-ne\/#breadcrumb\"},\"inLanguage\":\"cs\",\"potentialAction\":[{\"@type\":\"ReadAction\",\"target\":[\"https:\/\/www.simpleplan.cz\/cz\/index.php\/evropske-turne-ano-nebo-ne\/\"]}]},{\"@type\":\"BreadcrumbList\",\"@id\":\"https:\/\/www.simpleplan.cz\/cz\/index.php\/evropske-turne-ano-nebo-ne\/#breadcrumb\",\"itemListElement\":[{\"@type\":\"ListItem\",\"position\":1,\"name\":\"Dom\u016f\",\"item\":\"https:\/\/www.simpleplan.cz\/cz\/\"},{\"@type\":\"ListItem\",\"position\":2,\"name\":\"koncerty\",\"item\":\"https:\/\/www.simpleplan.cz\/cz\/index.php\/category\/koncerty\/\"},{\"@type\":\"ListItem\",\"position\":3,\"name\":\"Evropsk\u00e9 turn\u00e9: ano nebo ne?\"}]},{\"@type\":\"WebSite\",\"@id\":\"https:\/\/www.simpleplan.cz\/cz\/#website\",\"url\":\"https:\/\/www.simpleplan.cz\/cz\/\",\"name\":\"CZ: SimplePlan.cz\",\"description\":\"Nejlep\u0161\u00ed zdroj informac\u00ed o kapele Simple Plan\",\"publisher\":{\"@id\":\"https:\/\/www.simpleplan.cz\/cz\/#organization\"},\"potentialAction\":[{\"@type\":\"SearchAction\",\"target\":{\"@type\":\"EntryPoint\",\"urlTemplate\":\"https:\/\/www.simpleplan.cz\/cz\/?s={search_term_string}\"},\"query-input\":\"required name=search_term_string\"}],\"inLanguage\":\"cs\"},{\"@type\":\"Organization\",\"@id\":\"https:\/\/www.simpleplan.cz\/cz\/#organization\",\"name\":\"CZ: SimplePlan.cz\",\"url\":\"https:\/\/www.simpleplan.cz\/cz\/\",\"logo\":{\"@type\":\"ImageObject\",\"inLanguage\":\"cs\",\"@id\":\"https:\/\/www.simpleplan.cz\/cz\/#\/schema\/logo\/image\/\",\"url\":\"https:\/\/www.simpleplan.cz\/cz\/wp-content\/uploads\/spczlogo.png\",\"contentUrl\":\"https:\/\/www.simpleplan.cz\/cz\/wp-content\/uploads\/spczlogo.png\",\"width\":250,\"height\":190,\"caption\":\"CZ: SimplePlan.cz\"},\"image\":{\"@id\":\"https:\/\/www.simpleplan.cz\/cz\/#\/schema\/logo\/image\/\"},\"sameAs\":[\"http:\/\/www.facebook.com\/simpleplancz\",\"https:\/\/twitter.com\/simpleplancz\",\"http:\/\/www.instagram.com\/simpleplancz\",\"http:\/\/www.youtube.com\/simpleplancz\"]},{\"@type\":\"Person\",\"@id\":\"https:\/\/www.simpleplan.cz\/cz\/#\/schema\/person\/bb90dd25f4baab7793fc73ab0b783730\",\"name\":\"Dominika\",\"image\":{\"@type\":\"ImageObject\",\"inLanguage\":\"cs\",\"@id\":\"https:\/\/www.simpleplan.cz\/cz\/#\/schema\/person\/image\/\",\"url\":\"https:\/\/secure.gravatar.com\/avatar\/de55cb16a8578d56e96c89d1a0af3db5?s=96&d=mm&r=g\",\"contentUrl\":\"https:\/\/secure.gravatar.com\/avatar\/de55cb16a8578d56e96c89d1a0af3db5?s=96&d=mm&r=g\",\"caption\":\"Dominika\"},\"sameAs\":[\"http:\/\/www.simpleplan.cz\"],\"url\":\"https:\/\/www.simpleplan.cz\/cz\/index.php\/author\/admin-2\/\"}]}<\/script>\n<!-- \/ Yoast SEO plugin. -->","yoast_head_json":{"title":"Evropsk\u00e9 turn\u00e9: ano nebo ne? | CZ: SimplePlan.cz","robots":{"index":"index","follow":"follow","max-snippet":"max-snippet:-1","max-image-preview":"max-image-preview:large","max-video-preview":"max-video-preview:-1"},"canonical":"https:\/\/www.simpleplan.cz\/cz\/index.php\/evropske-turne-ano-nebo-ne\/","og_locale":"cs_CZ","og_type":"article","og_title":"Evropsk\u00e9 turn\u00e9: ano nebo ne? | CZ: SimplePlan.cz","og_description":"Ji\u017e prakticky od za\u010d\u00e1tku roku jsme v\u011bd\u011bli, \u017ee Simple Plan se do Evropy pl\u00e1novali op\u011bt","og_url":"https:\/\/www.simpleplan.cz\/cz\/index.php\/evropske-turne-ano-nebo-ne\/","og_site_name":"CZ: SimplePlan.cz","article_publisher":"http:\/\/www.facebook.com\/simpleplancz","article_published_time":"2012-10-04T11:06:52+00:00","article_modified_time":"2023-06-26T05:50:15+00:00","og_image":[{"url":"http:\/\/www.simpleplan.cz\/gal\/2894.gif"}],"author":"Dominika","twitter_card":"summary_large_image","twitter_creator":"@simpleplancz","twitter_site":"@simpleplancz","twitter_misc":{"Napsal(a)":"Dominika","Odhadovan\u00e1 doba \u010dten\u00ed":"2 minuty"},"schema":{"@context":"https:\/\/schema.org","@graph":[{"@type":"Article","@id":"https:\/\/www.simpleplan.cz\/cz\/index.php\/evropske-turne-ano-nebo-ne\/#article","isPartOf":{"@id":"https:\/\/www.simpleplan.cz\/cz\/index.php\/evropske-turne-ano-nebo-ne\/"},"author":{"name":"Dominika","@id":"https:\/\/www.simpleplan.cz\/cz\/#\/schema\/person\/bb90dd25f4baab7793fc73ab0b783730"},"headline":"Evropsk\u00e9 turn\u00e9: ano nebo ne?","datePublished":"2012-10-04T11:06:52+00:00","dateModified":"2023-06-26T05:50:15+00:00","mainEntityOfPage":{"@id":"https:\/\/www.simpleplan.cz\/cz\/index.php\/evropske-turne-ano-nebo-ne\/"},"wordCount":361,"commentCount":0,"publisher":{"@id":"https:\/\/www.simpleplan.cz\/cz\/#organization"},"keywords":["Evropa","Evropsk\u00e9 turn\u00e9"],"articleSection":["koncerty","Pierre"],"inLanguage":"cs","potentialAction":[{"@type":"CommentAction","name":"Comment","target":["https:\/\/www.simpleplan.cz\/cz\/index.php\/evropske-turne-ano-nebo-ne\/#respond"]}]},{"@type":"WebPage","@id":"https:\/\/www.simpleplan.cz\/cz\/index.php\/evropske-turne-ano-nebo-ne\/","url":"https:\/\/www.simpleplan.cz\/cz\/index.php\/evropske-turne-ano-nebo-ne\/","name":"Evropsk\u00e9 turn\u00e9: ano nebo ne? | CZ: SimplePlan.cz","isPartOf":{"@id":"https:\/\/www.simpleplan.cz\/cz\/#website"},"datePublished":"2012-10-04T11:06:52+00:00","dateModified":"2023-06-26T05:50:15+00:00","breadcrumb":{"@id":"https:\/\/www.simpleplan.cz\/cz\/index.php\/evropske-turne-ano-nebo-ne\/#breadcrumb"},"inLanguage":"cs","potentialAction":[{"@type":"ReadAction","target":["https:\/\/www.simpleplan.cz\/cz\/index.php\/evropske-turne-ano-nebo-ne\/"]}]},{"@type":"BreadcrumbList","@id":"https:\/\/www.simpleplan.cz\/cz\/index.php\/evropske-turne-ano-nebo-ne\/#breadcrumb","itemListElement":[{"@type":"ListItem","position":1,"name":"Dom\u016f","item":"https:\/\/www.simpleplan.cz\/cz\/"},{"@type":"ListItem","position":2,"name":"koncerty","item":"https:\/\/www.simpleplan.cz\/cz\/index.php\/category\/koncerty\/"},{"@type":"ListItem","position":3,"name":"Evropsk\u00e9 turn\u00e9: ano nebo ne?"}]},{"@type":"WebSite","@id":"https:\/\/www.simpleplan.cz\/cz\/#website","url":"https:\/\/www.simpleplan.cz\/cz\/","name":"CZ: SimplePlan.cz","description":"Nejlep\u0161\u00ed zdroj informac\u00ed o kapele Simple Plan","publisher":{"@id":"https:\/\/www.simpleplan.cz\/cz\/#organization"},"potentialAction":[{"@type":"SearchAction","target":{"@type":"EntryPoint","urlTemplate":"https:\/\/www.simpleplan.cz\/cz\/?s={search_term_string}"},"query-input":"required name=search_term_string"}],"inLanguage":"cs"},{"@type":"Organization","@id":"https:\/\/www.simpleplan.cz\/cz\/#organization","name":"CZ: SimplePlan.cz","url":"https:\/\/www.simpleplan.cz\/cz\/","logo":{"@type":"ImageObject","inLanguage":"cs","@id":"https:\/\/www.simpleplan.cz\/cz\/#\/schema\/logo\/image\/","url":"https:\/\/www.simpleplan.cz\/cz\/wp-content\/uploads\/spczlogo.png","contentUrl":"https:\/\/www.simpleplan.cz\/cz\/wp-content\/uploads\/spczlogo.png","width":250,"height":190,"caption":"CZ: SimplePlan.cz"},"image":{"@id":"https:\/\/www.simpleplan.cz\/cz\/#\/schema\/logo\/image\/"},"sameAs":["http:\/\/www.facebook.com\/simpleplancz","https:\/\/twitter.com\/simpleplancz","http:\/\/www.instagram.com\/simpleplancz","http:\/\/www.youtube.com\/simpleplancz"]},{"@type":"Person","@id":"https:\/\/www.simpleplan.cz\/cz\/#\/schema\/person\/bb90dd25f4baab7793fc73ab0b783730","name":"Dominika","image":{"@type":"ImageObject","inLanguage":"cs","@id":"https:\/\/www.simpleplan.cz\/cz\/#\/schema\/person\/image\/","url":"https:\/\/secure.gravatar.com\/avatar\/de55cb16a8578d56e96c89d1a0af3db5?s=96&d=mm&r=g","contentUrl":"https:\/\/secure.gravatar.com\/avatar\/de55cb16a8578d56e96c89d1a0af3db5?s=96&d=mm&r=g","caption":"Dominika"},"sameAs":["http:\/\/www.simpleplan.cz"],"url":"https:\/\/www.simpleplan.cz\/cz\/index.php\/author\/admin-2\/"}]}},"featured_image_urls":{"full":"","thumbnail":"","medium":"","medium_large":"","large":"","1536x1536":"","2048x2048":"","elegant-magazine-featured":"","elegant-magazine-medium":"","elegant-magazine-medium-small":"","elegant-magazine-thumbnail-small":""},"author_info":{"display_name":"Dominika","author_link":"https:\/\/www.simpleplan.cz\/cz\/index.php\/author\/admin-2\/"},"category_info":"<a href=\"https:\/\/www.simpleplan.cz\/cz\/index.php\/category\/koncerty\/\" rel=\"category tag\">koncerty<\/a> <a href=\"https:\/\/www.simpleplan.cz\/cz\/index.php\/category\/pierre\/\" rel=\"category tag\">Pierre<\/a>","tag_info":"Pierre","comment_count":"0","_links":{"self":[{"href":"https:\/\/www.simpleplan.cz\/cz\/index.php\/wp-json\/wp\/v2\/posts\/11439"}],"collection":[{"href":"https:\/\/www.simpleplan.cz\/cz\/index.php\/wp-json\/wp\/v2\/posts"}],"about":[{"href":"https:\/\/www.simpleplan.cz\/cz\/index.php\/wp-json\/wp\/v2\/types\/post"}],"author":[{"embeddable":true,"href":"https:\/\/www.simpleplan.cz\/cz\/index.php\/wp-json\/wp\/v2\/users\/5"}],"replies":[{"embeddable":true,"href":"https:\/\/www.simpleplan.cz\/cz\/index.php\/wp-json\/wp\/v2\/comments?post=11439"}],"version-history":[{"count":6,"href":"https:\/\/www.simpleplan.cz\/cz\/index.php\/wp-json\/wp\/v2\/posts\/11439\/revisions"}],"predecessor-version":[{"id":31992,"href":"https:\/\/www.simpleplan.cz\/cz\/index.php\/wp-json\/wp\/v2\/posts\/11439\/revisions\/31992"}],"wp:attachment":[{"href":"https:\/\/www.simpleplan.cz\/cz\/index.php\/wp-json\/wp\/v2\/media?parent=11439"}],"wp:term":[{"taxonomy":"category","embeddable":true,"href":"https:\/\/www.simpleplan.cz\/cz\/index.php\/wp-json\/wp\/v2\/categories?post=11439"},{"taxonomy":"post_tag","embeddable":true,"href":"https:\/\/www.simpleplan.cz\/cz\/index.php\/wp-json\/wp\/v2\/tags?post=11439"}],"curies":[{"name":"wp","href":"https:\/\/api.w.org\/{rel}","templated":true}]}}