{"id":11565,"date":"2012-10-16T16:32:01","date_gmt":"2012-10-16T14:32:01","guid":{"rendered":"http:\/\/www.simpleplan.cz\/cz\/?p=11565"},"modified":"2023-06-26T07:41:36","modified_gmt":"2023-06-26T05:41:36","slug":"poprve-v-hlavnim-meste-simple-plan-v-brasilii","status":"publish","type":"post","link":"https:\/\/www.simpleplan.cz\/cz\/index.php\/poprve-v-hlavnim-meste-simple-plan-v-brasilii\/","title":{"rendered":"Poprv\u00e9 v hlavn\u00edm m\u011bst\u011b: Simple Plan v Bras\u00edlii"},"content":{"rendered":"<p><img decoding=\"async\" style=\"margin: 6px;\" src=\"http:\/\/www.simpleplan.cz\/gal\/2920.gif\" alt=\"\" align=\"left\" \/>B\u011bhem v\u010derej\u0161\u00edho pozd\u011bn\u00edho odpoledne Simple Plan p\u0159ist\u00e1li na leti\u0161ti hlavn\u00edho m\u011bsta Braz\u00edlie &#8211; ve m\u011bst\u011b Bras\u00edlia, kde dnes ve\u010der zahraj\u00ed jejich zdej\u0161\u00ed \u00fapln\u011b prvn\u00ed koncert.<\/p>\n<p>Nane\u0161t\u011bst\u00ed <b>leti\u0161tn\u00ed ochranka \u010dlen\u016fm kapely nedovolila proj\u00edt dve\u0159mi, aby se mohli setkat se sv\u00fdmi fanou\u0161ky, a proto Pierre zaslal na Twitter zpr\u00e1vu, ve kter\u00e9 v\u0161echny fanou\u0161ky zval, aby se s nimi nam\u00edsto leti\u0161t\u011b setkali v jejich hotelu (Melia 21)<\/b>. N\u00e1sledkem t\u00e9to velmi obdivuhodn\u00e9 zpr\u00e1vy za\u010dalo nejd\u0159\u00edv pouze v Braz\u00edlii na Twitteru trendovat slovn\u00ed spojen\u00ed <b>&#8222;Proud of Pierre Bouvier&#8220;<\/b> (&#8222;Hrd\u00ed na Pierra Bouviera&#8220;), kter\u00e9 pozd\u011bji <b>trendovalo dokonce celosv\u011btov\u011b<\/b>.<\/p>\n<p>Fanou\u0161ci k hotelu nakonec opravdu dorazili a m\u011bli zde mo\u017enost osobn\u011b se setkat s <b>Pierrem, Sebastienem, Jeffem a Davidem, kte\u0159\u00ed se zde ka\u017ed\u00e9mu podepsali a s ka\u017ed\u00fdm se vyfotili<\/b> (v\u011b\u0159\u00ed se, \u017ee Chuck na tomto &#8222;srazu&#8220; nebyl p\u0159\u00edtomen z toho d\u016fvodu, \u017ee a\u017e pozd\u011b do noci ne\u00fanavn\u011b pracoval na SP knize, jej\u00ed\u017e p\u0159\u00edprava je u\u017e t\u00e9m\u011b\u0159 u konce). Podle <i>J\u00e9ssicy<\/i> a <i>Natalie Mirandy<\/i> byli prvn\u00edmi \u010dleny, kte\u0159\u00ed se v hotelu objevili Seb s Pierrem. Pot\u00e9, co fanou\u0161ci za\u010dali vyvol\u00e1vat Davidovo jm\u00e9no na n\u011b David zam\u00e1val ze sv\u00e9ho okna a <b>hodil fanou\u0161k\u016fm dol\u016f \u010dokol\u00e1dovou ty\u010dinku<\/b>. O p\u00e1r chvil pozd\u011bji, kdy\u017e s Jeffem se\u0161li dol\u016f, se pot\u00e9 s velk\u00fdm nad\u0161en\u00edm fanou\u0161k\u016f ptal, kdo z nich j\u00ed v t\u00e9 bitce o &#8222;kousek Davida&#8220; nakonec ulovil.<\/p>\n<div class=\"fblikebutton_button\" style=\"float: left; padding-top: 20px; margin-right: 20px; padding-bottom: 20px; padding-left: 20px;\"><iframe src=\"http:\/\/www.facebook.com\/plugins\/like.php?href=https%3A%2F%2Fwww.simpleplan.cz%2Fcz%2Findex.php%2Fpoprve-v-hlavnim-meste-simple-plan-v-brasilii%2F&amp;layout=standard&amp;show-faces=false&amp;width=450&amp;action=like&amp;colorscheme=light\" scrolling=\"no\" frameborder=\"0\" allowTransparency=\"true\" style=\"border:none; overflow:hidden; width:450px; height:26px\"><\/iframe><\/div>\n","protected":false},"excerpt":{"rendered":"<p>B\u011bhem v\u010derej\u0161\u00edho pozd\u011bn\u00edho odpoledne Simple Plan p\u0159ist\u00e1li na leti\u0161ti hlavn\u00edho m\u011bsta Braz\u00edlie &#8211; ve m\u011bst\u011b<\/p>\n","protected":false},"author":5,"featured_media":0,"comment_status":"open","ping_status":"open","sticky":false,"template":"","format":"standard","meta":{"footnotes":"","fifu_image_url":"","fifu_image_alt":""},"categories":[15,24],"tags":[1011,381,58],"yoast_head":"<!-- This site is optimized with the Yoast SEO plugin v20.9 - https:\/\/yoast.com\/wordpress\/plugins\/seo\/ -->\n<title>Poprv\u00e9 v hlavn\u00edm m\u011bst\u011b: Simple Plan v Bras\u00edlii | CZ: SimplePlan.cz<\/title>\n<meta name=\"robots\" content=\"index, follow, max-snippet:-1, max-image-preview:large, max-video-preview:-1\" \/>\n<link rel=\"canonical\" href=\"https:\/\/www.simpleplan.cz\/cz\/index.php\/poprve-v-hlavnim-meste-simple-plan-v-brasilii\/\" \/>\n<meta property=\"og:locale\" content=\"cs_CZ\" \/>\n<meta property=\"og:type\" content=\"article\" \/>\n<meta property=\"og:title\" content=\"Poprv\u00e9 v hlavn\u00edm m\u011bst\u011b: Simple Plan v Bras\u00edlii | CZ: SimplePlan.cz\" \/>\n<meta property=\"og:description\" content=\"B\u011bhem v\u010derej\u0161\u00edho pozd\u011bn\u00edho odpoledne Simple Plan p\u0159ist\u00e1li na leti\u0161ti hlavn\u00edho m\u011bsta Braz\u00edlie &#8211; ve m\u011bst\u011b\" \/>\n<meta property=\"og:url\" content=\"https:\/\/www.simpleplan.cz\/cz\/index.php\/poprve-v-hlavnim-meste-simple-plan-v-brasilii\/\" \/>\n<meta property=\"og:site_name\" content=\"CZ: SimplePlan.cz\" \/>\n<meta property=\"article:publisher\" content=\"http:\/\/www.facebook.com\/simpleplancz\" \/>\n<meta property=\"article:published_time\" content=\"2012-10-16T14:32:01+00:00\" \/>\n<meta property=\"article:modified_time\" content=\"2023-06-26T05:41:36+00:00\" \/>\n<meta property=\"og:image\" content=\"http:\/\/www.simpleplan.cz\/gal\/2920.gif\" \/>\n<meta name=\"author\" content=\"Dominika\" \/>\n<meta name=\"twitter:card\" content=\"summary_large_image\" \/>\n<meta name=\"twitter:creator\" content=\"@simpleplancz\" \/>\n<meta name=\"twitter:site\" content=\"@simpleplancz\" \/>\n<meta name=\"twitter:label1\" content=\"Napsal(a)\" \/>\n\t<meta name=\"twitter:data1\" content=\"Dominika\" \/>\n\t<meta name=\"twitter:label2\" content=\"Odhadovan\u00e1 doba \u010dten\u00ed\" \/>\n\t<meta name=\"twitter:data2\" content=\"1 minuta\" \/>\n<script type=\"application\/ld+json\" class=\"yoast-schema-graph\">{\"@context\":\"https:\/\/schema.org\",\"@graph\":[{\"@type\":\"Article\",\"@id\":\"https:\/\/www.simpleplan.cz\/cz\/index.php\/poprve-v-hlavnim-meste-simple-plan-v-brasilii\/#article\",\"isPartOf\":{\"@id\":\"https:\/\/www.simpleplan.cz\/cz\/index.php\/poprve-v-hlavnim-meste-simple-plan-v-brasilii\/\"},\"author\":{\"name\":\"Dominika\",\"@id\":\"https:\/\/www.simpleplan.cz\/cz\/#\/schema\/person\/bb90dd25f4baab7793fc73ab0b783730\"},\"headline\":\"Poprv\u00e9 v hlavn\u00edm m\u011bst\u011b: Simple Plan v Bras\u00edlii\",\"datePublished\":\"2012-10-16T14:32:01+00:00\",\"dateModified\":\"2023-06-26T05:41:36+00:00\",\"mainEntityOfPage\":{\"@id\":\"https:\/\/www.simpleplan.cz\/cz\/index.php\/poprve-v-hlavnim-meste-simple-plan-v-brasilii\/\"},\"wordCount\":290,\"commentCount\":0,\"publisher\":{\"@id\":\"https:\/\/www.simpleplan.cz\/cz\/#organization\"},\"keywords\":[\"Brasilia\",\"Braz\u00edlie\",\"fanou\u0161ci\"],\"articleSection\":[\"novinky\",\"ostatn\u00ed\"],\"inLanguage\":\"cs\",\"potentialAction\":[{\"@type\":\"CommentAction\",\"name\":\"Comment\",\"target\":[\"https:\/\/www.simpleplan.cz\/cz\/index.php\/poprve-v-hlavnim-meste-simple-plan-v-brasilii\/#respond\"]}]},{\"@type\":\"WebPage\",\"@id\":\"https:\/\/www.simpleplan.cz\/cz\/index.php\/poprve-v-hlavnim-meste-simple-plan-v-brasilii\/\",\"url\":\"https:\/\/www.simpleplan.cz\/cz\/index.php\/poprve-v-hlavnim-meste-simple-plan-v-brasilii\/\",\"name\":\"Poprv\u00e9 v hlavn\u00edm m\u011bst\u011b: Simple Plan v Bras\u00edlii | CZ: SimplePlan.cz\",\"isPartOf\":{\"@id\":\"https:\/\/www.simpleplan.cz\/cz\/#website\"},\"datePublished\":\"2012-10-16T14:32:01+00:00\",\"dateModified\":\"2023-06-26T05:41:36+00:00\",\"breadcrumb\":{\"@id\":\"https:\/\/www.simpleplan.cz\/cz\/index.php\/poprve-v-hlavnim-meste-simple-plan-v-brasilii\/#breadcrumb\"},\"inLanguage\":\"cs\",\"potentialAction\":[{\"@type\":\"ReadAction\",\"target\":[\"https:\/\/www.simpleplan.cz\/cz\/index.php\/poprve-v-hlavnim-meste-simple-plan-v-brasilii\/\"]}]},{\"@type\":\"BreadcrumbList\",\"@id\":\"https:\/\/www.simpleplan.cz\/cz\/index.php\/poprve-v-hlavnim-meste-simple-plan-v-brasilii\/#breadcrumb\",\"itemListElement\":[{\"@type\":\"ListItem\",\"position\":1,\"name\":\"Dom\u016f\",\"item\":\"https:\/\/www.simpleplan.cz\/cz\/\"},{\"@type\":\"ListItem\",\"position\":2,\"name\":\"novinky\",\"item\":\"https:\/\/www.simpleplan.cz\/cz\/index.php\/category\/novinky\/\"},{\"@type\":\"ListItem\",\"position\":3,\"name\":\"Poprv\u00e9 v hlavn\u00edm m\u011bst\u011b: Simple Plan v Bras\u00edlii\"}]},{\"@type\":\"WebSite\",\"@id\":\"https:\/\/www.simpleplan.cz\/cz\/#website\",\"url\":\"https:\/\/www.simpleplan.cz\/cz\/\",\"name\":\"CZ: SimplePlan.cz\",\"description\":\"Nejlep\u0161\u00ed zdroj informac\u00ed o kapele Simple Plan\",\"publisher\":{\"@id\":\"https:\/\/www.simpleplan.cz\/cz\/#organization\"},\"potentialAction\":[{\"@type\":\"SearchAction\",\"target\":{\"@type\":\"EntryPoint\",\"urlTemplate\":\"https:\/\/www.simpleplan.cz\/cz\/?s={search_term_string}\"},\"query-input\":\"required name=search_term_string\"}],\"inLanguage\":\"cs\"},{\"@type\":\"Organization\",\"@id\":\"https:\/\/www.simpleplan.cz\/cz\/#organization\",\"name\":\"CZ: SimplePlan.cz\",\"url\":\"https:\/\/www.simpleplan.cz\/cz\/\",\"logo\":{\"@type\":\"ImageObject\",\"inLanguage\":\"cs\",\"@id\":\"https:\/\/www.simpleplan.cz\/cz\/#\/schema\/logo\/image\/\",\"url\":\"https:\/\/www.simpleplan.cz\/cz\/wp-content\/uploads\/spczlogo.png\",\"contentUrl\":\"https:\/\/www.simpleplan.cz\/cz\/wp-content\/uploads\/spczlogo.png\",\"width\":250,\"height\":190,\"caption\":\"CZ: SimplePlan.cz\"},\"image\":{\"@id\":\"https:\/\/www.simpleplan.cz\/cz\/#\/schema\/logo\/image\/\"},\"sameAs\":[\"http:\/\/www.facebook.com\/simpleplancz\",\"https:\/\/twitter.com\/simpleplancz\",\"http:\/\/www.instagram.com\/simpleplancz\",\"http:\/\/www.youtube.com\/simpleplancz\"]},{\"@type\":\"Person\",\"@id\":\"https:\/\/www.simpleplan.cz\/cz\/#\/schema\/person\/bb90dd25f4baab7793fc73ab0b783730\",\"name\":\"Dominika\",\"image\":{\"@type\":\"ImageObject\",\"inLanguage\":\"cs\",\"@id\":\"https:\/\/www.simpleplan.cz\/cz\/#\/schema\/person\/image\/\",\"url\":\"https:\/\/secure.gravatar.com\/avatar\/de55cb16a8578d56e96c89d1a0af3db5?s=96&d=mm&r=g\",\"contentUrl\":\"https:\/\/secure.gravatar.com\/avatar\/de55cb16a8578d56e96c89d1a0af3db5?s=96&d=mm&r=g\",\"caption\":\"Dominika\"},\"sameAs\":[\"http:\/\/www.simpleplan.cz\"],\"url\":\"https:\/\/www.simpleplan.cz\/cz\/index.php\/author\/admin-2\/\"}]}<\/script>\n<!-- \/ Yoast SEO plugin. -->","yoast_head_json":{"title":"Poprv\u00e9 v hlavn\u00edm m\u011bst\u011b: Simple Plan v Bras\u00edlii | CZ: SimplePlan.cz","robots":{"index":"index","follow":"follow","max-snippet":"max-snippet:-1","max-image-preview":"max-image-preview:large","max-video-preview":"max-video-preview:-1"},"canonical":"https:\/\/www.simpleplan.cz\/cz\/index.php\/poprve-v-hlavnim-meste-simple-plan-v-brasilii\/","og_locale":"cs_CZ","og_type":"article","og_title":"Poprv\u00e9 v hlavn\u00edm m\u011bst\u011b: Simple Plan v Bras\u00edlii | CZ: SimplePlan.cz","og_description":"B\u011bhem v\u010derej\u0161\u00edho pozd\u011bn\u00edho odpoledne Simple Plan p\u0159ist\u00e1li na leti\u0161ti hlavn\u00edho m\u011bsta Braz\u00edlie &#8211; ve m\u011bst\u011b","og_url":"https:\/\/www.simpleplan.cz\/cz\/index.php\/poprve-v-hlavnim-meste-simple-plan-v-brasilii\/","og_site_name":"CZ: SimplePlan.cz","article_publisher":"http:\/\/www.facebook.com\/simpleplancz","article_published_time":"2012-10-16T14:32:01+00:00","article_modified_time":"2023-06-26T05:41:36+00:00","og_image":[{"url":"http:\/\/www.simpleplan.cz\/gal\/2920.gif"}],"author":"Dominika","twitter_card":"summary_large_image","twitter_creator":"@simpleplancz","twitter_site":"@simpleplancz","twitter_misc":{"Napsal(a)":"Dominika","Odhadovan\u00e1 doba \u010dten\u00ed":"1 minuta"},"schema":{"@context":"https:\/\/schema.org","@graph":[{"@type":"Article","@id":"https:\/\/www.simpleplan.cz\/cz\/index.php\/poprve-v-hlavnim-meste-simple-plan-v-brasilii\/#article","isPartOf":{"@id":"https:\/\/www.simpleplan.cz\/cz\/index.php\/poprve-v-hlavnim-meste-simple-plan-v-brasilii\/"},"author":{"name":"Dominika","@id":"https:\/\/www.simpleplan.cz\/cz\/#\/schema\/person\/bb90dd25f4baab7793fc73ab0b783730"},"headline":"Poprv\u00e9 v hlavn\u00edm m\u011bst\u011b: Simple Plan v Bras\u00edlii","datePublished":"2012-10-16T14:32:01+00:00","dateModified":"2023-06-26T05:41:36+00:00","mainEntityOfPage":{"@id":"https:\/\/www.simpleplan.cz\/cz\/index.php\/poprve-v-hlavnim-meste-simple-plan-v-brasilii\/"},"wordCount":290,"commentCount":0,"publisher":{"@id":"https:\/\/www.simpleplan.cz\/cz\/#organization"},"keywords":["Brasilia","Braz\u00edlie","fanou\u0161ci"],"articleSection":["novinky","ostatn\u00ed"],"inLanguage":"cs","potentialAction":[{"@type":"CommentAction","name":"Comment","target":["https:\/\/www.simpleplan.cz\/cz\/index.php\/poprve-v-hlavnim-meste-simple-plan-v-brasilii\/#respond"]}]},{"@type":"WebPage","@id":"https:\/\/www.simpleplan.cz\/cz\/index.php\/poprve-v-hlavnim-meste-simple-plan-v-brasilii\/","url":"https:\/\/www.simpleplan.cz\/cz\/index.php\/poprve-v-hlavnim-meste-simple-plan-v-brasilii\/","name":"Poprv\u00e9 v hlavn\u00edm m\u011bst\u011b: Simple Plan v Bras\u00edlii | CZ: SimplePlan.cz","isPartOf":{"@id":"https:\/\/www.simpleplan.cz\/cz\/#website"},"datePublished":"2012-10-16T14:32:01+00:00","dateModified":"2023-06-26T05:41:36+00:00","breadcrumb":{"@id":"https:\/\/www.simpleplan.cz\/cz\/index.php\/poprve-v-hlavnim-meste-simple-plan-v-brasilii\/#breadcrumb"},"inLanguage":"cs","potentialAction":[{"@type":"ReadAction","target":["https:\/\/www.simpleplan.cz\/cz\/index.php\/poprve-v-hlavnim-meste-simple-plan-v-brasilii\/"]}]},{"@type":"BreadcrumbList","@id":"https:\/\/www.simpleplan.cz\/cz\/index.php\/poprve-v-hlavnim-meste-simple-plan-v-brasilii\/#breadcrumb","itemListElement":[{"@type":"ListItem","position":1,"name":"Dom\u016f","item":"https:\/\/www.simpleplan.cz\/cz\/"},{"@type":"ListItem","position":2,"name":"novinky","item":"https:\/\/www.simpleplan.cz\/cz\/index.php\/category\/novinky\/"},{"@type":"ListItem","position":3,"name":"Poprv\u00e9 v hlavn\u00edm m\u011bst\u011b: Simple Plan v Bras\u00edlii"}]},{"@type":"WebSite","@id":"https:\/\/www.simpleplan.cz\/cz\/#website","url":"https:\/\/www.simpleplan.cz\/cz\/","name":"CZ: SimplePlan.cz","description":"Nejlep\u0161\u00ed zdroj informac\u00ed o kapele Simple Plan","publisher":{"@id":"https:\/\/www.simpleplan.cz\/cz\/#organization"},"potentialAction":[{"@type":"SearchAction","target":{"@type":"EntryPoint","urlTemplate":"https:\/\/www.simpleplan.cz\/cz\/?s={search_term_string}"},"query-input":"required name=search_term_string"}],"inLanguage":"cs"},{"@type":"Organization","@id":"https:\/\/www.simpleplan.cz\/cz\/#organization","name":"CZ: SimplePlan.cz","url":"https:\/\/www.simpleplan.cz\/cz\/","logo":{"@type":"ImageObject","inLanguage":"cs","@id":"https:\/\/www.simpleplan.cz\/cz\/#\/schema\/logo\/image\/","url":"https:\/\/www.simpleplan.cz\/cz\/wp-content\/uploads\/spczlogo.png","contentUrl":"https:\/\/www.simpleplan.cz\/cz\/wp-content\/uploads\/spczlogo.png","width":250,"height":190,"caption":"CZ: SimplePlan.cz"},"image":{"@id":"https:\/\/www.simpleplan.cz\/cz\/#\/schema\/logo\/image\/"},"sameAs":["http:\/\/www.facebook.com\/simpleplancz","https:\/\/twitter.com\/simpleplancz","http:\/\/www.instagram.com\/simpleplancz","http:\/\/www.youtube.com\/simpleplancz"]},{"@type":"Person","@id":"https:\/\/www.simpleplan.cz\/cz\/#\/schema\/person\/bb90dd25f4baab7793fc73ab0b783730","name":"Dominika","image":{"@type":"ImageObject","inLanguage":"cs","@id":"https:\/\/www.simpleplan.cz\/cz\/#\/schema\/person\/image\/","url":"https:\/\/secure.gravatar.com\/avatar\/de55cb16a8578d56e96c89d1a0af3db5?s=96&d=mm&r=g","contentUrl":"https:\/\/secure.gravatar.com\/avatar\/de55cb16a8578d56e96c89d1a0af3db5?s=96&d=mm&r=g","caption":"Dominika"},"sameAs":["http:\/\/www.simpleplan.cz"],"url":"https:\/\/www.simpleplan.cz\/cz\/index.php\/author\/admin-2\/"}]}},"featured_image_urls":{"full":"","thumbnail":"","medium":"","medium_large":"","large":"","1536x1536":"","2048x2048":"","elegant-magazine-featured":"","elegant-magazine-medium":"","elegant-magazine-medium-small":"","elegant-magazine-thumbnail-small":""},"author_info":{"display_name":"Dominika","author_link":"https:\/\/www.simpleplan.cz\/cz\/index.php\/author\/admin-2\/"},"category_info":"<a href=\"https:\/\/www.simpleplan.cz\/cz\/index.php\/category\/novinky\/\" rel=\"category tag\">novinky<\/a> <a href=\"https:\/\/www.simpleplan.cz\/cz\/index.php\/category\/ostatni\/\" rel=\"category tag\">ostatn\u00ed<\/a>","tag_info":"ostatn\u00ed","comment_count":"0","_links":{"self":[{"href":"https:\/\/www.simpleplan.cz\/cz\/index.php\/wp-json\/wp\/v2\/posts\/11565"}],"collection":[{"href":"https:\/\/www.simpleplan.cz\/cz\/index.php\/wp-json\/wp\/v2\/posts"}],"about":[{"href":"https:\/\/www.simpleplan.cz\/cz\/index.php\/wp-json\/wp\/v2\/types\/post"}],"author":[{"embeddable":true,"href":"https:\/\/www.simpleplan.cz\/cz\/index.php\/wp-json\/wp\/v2\/users\/5"}],"replies":[{"embeddable":true,"href":"https:\/\/www.simpleplan.cz\/cz\/index.php\/wp-json\/wp\/v2\/comments?post=11565"}],"version-history":[{"count":10,"href":"https:\/\/www.simpleplan.cz\/cz\/index.php\/wp-json\/wp\/v2\/posts\/11565\/revisions"}],"predecessor-version":[{"id":31966,"href":"https:\/\/www.simpleplan.cz\/cz\/index.php\/wp-json\/wp\/v2\/posts\/11565\/revisions\/31966"}],"wp:attachment":[{"href":"https:\/\/www.simpleplan.cz\/cz\/index.php\/wp-json\/wp\/v2\/media?parent=11565"}],"wp:term":[{"taxonomy":"category","embeddable":true,"href":"https:\/\/www.simpleplan.cz\/cz\/index.php\/wp-json\/wp\/v2\/categories?post=11565"},{"taxonomy":"post_tag","embeddable":true,"href":"https:\/\/www.simpleplan.cz\/cz\/index.php\/wp-json\/wp\/v2\/tags?post=11565"}],"curies":[{"name":"wp","href":"https:\/\/api.w.org\/{rel}","templated":true}]}}