{"id":12421,"date":"2013-01-16T11:57:04","date_gmt":"2013-01-16T10:57:04","guid":{"rendered":"http:\/\/www.simpleplan.cz\/cz\/?p=12421"},"modified":"2023-06-26T07:41:18","modified_gmt":"2023-06-26T05:41:18","slug":"rozhovor-s-pierrem-a-chuckem-o-dovolene-a-planech-do-budoucna","status":"publish","type":"post","link":"https:\/\/www.simpleplan.cz\/cz\/index.php\/rozhovor-s-pierrem-a-chuckem-o-dovolene-a-planech-do-budoucna\/","title":{"rendered":"Rozhovor s Pierrem a Chuckem o dovolen\u00e9 a pl\u00e1nech do budoucna"},"content":{"rendered":"<p>Na ceremonii Radio Canada \/ La Presse kanadsk\u00fd report\u00e9r <b>Herby Moreau z Herby.tv vyzpov\u00eddal Pierra a Chucka ze Simple Plan<\/b> ohledn\u011b jejich reakc\u00ed na z\u00edsk\u00e1n\u00ed ocen\u011bn\u00ed &#8222;Osobnost roku&#8220;, o tom, co pr\u00e1v\u011b d\u011blaj\u00ed na sv\u00e9 dovolen\u00e9, a tak\u00e9 o pl\u00e1nech Simple Plan do budoucna. <\/p>\n<p>Na toto velmi zaj\u00edmav\u00e9 interview se s pomoc\u00ed \u010desk\u00e9ho p\u0159ekladu n\u00ed\u017ee (za anglick\u00fd p\u0159eklad d\u011bkuji op\u011bt <i>Charbelovi<\/i>) se pod\u00edvejte zde:<\/p>\n<p><center><iframe width=\"480\" height=\"270\" src=\"http:\/\/www.youtube.com\/embed\/4rARoeZsG70\" frameborder=\"0\" allowfullscreen><\/iframe><\/center><\/p>\n<blockquote><p><b>Report\u00e9r:<\/b> &#8222;Osobnost roku&#8220; od La Presse a Radio Canada, co tomu \u0159\u00edk\u00e1te?<br \/>\n<b>Chuck:<\/b> Ne\u010dekali jsme to.<br \/>\n<b>Pierre:<\/b> Naprosto m\u011b to dostalo, nem\u011bl jsem ani tu\u0161en\u00ed, tohle bylo opravdu ne\u010dekan\u00e9.<br \/>\n<b>Chuck:<\/b> Nem\u011bli jsme slov, kdy\u017e jsme vid\u011bli to video, kter\u00e9 pro n\u00e1s p\u0159ipravili fanou\u0161ci po cel\u00e9m sv\u011bt\u011b, ve kter\u00e9m n\u00e1m gratulovali.<br \/>\n<b>Pierre:<\/b> Lid\u00e9 se n\u00e1s \u010dasto ptaj\u00ed, jestli jsme si, kdy\u017e jsme za\u010d\u00ednali, n\u011bkdy p\u0159edstavovali sami sebe jak stoj\u00edme tam, kde jsme te\u010f. A mysl\u00edm si, \u017ee tohle je pr\u00e1v\u011b jedna z v\u011bc\u00ed, kterou jsem si nikdy nep\u0159edstavoval, \u017ee by se n\u00e1m stala.<br \/>\n<b>Chuck:<\/b> Obzvl\u00e1\u0161\u0165 kdy\u017e vid\u00edte, \u010deho tady dos\u00e1hli jin\u00ed&#8230;<br \/>\n<b>Pierre:<\/b> Samoz\u0159ejm\u011b, d\u00edky lidem tady mo\u017en\u00e1 jednou bude l\u00e9k na AIDS. Je to velmi dojemn\u00e9.<\/p>\n<p><b>Report\u00e9r:<\/b> Co te\u010f \u010dek\u00e1 Simple Plan?<br \/>\n<b>Pierre:<\/b> Pr\u00e1zdniny! A to opravdu zaslou\u017een\u00e9 si mysl\u00edm. Tourovali jsme po cel\u00e9m sv\u011bt\u011b rok a p\u016fl, byli jsme v Asii, Austr\u00e1lii&#8230;<br \/>\n<b>Chuck:<\/b> Ji\u017en\u00ed Americe, Evrop\u011b&#8230;<br \/>\n<b>Pierre:<\/b> A v\u0161ude dvakr\u00e1t, tak\u017ee te\u010f chv\u00edli odpo\u010d\u00edv\u00e1me. M\u00e1me na l\u00e9to napl\u00e1novan\u00fdch n\u011bkolik koncert\u016f, a potom za\u010dneme ps\u00e1t pro p\u00e1t\u00e9 album, a cel\u00fd tenhle cyklus za\u010dne znova: nap\u00ed\u0161eme album, vyd\u00e1me ho, budeme ho rok a p\u016fl propagovat, pak si op\u011bt odpo\u010dineme a pak se do toho zase pust\u00edme.<\/p>\n<p><b>Report\u00e9r:<\/b> Co d\u011bl\u00e1te b\u011bhem sv\u00e9ho volna? V\u00edm, \u017ee zrovna \u017eijete v Kalifornii&#8230;<br \/>\n<b>Pierre:<\/b> Jo, kdy\u017e m\u00e1me volno, tak je to jako kdybychom m\u011bli pr\u00e1zdniny, n\u011bkolik m\u011bs\u00edc\u016f dovolen\u00e9 je v\u017edycky v\u00edtan\u00fdch.<br \/>\n<b>Report\u00e9r:<\/b> Co budete d\u011blat?<br \/>\n<b>Pierre:<\/b> Pfft, nic. [sm\u011bje se] Budu hr\u00e1t gold, jako na pr\u00e1zdnin\u00e1ch, r\u00e1no vstanu, m\u00e1m te\u010f d\u00edt\u011b, tak\u017ee toho \u010dasu vyu\u017e\u00edv\u00e1m k tomu, abych byl ta\u0165kou. Pak hraju golf, surfuju&#8230;<br \/>\n<b>Chuck:<\/b> Na\u0161li jsme novou v\u00e1\u0161e\u0148!<br \/>\n<b>Pierre:<\/b> Jo, s golfem!<br \/>\n<b>Chuck:<\/b> Letos se v n\u011bm pokus\u00edme b\u00fdt dob\u0159\u00ed [sm\u011bje se]<br \/>\n<b>Report\u00e9r:<\/b> Chucku, kdyby jsi m\u011bl p\u0159\u00edle\u017eitost zahr\u00e1t si kdekoliv na sv\u011bt\u011b, kde by to bylo?<br \/>\n<b>Chuck:<\/b> Pebble Beach v Kalifornii. Podle v\u0161eho je to jedno z nej\u00fa\u017easn\u011bj\u0161\u00edch m\u00edst na sv\u011bt\u011b.<br \/>\n<b>Pierre:<\/b> J\u00e1 bych r\u00e1d hr\u00e1l v Palm Springs, je to bl\u00edzko Los Angeles a maj\u00ed tam spoustu n\u00e1dhern\u00fdch golfov\u00fdch h\u0159i\u0161\u0165. Mus\u00edme si u\u017e\u00edvat voln\u00fdch chvil, proto\u017ee pak to bude zase jenom non stop pr\u00e1ce.<br \/>\n<b>Chuck:<\/b> Ale hey, i kdy\u017e jsme na pr\u00e1zdnin\u00e1ch, tak jsme po\u0159\u00e1d spolu.<br \/>\n<b>Report\u00e9r:<\/b> Vy kluci jste opravdu nejlep\u0161\u00ed kamar\u00e1di, nepust\u00edte jeden druh\u00e9ho z o\u010d\u00ed.<br \/>\n<b>Pierre:<\/b> Pfft, zas tak moc ne. [sm\u011bje se] Ne, d\u011bl\u00e1m si srandu, jsme dob\u0159\u00ed p\u0159\u00e1tel\u00e9.<br \/>\n<b>Chuck:<\/b> Je fajn.<br \/>\n<b>Report\u00e9r:<\/b> Simple Plan je v\u016fbec takov\u00fd jeden velk\u00fd p\u0159\u00edb\u011bh o p\u0159\u00e1telstv\u00ed.<br \/>\n<b>Pierre:<\/b> Je to love story!<br \/>\n<b>Chuck:<\/b> Aww, za\u010dali jsme spolu hr\u00e1t ve 13 letech. Tak\u017ee u\u017e je to 20 let!<br \/>\n<b>Pierre:<\/b> Jsme jako brat\u0159i! Jsme v\u00edc ne\u017e p\u0159\u00e1tel\u00e9, jsme rodina, cel\u00e1 kapela je jako rodina. Ikdy\u017e m\u00e1me n\u011bkdy \u0161patn\u00fd den a jsou dny, kdy se nechceme vid\u011bt, \u010dlov\u011bk v\u00ed, \u017ee hluboko uvnit\u0159 je l\u00e1ska, kter\u00e1 nikdy nezmiz\u00ed.<br \/>\n<b>Chuck:<\/b> Ikdy\u017e se h\u00e1d\u00e1me, tak nakonec v\u017edycky p\u0159estaneme, proto\u017ee v\u00edme, \u017ee d\u00e1l to nep\u016fjde.<\/p>\n<p><b>Report\u00e9r:<\/b> Tak\u017ee sv\u00e9 fanou\u0161ky uji\u0161\u0165ujete, \u017ee SP nejsou p\u0159ipraveni se rozpadnout.<br \/>\n<b>Pierre:<\/b> P\u0159esn\u011b tak.<br \/>\n<b>Chuck:<\/b> Po\u0159\u00e1d jdeme d\u00e1l.<br \/>\n<b>Pierre:<\/b> P\u0159ijde n\u00e1m, \u017ee neust\u00e1le jdeme za nov\u00fdm dobrodru\u017estv\u00edm.<br \/>\n<b>Chuck:<\/b> To je na tom tak speci\u00e1ln\u00ed, \u017ee po cel\u00e9 t\u00e9hle dob\u011b, se v\u011bci jako ocen\u011bn\u00ed norm\u00e1ln\u011b ned\u011bj\u00ed, tak\u017ee n\u00e1s to motivuje k tomu, abychom pokra\u010dovali, a j\u00e1 se nem\u016f\u017eu do\u010dkat jak daleko se dostaneme p\u0159\u00ed\u0161t\u00ed rok, a rok na to. Chceme vid\u011bt, jak daleko se m\u016f\u017eeme dostat.<\/p>\n<p><b>Report\u00e9r:<\/b> Co byste \u0159ekli fanou\u0161k\u016fm, kte\u0159\u00ed toto sleduj\u00ed?<br \/>\n<b>Pierre:<\/b> P\u0159edev\u0161\u00edm je to velk\u00e9 pod\u011bkov\u00e1n\u00ed, proto\u017ee bez nich bychom nebyli schopn\u00ed d\u011blat to, co d\u011bl\u00e1me dnes. Na\u0161e nadace by bez nich nebyla, a na\u0161e kapela, na\u0161e hudba tak\u00e9 ne. Je to v\u0161echno d\u00edky nim.<br \/>\n<b>Chuck:<\/b> Jsme jim za v\u0161e hrozn\u011b dlu\u017en\u00ed.<br \/>\n<b>Pierre:<\/b> Simple Plan by bez sv\u00fdch fanou\u0161k\u016f neexistovali, tak\u017ee d\u011bkujeme, zbo\u017e\u0148ujeme v\u00e1s!<br \/>\n<b>Chuck:<\/b> D\u011bkujeme!<\/p><\/blockquote>\n<div class=\"fblikebutton_button\" style=\"float: left; padding-top: 20px; margin-right: 20px; padding-bottom: 20px; padding-left: 20px;\"><iframe src=\"http:\/\/www.facebook.com\/plugins\/like.php?href=https%3A%2F%2Fwww.simpleplan.cz%2Fcz%2Findex.php%2Frozhovor-s-pierrem-a-chuckem-o-dovolene-a-planech-do-budoucna%2F&amp;layout=standard&amp;show-faces=false&amp;width=450&amp;action=like&amp;colorscheme=light\" scrolling=\"no\" frameborder=\"0\" allowTransparency=\"true\" style=\"border:none; overflow:hidden; width:450px; height:26px\"><\/iframe><\/div>\n","protected":false},"excerpt":{"rendered":"<p>Na ceremonii Radio Canada \/ La Presse kanadsk\u00fd report\u00e9r Herby Moreau z Herby.tv vyzpov\u00eddal Pierra<\/p>\n","protected":false},"author":5,"featured_media":0,"comment_status":"open","ping_status":"open","sticky":false,"template":"","format":"standard","meta":{"footnotes":"","fifu_image_url":"","fifu_image_alt":""},"categories":[1,5,19,10],"tags":[1260,1261],"yoast_head":"<!-- This site is optimized with the Yoast SEO plugin v20.9 - https:\/\/yoast.com\/wordpress\/plugins\/seo\/ -->\n<title>Rozhovor s Pierrem a Chuckem o dovolen\u00e9 a pl\u00e1nech do budoucna | CZ: SimplePlan.cz<\/title>\n<meta name=\"robots\" content=\"index, follow, max-snippet:-1, max-image-preview:large, max-video-preview:-1\" \/>\n<link rel=\"canonical\" href=\"https:\/\/www.simpleplan.cz\/cz\/index.php\/rozhovor-s-pierrem-a-chuckem-o-dovolene-a-planech-do-budoucna\/\" \/>\n<meta property=\"og:locale\" content=\"cs_CZ\" \/>\n<meta property=\"og:type\" content=\"article\" \/>\n<meta property=\"og:title\" content=\"Rozhovor s Pierrem a Chuckem o dovolen\u00e9 a pl\u00e1nech do budoucna | CZ: SimplePlan.cz\" \/>\n<meta property=\"og:description\" content=\"Na ceremonii Radio Canada \/ La Presse kanadsk\u00fd report\u00e9r Herby Moreau z Herby.tv vyzpov\u00eddal Pierra\" \/>\n<meta property=\"og:url\" content=\"https:\/\/www.simpleplan.cz\/cz\/index.php\/rozhovor-s-pierrem-a-chuckem-o-dovolene-a-planech-do-budoucna\/\" \/>\n<meta property=\"og:site_name\" content=\"CZ: SimplePlan.cz\" \/>\n<meta property=\"article:publisher\" content=\"http:\/\/www.facebook.com\/simpleplancz\" \/>\n<meta property=\"article:published_time\" content=\"2013-01-16T10:57:04+00:00\" \/>\n<meta property=\"article:modified_time\" content=\"2023-06-26T05:41:18+00:00\" \/>\n<meta property=\"og:image\" content=\"http:\/\/www.simpleplan.cz\/cz\/wp-content\/uploads\/logo.gif\" \/>\n<meta name=\"author\" content=\"Dominika\" \/>\n<meta name=\"twitter:card\" content=\"summary_large_image\" \/>\n<meta name=\"twitter:creator\" content=\"@simpleplancz\" \/>\n<meta name=\"twitter:site\" content=\"@simpleplancz\" \/>\n<meta name=\"twitter:label1\" content=\"Napsal(a)\" \/>\n\t<meta name=\"twitter:data1\" content=\"Dominika\" \/>\n\t<meta name=\"twitter:label2\" content=\"Odhadovan\u00e1 doba \u010dten\u00ed\" \/>\n\t<meta name=\"twitter:data2\" content=\"4 minuty\" \/>\n<script type=\"application\/ld+json\" class=\"yoast-schema-graph\">{\"@context\":\"https:\/\/schema.org\",\"@graph\":[{\"@type\":\"Article\",\"@id\":\"https:\/\/www.simpleplan.cz\/cz\/index.php\/rozhovor-s-pierrem-a-chuckem-o-dovolene-a-planech-do-budoucna\/#article\",\"isPartOf\":{\"@id\":\"https:\/\/www.simpleplan.cz\/cz\/index.php\/rozhovor-s-pierrem-a-chuckem-o-dovolene-a-planech-do-budoucna\/\"},\"author\":{\"name\":\"Dominika\",\"@id\":\"https:\/\/www.simpleplan.cz\/cz\/#\/schema\/person\/bb90dd25f4baab7793fc73ab0b783730\"},\"headline\":\"Rozhovor s Pierrem a Chuckem o dovolen\u00e9 a pl\u00e1nech do budoucna\",\"datePublished\":\"2013-01-16T10:57:04+00:00\",\"dateModified\":\"2023-06-26T05:41:18+00:00\",\"mainEntityOfPage\":{\"@id\":\"https:\/\/www.simpleplan.cz\/cz\/index.php\/rozhovor-s-pierrem-a-chuckem-o-dovolene-a-planech-do-budoucna\/\"},\"wordCount\":900,\"commentCount\":0,\"publisher\":{\"@id\":\"https:\/\/www.simpleplan.cz\/cz\/#organization\"},\"keywords\":[\"Herby Moreau\",\"Herby.tv\"],\"articleSection\":[\"Chuck\",\"Pierre\",\"rozhovory\",\"videa\"],\"inLanguage\":\"cs\",\"potentialAction\":[{\"@type\":\"CommentAction\",\"name\":\"Comment\",\"target\":[\"https:\/\/www.simpleplan.cz\/cz\/index.php\/rozhovor-s-pierrem-a-chuckem-o-dovolene-a-planech-do-budoucna\/#respond\"]}]},{\"@type\":\"WebPage\",\"@id\":\"https:\/\/www.simpleplan.cz\/cz\/index.php\/rozhovor-s-pierrem-a-chuckem-o-dovolene-a-planech-do-budoucna\/\",\"url\":\"https:\/\/www.simpleplan.cz\/cz\/index.php\/rozhovor-s-pierrem-a-chuckem-o-dovolene-a-planech-do-budoucna\/\",\"name\":\"Rozhovor s Pierrem a Chuckem o dovolen\u00e9 a pl\u00e1nech do budoucna | CZ: SimplePlan.cz\",\"isPartOf\":{\"@id\":\"https:\/\/www.simpleplan.cz\/cz\/#website\"},\"datePublished\":\"2013-01-16T10:57:04+00:00\",\"dateModified\":\"2023-06-26T05:41:18+00:00\",\"breadcrumb\":{\"@id\":\"https:\/\/www.simpleplan.cz\/cz\/index.php\/rozhovor-s-pierrem-a-chuckem-o-dovolene-a-planech-do-budoucna\/#breadcrumb\"},\"inLanguage\":\"cs\",\"potentialAction\":[{\"@type\":\"ReadAction\",\"target\":[\"https:\/\/www.simpleplan.cz\/cz\/index.php\/rozhovor-s-pierrem-a-chuckem-o-dovolene-a-planech-do-budoucna\/\"]}]},{\"@type\":\"BreadcrumbList\",\"@id\":\"https:\/\/www.simpleplan.cz\/cz\/index.php\/rozhovor-s-pierrem-a-chuckem-o-dovolene-a-planech-do-budoucna\/#breadcrumb\",\"itemListElement\":[{\"@type\":\"ListItem\",\"position\":1,\"name\":\"Dom\u016f\",\"item\":\"https:\/\/www.simpleplan.cz\/cz\/\"},{\"@type\":\"ListItem\",\"position\":2,\"name\":\"Chuck\",\"item\":\"https:\/\/www.simpleplan.cz\/cz\/index.php\/category\/chuck\/\"},{\"@type\":\"ListItem\",\"position\":3,\"name\":\"Rozhovor s Pierrem a Chuckem o dovolen\u00e9 a pl\u00e1nech do budoucna\"}]},{\"@type\":\"WebSite\",\"@id\":\"https:\/\/www.simpleplan.cz\/cz\/#website\",\"url\":\"https:\/\/www.simpleplan.cz\/cz\/\",\"name\":\"CZ: SimplePlan.cz\",\"description\":\"Nejlep\u0161\u00ed zdroj informac\u00ed o kapele Simple Plan\",\"publisher\":{\"@id\":\"https:\/\/www.simpleplan.cz\/cz\/#organization\"},\"potentialAction\":[{\"@type\":\"SearchAction\",\"target\":{\"@type\":\"EntryPoint\",\"urlTemplate\":\"https:\/\/www.simpleplan.cz\/cz\/?s={search_term_string}\"},\"query-input\":\"required name=search_term_string\"}],\"inLanguage\":\"cs\"},{\"@type\":\"Organization\",\"@id\":\"https:\/\/www.simpleplan.cz\/cz\/#organization\",\"name\":\"CZ: SimplePlan.cz\",\"url\":\"https:\/\/www.simpleplan.cz\/cz\/\",\"logo\":{\"@type\":\"ImageObject\",\"inLanguage\":\"cs\",\"@id\":\"https:\/\/www.simpleplan.cz\/cz\/#\/schema\/logo\/image\/\",\"url\":\"https:\/\/www.simpleplan.cz\/cz\/wp-content\/uploads\/spczlogo.png\",\"contentUrl\":\"https:\/\/www.simpleplan.cz\/cz\/wp-content\/uploads\/spczlogo.png\",\"width\":250,\"height\":190,\"caption\":\"CZ: SimplePlan.cz\"},\"image\":{\"@id\":\"https:\/\/www.simpleplan.cz\/cz\/#\/schema\/logo\/image\/\"},\"sameAs\":[\"http:\/\/www.facebook.com\/simpleplancz\",\"https:\/\/twitter.com\/simpleplancz\",\"http:\/\/www.instagram.com\/simpleplancz\",\"http:\/\/www.youtube.com\/simpleplancz\"]},{\"@type\":\"Person\",\"@id\":\"https:\/\/www.simpleplan.cz\/cz\/#\/schema\/person\/bb90dd25f4baab7793fc73ab0b783730\",\"name\":\"Dominika\",\"image\":{\"@type\":\"ImageObject\",\"inLanguage\":\"cs\",\"@id\":\"https:\/\/www.simpleplan.cz\/cz\/#\/schema\/person\/image\/\",\"url\":\"https:\/\/secure.gravatar.com\/avatar\/de55cb16a8578d56e96c89d1a0af3db5?s=96&d=mm&r=g\",\"contentUrl\":\"https:\/\/secure.gravatar.com\/avatar\/de55cb16a8578d56e96c89d1a0af3db5?s=96&d=mm&r=g\",\"caption\":\"Dominika\"},\"sameAs\":[\"http:\/\/www.simpleplan.cz\"],\"url\":\"https:\/\/www.simpleplan.cz\/cz\/index.php\/author\/admin-2\/\"}]}<\/script>\n<!-- \/ Yoast SEO plugin. -->","yoast_head_json":{"title":"Rozhovor s Pierrem a Chuckem o dovolen\u00e9 a pl\u00e1nech do budoucna | CZ: SimplePlan.cz","robots":{"index":"index","follow":"follow","max-snippet":"max-snippet:-1","max-image-preview":"max-image-preview:large","max-video-preview":"max-video-preview:-1"},"canonical":"https:\/\/www.simpleplan.cz\/cz\/index.php\/rozhovor-s-pierrem-a-chuckem-o-dovolene-a-planech-do-budoucna\/","og_locale":"cs_CZ","og_type":"article","og_title":"Rozhovor s Pierrem a Chuckem o dovolen\u00e9 a pl\u00e1nech do budoucna | CZ: SimplePlan.cz","og_description":"Na ceremonii Radio Canada \/ La Presse kanadsk\u00fd report\u00e9r Herby Moreau z Herby.tv vyzpov\u00eddal Pierra","og_url":"https:\/\/www.simpleplan.cz\/cz\/index.php\/rozhovor-s-pierrem-a-chuckem-o-dovolene-a-planech-do-budoucna\/","og_site_name":"CZ: SimplePlan.cz","article_publisher":"http:\/\/www.facebook.com\/simpleplancz","article_published_time":"2013-01-16T10:57:04+00:00","article_modified_time":"2023-06-26T05:41:18+00:00","og_image":[{"url":"http:\/\/www.simpleplan.cz\/cz\/wp-content\/uploads\/logo.gif"}],"author":"Dominika","twitter_card":"summary_large_image","twitter_creator":"@simpleplancz","twitter_site":"@simpleplancz","twitter_misc":{"Napsal(a)":"Dominika","Odhadovan\u00e1 doba \u010dten\u00ed":"4 minuty"},"schema":{"@context":"https:\/\/schema.org","@graph":[{"@type":"Article","@id":"https:\/\/www.simpleplan.cz\/cz\/index.php\/rozhovor-s-pierrem-a-chuckem-o-dovolene-a-planech-do-budoucna\/#article","isPartOf":{"@id":"https:\/\/www.simpleplan.cz\/cz\/index.php\/rozhovor-s-pierrem-a-chuckem-o-dovolene-a-planech-do-budoucna\/"},"author":{"name":"Dominika","@id":"https:\/\/www.simpleplan.cz\/cz\/#\/schema\/person\/bb90dd25f4baab7793fc73ab0b783730"},"headline":"Rozhovor s Pierrem a Chuckem o dovolen\u00e9 a pl\u00e1nech do budoucna","datePublished":"2013-01-16T10:57:04+00:00","dateModified":"2023-06-26T05:41:18+00:00","mainEntityOfPage":{"@id":"https:\/\/www.simpleplan.cz\/cz\/index.php\/rozhovor-s-pierrem-a-chuckem-o-dovolene-a-planech-do-budoucna\/"},"wordCount":900,"commentCount":0,"publisher":{"@id":"https:\/\/www.simpleplan.cz\/cz\/#organization"},"keywords":["Herby Moreau","Herby.tv"],"articleSection":["Chuck","Pierre","rozhovory","videa"],"inLanguage":"cs","potentialAction":[{"@type":"CommentAction","name":"Comment","target":["https:\/\/www.simpleplan.cz\/cz\/index.php\/rozhovor-s-pierrem-a-chuckem-o-dovolene-a-planech-do-budoucna\/#respond"]}]},{"@type":"WebPage","@id":"https:\/\/www.simpleplan.cz\/cz\/index.php\/rozhovor-s-pierrem-a-chuckem-o-dovolene-a-planech-do-budoucna\/","url":"https:\/\/www.simpleplan.cz\/cz\/index.php\/rozhovor-s-pierrem-a-chuckem-o-dovolene-a-planech-do-budoucna\/","name":"Rozhovor s Pierrem a Chuckem o dovolen\u00e9 a pl\u00e1nech do budoucna | CZ: SimplePlan.cz","isPartOf":{"@id":"https:\/\/www.simpleplan.cz\/cz\/#website"},"datePublished":"2013-01-16T10:57:04+00:00","dateModified":"2023-06-26T05:41:18+00:00","breadcrumb":{"@id":"https:\/\/www.simpleplan.cz\/cz\/index.php\/rozhovor-s-pierrem-a-chuckem-o-dovolene-a-planech-do-budoucna\/#breadcrumb"},"inLanguage":"cs","potentialAction":[{"@type":"ReadAction","target":["https:\/\/www.simpleplan.cz\/cz\/index.php\/rozhovor-s-pierrem-a-chuckem-o-dovolene-a-planech-do-budoucna\/"]}]},{"@type":"BreadcrumbList","@id":"https:\/\/www.simpleplan.cz\/cz\/index.php\/rozhovor-s-pierrem-a-chuckem-o-dovolene-a-planech-do-budoucna\/#breadcrumb","itemListElement":[{"@type":"ListItem","position":1,"name":"Dom\u016f","item":"https:\/\/www.simpleplan.cz\/cz\/"},{"@type":"ListItem","position":2,"name":"Chuck","item":"https:\/\/www.simpleplan.cz\/cz\/index.php\/category\/chuck\/"},{"@type":"ListItem","position":3,"name":"Rozhovor s Pierrem a Chuckem o dovolen\u00e9 a pl\u00e1nech do budoucna"}]},{"@type":"WebSite","@id":"https:\/\/www.simpleplan.cz\/cz\/#website","url":"https:\/\/www.simpleplan.cz\/cz\/","name":"CZ: SimplePlan.cz","description":"Nejlep\u0161\u00ed zdroj informac\u00ed o kapele Simple Plan","publisher":{"@id":"https:\/\/www.simpleplan.cz\/cz\/#organization"},"potentialAction":[{"@type":"SearchAction","target":{"@type":"EntryPoint","urlTemplate":"https:\/\/www.simpleplan.cz\/cz\/?s={search_term_string}"},"query-input":"required name=search_term_string"}],"inLanguage":"cs"},{"@type":"Organization","@id":"https:\/\/www.simpleplan.cz\/cz\/#organization","name":"CZ: SimplePlan.cz","url":"https:\/\/www.simpleplan.cz\/cz\/","logo":{"@type":"ImageObject","inLanguage":"cs","@id":"https:\/\/www.simpleplan.cz\/cz\/#\/schema\/logo\/image\/","url":"https:\/\/www.simpleplan.cz\/cz\/wp-content\/uploads\/spczlogo.png","contentUrl":"https:\/\/www.simpleplan.cz\/cz\/wp-content\/uploads\/spczlogo.png","width":250,"height":190,"caption":"CZ: SimplePlan.cz"},"image":{"@id":"https:\/\/www.simpleplan.cz\/cz\/#\/schema\/logo\/image\/"},"sameAs":["http:\/\/www.facebook.com\/simpleplancz","https:\/\/twitter.com\/simpleplancz","http:\/\/www.instagram.com\/simpleplancz","http:\/\/www.youtube.com\/simpleplancz"]},{"@type":"Person","@id":"https:\/\/www.simpleplan.cz\/cz\/#\/schema\/person\/bb90dd25f4baab7793fc73ab0b783730","name":"Dominika","image":{"@type":"ImageObject","inLanguage":"cs","@id":"https:\/\/www.simpleplan.cz\/cz\/#\/schema\/person\/image\/","url":"https:\/\/secure.gravatar.com\/avatar\/de55cb16a8578d56e96c89d1a0af3db5?s=96&d=mm&r=g","contentUrl":"https:\/\/secure.gravatar.com\/avatar\/de55cb16a8578d56e96c89d1a0af3db5?s=96&d=mm&r=g","caption":"Dominika"},"sameAs":["http:\/\/www.simpleplan.cz"],"url":"https:\/\/www.simpleplan.cz\/cz\/index.php\/author\/admin-2\/"}]}},"featured_image_urls":{"full":"","thumbnail":"","medium":"","medium_large":"","large":"","1536x1536":"","2048x2048":"","elegant-magazine-featured":"","elegant-magazine-medium":"","elegant-magazine-medium-small":"","elegant-magazine-thumbnail-small":""},"author_info":{"display_name":"Dominika","author_link":"https:\/\/www.simpleplan.cz\/cz\/index.php\/author\/admin-2\/"},"category_info":"<a href=\"https:\/\/www.simpleplan.cz\/cz\/index.php\/category\/chuck\/\" rel=\"category tag\">Chuck<\/a> <a href=\"https:\/\/www.simpleplan.cz\/cz\/index.php\/category\/pierre\/\" rel=\"category tag\">Pierre<\/a> <a href=\"https:\/\/www.simpleplan.cz\/cz\/index.php\/category\/rozhovory\/\" rel=\"category tag\">rozhovory<\/a> <a href=\"https:\/\/www.simpleplan.cz\/cz\/index.php\/category\/videa\/\" rel=\"category tag\">videa<\/a>","tag_info":"videa","comment_count":"0","_links":{"self":[{"href":"https:\/\/www.simpleplan.cz\/cz\/index.php\/wp-json\/wp\/v2\/posts\/12421"}],"collection":[{"href":"https:\/\/www.simpleplan.cz\/cz\/index.php\/wp-json\/wp\/v2\/posts"}],"about":[{"href":"https:\/\/www.simpleplan.cz\/cz\/index.php\/wp-json\/wp\/v2\/types\/post"}],"author":[{"embeddable":true,"href":"https:\/\/www.simpleplan.cz\/cz\/index.php\/wp-json\/wp\/v2\/users\/5"}],"replies":[{"embeddable":true,"href":"https:\/\/www.simpleplan.cz\/cz\/index.php\/wp-json\/wp\/v2\/comments?post=12421"}],"version-history":[{"count":2,"href":"https:\/\/www.simpleplan.cz\/cz\/index.php\/wp-json\/wp\/v2\/posts\/12421\/revisions"}],"predecessor-version":[{"id":31790,"href":"https:\/\/www.simpleplan.cz\/cz\/index.php\/wp-json\/wp\/v2\/posts\/12421\/revisions\/31790"}],"wp:attachment":[{"href":"https:\/\/www.simpleplan.cz\/cz\/index.php\/wp-json\/wp\/v2\/media?parent=12421"}],"wp:term":[{"taxonomy":"category","embeddable":true,"href":"https:\/\/www.simpleplan.cz\/cz\/index.php\/wp-json\/wp\/v2\/categories?post=12421"},{"taxonomy":"post_tag","embeddable":true,"href":"https:\/\/www.simpleplan.cz\/cz\/index.php\/wp-json\/wp\/v2\/tags?post=12421"}],"curies":[{"name":"wp","href":"https:\/\/api.w.org\/{rel}","templated":true}]}}