{"id":12560,"date":"2013-02-12T10:30:43","date_gmt":"2013-02-12T09:30:43","guid":{"rendered":"http:\/\/www.simpleplan.cz\/cz\/?p=12560"},"modified":"2023-06-26T07:41:16","modified_gmt":"2023-06-26T05:41:16","slug":"5-let-od-vydani-eponymniho-alba-simple-plan","status":"publish","type":"post","link":"https:\/\/www.simpleplan.cz\/cz\/index.php\/5-let-od-vydani-eponymniho-alba-simple-plan\/","title":{"rendered":"5 let od vyd\u00e1n\u00ed eponymn\u00edho alba Simple Plan"},"content":{"rendered":"<p>Dneska si p\u0159ipom\u00edn\u00e1me <b>5. v\u00fdro\u010d\u00ed od vyd\u00e1n\u00ed t\u0159et\u00edho studiov\u00e9ho alba Simple Plan &#8211; tzv. eponymn\u00edho alba<\/b> (tzn. n\u00e1zev alba se shoduje s n\u00e1zvem kapely). Album vy\u0161lo ofici\u00e1ln\u011b <b>12. \u00fanora 2008<\/b> (v \u010cR o den d\u0159\u00edve) a obsahovalo 11 p\u00edsn\u00ed &#8211; p\u0159edev\u0161\u00edm pak singly &#8222;When I&#8217;m Gone&#8220;, &#8222;Your Love Is A Lie&#8220; a &#8222;Save You&#8220;. Pro kapelu bylo skl\u00e1d\u00e1n\u00ed p\u00edsn\u00ed pro tuto desku t\u00edm nejt\u011b\u017e\u0161\u00edm v jejich kari\u00e9\u0159e, nebo\u0165 jak Chuck tak Pierre proch\u00e1zeli autorsk\u00fdm blokem, kter\u00fd souvisel s probl\u00e9my v jejich rodin\u00e1ch a vztaz\u00edch.  <\/p>\n<p>Pot\u00e9, co bylo album dokon\u010deno, kapela skrze vir\u00e1ln\u00ed kampa\u0148 na MySpace p\u0159edznamenala sv\u016fj n\u00e1vrat na sc\u00e9nu 29. \u0159\u00edjna 2007, kdy uspo\u0159\u00e1dala \u017eiv\u00fd webchat s fanou\u0161ky, a kde m\u011bl tak\u00e9 premi\u00e9ru prvn\u00ed single z t\u00e9to nov\u00e9 desky &#8211; &#8222;When I&#8217;m Gone&#8220;. Brzy na to kapela zve\u0159ejnila <a href=\"http:\/\/www.simpleplan.cz\/gallery\/displayimage.php?pos=-5266\" target=\"_blank\" rel=\"noopener\">prvn\u00ed verzi<\/a> obalu alba, kter\u00e1 v\u0161ak ze strany fanou\u0161k\u016f p\u0159inesla velmi negativn\u00ed reakce. A zat\u00edmco Pierre volbu tohoto obalu nejprve obhajoval v jednomze sv\u00fdch blog\u016f, o n\u011bkolik dn\u00ed pozd\u011bji se kapela rozhodla, \u017ee fin\u00e1ln\u00ed volbu v\u00fdb\u011bru obalu tohoto alba nechaj\u00ed na fanou\u0161c\u00edch. Ti si mohli zvolit mezi p\u016fvodn\u00ed verz\u00ed obalu a novou \u010dernob\u00edlou fotografi\u00ed kapely. Net\u0159eba p\u0159ipom\u00ednat, \u017ee si fanou\u0161ci zvolili \u010dernob\u00edlou verzi obalu. <\/p>\n<p>S bl\u00ed\u017e\u00edc\u00edm se datem vyd\u00e1n\u00ed pak kapela vyd\u00e1vala speci\u00e1ln\u00ed p\u0159ekvapen\u00ed na SimplePlan.com, pod n\u00e1zvem SP Wheel, kde mohli fanou\u0161ci ka\u017ed\u00fd den nal\u00e9zt nov\u00e1 videa, fotky nebo texty p\u00edsn\u00ed z nov\u00e9ho alba.<\/p>\n<p>A i p\u0159esto, \u017ee t\u0159et\u00ed album nebylo t\u00edm nej\u00fasp\u011b\u0161n\u011bj\u0161\u00edm, rozhodn\u011b Simple Plan p\u0159ineslo ohromn\u00e9 z\u00e1stupy nov\u00fdch fanou\u0161k\u016f, kte\u0159\u00ed se zamilovali do v\u00edce emocion\u00e1ln\u011b-lad\u011bn\u00fdch p\u00edsn\u00ed, kter\u00e9 toto album p\u0159ineslo.<\/p>\n<p><center><img decoding=\"async\" src=\"http:\/\/www.simpleplan.cz\/gal\/3208.gif\"\/><\/center><\/p>\n<div class=\"fblikebutton_button\" style=\"float: left; padding-top: 20px; margin-right: 20px; padding-bottom: 20px; padding-left: 20px;\"><iframe src=\"http:\/\/www.facebook.com\/plugins\/like.php?href=https%3A%2F%2Fwww.simpleplan.cz%2Fcz%2Findex.php%2F5-let-od-vydani-eponymniho-alba-simple-plan%2F&amp;layout=standard&amp;show-faces=false&amp;width=450&amp;action=like&amp;colorscheme=light\" scrolling=\"no\" frameborder=\"0\" allowTransparency=\"true\" style=\"border:none; overflow:hidden; width:450px; height:26px\"><\/iframe><\/div>\n","protected":false},"excerpt":{"rendered":"<p>Dneska si p\u0159ipom\u00edn\u00e1me 5. v\u00fdro\u010d\u00ed od vyd\u00e1n\u00ed t\u0159et\u00edho studiov\u00e9ho alba Simple Plan &#8211; tzv. eponymn\u00edho<\/p>\n","protected":false},"author":5,"featured_media":0,"comment_status":"open","ping_status":"open","sticky":false,"template":"","format":"standard","meta":{"footnotes":"","fifu_image_url":"","fifu_image_alt":""},"categories":[43],"tags":[57],"yoast_head":"<!-- This site is optimized with the Yoast SEO plugin v20.9 - https:\/\/yoast.com\/wordpress\/plugins\/seo\/ -->\n<title>5 let od vyd\u00e1n\u00ed eponymn\u00edho alba Simple Plan | CZ: SimplePlan.cz<\/title>\n<meta name=\"robots\" content=\"index, follow, max-snippet:-1, max-image-preview:large, max-video-preview:-1\" \/>\n<link rel=\"canonical\" href=\"https:\/\/www.simpleplan.cz\/cz\/index.php\/5-let-od-vydani-eponymniho-alba-simple-plan\/\" \/>\n<meta property=\"og:locale\" content=\"cs_CZ\" \/>\n<meta property=\"og:type\" content=\"article\" \/>\n<meta property=\"og:title\" content=\"5 let od vyd\u00e1n\u00ed eponymn\u00edho alba Simple Plan | CZ: SimplePlan.cz\" \/>\n<meta property=\"og:description\" content=\"Dneska si p\u0159ipom\u00edn\u00e1me 5. v\u00fdro\u010d\u00ed od vyd\u00e1n\u00ed t\u0159et\u00edho studiov\u00e9ho alba Simple Plan &#8211; tzv. eponymn\u00edho\" \/>\n<meta property=\"og:url\" content=\"https:\/\/www.simpleplan.cz\/cz\/index.php\/5-let-od-vydani-eponymniho-alba-simple-plan\/\" \/>\n<meta property=\"og:site_name\" content=\"CZ: SimplePlan.cz\" \/>\n<meta property=\"article:publisher\" content=\"http:\/\/www.facebook.com\/simpleplancz\" \/>\n<meta property=\"article:published_time\" content=\"2013-02-12T09:30:43+00:00\" \/>\n<meta property=\"article:modified_time\" content=\"2023-06-26T05:41:16+00:00\" \/>\n<meta property=\"og:image\" content=\"http:\/\/www.simpleplan.cz\/gal\/3208.gif\" \/>\n<meta name=\"author\" content=\"Dominika\" \/>\n<meta name=\"twitter:card\" content=\"summary_large_image\" \/>\n<meta name=\"twitter:creator\" content=\"@simpleplancz\" \/>\n<meta name=\"twitter:site\" content=\"@simpleplancz\" \/>\n<meta name=\"twitter:label1\" content=\"Napsal(a)\" \/>\n\t<meta name=\"twitter:data1\" content=\"Dominika\" \/>\n\t<meta name=\"twitter:label2\" content=\"Odhadovan\u00e1 doba \u010dten\u00ed\" \/>\n\t<meta name=\"twitter:data2\" content=\"2 minuty\" \/>\n<script type=\"application\/ld+json\" class=\"yoast-schema-graph\">{\"@context\":\"https:\/\/schema.org\",\"@graph\":[{\"@type\":\"Article\",\"@id\":\"https:\/\/www.simpleplan.cz\/cz\/index.php\/5-let-od-vydani-eponymniho-alba-simple-plan\/#article\",\"isPartOf\":{\"@id\":\"https:\/\/www.simpleplan.cz\/cz\/index.php\/5-let-od-vydani-eponymniho-alba-simple-plan\/\"},\"author\":{\"name\":\"Dominika\",\"@id\":\"https:\/\/www.simpleplan.cz\/cz\/#\/schema\/person\/bb90dd25f4baab7793fc73ab0b783730\"},\"headline\":\"5 let od vyd\u00e1n\u00ed eponymn\u00edho alba Simple Plan\",\"datePublished\":\"2013-02-12T09:30:43+00:00\",\"dateModified\":\"2023-06-26T05:41:16+00:00\",\"mainEntityOfPage\":{\"@id\":\"https:\/\/www.simpleplan.cz\/cz\/index.php\/5-let-od-vydani-eponymniho-alba-simple-plan\/\"},\"wordCount\":347,\"commentCount\":0,\"publisher\":{\"@id\":\"https:\/\/www.simpleplan.cz\/cz\/#organization\"},\"keywords\":[\"v\u00fdro\u010d\u00ed\"],\"articleSection\":[\"eponymn\u00ed album\"],\"inLanguage\":\"cs\",\"potentialAction\":[{\"@type\":\"CommentAction\",\"name\":\"Comment\",\"target\":[\"https:\/\/www.simpleplan.cz\/cz\/index.php\/5-let-od-vydani-eponymniho-alba-simple-plan\/#respond\"]}]},{\"@type\":\"WebPage\",\"@id\":\"https:\/\/www.simpleplan.cz\/cz\/index.php\/5-let-od-vydani-eponymniho-alba-simple-plan\/\",\"url\":\"https:\/\/www.simpleplan.cz\/cz\/index.php\/5-let-od-vydani-eponymniho-alba-simple-plan\/\",\"name\":\"5 let od vyd\u00e1n\u00ed eponymn\u00edho alba Simple Plan | CZ: SimplePlan.cz\",\"isPartOf\":{\"@id\":\"https:\/\/www.simpleplan.cz\/cz\/#website\"},\"datePublished\":\"2013-02-12T09:30:43+00:00\",\"dateModified\":\"2023-06-26T05:41:16+00:00\",\"breadcrumb\":{\"@id\":\"https:\/\/www.simpleplan.cz\/cz\/index.php\/5-let-od-vydani-eponymniho-alba-simple-plan\/#breadcrumb\"},\"inLanguage\":\"cs\",\"potentialAction\":[{\"@type\":\"ReadAction\",\"target\":[\"https:\/\/www.simpleplan.cz\/cz\/index.php\/5-let-od-vydani-eponymniho-alba-simple-plan\/\"]}]},{\"@type\":\"BreadcrumbList\",\"@id\":\"https:\/\/www.simpleplan.cz\/cz\/index.php\/5-let-od-vydani-eponymniho-alba-simple-plan\/#breadcrumb\",\"itemListElement\":[{\"@type\":\"ListItem\",\"position\":1,\"name\":\"Dom\u016f\",\"item\":\"https:\/\/www.simpleplan.cz\/cz\/\"},{\"@type\":\"ListItem\",\"position\":2,\"name\":\"eponymn\u00ed album\",\"item\":\"https:\/\/www.simpleplan.cz\/cz\/index.php\/category\/eponymni-album\/\"},{\"@type\":\"ListItem\",\"position\":3,\"name\":\"5 let od vyd\u00e1n\u00ed eponymn\u00edho alba Simple Plan\"}]},{\"@type\":\"WebSite\",\"@id\":\"https:\/\/www.simpleplan.cz\/cz\/#website\",\"url\":\"https:\/\/www.simpleplan.cz\/cz\/\",\"name\":\"CZ: SimplePlan.cz\",\"description\":\"Nejlep\u0161\u00ed zdroj informac\u00ed o kapele Simple Plan\",\"publisher\":{\"@id\":\"https:\/\/www.simpleplan.cz\/cz\/#organization\"},\"potentialAction\":[{\"@type\":\"SearchAction\",\"target\":{\"@type\":\"EntryPoint\",\"urlTemplate\":\"https:\/\/www.simpleplan.cz\/cz\/?s={search_term_string}\"},\"query-input\":\"required name=search_term_string\"}],\"inLanguage\":\"cs\"},{\"@type\":\"Organization\",\"@id\":\"https:\/\/www.simpleplan.cz\/cz\/#organization\",\"name\":\"CZ: SimplePlan.cz\",\"url\":\"https:\/\/www.simpleplan.cz\/cz\/\",\"logo\":{\"@type\":\"ImageObject\",\"inLanguage\":\"cs\",\"@id\":\"https:\/\/www.simpleplan.cz\/cz\/#\/schema\/logo\/image\/\",\"url\":\"https:\/\/www.simpleplan.cz\/cz\/wp-content\/uploads\/spczlogo.png\",\"contentUrl\":\"https:\/\/www.simpleplan.cz\/cz\/wp-content\/uploads\/spczlogo.png\",\"width\":250,\"height\":190,\"caption\":\"CZ: SimplePlan.cz\"},\"image\":{\"@id\":\"https:\/\/www.simpleplan.cz\/cz\/#\/schema\/logo\/image\/\"},\"sameAs\":[\"http:\/\/www.facebook.com\/simpleplancz\",\"https:\/\/twitter.com\/simpleplancz\",\"http:\/\/www.instagram.com\/simpleplancz\",\"http:\/\/www.youtube.com\/simpleplancz\"]},{\"@type\":\"Person\",\"@id\":\"https:\/\/www.simpleplan.cz\/cz\/#\/schema\/person\/bb90dd25f4baab7793fc73ab0b783730\",\"name\":\"Dominika\",\"image\":{\"@type\":\"ImageObject\",\"inLanguage\":\"cs\",\"@id\":\"https:\/\/www.simpleplan.cz\/cz\/#\/schema\/person\/image\/\",\"url\":\"https:\/\/secure.gravatar.com\/avatar\/de55cb16a8578d56e96c89d1a0af3db5?s=96&d=mm&r=g\",\"contentUrl\":\"https:\/\/secure.gravatar.com\/avatar\/de55cb16a8578d56e96c89d1a0af3db5?s=96&d=mm&r=g\",\"caption\":\"Dominika\"},\"sameAs\":[\"http:\/\/www.simpleplan.cz\"],\"url\":\"https:\/\/www.simpleplan.cz\/cz\/index.php\/author\/admin-2\/\"}]}<\/script>\n<!-- \/ Yoast SEO plugin. -->","yoast_head_json":{"title":"5 let od vyd\u00e1n\u00ed eponymn\u00edho alba Simple Plan | CZ: SimplePlan.cz","robots":{"index":"index","follow":"follow","max-snippet":"max-snippet:-1","max-image-preview":"max-image-preview:large","max-video-preview":"max-video-preview:-1"},"canonical":"https:\/\/www.simpleplan.cz\/cz\/index.php\/5-let-od-vydani-eponymniho-alba-simple-plan\/","og_locale":"cs_CZ","og_type":"article","og_title":"5 let od vyd\u00e1n\u00ed eponymn\u00edho alba Simple Plan | CZ: SimplePlan.cz","og_description":"Dneska si p\u0159ipom\u00edn\u00e1me 5. v\u00fdro\u010d\u00ed od vyd\u00e1n\u00ed t\u0159et\u00edho studiov\u00e9ho alba Simple Plan &#8211; tzv. eponymn\u00edho","og_url":"https:\/\/www.simpleplan.cz\/cz\/index.php\/5-let-od-vydani-eponymniho-alba-simple-plan\/","og_site_name":"CZ: SimplePlan.cz","article_publisher":"http:\/\/www.facebook.com\/simpleplancz","article_published_time":"2013-02-12T09:30:43+00:00","article_modified_time":"2023-06-26T05:41:16+00:00","og_image":[{"url":"http:\/\/www.simpleplan.cz\/gal\/3208.gif"}],"author":"Dominika","twitter_card":"summary_large_image","twitter_creator":"@simpleplancz","twitter_site":"@simpleplancz","twitter_misc":{"Napsal(a)":"Dominika","Odhadovan\u00e1 doba \u010dten\u00ed":"2 minuty"},"schema":{"@context":"https:\/\/schema.org","@graph":[{"@type":"Article","@id":"https:\/\/www.simpleplan.cz\/cz\/index.php\/5-let-od-vydani-eponymniho-alba-simple-plan\/#article","isPartOf":{"@id":"https:\/\/www.simpleplan.cz\/cz\/index.php\/5-let-od-vydani-eponymniho-alba-simple-plan\/"},"author":{"name":"Dominika","@id":"https:\/\/www.simpleplan.cz\/cz\/#\/schema\/person\/bb90dd25f4baab7793fc73ab0b783730"},"headline":"5 let od vyd\u00e1n\u00ed eponymn\u00edho alba Simple Plan","datePublished":"2013-02-12T09:30:43+00:00","dateModified":"2023-06-26T05:41:16+00:00","mainEntityOfPage":{"@id":"https:\/\/www.simpleplan.cz\/cz\/index.php\/5-let-od-vydani-eponymniho-alba-simple-plan\/"},"wordCount":347,"commentCount":0,"publisher":{"@id":"https:\/\/www.simpleplan.cz\/cz\/#organization"},"keywords":["v\u00fdro\u010d\u00ed"],"articleSection":["eponymn\u00ed album"],"inLanguage":"cs","potentialAction":[{"@type":"CommentAction","name":"Comment","target":["https:\/\/www.simpleplan.cz\/cz\/index.php\/5-let-od-vydani-eponymniho-alba-simple-plan\/#respond"]}]},{"@type":"WebPage","@id":"https:\/\/www.simpleplan.cz\/cz\/index.php\/5-let-od-vydani-eponymniho-alba-simple-plan\/","url":"https:\/\/www.simpleplan.cz\/cz\/index.php\/5-let-od-vydani-eponymniho-alba-simple-plan\/","name":"5 let od vyd\u00e1n\u00ed eponymn\u00edho alba Simple Plan | CZ: SimplePlan.cz","isPartOf":{"@id":"https:\/\/www.simpleplan.cz\/cz\/#website"},"datePublished":"2013-02-12T09:30:43+00:00","dateModified":"2023-06-26T05:41:16+00:00","breadcrumb":{"@id":"https:\/\/www.simpleplan.cz\/cz\/index.php\/5-let-od-vydani-eponymniho-alba-simple-plan\/#breadcrumb"},"inLanguage":"cs","potentialAction":[{"@type":"ReadAction","target":["https:\/\/www.simpleplan.cz\/cz\/index.php\/5-let-od-vydani-eponymniho-alba-simple-plan\/"]}]},{"@type":"BreadcrumbList","@id":"https:\/\/www.simpleplan.cz\/cz\/index.php\/5-let-od-vydani-eponymniho-alba-simple-plan\/#breadcrumb","itemListElement":[{"@type":"ListItem","position":1,"name":"Dom\u016f","item":"https:\/\/www.simpleplan.cz\/cz\/"},{"@type":"ListItem","position":2,"name":"eponymn\u00ed album","item":"https:\/\/www.simpleplan.cz\/cz\/index.php\/category\/eponymni-album\/"},{"@type":"ListItem","position":3,"name":"5 let od vyd\u00e1n\u00ed eponymn\u00edho alba Simple Plan"}]},{"@type":"WebSite","@id":"https:\/\/www.simpleplan.cz\/cz\/#website","url":"https:\/\/www.simpleplan.cz\/cz\/","name":"CZ: SimplePlan.cz","description":"Nejlep\u0161\u00ed zdroj informac\u00ed o kapele Simple Plan","publisher":{"@id":"https:\/\/www.simpleplan.cz\/cz\/#organization"},"potentialAction":[{"@type":"SearchAction","target":{"@type":"EntryPoint","urlTemplate":"https:\/\/www.simpleplan.cz\/cz\/?s={search_term_string}"},"query-input":"required name=search_term_string"}],"inLanguage":"cs"},{"@type":"Organization","@id":"https:\/\/www.simpleplan.cz\/cz\/#organization","name":"CZ: SimplePlan.cz","url":"https:\/\/www.simpleplan.cz\/cz\/","logo":{"@type":"ImageObject","inLanguage":"cs","@id":"https:\/\/www.simpleplan.cz\/cz\/#\/schema\/logo\/image\/","url":"https:\/\/www.simpleplan.cz\/cz\/wp-content\/uploads\/spczlogo.png","contentUrl":"https:\/\/www.simpleplan.cz\/cz\/wp-content\/uploads\/spczlogo.png","width":250,"height":190,"caption":"CZ: SimplePlan.cz"},"image":{"@id":"https:\/\/www.simpleplan.cz\/cz\/#\/schema\/logo\/image\/"},"sameAs":["http:\/\/www.facebook.com\/simpleplancz","https:\/\/twitter.com\/simpleplancz","http:\/\/www.instagram.com\/simpleplancz","http:\/\/www.youtube.com\/simpleplancz"]},{"@type":"Person","@id":"https:\/\/www.simpleplan.cz\/cz\/#\/schema\/person\/bb90dd25f4baab7793fc73ab0b783730","name":"Dominika","image":{"@type":"ImageObject","inLanguage":"cs","@id":"https:\/\/www.simpleplan.cz\/cz\/#\/schema\/person\/image\/","url":"https:\/\/secure.gravatar.com\/avatar\/de55cb16a8578d56e96c89d1a0af3db5?s=96&d=mm&r=g","contentUrl":"https:\/\/secure.gravatar.com\/avatar\/de55cb16a8578d56e96c89d1a0af3db5?s=96&d=mm&r=g","caption":"Dominika"},"sameAs":["http:\/\/www.simpleplan.cz"],"url":"https:\/\/www.simpleplan.cz\/cz\/index.php\/author\/admin-2\/"}]}},"featured_image_urls":{"full":"","thumbnail":"","medium":"","medium_large":"","large":"","1536x1536":"","2048x2048":"","elegant-magazine-featured":"","elegant-magazine-medium":"","elegant-magazine-medium-small":"","elegant-magazine-thumbnail-small":""},"author_info":{"display_name":"Dominika","author_link":"https:\/\/www.simpleplan.cz\/cz\/index.php\/author\/admin-2\/"},"category_info":"<a href=\"https:\/\/www.simpleplan.cz\/cz\/index.php\/category\/eponymni-album\/\" rel=\"category tag\">eponymn\u00ed album<\/a>","tag_info":"eponymn\u00ed album","comment_count":"0","_links":{"self":[{"href":"https:\/\/www.simpleplan.cz\/cz\/index.php\/wp-json\/wp\/v2\/posts\/12560"}],"collection":[{"href":"https:\/\/www.simpleplan.cz\/cz\/index.php\/wp-json\/wp\/v2\/posts"}],"about":[{"href":"https:\/\/www.simpleplan.cz\/cz\/index.php\/wp-json\/wp\/v2\/types\/post"}],"author":[{"embeddable":true,"href":"https:\/\/www.simpleplan.cz\/cz\/index.php\/wp-json\/wp\/v2\/users\/5"}],"replies":[{"embeddable":true,"href":"https:\/\/www.simpleplan.cz\/cz\/index.php\/wp-json\/wp\/v2\/comments?post=12560"}],"version-history":[{"count":4,"href":"https:\/\/www.simpleplan.cz\/cz\/index.php\/wp-json\/wp\/v2\/posts\/12560\/revisions"}],"predecessor-version":[{"id":31757,"href":"https:\/\/www.simpleplan.cz\/cz\/index.php\/wp-json\/wp\/v2\/posts\/12560\/revisions\/31757"}],"wp:attachment":[{"href":"https:\/\/www.simpleplan.cz\/cz\/index.php\/wp-json\/wp\/v2\/media?parent=12560"}],"wp:term":[{"taxonomy":"category","embeddable":true,"href":"https:\/\/www.simpleplan.cz\/cz\/index.php\/wp-json\/wp\/v2\/categories?post=12560"},{"taxonomy":"post_tag","embeddable":true,"href":"https:\/\/www.simpleplan.cz\/cz\/index.php\/wp-json\/wp\/v2\/tags?post=12560"}],"curies":[{"name":"wp","href":"https:\/\/api.w.org\/{rel}","templated":true}]}}