{"id":12922,"date":"2013-04-14T10:07:48","date_gmt":"2013-04-14T08:07:48","guid":{"rendered":"http:\/\/www.simpleplan.cz\/cz\/?p=12922"},"modified":"2023-06-26T07:33:10","modified_gmt":"2023-06-26T05:33:10","slug":"simple-plan-na-zaverecnem-ceremonialu-souteze-s-desjardins","status":"publish","type":"post","link":"https:\/\/www.simpleplan.cz\/cz\/index.php\/simple-plan-na-zaverecnem-ceremonialu-souteze-s-desjardins\/","title":{"rendered":"Simple Plan na z\u00e1v\u011bre\u010dn\u00e9m ceremoni\u00e1lu sout\u011b\u017ee s Desjardins"},"content":{"rendered":"<p><center><img decoding=\"async\" src=\"http:\/\/www.simpleplan.cz\/gal\/3319.gif\"\/><\/center><\/p>\n<p>V\u010dera ve\u010der se v\u0161ichni \u010dlenov\u00e9 Simple Plan z\u00fa\u010dastnili z\u00e1v\u011bre\u010dn\u00e9ho ceremoni\u00e1lu sout\u011b\u017ee po\u0159\u00e1dan\u00e9 organizacemi Desjardins a Ma Zone D <b>&#8222;On Stage with Simple Plan and Desjardins&#8220;<\/b>, kde byl ozn\u00e1men tak\u00e9 v\u00fdherce t\u00e9to sout\u011b\u017ee &#8211; \u00c9lie Gagn\u00e9. V galerii ji\u017e nyn\u00ed najdete n\u011bkolik fotografi\u00ed z t\u00e9to akce:<\/p>\n<p><center><a href=\"http:\/\/www.simpleplan.cz\/gallery\/thumbnails.php?album=1683\" target=\"_blank\" rel=\"noopener\"><img decoding=\"async\" src=\"http:\/\/www.simpleplan.cz\/gal\/3317.gif\"\/><\/a> <a href=\"http:\/\/www.simpleplan.cz\/gallery\/thumbnails.php?album=1683\" target=\"_blank\" rel=\"noopener\"><img decoding=\"async\" src=\"http:\/\/www.simpleplan.cz\/gal\/3318.gif\"\/><\/a><\/center><\/p>\n<p>A jeliko\u017e Simple Plan na t\u00e9to akci hr\u00e1li akusticky, Chuck nem\u011bl pln\u00e9 ruce pr\u00e1ce a m\u011bl dost \u010dasu na to, aby po\u0159izoval sn\u00edmky a videa, zat\u00edmco jeho kamar\u00e1di z kapely hr\u00e1li na p\u00f3diu. <a href=\"https:\/\/d22d7v2y1t140g.cloudfront.net\/m_3879501_rajdI95vMr0K.mov.mp4\" target=\"_blank\" rel=\"noopener\">Tady<\/a> najdete jeho <b>video, kter\u00e9 nato\u010dil je\u0161t\u011b p\u0159ed zah\u00e1jen\u00edm koncertu<\/b> a <a href=\"https:\/\/d22d7v2y1t140g.cloudfront.net\/m_3886598_HV4bOy3IISG5.mov.mp4\" target=\"_blank\" rel=\"noopener\">zde<\/a> je <b>video z vystoupen\u00ed s akustickou verz\u00ed Summer Paradise<\/b>. <\/p>\n<p>A nakonec pokud v\u00e1s zaj\u00edm\u00e1 tak\u00e9 <b>z\u00e1znam z vystoupen\u00ed se Summer Paradise<\/b> z trochu jin\u00e9ho pohledu, tady je video po\u0159\u00edzen\u00e9 jedn\u00edm z fanou\u0161k\u016f, kte\u0159\u00ed se v\u010derej\u0161\u00edho z\u00e1v\u011bre\u010dn\u00e9ho ceremoni\u00e1lu z\u00fa\u010dastnili:<\/p>\n<p><center><iframe width=\"480\" height=\"270\" src=\"http:\/\/www.youtube.com\/embed\/qaAkXRqueBA\" frameborder=\"0\" allowfullscreen><\/iframe><\/center><\/p>\n<div class=\"fblikebutton_button\" style=\"float: left; padding-top: 20px; margin-right: 20px; padding-bottom: 20px; padding-left: 20px;\"><iframe src=\"http:\/\/www.facebook.com\/plugins\/like.php?href=https%3A%2F%2Fwww.simpleplan.cz%2Fcz%2Findex.php%2Fsimple-plan-na-zaverecnem-ceremonialu-souteze-s-desjardins%2F&amp;layout=standard&amp;show-faces=false&amp;width=450&amp;action=like&amp;colorscheme=light\" scrolling=\"no\" frameborder=\"0\" allowTransparency=\"true\" style=\"border:none; overflow:hidden; width:450px; height:26px\"><\/iframe><\/div>\n","protected":false},"excerpt":{"rendered":"<p>V\u010dera ve\u010der se v\u0161ichni \u010dlenov\u00e9 Simple Plan z\u00fa\u010dastnili z\u00e1v\u011bre\u010dn\u00e9ho ceremoni\u00e1lu sout\u011b\u017ee po\u0159\u00e1dan\u00e9 organizacemi Desjardins a<\/p>\n","protected":false},"author":5,"featured_media":0,"comment_status":"open","ping_status":"open","sticky":false,"template":"","format":"standard","meta":{"footnotes":"","fifu_image_url":"","fifu_image_alt":""},"categories":[9,8,10],"tags":[1181,1182,76],"yoast_head":"<!-- This site is optimized with the Yoast SEO plugin v20.9 - https:\/\/yoast.com\/wordpress\/plugins\/seo\/ -->\n<title>Simple Plan na z\u00e1v\u011bre\u010dn\u00e9m ceremoni\u00e1lu sout\u011b\u017ee s Desjardins | CZ: SimplePlan.cz<\/title>\n<meta name=\"robots\" content=\"index, follow, max-snippet:-1, max-image-preview:large, max-video-preview:-1\" \/>\n<link rel=\"canonical\" href=\"https:\/\/www.simpleplan.cz\/cz\/index.php\/simple-plan-na-zaverecnem-ceremonialu-souteze-s-desjardins\/\" \/>\n<meta property=\"og:locale\" content=\"cs_CZ\" \/>\n<meta property=\"og:type\" content=\"article\" \/>\n<meta property=\"og:title\" content=\"Simple Plan na z\u00e1v\u011bre\u010dn\u00e9m ceremoni\u00e1lu sout\u011b\u017ee s Desjardins | CZ: SimplePlan.cz\" \/>\n<meta property=\"og:description\" content=\"V\u010dera ve\u010der se v\u0161ichni \u010dlenov\u00e9 Simple Plan z\u00fa\u010dastnili z\u00e1v\u011bre\u010dn\u00e9ho ceremoni\u00e1lu sout\u011b\u017ee po\u0159\u00e1dan\u00e9 organizacemi Desjardins a\" \/>\n<meta property=\"og:url\" content=\"https:\/\/www.simpleplan.cz\/cz\/index.php\/simple-plan-na-zaverecnem-ceremonialu-souteze-s-desjardins\/\" \/>\n<meta property=\"og:site_name\" content=\"CZ: SimplePlan.cz\" \/>\n<meta property=\"article:publisher\" content=\"http:\/\/www.facebook.com\/simpleplancz\" \/>\n<meta property=\"article:published_time\" content=\"2013-04-14T08:07:48+00:00\" \/>\n<meta property=\"article:modified_time\" content=\"2023-06-26T05:33:10+00:00\" \/>\n<meta property=\"og:image\" content=\"http:\/\/www.simpleplan.cz\/gal\/3319.gif\" \/>\n<meta name=\"author\" content=\"Dominika\" \/>\n<meta name=\"twitter:card\" content=\"summary_large_image\" \/>\n<meta name=\"twitter:creator\" content=\"@simpleplancz\" \/>\n<meta name=\"twitter:site\" content=\"@simpleplancz\" \/>\n<meta name=\"twitter:label1\" content=\"Napsal(a)\" \/>\n\t<meta name=\"twitter:data1\" content=\"Dominika\" \/>\n\t<meta name=\"twitter:label2\" content=\"Odhadovan\u00e1 doba \u010dten\u00ed\" \/>\n\t<meta name=\"twitter:data2\" content=\"1 minuta\" \/>\n<script type=\"application\/ld+json\" class=\"yoast-schema-graph\">{\"@context\":\"https:\/\/schema.org\",\"@graph\":[{\"@type\":\"Article\",\"@id\":\"https:\/\/www.simpleplan.cz\/cz\/index.php\/simple-plan-na-zaverecnem-ceremonialu-souteze-s-desjardins\/#article\",\"isPartOf\":{\"@id\":\"https:\/\/www.simpleplan.cz\/cz\/index.php\/simple-plan-na-zaverecnem-ceremonialu-souteze-s-desjardins\/\"},\"author\":{\"name\":\"Dominika\",\"@id\":\"https:\/\/www.simpleplan.cz\/cz\/#\/schema\/person\/bb90dd25f4baab7793fc73ab0b783730\"},\"headline\":\"Simple Plan na z\u00e1v\u011bre\u010dn\u00e9m ceremoni\u00e1lu sout\u011b\u017ee s Desjardins\",\"datePublished\":\"2013-04-14T08:07:48+00:00\",\"dateModified\":\"2023-06-26T05:33:10+00:00\",\"mainEntityOfPage\":{\"@id\":\"https:\/\/www.simpleplan.cz\/cz\/index.php\/simple-plan-na-zaverecnem-ceremonialu-souteze-s-desjardins\/\"},\"wordCount\":190,\"commentCount\":0,\"publisher\":{\"@id\":\"https:\/\/www.simpleplan.cz\/cz\/#organization\"},\"keywords\":[\"Desjardins\",\"Ma Zone D\",\"sout\u011b\u017e\"],\"articleSection\":[\"fotky\",\"koncerty\",\"videa\"],\"inLanguage\":\"cs\",\"potentialAction\":[{\"@type\":\"CommentAction\",\"name\":\"Comment\",\"target\":[\"https:\/\/www.simpleplan.cz\/cz\/index.php\/simple-plan-na-zaverecnem-ceremonialu-souteze-s-desjardins\/#respond\"]}]},{\"@type\":\"WebPage\",\"@id\":\"https:\/\/www.simpleplan.cz\/cz\/index.php\/simple-plan-na-zaverecnem-ceremonialu-souteze-s-desjardins\/\",\"url\":\"https:\/\/www.simpleplan.cz\/cz\/index.php\/simple-plan-na-zaverecnem-ceremonialu-souteze-s-desjardins\/\",\"name\":\"Simple Plan na z\u00e1v\u011bre\u010dn\u00e9m ceremoni\u00e1lu sout\u011b\u017ee s Desjardins | CZ: SimplePlan.cz\",\"isPartOf\":{\"@id\":\"https:\/\/www.simpleplan.cz\/cz\/#website\"},\"datePublished\":\"2013-04-14T08:07:48+00:00\",\"dateModified\":\"2023-06-26T05:33:10+00:00\",\"breadcrumb\":{\"@id\":\"https:\/\/www.simpleplan.cz\/cz\/index.php\/simple-plan-na-zaverecnem-ceremonialu-souteze-s-desjardins\/#breadcrumb\"},\"inLanguage\":\"cs\",\"potentialAction\":[{\"@type\":\"ReadAction\",\"target\":[\"https:\/\/www.simpleplan.cz\/cz\/index.php\/simple-plan-na-zaverecnem-ceremonialu-souteze-s-desjardins\/\"]}]},{\"@type\":\"BreadcrumbList\",\"@id\":\"https:\/\/www.simpleplan.cz\/cz\/index.php\/simple-plan-na-zaverecnem-ceremonialu-souteze-s-desjardins\/#breadcrumb\",\"itemListElement\":[{\"@type\":\"ListItem\",\"position\":1,\"name\":\"Dom\u016f\",\"item\":\"https:\/\/www.simpleplan.cz\/cz\/\"},{\"@type\":\"ListItem\",\"position\":2,\"name\":\"fotky\",\"item\":\"https:\/\/www.simpleplan.cz\/cz\/index.php\/category\/fotky\/\"},{\"@type\":\"ListItem\",\"position\":3,\"name\":\"Simple Plan na z\u00e1v\u011bre\u010dn\u00e9m ceremoni\u00e1lu sout\u011b\u017ee s Desjardins\"}]},{\"@type\":\"WebSite\",\"@id\":\"https:\/\/www.simpleplan.cz\/cz\/#website\",\"url\":\"https:\/\/www.simpleplan.cz\/cz\/\",\"name\":\"CZ: SimplePlan.cz\",\"description\":\"Nejlep\u0161\u00ed zdroj informac\u00ed o kapele Simple Plan\",\"publisher\":{\"@id\":\"https:\/\/www.simpleplan.cz\/cz\/#organization\"},\"potentialAction\":[{\"@type\":\"SearchAction\",\"target\":{\"@type\":\"EntryPoint\",\"urlTemplate\":\"https:\/\/www.simpleplan.cz\/cz\/?s={search_term_string}\"},\"query-input\":\"required name=search_term_string\"}],\"inLanguage\":\"cs\"},{\"@type\":\"Organization\",\"@id\":\"https:\/\/www.simpleplan.cz\/cz\/#organization\",\"name\":\"CZ: SimplePlan.cz\",\"url\":\"https:\/\/www.simpleplan.cz\/cz\/\",\"logo\":{\"@type\":\"ImageObject\",\"inLanguage\":\"cs\",\"@id\":\"https:\/\/www.simpleplan.cz\/cz\/#\/schema\/logo\/image\/\",\"url\":\"https:\/\/www.simpleplan.cz\/cz\/wp-content\/uploads\/spczlogo.png\",\"contentUrl\":\"https:\/\/www.simpleplan.cz\/cz\/wp-content\/uploads\/spczlogo.png\",\"width\":250,\"height\":190,\"caption\":\"CZ: SimplePlan.cz\"},\"image\":{\"@id\":\"https:\/\/www.simpleplan.cz\/cz\/#\/schema\/logo\/image\/\"},\"sameAs\":[\"http:\/\/www.facebook.com\/simpleplancz\",\"https:\/\/twitter.com\/simpleplancz\",\"http:\/\/www.instagram.com\/simpleplancz\",\"http:\/\/www.youtube.com\/simpleplancz\"]},{\"@type\":\"Person\",\"@id\":\"https:\/\/www.simpleplan.cz\/cz\/#\/schema\/person\/bb90dd25f4baab7793fc73ab0b783730\",\"name\":\"Dominika\",\"image\":{\"@type\":\"ImageObject\",\"inLanguage\":\"cs\",\"@id\":\"https:\/\/www.simpleplan.cz\/cz\/#\/schema\/person\/image\/\",\"url\":\"https:\/\/secure.gravatar.com\/avatar\/de55cb16a8578d56e96c89d1a0af3db5?s=96&d=mm&r=g\",\"contentUrl\":\"https:\/\/secure.gravatar.com\/avatar\/de55cb16a8578d56e96c89d1a0af3db5?s=96&d=mm&r=g\",\"caption\":\"Dominika\"},\"sameAs\":[\"http:\/\/www.simpleplan.cz\"],\"url\":\"https:\/\/www.simpleplan.cz\/cz\/index.php\/author\/admin-2\/\"}]}<\/script>\n<!-- \/ Yoast SEO plugin. -->","yoast_head_json":{"title":"Simple Plan na z\u00e1v\u011bre\u010dn\u00e9m ceremoni\u00e1lu sout\u011b\u017ee s Desjardins | CZ: SimplePlan.cz","robots":{"index":"index","follow":"follow","max-snippet":"max-snippet:-1","max-image-preview":"max-image-preview:large","max-video-preview":"max-video-preview:-1"},"canonical":"https:\/\/www.simpleplan.cz\/cz\/index.php\/simple-plan-na-zaverecnem-ceremonialu-souteze-s-desjardins\/","og_locale":"cs_CZ","og_type":"article","og_title":"Simple Plan na z\u00e1v\u011bre\u010dn\u00e9m ceremoni\u00e1lu sout\u011b\u017ee s Desjardins | CZ: SimplePlan.cz","og_description":"V\u010dera ve\u010der se v\u0161ichni \u010dlenov\u00e9 Simple Plan z\u00fa\u010dastnili z\u00e1v\u011bre\u010dn\u00e9ho ceremoni\u00e1lu sout\u011b\u017ee po\u0159\u00e1dan\u00e9 organizacemi Desjardins a","og_url":"https:\/\/www.simpleplan.cz\/cz\/index.php\/simple-plan-na-zaverecnem-ceremonialu-souteze-s-desjardins\/","og_site_name":"CZ: SimplePlan.cz","article_publisher":"http:\/\/www.facebook.com\/simpleplancz","article_published_time":"2013-04-14T08:07:48+00:00","article_modified_time":"2023-06-26T05:33:10+00:00","og_image":[{"url":"http:\/\/www.simpleplan.cz\/gal\/3319.gif"}],"author":"Dominika","twitter_card":"summary_large_image","twitter_creator":"@simpleplancz","twitter_site":"@simpleplancz","twitter_misc":{"Napsal(a)":"Dominika","Odhadovan\u00e1 doba \u010dten\u00ed":"1 minuta"},"schema":{"@context":"https:\/\/schema.org","@graph":[{"@type":"Article","@id":"https:\/\/www.simpleplan.cz\/cz\/index.php\/simple-plan-na-zaverecnem-ceremonialu-souteze-s-desjardins\/#article","isPartOf":{"@id":"https:\/\/www.simpleplan.cz\/cz\/index.php\/simple-plan-na-zaverecnem-ceremonialu-souteze-s-desjardins\/"},"author":{"name":"Dominika","@id":"https:\/\/www.simpleplan.cz\/cz\/#\/schema\/person\/bb90dd25f4baab7793fc73ab0b783730"},"headline":"Simple Plan na z\u00e1v\u011bre\u010dn\u00e9m ceremoni\u00e1lu sout\u011b\u017ee s Desjardins","datePublished":"2013-04-14T08:07:48+00:00","dateModified":"2023-06-26T05:33:10+00:00","mainEntityOfPage":{"@id":"https:\/\/www.simpleplan.cz\/cz\/index.php\/simple-plan-na-zaverecnem-ceremonialu-souteze-s-desjardins\/"},"wordCount":190,"commentCount":0,"publisher":{"@id":"https:\/\/www.simpleplan.cz\/cz\/#organization"},"keywords":["Desjardins","Ma Zone D","sout\u011b\u017e"],"articleSection":["fotky","koncerty","videa"],"inLanguage":"cs","potentialAction":[{"@type":"CommentAction","name":"Comment","target":["https:\/\/www.simpleplan.cz\/cz\/index.php\/simple-plan-na-zaverecnem-ceremonialu-souteze-s-desjardins\/#respond"]}]},{"@type":"WebPage","@id":"https:\/\/www.simpleplan.cz\/cz\/index.php\/simple-plan-na-zaverecnem-ceremonialu-souteze-s-desjardins\/","url":"https:\/\/www.simpleplan.cz\/cz\/index.php\/simple-plan-na-zaverecnem-ceremonialu-souteze-s-desjardins\/","name":"Simple Plan na z\u00e1v\u011bre\u010dn\u00e9m ceremoni\u00e1lu sout\u011b\u017ee s Desjardins | CZ: SimplePlan.cz","isPartOf":{"@id":"https:\/\/www.simpleplan.cz\/cz\/#website"},"datePublished":"2013-04-14T08:07:48+00:00","dateModified":"2023-06-26T05:33:10+00:00","breadcrumb":{"@id":"https:\/\/www.simpleplan.cz\/cz\/index.php\/simple-plan-na-zaverecnem-ceremonialu-souteze-s-desjardins\/#breadcrumb"},"inLanguage":"cs","potentialAction":[{"@type":"ReadAction","target":["https:\/\/www.simpleplan.cz\/cz\/index.php\/simple-plan-na-zaverecnem-ceremonialu-souteze-s-desjardins\/"]}]},{"@type":"BreadcrumbList","@id":"https:\/\/www.simpleplan.cz\/cz\/index.php\/simple-plan-na-zaverecnem-ceremonialu-souteze-s-desjardins\/#breadcrumb","itemListElement":[{"@type":"ListItem","position":1,"name":"Dom\u016f","item":"https:\/\/www.simpleplan.cz\/cz\/"},{"@type":"ListItem","position":2,"name":"fotky","item":"https:\/\/www.simpleplan.cz\/cz\/index.php\/category\/fotky\/"},{"@type":"ListItem","position":3,"name":"Simple Plan na z\u00e1v\u011bre\u010dn\u00e9m ceremoni\u00e1lu sout\u011b\u017ee s Desjardins"}]},{"@type":"WebSite","@id":"https:\/\/www.simpleplan.cz\/cz\/#website","url":"https:\/\/www.simpleplan.cz\/cz\/","name":"CZ: SimplePlan.cz","description":"Nejlep\u0161\u00ed zdroj informac\u00ed o kapele Simple Plan","publisher":{"@id":"https:\/\/www.simpleplan.cz\/cz\/#organization"},"potentialAction":[{"@type":"SearchAction","target":{"@type":"EntryPoint","urlTemplate":"https:\/\/www.simpleplan.cz\/cz\/?s={search_term_string}"},"query-input":"required name=search_term_string"}],"inLanguage":"cs"},{"@type":"Organization","@id":"https:\/\/www.simpleplan.cz\/cz\/#organization","name":"CZ: SimplePlan.cz","url":"https:\/\/www.simpleplan.cz\/cz\/","logo":{"@type":"ImageObject","inLanguage":"cs","@id":"https:\/\/www.simpleplan.cz\/cz\/#\/schema\/logo\/image\/","url":"https:\/\/www.simpleplan.cz\/cz\/wp-content\/uploads\/spczlogo.png","contentUrl":"https:\/\/www.simpleplan.cz\/cz\/wp-content\/uploads\/spczlogo.png","width":250,"height":190,"caption":"CZ: SimplePlan.cz"},"image":{"@id":"https:\/\/www.simpleplan.cz\/cz\/#\/schema\/logo\/image\/"},"sameAs":["http:\/\/www.facebook.com\/simpleplancz","https:\/\/twitter.com\/simpleplancz","http:\/\/www.instagram.com\/simpleplancz","http:\/\/www.youtube.com\/simpleplancz"]},{"@type":"Person","@id":"https:\/\/www.simpleplan.cz\/cz\/#\/schema\/person\/bb90dd25f4baab7793fc73ab0b783730","name":"Dominika","image":{"@type":"ImageObject","inLanguage":"cs","@id":"https:\/\/www.simpleplan.cz\/cz\/#\/schema\/person\/image\/","url":"https:\/\/secure.gravatar.com\/avatar\/de55cb16a8578d56e96c89d1a0af3db5?s=96&d=mm&r=g","contentUrl":"https:\/\/secure.gravatar.com\/avatar\/de55cb16a8578d56e96c89d1a0af3db5?s=96&d=mm&r=g","caption":"Dominika"},"sameAs":["http:\/\/www.simpleplan.cz"],"url":"https:\/\/www.simpleplan.cz\/cz\/index.php\/author\/admin-2\/"}]}},"featured_image_urls":{"full":"","thumbnail":"","medium":"","medium_large":"","large":"","1536x1536":"","2048x2048":"","elegant-magazine-featured":"","elegant-magazine-medium":"","elegant-magazine-medium-small":"","elegant-magazine-thumbnail-small":""},"author_info":{"display_name":"Dominika","author_link":"https:\/\/www.simpleplan.cz\/cz\/index.php\/author\/admin-2\/"},"category_info":"<a href=\"https:\/\/www.simpleplan.cz\/cz\/index.php\/category\/fotky\/\" rel=\"category tag\">fotky<\/a> <a href=\"https:\/\/www.simpleplan.cz\/cz\/index.php\/category\/koncerty\/\" rel=\"category tag\">koncerty<\/a> <a href=\"https:\/\/www.simpleplan.cz\/cz\/index.php\/category\/videa\/\" rel=\"category tag\">videa<\/a>","tag_info":"videa","comment_count":"0","_links":{"self":[{"href":"https:\/\/www.simpleplan.cz\/cz\/index.php\/wp-json\/wp\/v2\/posts\/12922"}],"collection":[{"href":"https:\/\/www.simpleplan.cz\/cz\/index.php\/wp-json\/wp\/v2\/posts"}],"about":[{"href":"https:\/\/www.simpleplan.cz\/cz\/index.php\/wp-json\/wp\/v2\/types\/post"}],"author":[{"embeddable":true,"href":"https:\/\/www.simpleplan.cz\/cz\/index.php\/wp-json\/wp\/v2\/users\/5"}],"replies":[{"embeddable":true,"href":"https:\/\/www.simpleplan.cz\/cz\/index.php\/wp-json\/wp\/v2\/comments?post=12922"}],"version-history":[{"count":2,"href":"https:\/\/www.simpleplan.cz\/cz\/index.php\/wp-json\/wp\/v2\/posts\/12922\/revisions"}],"predecessor-version":[{"id":31673,"href":"https:\/\/www.simpleplan.cz\/cz\/index.php\/wp-json\/wp\/v2\/posts\/12922\/revisions\/31673"}],"wp:attachment":[{"href":"https:\/\/www.simpleplan.cz\/cz\/index.php\/wp-json\/wp\/v2\/media?parent=12922"}],"wp:term":[{"taxonomy":"category","embeddable":true,"href":"https:\/\/www.simpleplan.cz\/cz\/index.php\/wp-json\/wp\/v2\/categories?post=12922"},{"taxonomy":"post_tag","embeddable":true,"href":"https:\/\/www.simpleplan.cz\/cz\/index.php\/wp-json\/wp\/v2\/tags?post=12922"}],"curies":[{"name":"wp","href":"https:\/\/api.w.org\/{rel}","templated":true}]}}