{"id":13637,"date":"2013-08-13T07:00:28","date_gmt":"2013-08-13T05:00:28","guid":{"rendered":"http:\/\/www.simpleplan.cz\/cz\/?p=13637"},"modified":"2023-06-26T07:32:59","modified_gmt":"2023-06-26T05:32:59","slug":"simpleplan-cz-slavi-6-narozeniny","status":"publish","type":"post","link":"https:\/\/www.simpleplan.cz\/cz\/index.php\/simpleplan-cz-slavi-6-narozeniny\/","title":{"rendered":"SimplePlan.cz slav\u00ed 6. narozeniny!"},"content":{"rendered":"<p><img decoding=\"async\" style=\"margin: 6px;\" src=\"http:\/\/www.simpleplan.cz\/gal\/3494.gif\" alt=\"\" align=\"left\" \/><b>\u0160est let.<\/b><\/p>\n<p>\u0160est. Let. V\u011b\u0159ili byste tomu? Kdyby tahle str\u00e1nka byla \u010dlov\u011bkem, v z\u00e1\u0159\u00ed by nastupovala do \u0161koly! A j\u00e1 jako \u201erodi\u010d\u201c jsem velmi py\u0161n\u00e1 na to, co se <b>SimplePlan.cz<\/b> za tuto dobu poda\u0159ilo dok\u00e1zat.<\/p>\n<p>Ale stejn\u011b jako je to lidsk\u00e9m \u017eivot\u011b, maj\u00ed i v online sv\u011bt\u011b na v\u0161e velk\u00fd vliv lid\u00e9 okolo. Ne jenom rodi\u010de \u2013 ale i zbytek rodiny, p\u0159\u00e1tel\u00e9 a lid\u00e9, se kter\u00fdmi komunikujeme ka\u017ed\u00fd den.<\/p>\n<p>Vy, <b>\u010dten\u00e1\u0159i a n\u00e1v\u0161t\u011bvn\u00edci<\/b>, jste t\u00e9to str\u00e1nce n\u011bco jako p\u0159\u00e1tel\u00e9. Jste t\u011bmi, kte\u0159\u00ed j\u00ed ka\u017ed\u00fd den pom\u00e1haj\u00ed r\u016fst, a v\u011brn\u011b stoj\u00edte po jej\u00edm boku u\u017e tolik let \u2013 n\u011bkte\u0159\u00ed t\u0159eba krat\u0161\u00ed dobu, ne\u017e jin\u00ed, ale ani ve skute\u010dn\u00e9m p\u0159\u00e1telstv\u00ed nen\u00ed jeho d\u00e9lka t\u00edm nejd\u016fle\u017eit\u011bj\u0161\u00edm \u2013 <b>je to d\u016fv\u011bra, loaj\u00e1lnost a podpora, kter\u00e1 se po\u010d\u00edt\u00e1<\/b>. A ta va\u0161e byla doposud neskute\u010dn\u00e1. Po\u0159\u00e1d m\u011b ka\u017ed\u00fd den fascinuje, \u017ee a\u0165 u\u017e jsou Simple Plan kdekoliv na sv\u011bt\u011b, v\u017edycky se mezi V\u00e1mi najde n\u011bkdo, kdo se zrovna v t\u00e9 sam\u00e9 oblasti tak\u00e9 nach\u00e1z\u00ed, a kdo je ochoten se s n\u00e1mi pod\u011blit se sv\u00fdmi fotkami, videi nebo z\u00e1\u017eitky \u2013 a\u0165 u\u017e je to v Kanad\u011b, Braz\u00edlii, Austr\u00e1lii nebo v It\u00e1lii. Tolik z V\u00e1s se sna\u017e\u00ed s n\u011b\u010d\u00edm p\u0159isp\u011bt SimplePlan.cz ka\u017ed\u00fd den a j\u00e1 bych cht\u011bla moc a moc pod\u011bkovat V\u00e1m v\u0161em, kte\u0159\u00ed jste kdy se str\u00e1nkou sd\u00edleli jak\u00fdkoliv obsah. Stejn\u011b tak se domn\u00edv\u00e1m, \u017ee jsou V\u00e1m za to vd\u011b\u010dn\u00ed i ostatn\u00ed n\u00e1v\u0161t\u011bvn\u00edci. A j\u00e1 jsem velmi r\u00e1da, \u017ee jsem m\u011bla b\u011bhem t\u011bch posledn\u00edch n\u011bkolika let tu mo\u017enost setkat se osobn\u011b s tolika z V\u00e1s [a to z tolika r\u016fzn\u00fdch zem\u00ed]. <b>D\u00edky za v\u0161echno.<\/b><\/p>\n<p>Co se t\u00fd\u010de rodiny, tou budou v t\u00e9hle analogii <b>ty hlavn\u00ed d\u016fvody, pro\u010d tu v\u0161ichni jsme: Simple Plan<\/b>. Jsem neuv\u011b\u0159iteln\u011b py\u0161n\u00e1 na v\u0161echno, co kluci d\u011bl\u00e1te ka\u017ed\u00fd den. Za ty roky, co V\u00e1s zn\u00e1m jste se v\u016fbec nezm\u011bnili, a jestli ano, tak jen k lep\u0161\u00edmu. Kdybyste nebyli tak skv\u011bl\u00fdmi lidsk\u00fdmi bytostmi, nemysl\u00edm si, \u017ee by to tahle str\u00e1nka dot\u00e1hla takhle daleko. Jsem moc r\u00e1da, \u017ee m\u016f\u017eu ka\u017ed\u00fd den publikovat o tolika z\u00e1le\u017eitostech, do kter\u00fdch se zapojujete, a vyu\u017e\u00edv\u00e1te tak tu moc, kter\u00e1 V\u00e1m byla d\u00e1na, pro dobrou v\u011bc. Zachra\u0148ujete a m\u011bn\u00edte \u017eivoty ka\u017edi\u010dk\u00fd den \u2013 i kdyby t\u0159eba jen t\u00edm, \u017ee n\u00e1m na tv\u00e1\u0159\u00edch vykouzl\u00edte \u00fasm\u011bv. Letos jsem promovala z univerzity s titulem z m\u00e9di\u00ed a je mi v\u00edc jak jasn\u00e9, \u017ee bez V\u00e1s bych to nedok\u00e1zala. Opravdu bych nebyla tam, kde te\u010f jsem, neb\u00fdt v\u00e1s. Tak\u017ee po miliont\u00e9, <b>d\u00edky, Pierre, Sebe, Davide, Jeffe a Chucku<\/b> \u2013 d\u00edky, \u017ee i po t\u011bch letech st\u00e1le nav\u0161t\u011bvujete tuhle str\u00e1nku a moc d\u00edky za to, \u017ee si v\u017edycky najdete \u010das pro n\u011bjak\u00fd ten rozhovor. Je\u0161t\u011b jedno velk\u00e9 d\u00edky pat\u0159\u00ed tak\u00e9 Simovi, kter\u00fd ke mn\u011b byl v\u017edycky velmi mil\u00fd a n\u00e1pomocn\u00fd.<\/p>\n<p>A co hlavn\u00edho se v tom posledn\u00edm roce pro SimplePlan.cz ud\u00e1lo? Rozhodn\u011b jsme tu nem\u011bli \u017e\u00e1dn\u00fd nov\u00fd design.. <i>[kterou trapnou v\u00fdmluvu chcete sly\u0161et d\u0159\u00edv?]<\/i>, ale ur\u010dit\u011b jsme tu m\u011bli hned n\u011bkolik zaj\u00edmav\u00fdch ud\u00e1lost\u00ed: SimplePlan.cz se nap\u0159\u00edklad dostalo do <a href=\"http:\/\/www.simpleplan.cz\/cz\/index.php\/stranka\/historie-stranky\/\" title=\"Historie SimplePlan.cz\" target=\"_blank\" rel=\"noopener\">zdroj\u016f<\/a> (kredit\u016f) v z\u00e1v\u011bru ofici\u00e1ln\u00ed knihy\/biografie Simple Plan: The Official Story pot\u00e9, co jsem byla po\u017e\u00e1d\u00e1na o zasl\u00e1n\u00ed fotografi\u00ed fanou\u0161kovsk\u00fdch tetov\u00e1n\u00ed ze stejnojmenn\u00e9 sekce na t\u00e9to str\u00e1nce, d\u00e1le se kone\u010dn\u011b letos v lednu p\u0159es Skype uskute\u010dnil dlouho-o\u010dek\u00e1van\u00fd <a href=\"http:\/\/www.youtube.com\/watch?v=zD7uojt6Zec\" target=\"_blank\" rel=\"noopener\">rozhovor s Chuckem<\/a>, d\u00edky kter\u00e9mu SimplePlan.cz p\u0159ineslo hned n\u011bkolik nov\u00fdch informac\u00ed na r\u016fzn\u00e1 t\u00e9mata t\u00fdkaj\u00edc\u00ed se SP, na 10. srazu fanou\u0161k\u016f Simple Plan v \u010cR jsme nato\u010dili <a href=\"http:\/\/www.youtube.com\/watch?v=n0vJOOu5Mak\" target=\"_blank\" rel=\"noopener\">Harlem Shake video<\/a> a nakonec nem\u016f\u017eu zapomenout ani na kr\u00e1tk\u00fd <a href=\"http:\/\/www.simpleplan.cz\/cz\/index.php\/rozhovor-simpleplan-cz-s-fredem-jerome\/\" title=\"Rozhovor SimplePlan.cz s Fredem J\u00e9r\u00f4me\" target=\"_blank\" rel=\"noopener\">rozhovor<\/a> s hlavn\u00edm grafikem SP, Fredem Jerome. Krom\u011b toho z\u00edskala str\u00e1nka dal\u0161\u00ed mno\u017estv\u00ed nov\u00fdch \u010dten\u00e1\u0159\u016f \u2013 <b>Facebookov\u00e1 str\u00e1nka nyn\u00ed \u010d\u00edt\u00e1 p\u0159es 5600 fanou\u0161k\u016f, Twitter str\u00e1nka se pomalu, ale jist\u011b bl\u00ed\u017e\u00ed k \u010d\u00edslu 5000 a d\u00e1le dosud nejsledovan\u011bj\u0161\u00ed rozhovor SimplePlan.cz (z roku 2011) m\u00e1 ji\u017e 12 000 shl\u00e9dnut\u00ed! K tomu bylo na samotn\u00e9 str\u00e1nce za posledn\u00ed rok naps\u00e1no v\u00edce jak 550 \u010dl\u00e1nk\u016f a galerie ned\u00e1vno p\u0159es\u00e1hla 30 000 fotografi\u00ed.<\/b><\/p>\n<p>A p\u0159\u00edb\u011bh SimplePlan.cz i nad\u00e1le pokra\u010duje. Tahle str\u00e1nka je ji\u017e nyn\u00ed sou\u010d\u00e1st\u00ed toho, kdo jsem a ka\u017ed\u00fd den mi p\u0159in\u00e1\u0161\u00ed mnoho radosti a pom\u00e1h\u00e1 mi udr\u017eet si n\u011bjakou tu p\u0159\u00ed\u010detnost. U\u017e nyn\u00ed m\u00e1m v hlav\u011b <b>spoustu nov\u00fdch n\u00e1pad\u016f<\/b> na zbrusu nov\u00e9 sekce, tak\u017ee se do budoucna rozhodn\u011b m\u00e1te na co t\u011b\u0161it \u2013 stejn\u011b jako na norm\u00e1ln\u00ed aktualizace, kter\u00e9 by s postupem \u010dasu m\u011bly b\u00fdt st\u00e1le v\u00edce zaj\u00edmav\u00e9, hned jak SP za\u010dnou s pr\u00e1cemi na sv\u00e9 EP a pozd\u011bji tak\u00e9 na pat\u00e9m albu.<\/p>\n<p><b>Je\u0161t\u011b jednou tedy v\u0161echno nejlep\u0161\u00ed k 6. v\u00fdro\u010d\u00ed SimplePlan.cz!<\/b><\/p>\n<p>Va\u0161e,<\/p>\n<p><i>Dominika<\/i><\/p>\n<p>P.S.: Jako mal\u00e9 narozeninov\u00e9 p\u0159ekvapen\u00ed jsem n\u011bkolik posledn\u00edch m\u011bs\u00edc\u016f velmi tvrd\u011b pracovala na jedn\u00e9 konkr\u00e9tn\u00ed sekci na SimplePlan.cz \u2013 a to na sekci r\u00e1diov\u00e9ho po\u0159adu Seba a Patrika &#8211; <a href=\"http:\/\/www.simpleplan.cz\/cz\/index.php\/kapela\/vedlejsi-projekty\/man-of-the-hour\/\" title=\"Man Of The Hour\" target=\"_blank\" rel=\"noopener\">Man Of The Hour<\/a>. I p\u0159esto, \u017ee je\u0161t\u011b nen\u00ed kompletn\u011b dokon\u010den\u00e1, ji\u017e nyn\u00ed zde naleznete <b>plnou rekapitulaci nejd\u016fle\u017eit\u011bj\u0161\u00edch\/nejzaj\u00edmav\u011bj\u0161\u00edch kousk\u016f konverzace, n\u00e1zvy pu\u0161t\u011bn\u00fdch p\u00edsn\u00ed, odkazy na sta\u017een\u00ed epizod a dal\u0161\u00ed info ke ka\u017ed\u00e9 jednotliv\u00e9 epizod\u011b ze sez\u00f3n 1 a\u017e 10.<\/b> Je\u0161t\u011b st\u00e1le pracuji na zbyl\u00fdch sez\u00f3n\u00e1ch \u010d\u00edslo 11 a 12, ale ty by m\u011bly b\u00fdt hotov\u00e9 ji\u017e za n\u011bkolik dn\u00ed. Douf\u00e1m, \u017ee v\u00e1m tyto nov\u00e9 minisekce p\u0159ijdou vhod a snad v\u00e1m pom\u016f\u017eou, kdy\u017e budete nap\u0159\u00edklad hledat v jak\u00e9 epizod\u011b kluci pov\u00eddali kterou historku t\u00fdkaj\u00edc\u00ed se SP, jak se jmenovala n\u011bjak\u00e1 va\u0161e obl\u00edben\u00e1 p\u00edsni\u010dka z MOTH nebo pokud si budete cht\u00edt p\u0159ipomenout n\u011bkter\u00fd z vtipn\u00fdch telefon\u00e1t\u016f \u010dlen\u016fm SP, kter\u00e9 kluci b\u011bhem t\u011bch let podnikli. :)<\/p>\n<div class=\"fblikebutton_button\" style=\"float: left; padding-top: 20px; margin-right: 20px; padding-bottom: 20px; padding-left: 20px;\"><iframe src=\"http:\/\/www.facebook.com\/plugins\/like.php?href=https%3A%2F%2Fwww.simpleplan.cz%2Fcz%2Findex.php%2Fsimpleplan-cz-slavi-6-narozeniny%2F&amp;layout=standard&amp;show-faces=false&amp;width=450&amp;action=like&amp;colorscheme=light\" scrolling=\"no\" frameborder=\"0\" allowTransparency=\"true\" style=\"border:none; overflow:hidden; width:450px; height:26px\"><\/iframe><\/div>\n","protected":false},"excerpt":{"rendered":"<p>\u0160est let. \u0160est. Let. V\u011b\u0159ili byste tomu? Kdyby tahle str\u00e1nka byla \u010dlov\u011bkem, v z\u00e1\u0159\u00ed by<\/p>\n","protected":false},"author":5,"featured_media":0,"comment_status":"open","ping_status":"open","sticky":false,"template":"","format":"standard","meta":{"footnotes":"","fifu_image_url":"","fifu_image_alt":""},"categories":[17,20],"tags":[1987,159,524,57],"yoast_head":"<!-- This site is optimized with the Yoast SEO plugin v20.9 - https:\/\/yoast.com\/wordpress\/plugins\/seo\/ -->\n<title>SimplePlan.cz slav\u00ed 6. narozeniny! | CZ: SimplePlan.cz<\/title>\n<meta name=\"robots\" content=\"index, follow, max-snippet:-1, max-image-preview:large, max-video-preview:-1\" \/>\n<link rel=\"canonical\" href=\"https:\/\/www.simpleplan.cz\/cz\/index.php\/simpleplan-cz-slavi-6-narozeniny\/\" \/>\n<meta property=\"og:locale\" content=\"cs_CZ\" \/>\n<meta property=\"og:type\" content=\"article\" \/>\n<meta property=\"og:title\" content=\"SimplePlan.cz slav\u00ed 6. narozeniny! | CZ: SimplePlan.cz\" \/>\n<meta property=\"og:description\" content=\"\u0160est let. \u0160est. Let. V\u011b\u0159ili byste tomu? Kdyby tahle str\u00e1nka byla \u010dlov\u011bkem, v z\u00e1\u0159\u00ed by\" \/>\n<meta property=\"og:url\" content=\"https:\/\/www.simpleplan.cz\/cz\/index.php\/simpleplan-cz-slavi-6-narozeniny\/\" \/>\n<meta property=\"og:site_name\" content=\"CZ: SimplePlan.cz\" \/>\n<meta property=\"article:publisher\" content=\"http:\/\/www.facebook.com\/simpleplancz\" \/>\n<meta property=\"article:published_time\" content=\"2013-08-13T05:00:28+00:00\" \/>\n<meta property=\"article:modified_time\" content=\"2023-06-26T05:32:59+00:00\" \/>\n<meta property=\"og:image\" content=\"http:\/\/www.simpleplan.cz\/gal\/3494.gif\" \/>\n<meta name=\"author\" content=\"Dominika\" \/>\n<meta name=\"twitter:card\" content=\"summary_large_image\" \/>\n<meta name=\"twitter:creator\" content=\"@simpleplancz\" \/>\n<meta name=\"twitter:site\" content=\"@simpleplancz\" \/>\n<meta name=\"twitter:label1\" content=\"Napsal(a)\" \/>\n\t<meta name=\"twitter:data1\" content=\"Dominika\" \/>\n\t<meta name=\"twitter:label2\" content=\"Odhadovan\u00e1 doba \u010dten\u00ed\" \/>\n\t<meta name=\"twitter:data2\" content=\"6 minut\" \/>\n<script type=\"application\/ld+json\" class=\"yoast-schema-graph\">{\"@context\":\"https:\/\/schema.org\",\"@graph\":[{\"@type\":\"Article\",\"@id\":\"https:\/\/www.simpleplan.cz\/cz\/index.php\/simpleplan-cz-slavi-6-narozeniny\/#article\",\"isPartOf\":{\"@id\":\"https:\/\/www.simpleplan.cz\/cz\/index.php\/simpleplan-cz-slavi-6-narozeniny\/\"},\"author\":{\"name\":\"Dominika\",\"@id\":\"https:\/\/www.simpleplan.cz\/cz\/#\/schema\/person\/bb90dd25f4baab7793fc73ab0b783730\"},\"headline\":\"SimplePlan.cz slav\u00ed 6. narozeniny!\",\"datePublished\":\"2013-08-13T05:00:28+00:00\",\"dateModified\":\"2023-06-26T05:32:59+00:00\",\"mainEntityOfPage\":{\"@id\":\"https:\/\/www.simpleplan.cz\/cz\/index.php\/simpleplan-cz-slavi-6-narozeniny\/\"},\"wordCount\":1159,\"commentCount\":1,\"publisher\":{\"@id\":\"https:\/\/www.simpleplan.cz\/cz\/#organization\"},\"keywords\":[\"Man Of The Hour\",\"narozeniny\",\"SimplePlan.cz\",\"v\u00fdro\u010d\u00ed\"],\"articleSection\":[\"Man Of The Hour\",\"SimplePlan.cz\"],\"inLanguage\":\"cs\",\"potentialAction\":[{\"@type\":\"CommentAction\",\"name\":\"Comment\",\"target\":[\"https:\/\/www.simpleplan.cz\/cz\/index.php\/simpleplan-cz-slavi-6-narozeniny\/#respond\"]}]},{\"@type\":\"WebPage\",\"@id\":\"https:\/\/www.simpleplan.cz\/cz\/index.php\/simpleplan-cz-slavi-6-narozeniny\/\",\"url\":\"https:\/\/www.simpleplan.cz\/cz\/index.php\/simpleplan-cz-slavi-6-narozeniny\/\",\"name\":\"SimplePlan.cz slav\u00ed 6. narozeniny! | CZ: SimplePlan.cz\",\"isPartOf\":{\"@id\":\"https:\/\/www.simpleplan.cz\/cz\/#website\"},\"datePublished\":\"2013-08-13T05:00:28+00:00\",\"dateModified\":\"2023-06-26T05:32:59+00:00\",\"breadcrumb\":{\"@id\":\"https:\/\/www.simpleplan.cz\/cz\/index.php\/simpleplan-cz-slavi-6-narozeniny\/#breadcrumb\"},\"inLanguage\":\"cs\",\"potentialAction\":[{\"@type\":\"ReadAction\",\"target\":[\"https:\/\/www.simpleplan.cz\/cz\/index.php\/simpleplan-cz-slavi-6-narozeniny\/\"]}]},{\"@type\":\"BreadcrumbList\",\"@id\":\"https:\/\/www.simpleplan.cz\/cz\/index.php\/simpleplan-cz-slavi-6-narozeniny\/#breadcrumb\",\"itemListElement\":[{\"@type\":\"ListItem\",\"position\":1,\"name\":\"Dom\u016f\",\"item\":\"https:\/\/www.simpleplan.cz\/cz\/\"},{\"@type\":\"ListItem\",\"position\":2,\"name\":\"Man Of The Hour\",\"item\":\"https:\/\/www.simpleplan.cz\/cz\/index.php\/category\/man-of-the-hour\/\"},{\"@type\":\"ListItem\",\"position\":3,\"name\":\"SimplePlan.cz slav\u00ed 6. narozeniny!\"}]},{\"@type\":\"WebSite\",\"@id\":\"https:\/\/www.simpleplan.cz\/cz\/#website\",\"url\":\"https:\/\/www.simpleplan.cz\/cz\/\",\"name\":\"CZ: SimplePlan.cz\",\"description\":\"Nejlep\u0161\u00ed zdroj informac\u00ed o kapele Simple Plan\",\"publisher\":{\"@id\":\"https:\/\/www.simpleplan.cz\/cz\/#organization\"},\"potentialAction\":[{\"@type\":\"SearchAction\",\"target\":{\"@type\":\"EntryPoint\",\"urlTemplate\":\"https:\/\/www.simpleplan.cz\/cz\/?s={search_term_string}\"},\"query-input\":\"required name=search_term_string\"}],\"inLanguage\":\"cs\"},{\"@type\":\"Organization\",\"@id\":\"https:\/\/www.simpleplan.cz\/cz\/#organization\",\"name\":\"CZ: SimplePlan.cz\",\"url\":\"https:\/\/www.simpleplan.cz\/cz\/\",\"logo\":{\"@type\":\"ImageObject\",\"inLanguage\":\"cs\",\"@id\":\"https:\/\/www.simpleplan.cz\/cz\/#\/schema\/logo\/image\/\",\"url\":\"https:\/\/www.simpleplan.cz\/cz\/wp-content\/uploads\/spczlogo.png\",\"contentUrl\":\"https:\/\/www.simpleplan.cz\/cz\/wp-content\/uploads\/spczlogo.png\",\"width\":250,\"height\":190,\"caption\":\"CZ: SimplePlan.cz\"},\"image\":{\"@id\":\"https:\/\/www.simpleplan.cz\/cz\/#\/schema\/logo\/image\/\"},\"sameAs\":[\"http:\/\/www.facebook.com\/simpleplancz\",\"https:\/\/twitter.com\/simpleplancz\",\"http:\/\/www.instagram.com\/simpleplancz\",\"http:\/\/www.youtube.com\/simpleplancz\"]},{\"@type\":\"Person\",\"@id\":\"https:\/\/www.simpleplan.cz\/cz\/#\/schema\/person\/bb90dd25f4baab7793fc73ab0b783730\",\"name\":\"Dominika\",\"image\":{\"@type\":\"ImageObject\",\"inLanguage\":\"cs\",\"@id\":\"https:\/\/www.simpleplan.cz\/cz\/#\/schema\/person\/image\/\",\"url\":\"https:\/\/secure.gravatar.com\/avatar\/de55cb16a8578d56e96c89d1a0af3db5?s=96&d=mm&r=g\",\"contentUrl\":\"https:\/\/secure.gravatar.com\/avatar\/de55cb16a8578d56e96c89d1a0af3db5?s=96&d=mm&r=g\",\"caption\":\"Dominika\"},\"sameAs\":[\"http:\/\/www.simpleplan.cz\"],\"url\":\"https:\/\/www.simpleplan.cz\/cz\/index.php\/author\/admin-2\/\"}]}<\/script>\n<!-- \/ Yoast SEO plugin. -->","yoast_head_json":{"title":"SimplePlan.cz slav\u00ed 6. narozeniny! | CZ: SimplePlan.cz","robots":{"index":"index","follow":"follow","max-snippet":"max-snippet:-1","max-image-preview":"max-image-preview:large","max-video-preview":"max-video-preview:-1"},"canonical":"https:\/\/www.simpleplan.cz\/cz\/index.php\/simpleplan-cz-slavi-6-narozeniny\/","og_locale":"cs_CZ","og_type":"article","og_title":"SimplePlan.cz slav\u00ed 6. narozeniny! | CZ: SimplePlan.cz","og_description":"\u0160est let. \u0160est. Let. V\u011b\u0159ili byste tomu? Kdyby tahle str\u00e1nka byla \u010dlov\u011bkem, v z\u00e1\u0159\u00ed by","og_url":"https:\/\/www.simpleplan.cz\/cz\/index.php\/simpleplan-cz-slavi-6-narozeniny\/","og_site_name":"CZ: SimplePlan.cz","article_publisher":"http:\/\/www.facebook.com\/simpleplancz","article_published_time":"2013-08-13T05:00:28+00:00","article_modified_time":"2023-06-26T05:32:59+00:00","og_image":[{"url":"http:\/\/www.simpleplan.cz\/gal\/3494.gif"}],"author":"Dominika","twitter_card":"summary_large_image","twitter_creator":"@simpleplancz","twitter_site":"@simpleplancz","twitter_misc":{"Napsal(a)":"Dominika","Odhadovan\u00e1 doba \u010dten\u00ed":"6 minut"},"schema":{"@context":"https:\/\/schema.org","@graph":[{"@type":"Article","@id":"https:\/\/www.simpleplan.cz\/cz\/index.php\/simpleplan-cz-slavi-6-narozeniny\/#article","isPartOf":{"@id":"https:\/\/www.simpleplan.cz\/cz\/index.php\/simpleplan-cz-slavi-6-narozeniny\/"},"author":{"name":"Dominika","@id":"https:\/\/www.simpleplan.cz\/cz\/#\/schema\/person\/bb90dd25f4baab7793fc73ab0b783730"},"headline":"SimplePlan.cz slav\u00ed 6. narozeniny!","datePublished":"2013-08-13T05:00:28+00:00","dateModified":"2023-06-26T05:32:59+00:00","mainEntityOfPage":{"@id":"https:\/\/www.simpleplan.cz\/cz\/index.php\/simpleplan-cz-slavi-6-narozeniny\/"},"wordCount":1159,"commentCount":1,"publisher":{"@id":"https:\/\/www.simpleplan.cz\/cz\/#organization"},"keywords":["Man Of The Hour","narozeniny","SimplePlan.cz","v\u00fdro\u010d\u00ed"],"articleSection":["Man Of The Hour","SimplePlan.cz"],"inLanguage":"cs","potentialAction":[{"@type":"CommentAction","name":"Comment","target":["https:\/\/www.simpleplan.cz\/cz\/index.php\/simpleplan-cz-slavi-6-narozeniny\/#respond"]}]},{"@type":"WebPage","@id":"https:\/\/www.simpleplan.cz\/cz\/index.php\/simpleplan-cz-slavi-6-narozeniny\/","url":"https:\/\/www.simpleplan.cz\/cz\/index.php\/simpleplan-cz-slavi-6-narozeniny\/","name":"SimplePlan.cz slav\u00ed 6. narozeniny! | CZ: SimplePlan.cz","isPartOf":{"@id":"https:\/\/www.simpleplan.cz\/cz\/#website"},"datePublished":"2013-08-13T05:00:28+00:00","dateModified":"2023-06-26T05:32:59+00:00","breadcrumb":{"@id":"https:\/\/www.simpleplan.cz\/cz\/index.php\/simpleplan-cz-slavi-6-narozeniny\/#breadcrumb"},"inLanguage":"cs","potentialAction":[{"@type":"ReadAction","target":["https:\/\/www.simpleplan.cz\/cz\/index.php\/simpleplan-cz-slavi-6-narozeniny\/"]}]},{"@type":"BreadcrumbList","@id":"https:\/\/www.simpleplan.cz\/cz\/index.php\/simpleplan-cz-slavi-6-narozeniny\/#breadcrumb","itemListElement":[{"@type":"ListItem","position":1,"name":"Dom\u016f","item":"https:\/\/www.simpleplan.cz\/cz\/"},{"@type":"ListItem","position":2,"name":"Man Of The Hour","item":"https:\/\/www.simpleplan.cz\/cz\/index.php\/category\/man-of-the-hour\/"},{"@type":"ListItem","position":3,"name":"SimplePlan.cz slav\u00ed 6. narozeniny!"}]},{"@type":"WebSite","@id":"https:\/\/www.simpleplan.cz\/cz\/#website","url":"https:\/\/www.simpleplan.cz\/cz\/","name":"CZ: SimplePlan.cz","description":"Nejlep\u0161\u00ed zdroj informac\u00ed o kapele Simple Plan","publisher":{"@id":"https:\/\/www.simpleplan.cz\/cz\/#organization"},"potentialAction":[{"@type":"SearchAction","target":{"@type":"EntryPoint","urlTemplate":"https:\/\/www.simpleplan.cz\/cz\/?s={search_term_string}"},"query-input":"required name=search_term_string"}],"inLanguage":"cs"},{"@type":"Organization","@id":"https:\/\/www.simpleplan.cz\/cz\/#organization","name":"CZ: SimplePlan.cz","url":"https:\/\/www.simpleplan.cz\/cz\/","logo":{"@type":"ImageObject","inLanguage":"cs","@id":"https:\/\/www.simpleplan.cz\/cz\/#\/schema\/logo\/image\/","url":"https:\/\/www.simpleplan.cz\/cz\/wp-content\/uploads\/spczlogo.png","contentUrl":"https:\/\/www.simpleplan.cz\/cz\/wp-content\/uploads\/spczlogo.png","width":250,"height":190,"caption":"CZ: SimplePlan.cz"},"image":{"@id":"https:\/\/www.simpleplan.cz\/cz\/#\/schema\/logo\/image\/"},"sameAs":["http:\/\/www.facebook.com\/simpleplancz","https:\/\/twitter.com\/simpleplancz","http:\/\/www.instagram.com\/simpleplancz","http:\/\/www.youtube.com\/simpleplancz"]},{"@type":"Person","@id":"https:\/\/www.simpleplan.cz\/cz\/#\/schema\/person\/bb90dd25f4baab7793fc73ab0b783730","name":"Dominika","image":{"@type":"ImageObject","inLanguage":"cs","@id":"https:\/\/www.simpleplan.cz\/cz\/#\/schema\/person\/image\/","url":"https:\/\/secure.gravatar.com\/avatar\/de55cb16a8578d56e96c89d1a0af3db5?s=96&d=mm&r=g","contentUrl":"https:\/\/secure.gravatar.com\/avatar\/de55cb16a8578d56e96c89d1a0af3db5?s=96&d=mm&r=g","caption":"Dominika"},"sameAs":["http:\/\/www.simpleplan.cz"],"url":"https:\/\/www.simpleplan.cz\/cz\/index.php\/author\/admin-2\/"}]}},"featured_image_urls":{"full":"","thumbnail":"","medium":"","medium_large":"","large":"","1536x1536":"","2048x2048":"","elegant-magazine-featured":"","elegant-magazine-medium":"","elegant-magazine-medium-small":"","elegant-magazine-thumbnail-small":""},"author_info":{"display_name":"Dominika","author_link":"https:\/\/www.simpleplan.cz\/cz\/index.php\/author\/admin-2\/"},"category_info":"<a href=\"https:\/\/www.simpleplan.cz\/cz\/index.php\/category\/man-of-the-hour\/\" rel=\"category tag\">Man Of The Hour<\/a> <a href=\"https:\/\/www.simpleplan.cz\/cz\/index.php\/category\/simpleplancz\/\" rel=\"category tag\">SimplePlan.cz<\/a>","tag_info":"SimplePlan.cz","comment_count":"1","_links":{"self":[{"href":"https:\/\/www.simpleplan.cz\/cz\/index.php\/wp-json\/wp\/v2\/posts\/13637"}],"collection":[{"href":"https:\/\/www.simpleplan.cz\/cz\/index.php\/wp-json\/wp\/v2\/posts"}],"about":[{"href":"https:\/\/www.simpleplan.cz\/cz\/index.php\/wp-json\/wp\/v2\/types\/post"}],"author":[{"embeddable":true,"href":"https:\/\/www.simpleplan.cz\/cz\/index.php\/wp-json\/wp\/v2\/users\/5"}],"replies":[{"embeddable":true,"href":"https:\/\/www.simpleplan.cz\/cz\/index.php\/wp-json\/wp\/v2\/comments?post=13637"}],"version-history":[{"count":6,"href":"https:\/\/www.simpleplan.cz\/cz\/index.php\/wp-json\/wp\/v2\/posts\/13637\/revisions"}],"predecessor-version":[{"id":31530,"href":"https:\/\/www.simpleplan.cz\/cz\/index.php\/wp-json\/wp\/v2\/posts\/13637\/revisions\/31530"}],"wp:attachment":[{"href":"https:\/\/www.simpleplan.cz\/cz\/index.php\/wp-json\/wp\/v2\/media?parent=13637"}],"wp:term":[{"taxonomy":"category","embeddable":true,"href":"https:\/\/www.simpleplan.cz\/cz\/index.php\/wp-json\/wp\/v2\/categories?post=13637"},{"taxonomy":"post_tag","embeddable":true,"href":"https:\/\/www.simpleplan.cz\/cz\/index.php\/wp-json\/wp\/v2\/tags?post=13637"}],"curies":[{"name":"wp","href":"https:\/\/api.w.org\/{rel}","templated":true}]}}