{"id":13851,"date":"2013-10-01T13:44:23","date_gmt":"2013-10-01T11:44:23","guid":{"rendered":"http:\/\/www.simpleplan.cz\/cz\/?p=13851"},"modified":"2023-06-26T07:32:56","modified_gmt":"2023-06-26T05:32:56","slug":"rozhovor-se-sebem-o-jeho-zazitcich-na-warped-tour","status":"publish","type":"post","link":"https:\/\/www.simpleplan.cz\/cz\/index.php\/rozhovor-se-sebem-o-jeho-zazitcich-na-warped-tour\/","title":{"rendered":"Rozhovor se Sebem o jeho z\u00e1\u017eitc\u00edch na Warped Tour"},"content":{"rendered":"<p><img decoding=\"async\" style=\"margin: 6px;\" src=\"http:\/\/www.simpleplan.cz\/gal\/3565.gif\" alt=\"\" align=\"left\" \/>U\u017e jen za dva m\u011bs\u00edce se Simple Plan vyprav\u00ed do Austr\u00e1lie, kde kapela vystoup\u00ed na australsk\u00e9 verzi festivalov\u00e9ho turn\u00e9 <b>Warped Tour<\/b> spole\u010dn\u011b s kapelami jako The Used, The Offspring nebo New Found Glory. Jeliko\u017e je tedy toto turn\u00e9 u\u017e tak bl\u00edzko, server <b>Tone Deaf se rozhodl vyzpov\u00eddat Sebastiena ze Simple Plan o jeho osobn\u00edch zku\u0161enostech s Warped Tour<\/b> a jeho nadch\u00e1zej\u00edc\u00edch koncertech v Austr\u00e1lii.<\/p>\n<p>Cel\u00fd \u010dl\u00e1nek si m\u016f\u017eete p\u0159e\u010d\u00edst <a href=\"http:\/\/www.tonedeaf.com.au\/features\/interviews\/350253\/simple-plan-talk-longevity-coming-of-age-the-vans-warped-tour-yvans-warped-tone-deaf.htm\" target=\"_blank\" rel=\"noopener\">zde<\/a>, ale v \u010de\u0161tin\u011b v\u00e1m p\u0159in\u00e1\u0161\u00edm v\u0161echny hlavn\u00ed \u010d\u00e1sti tohoto rozhovoru zde:<\/p>\n<blockquote><p><b>O tom, \u017ee Warped Tour je jedn\u00edm z nejlep\u0161\u00edch punk rockov\u00fdch festival\u016f na sv\u011bt\u011b:<\/b> \u201cMysl\u00edm si, \u017ee je to skv\u011bl\u00fd festival, proto\u017ee je tam v\u017edycky hrozn\u00e1 spousta skv\u011bl\u00fdch kapel, co\u017e znamen\u00e1 nav\u00e1z\u00e1n\u00ed hodn\u011b nov\u00fdch p\u0159\u00e1telstv\u00ed ne\u017e je tomu tak t\u0159eba u jin\u00fdch festival\u016f, a pro fanou\u0161ky je to super zaplatit za jeden l\u00edstek a m\u00edt p\u0159itom mo\u017enost vid\u011bt v\u0161echny kapely, co jsou na Warped. Naposledy, co jsme jeli Warped, to bylo p\u0159ed n\u011bkolika lety, jsme ti to tolik u\u017eili a se v\u0161emi se bavili. Dokud m\u00e1 \u010dlov\u011bk mo\u017enost m\u00edt v autobuse sprchu, tak je to to nejlep\u0161\u00ed turn\u00e9.\u201d <\/p>\n<p><b>O jeho prvn\u00edch zku\u0161enostech s Warped Tour jako fanou\u0161ek:<\/b> \u201cMysl\u00edm si, \u017ee mi bylo okolo 14 nebo 15 let a Warped Tour jelo do m\u011bsta, ve kter\u00e9m jsem bydlel a j\u00e1 \u017eil na p\u0159edm\u011bst, tak\u017ee jsem musel v\u017edycky jet vlakem nebo autobusem, co\u017e u\u017e jen to byl pro m\u011b dost velk\u00fd z\u00e1\u017eitek. KDy\u017e jsem se tam kone\u010dn\u011b dostal, tak to bylo \u00fapln\u011b ten prvn\u00ed rok, co jsem za\u010dal poslouchat punk rock a byli tam Lagwagon, Offspring, NOFX a v\u016fbec v\u0161echny moje nejobl\u00edben\u011bj\u0161\u00ed kapely. Zaj\u00edmav\u00e9 bylo, \u017ee Chuckova a Pierrova p\u0159edchoz\u00ed kapela Reset byla \u00fapln\u011b prvn\u00ed v po\u0159ad\u00ed ten rok na Warped Tour! Tak\u017ee si mysl\u00edm, \u017ee to byl celkov\u011b jeden z nejlep\u0161\u00edch koncert\u016f, na kter\u00fdch jsem kdy byl.\u201d<\/p>\n<p><b>O za\u010d\u00e1tc\u00edch Simple Plan na Warped Tour:<\/b> \u201cPoprv\u00e9 jsme hr\u00e1li na Warped Tour v roce 2001, co\u017e bylo je\u0161t\u011b p\u0159edt\u00edm, ne\u017e vy\u0161lo na\u0161e prvn\u00ed album. Hr\u00e1li jsme jen dva dny &#8211; v Montrealu a v Torontu a v\u0161ude jsme chodili s CD p\u0159ehr\u00e1va\u010dem na ramenou, tehdy je\u0161t\u011b samoz\u0159ejm\u011b nebyly iPody, proto\u017ee n\u00e1s nikdo neznal a cht\u011bli jsme, aby se lidi u na\u0161eho p\u00f3dia zastavili. Chodili jsme kolem dokola a hr\u00e1li jsme na\u0161e p\u00edsni\u010dky lidem, kte\u0159\u00ed vypadali, \u017ee bychom se jim mohli l\u00edbit a \u0159\u00edkali jsme jim: &#8222;Hey, hrajeme ve 2 hodiny!&#8220; Moc jsme si to u\u017e\u00edvali. Nakonec se na n\u00e1s p\u0159i\u0161lo pod\u00edvat n\u011bkolik stovek lid\u00ed a bylo to \u0161\u00edlen\u00fd!\u201d <\/p>\n<p><b>O tom jak\u00e9 to je b\u00fdt ust\u00e1lenou kapelou v hudebn\u00edm pr\u016fmyslu:<\/b> &#8222;Samoz\u0159ejm\u011b u\u017e jsme na sc\u00e9n\u011b n\u011bjak\u00fd ten p\u00e1tek a lid\u00e9 n\u00e1s respektuj\u00ed o n\u011bco v\u00edc jako kapelu. Ne, \u017ee by tomu tak nebylo, kdy\u017e jsme za\u010d\u00ednali. Ale tehdy jsme dost\u00e1vali sp\u00ed\u0161 reakce typu: &#8222;To jsou ti nov\u00e1\u010dci!&#8220;, &#8222;Kdo v\u00ed jak dlouho jim to spolu vydr\u017e\u00ed&#8230;&#8220;, ale te\u010f po t\u00e9m\u011b\u0159 12 letech tourov\u00e1n\u00ed, se m\u016f\u017eeme uk\u00e1zat na Warped Tour a b\u00fdt jednou z t\u011bch u\u017e ust\u00e1len\u00fdch kapel, na kter\u00fd jsem chodil jako kluk.&#8220;<\/p>\n<p><b>O vlivu Simple Plan na jin\u00e9 um\u011blce:<\/b> \u201cPotk\u00e1v\u00e1me hodn\u011b kapel, kte\u0159\u00ed za n\u00e1mi po koncert\u011b p\u0159ijdou a \u0159eknou n\u00e1m: &#8222;Hele, my hrajeme v 7 hodin t\u00e1mhle na tom p\u00f3diu, jsme va\u0161imi velk\u00fdmi fanou\u0161ky!&#8220; Mo\u017en\u00e1 jsou tak o p\u011bt let mlad\u0161\u00ed ne\u017e my, ale to v\u016fbec nevad\u00ed. Kdy\u017e n\u00e1m bylo dvacet a za\u010d\u00ednali jsme, tak t\u011bmhle kluk\u016fm bylo 15 a poprv\u00e9 brali do rukou kytaru! Je to vlastn\u011b celkem \u0161\u00edlen\u00e9 &#8211; ned\u00e1vno jsme jeli takov\u00e9 mal\u00e9 promo turn\u00e9 po St\u00e1tech a narazili jsme na Demi Lovato, kter\u00e1 kdy\u017e n\u00e1s vid\u011bla, tak \u0159ekla: \u2018Panebo\u017ee, j\u00e1 jsem byla na va\u0161em koncert\u011b! A sledovala jsem v televizi v\u00e1\u0161 novoro\u010dn\u00ed speci\u00e1l! M\u011bli jste na m\u011b ohromn\u00fd vliv, kdy\u017e jsem byla mlad\u0161\u00ed!\u2019 <\/p>\n<p><b>O tom, jak se t\u011b\u0161\u00ed na to b\u00fdt zp\u011bt v Austr\u00e1lii:<\/b> \u201cStra\u0161n\u011b moc milujeme jezdit do Austr\u00e1lie a proto se tam sna\u017e\u00edme jezdit jak jen je to mo\u017en\u00e9, tak\u017ee kdy\u017e jsme dostali nab\u00eddku jet Warped Tour pr\u00e1v\u011b tam, bylo hned jasn\u00e9, \u017ee mus\u00edme \u0159\u00edct ano! V\u017edycky se n\u00e1m tam moc l\u00edb\u00ed.\u201d <\/p>\n<p><b>O mo\u017enosti hran\u00ed nov\u00fdch p\u00edsn\u00ed v Australia:<\/b> \u201cTeprve za\u010d\u00edn\u00e1me ps\u00e1t. Warped je na konci listopadu, tak\u017ee mo\u017en\u00e1. Ne, \u017ee bychom byli l\u00edn\u00ed, ale preferujeme psan\u00ed a cvi\u010den\u00ed nov\u00fdch p\u00edsn\u00ed, tak\u017ee je\u0161t\u011b nem\u016f\u017eu na sto procent potvrdit, \u017ee u\u017e budeme pro lidi m\u00edt n\u011bco nov\u00e9ho, ale \u010dlov\u011bk nikdy nev\u00ed. Je\u0161t\u011b to nem\u016f\u017eeme tak \u00fapln\u011b vylou\u010dit.&#8220; <\/p><\/blockquote>\n<div class=\"fblikebutton_button\" style=\"float: left; padding-top: 20px; margin-right: 20px; padding-bottom: 20px; padding-left: 20px;\"><iframe src=\"http:\/\/www.facebook.com\/plugins\/like.php?href=https%3A%2F%2Fwww.simpleplan.cz%2Fcz%2Findex.php%2Frozhovor-se-sebem-o-jeho-zazitcich-na-warped-tour%2F&amp;layout=standard&amp;show-faces=false&amp;width=450&amp;action=like&amp;colorscheme=light\" scrolling=\"no\" frameborder=\"0\" allowTransparency=\"true\" style=\"border:none; overflow:hidden; width:450px; height:26px\"><\/iframe><\/div>\n","protected":false},"excerpt":{"rendered":"<p>U\u017e jen za dva m\u011bs\u00edce se Simple Plan vyprav\u00ed do Austr\u00e1lie, kde kapela vystoup\u00ed na<\/p>\n","protected":false},"author":5,"featured_media":0,"comment_status":"open","ping_status":"open","sticky":false,"template":"","format":"standard","meta":{"footnotes":"","fifu_image_url":"","fifu_image_alt":""},"categories":[19,3],"tags":[346],"yoast_head":"<!-- This site is optimized with the Yoast SEO plugin v20.9 - https:\/\/yoast.com\/wordpress\/plugins\/seo\/ -->\n<title>Rozhovor se Sebem o jeho z\u00e1\u017eitc\u00edch na Warped Tour | CZ: SimplePlan.cz<\/title>\n<meta name=\"robots\" content=\"index, follow, max-snippet:-1, max-image-preview:large, max-video-preview:-1\" \/>\n<link rel=\"canonical\" href=\"https:\/\/www.simpleplan.cz\/cz\/index.php\/rozhovor-se-sebem-o-jeho-zazitcich-na-warped-tour\/\" \/>\n<meta property=\"og:locale\" content=\"cs_CZ\" \/>\n<meta property=\"og:type\" content=\"article\" \/>\n<meta property=\"og:title\" content=\"Rozhovor se Sebem o jeho z\u00e1\u017eitc\u00edch na Warped Tour | CZ: SimplePlan.cz\" \/>\n<meta property=\"og:description\" content=\"U\u017e jen za dva m\u011bs\u00edce se Simple Plan vyprav\u00ed do Austr\u00e1lie, kde kapela vystoup\u00ed na\" \/>\n<meta property=\"og:url\" content=\"https:\/\/www.simpleplan.cz\/cz\/index.php\/rozhovor-se-sebem-o-jeho-zazitcich-na-warped-tour\/\" \/>\n<meta property=\"og:site_name\" content=\"CZ: SimplePlan.cz\" \/>\n<meta property=\"article:publisher\" content=\"http:\/\/www.facebook.com\/simpleplancz\" \/>\n<meta property=\"article:published_time\" content=\"2013-10-01T11:44:23+00:00\" \/>\n<meta property=\"article:modified_time\" content=\"2023-06-26T05:32:56+00:00\" \/>\n<meta property=\"og:image\" content=\"http:\/\/www.simpleplan.cz\/gal\/3565.gif\" \/>\n<meta name=\"author\" content=\"Dominika\" \/>\n<meta name=\"twitter:card\" content=\"summary_large_image\" \/>\n<meta name=\"twitter:creator\" content=\"@simpleplancz\" \/>\n<meta name=\"twitter:site\" content=\"@simpleplancz\" \/>\n<meta name=\"twitter:label1\" content=\"Napsal(a)\" \/>\n\t<meta name=\"twitter:data1\" content=\"Dominika\" \/>\n\t<meta name=\"twitter:label2\" content=\"Odhadovan\u00e1 doba \u010dten\u00ed\" \/>\n\t<meta name=\"twitter:data2\" content=\"4 minuty\" \/>\n<script type=\"application\/ld+json\" class=\"yoast-schema-graph\">{\"@context\":\"https:\/\/schema.org\",\"@graph\":[{\"@type\":\"Article\",\"@id\":\"https:\/\/www.simpleplan.cz\/cz\/index.php\/rozhovor-se-sebem-o-jeho-zazitcich-na-warped-tour\/#article\",\"isPartOf\":{\"@id\":\"https:\/\/www.simpleplan.cz\/cz\/index.php\/rozhovor-se-sebem-o-jeho-zazitcich-na-warped-tour\/\"},\"author\":{\"name\":\"Dominika\",\"@id\":\"https:\/\/www.simpleplan.cz\/cz\/#\/schema\/person\/bb90dd25f4baab7793fc73ab0b783730\"},\"headline\":\"Rozhovor se Sebem o jeho z\u00e1\u017eitc\u00edch na Warped Tour\",\"datePublished\":\"2013-10-01T11:44:23+00:00\",\"dateModified\":\"2023-06-26T05:32:56+00:00\",\"mainEntityOfPage\":{\"@id\":\"https:\/\/www.simpleplan.cz\/cz\/index.php\/rozhovor-se-sebem-o-jeho-zazitcich-na-warped-tour\/\"},\"wordCount\":906,\"commentCount\":0,\"publisher\":{\"@id\":\"https:\/\/www.simpleplan.cz\/cz\/#organization\"},\"keywords\":[\"Warped Tour\"],\"articleSection\":[\"rozhovory\",\"Sebastien\"],\"inLanguage\":\"cs\",\"potentialAction\":[{\"@type\":\"CommentAction\",\"name\":\"Comment\",\"target\":[\"https:\/\/www.simpleplan.cz\/cz\/index.php\/rozhovor-se-sebem-o-jeho-zazitcich-na-warped-tour\/#respond\"]}]},{\"@type\":\"WebPage\",\"@id\":\"https:\/\/www.simpleplan.cz\/cz\/index.php\/rozhovor-se-sebem-o-jeho-zazitcich-na-warped-tour\/\",\"url\":\"https:\/\/www.simpleplan.cz\/cz\/index.php\/rozhovor-se-sebem-o-jeho-zazitcich-na-warped-tour\/\",\"name\":\"Rozhovor se Sebem o jeho z\u00e1\u017eitc\u00edch na Warped Tour | CZ: SimplePlan.cz\",\"isPartOf\":{\"@id\":\"https:\/\/www.simpleplan.cz\/cz\/#website\"},\"datePublished\":\"2013-10-01T11:44:23+00:00\",\"dateModified\":\"2023-06-26T05:32:56+00:00\",\"breadcrumb\":{\"@id\":\"https:\/\/www.simpleplan.cz\/cz\/index.php\/rozhovor-se-sebem-o-jeho-zazitcich-na-warped-tour\/#breadcrumb\"},\"inLanguage\":\"cs\",\"potentialAction\":[{\"@type\":\"ReadAction\",\"target\":[\"https:\/\/www.simpleplan.cz\/cz\/index.php\/rozhovor-se-sebem-o-jeho-zazitcich-na-warped-tour\/\"]}]},{\"@type\":\"BreadcrumbList\",\"@id\":\"https:\/\/www.simpleplan.cz\/cz\/index.php\/rozhovor-se-sebem-o-jeho-zazitcich-na-warped-tour\/#breadcrumb\",\"itemListElement\":[{\"@type\":\"ListItem\",\"position\":1,\"name\":\"Dom\u016f\",\"item\":\"https:\/\/www.simpleplan.cz\/cz\/\"},{\"@type\":\"ListItem\",\"position\":2,\"name\":\"rozhovory\",\"item\":\"https:\/\/www.simpleplan.cz\/cz\/index.php\/category\/rozhovory\/\"},{\"@type\":\"ListItem\",\"position\":3,\"name\":\"Rozhovor se Sebem o jeho z\u00e1\u017eitc\u00edch na Warped Tour\"}]},{\"@type\":\"WebSite\",\"@id\":\"https:\/\/www.simpleplan.cz\/cz\/#website\",\"url\":\"https:\/\/www.simpleplan.cz\/cz\/\",\"name\":\"CZ: SimplePlan.cz\",\"description\":\"Nejlep\u0161\u00ed zdroj informac\u00ed o kapele Simple Plan\",\"publisher\":{\"@id\":\"https:\/\/www.simpleplan.cz\/cz\/#organization\"},\"potentialAction\":[{\"@type\":\"SearchAction\",\"target\":{\"@type\":\"EntryPoint\",\"urlTemplate\":\"https:\/\/www.simpleplan.cz\/cz\/?s={search_term_string}\"},\"query-input\":\"required name=search_term_string\"}],\"inLanguage\":\"cs\"},{\"@type\":\"Organization\",\"@id\":\"https:\/\/www.simpleplan.cz\/cz\/#organization\",\"name\":\"CZ: SimplePlan.cz\",\"url\":\"https:\/\/www.simpleplan.cz\/cz\/\",\"logo\":{\"@type\":\"ImageObject\",\"inLanguage\":\"cs\",\"@id\":\"https:\/\/www.simpleplan.cz\/cz\/#\/schema\/logo\/image\/\",\"url\":\"https:\/\/www.simpleplan.cz\/cz\/wp-content\/uploads\/spczlogo.png\",\"contentUrl\":\"https:\/\/www.simpleplan.cz\/cz\/wp-content\/uploads\/spczlogo.png\",\"width\":250,\"height\":190,\"caption\":\"CZ: SimplePlan.cz\"},\"image\":{\"@id\":\"https:\/\/www.simpleplan.cz\/cz\/#\/schema\/logo\/image\/\"},\"sameAs\":[\"http:\/\/www.facebook.com\/simpleplancz\",\"https:\/\/twitter.com\/simpleplancz\",\"http:\/\/www.instagram.com\/simpleplancz\",\"http:\/\/www.youtube.com\/simpleplancz\"]},{\"@type\":\"Person\",\"@id\":\"https:\/\/www.simpleplan.cz\/cz\/#\/schema\/person\/bb90dd25f4baab7793fc73ab0b783730\",\"name\":\"Dominika\",\"image\":{\"@type\":\"ImageObject\",\"inLanguage\":\"cs\",\"@id\":\"https:\/\/www.simpleplan.cz\/cz\/#\/schema\/person\/image\/\",\"url\":\"https:\/\/secure.gravatar.com\/avatar\/de55cb16a8578d56e96c89d1a0af3db5?s=96&d=mm&r=g\",\"contentUrl\":\"https:\/\/secure.gravatar.com\/avatar\/de55cb16a8578d56e96c89d1a0af3db5?s=96&d=mm&r=g\",\"caption\":\"Dominika\"},\"sameAs\":[\"http:\/\/www.simpleplan.cz\"],\"url\":\"https:\/\/www.simpleplan.cz\/cz\/index.php\/author\/admin-2\/\"}]}<\/script>\n<!-- \/ Yoast SEO plugin. -->","yoast_head_json":{"title":"Rozhovor se Sebem o jeho z\u00e1\u017eitc\u00edch na Warped Tour | CZ: SimplePlan.cz","robots":{"index":"index","follow":"follow","max-snippet":"max-snippet:-1","max-image-preview":"max-image-preview:large","max-video-preview":"max-video-preview:-1"},"canonical":"https:\/\/www.simpleplan.cz\/cz\/index.php\/rozhovor-se-sebem-o-jeho-zazitcich-na-warped-tour\/","og_locale":"cs_CZ","og_type":"article","og_title":"Rozhovor se Sebem o jeho z\u00e1\u017eitc\u00edch na Warped Tour | CZ: SimplePlan.cz","og_description":"U\u017e jen za dva m\u011bs\u00edce se Simple Plan vyprav\u00ed do Austr\u00e1lie, kde kapela vystoup\u00ed na","og_url":"https:\/\/www.simpleplan.cz\/cz\/index.php\/rozhovor-se-sebem-o-jeho-zazitcich-na-warped-tour\/","og_site_name":"CZ: SimplePlan.cz","article_publisher":"http:\/\/www.facebook.com\/simpleplancz","article_published_time":"2013-10-01T11:44:23+00:00","article_modified_time":"2023-06-26T05:32:56+00:00","og_image":[{"url":"http:\/\/www.simpleplan.cz\/gal\/3565.gif"}],"author":"Dominika","twitter_card":"summary_large_image","twitter_creator":"@simpleplancz","twitter_site":"@simpleplancz","twitter_misc":{"Napsal(a)":"Dominika","Odhadovan\u00e1 doba \u010dten\u00ed":"4 minuty"},"schema":{"@context":"https:\/\/schema.org","@graph":[{"@type":"Article","@id":"https:\/\/www.simpleplan.cz\/cz\/index.php\/rozhovor-se-sebem-o-jeho-zazitcich-na-warped-tour\/#article","isPartOf":{"@id":"https:\/\/www.simpleplan.cz\/cz\/index.php\/rozhovor-se-sebem-o-jeho-zazitcich-na-warped-tour\/"},"author":{"name":"Dominika","@id":"https:\/\/www.simpleplan.cz\/cz\/#\/schema\/person\/bb90dd25f4baab7793fc73ab0b783730"},"headline":"Rozhovor se Sebem o jeho z\u00e1\u017eitc\u00edch na Warped Tour","datePublished":"2013-10-01T11:44:23+00:00","dateModified":"2023-06-26T05:32:56+00:00","mainEntityOfPage":{"@id":"https:\/\/www.simpleplan.cz\/cz\/index.php\/rozhovor-se-sebem-o-jeho-zazitcich-na-warped-tour\/"},"wordCount":906,"commentCount":0,"publisher":{"@id":"https:\/\/www.simpleplan.cz\/cz\/#organization"},"keywords":["Warped Tour"],"articleSection":["rozhovory","Sebastien"],"inLanguage":"cs","potentialAction":[{"@type":"CommentAction","name":"Comment","target":["https:\/\/www.simpleplan.cz\/cz\/index.php\/rozhovor-se-sebem-o-jeho-zazitcich-na-warped-tour\/#respond"]}]},{"@type":"WebPage","@id":"https:\/\/www.simpleplan.cz\/cz\/index.php\/rozhovor-se-sebem-o-jeho-zazitcich-na-warped-tour\/","url":"https:\/\/www.simpleplan.cz\/cz\/index.php\/rozhovor-se-sebem-o-jeho-zazitcich-na-warped-tour\/","name":"Rozhovor se Sebem o jeho z\u00e1\u017eitc\u00edch na Warped Tour | CZ: SimplePlan.cz","isPartOf":{"@id":"https:\/\/www.simpleplan.cz\/cz\/#website"},"datePublished":"2013-10-01T11:44:23+00:00","dateModified":"2023-06-26T05:32:56+00:00","breadcrumb":{"@id":"https:\/\/www.simpleplan.cz\/cz\/index.php\/rozhovor-se-sebem-o-jeho-zazitcich-na-warped-tour\/#breadcrumb"},"inLanguage":"cs","potentialAction":[{"@type":"ReadAction","target":["https:\/\/www.simpleplan.cz\/cz\/index.php\/rozhovor-se-sebem-o-jeho-zazitcich-na-warped-tour\/"]}]},{"@type":"BreadcrumbList","@id":"https:\/\/www.simpleplan.cz\/cz\/index.php\/rozhovor-se-sebem-o-jeho-zazitcich-na-warped-tour\/#breadcrumb","itemListElement":[{"@type":"ListItem","position":1,"name":"Dom\u016f","item":"https:\/\/www.simpleplan.cz\/cz\/"},{"@type":"ListItem","position":2,"name":"rozhovory","item":"https:\/\/www.simpleplan.cz\/cz\/index.php\/category\/rozhovory\/"},{"@type":"ListItem","position":3,"name":"Rozhovor se Sebem o jeho z\u00e1\u017eitc\u00edch na Warped Tour"}]},{"@type":"WebSite","@id":"https:\/\/www.simpleplan.cz\/cz\/#website","url":"https:\/\/www.simpleplan.cz\/cz\/","name":"CZ: SimplePlan.cz","description":"Nejlep\u0161\u00ed zdroj informac\u00ed o kapele Simple Plan","publisher":{"@id":"https:\/\/www.simpleplan.cz\/cz\/#organization"},"potentialAction":[{"@type":"SearchAction","target":{"@type":"EntryPoint","urlTemplate":"https:\/\/www.simpleplan.cz\/cz\/?s={search_term_string}"},"query-input":"required name=search_term_string"}],"inLanguage":"cs"},{"@type":"Organization","@id":"https:\/\/www.simpleplan.cz\/cz\/#organization","name":"CZ: SimplePlan.cz","url":"https:\/\/www.simpleplan.cz\/cz\/","logo":{"@type":"ImageObject","inLanguage":"cs","@id":"https:\/\/www.simpleplan.cz\/cz\/#\/schema\/logo\/image\/","url":"https:\/\/www.simpleplan.cz\/cz\/wp-content\/uploads\/spczlogo.png","contentUrl":"https:\/\/www.simpleplan.cz\/cz\/wp-content\/uploads\/spczlogo.png","width":250,"height":190,"caption":"CZ: SimplePlan.cz"},"image":{"@id":"https:\/\/www.simpleplan.cz\/cz\/#\/schema\/logo\/image\/"},"sameAs":["http:\/\/www.facebook.com\/simpleplancz","https:\/\/twitter.com\/simpleplancz","http:\/\/www.instagram.com\/simpleplancz","http:\/\/www.youtube.com\/simpleplancz"]},{"@type":"Person","@id":"https:\/\/www.simpleplan.cz\/cz\/#\/schema\/person\/bb90dd25f4baab7793fc73ab0b783730","name":"Dominika","image":{"@type":"ImageObject","inLanguage":"cs","@id":"https:\/\/www.simpleplan.cz\/cz\/#\/schema\/person\/image\/","url":"https:\/\/secure.gravatar.com\/avatar\/de55cb16a8578d56e96c89d1a0af3db5?s=96&d=mm&r=g","contentUrl":"https:\/\/secure.gravatar.com\/avatar\/de55cb16a8578d56e96c89d1a0af3db5?s=96&d=mm&r=g","caption":"Dominika"},"sameAs":["http:\/\/www.simpleplan.cz"],"url":"https:\/\/www.simpleplan.cz\/cz\/index.php\/author\/admin-2\/"}]}},"featured_image_urls":{"full":"","thumbnail":"","medium":"","medium_large":"","large":"","1536x1536":"","2048x2048":"","elegant-magazine-featured":"","elegant-magazine-medium":"","elegant-magazine-medium-small":"","elegant-magazine-thumbnail-small":""},"author_info":{"display_name":"Dominika","author_link":"https:\/\/www.simpleplan.cz\/cz\/index.php\/author\/admin-2\/"},"category_info":"<a href=\"https:\/\/www.simpleplan.cz\/cz\/index.php\/category\/rozhovory\/\" rel=\"category tag\">rozhovory<\/a> <a href=\"https:\/\/www.simpleplan.cz\/cz\/index.php\/category\/sebastien\/\" rel=\"category tag\">Sebastien<\/a>","tag_info":"Sebastien","comment_count":"0","_links":{"self":[{"href":"https:\/\/www.simpleplan.cz\/cz\/index.php\/wp-json\/wp\/v2\/posts\/13851"}],"collection":[{"href":"https:\/\/www.simpleplan.cz\/cz\/index.php\/wp-json\/wp\/v2\/posts"}],"about":[{"href":"https:\/\/www.simpleplan.cz\/cz\/index.php\/wp-json\/wp\/v2\/types\/post"}],"author":[{"embeddable":true,"href":"https:\/\/www.simpleplan.cz\/cz\/index.php\/wp-json\/wp\/v2\/users\/5"}],"replies":[{"embeddable":true,"href":"https:\/\/www.simpleplan.cz\/cz\/index.php\/wp-json\/wp\/v2\/comments?post=13851"}],"version-history":[{"count":2,"href":"https:\/\/www.simpleplan.cz\/cz\/index.php\/wp-json\/wp\/v2\/posts\/13851\/revisions"}],"predecessor-version":[{"id":31486,"href":"https:\/\/www.simpleplan.cz\/cz\/index.php\/wp-json\/wp\/v2\/posts\/13851\/revisions\/31486"}],"wp:attachment":[{"href":"https:\/\/www.simpleplan.cz\/cz\/index.php\/wp-json\/wp\/v2\/media?parent=13851"}],"wp:term":[{"taxonomy":"category","embeddable":true,"href":"https:\/\/www.simpleplan.cz\/cz\/index.php\/wp-json\/wp\/v2\/categories?post=13851"},{"taxonomy":"post_tag","embeddable":true,"href":"https:\/\/www.simpleplan.cz\/cz\/index.php\/wp-json\/wp\/v2\/tags?post=13851"}],"curies":[{"name":"wp","href":"https:\/\/api.w.org\/{rel}","templated":true}]}}