{"id":14500,"date":"2014-01-07T22:51:59","date_gmt":"2014-01-07T21:51:59","guid":{"rendered":"http:\/\/www.simpleplan.cz\/cz\/?p=14500"},"modified":"2023-06-26T07:31:58","modified_gmt":"2023-06-26T05:31:58","slug":"foto-nova-verze-zamitnuteho-obalu-eponymniho-alba","status":"publish","type":"post","link":"https:\/\/www.simpleplan.cz\/cz\/index.php\/foto-nova-verze-zamitnuteho-obalu-eponymniho-alba\/","title":{"rendered":"FOTO: Nov\u00e1 verze zam\u00edtnut\u00e9ho obalu eponymn\u00edho alba"},"content":{"rendered":"<p>Kdy\u017e Simple Plan v prosinci roku 2007 kone\u010dn\u011b odhalili obal jejich nadch\u00e1zej\u00edc\u00edho &#8211; t\u0159et\u00edho &#8211; <b>eponymn\u00edho alba (2008)<\/b>, <a href=\"www.simpleplan.cz\/gallery\/displayimage.php?pos=-5266\" target=\"_blank\" rel=\"noopener\">fotografie<\/a> pou\u017eit\u00e1 na obalu vyprovokovala velmi negativn\u00ed reakce ze strany fanou\u0161k\u016f. Pot\u00e9, co Pierre nejprve volbu pro tento obal obhajoval v jednom ze sv\u00fdch MySpace blog\u016f, se v\u0161ak kapela o n\u011bco pozd\u011bji rozhodla fin\u00e1ln\u00ed volbu nechat na sv\u00fdch fanou\u0161c\u00edch &#8211; a to mezi zve\u0159ejn\u011bn\u00fdm obalem a nov\u00fdm <a href=\"http:\/\/www.simpleplan.cz\/gallery\/displayimage.php?pos=-5267\" target=\"_blank\" rel=\"noopener\">\u010derno-b\u00edl\u00fdm<\/a> obalem, kter\u00fd nakonec v hlasov\u00e1n\u00ed zv\u00edt\u011bzil, a kter\u00fd do te\u010f najdeme na eponymn\u00edm albu. <\/p>\n<p>Na internetu se nov\u011b objevila <b>jin\u00e1 verze tohoto odm\u00edtnut\u00e9ho obalu t\u0159et\u00edho alba Simple Plan<\/b>, tedy ta, kter\u00e1 zobrazuje \u010dleny kapely obklopeny plameny ve vyho\u0159el\u00e9m m\u011bst\u011b, a ve kter\u00e9 je pozad\u00ed pou\u017eito z trochu jin\u00e9 perspektivy a p\u0159edev\u0161\u00edm u\u017e\u00edv\u00e1 jin\u00fdch efekt\u016f n\u00e1zvu alba\/kapely. Prohl\u00e9dnout si jej m\u016f\u017eete v galerii:<\/p>\n<p><center><a href=\"http:\/\/www.simpleplan.cz\/gallery\/displayimage.php?pos=-33060\" target=\"_blank\" rel=\"noopener\"><img decoding=\"async\" src=\"http:\/\/www.simpleplan.cz\/gal\/3786.gif\"\/><\/a><\/center>  <\/p>\n<div class=\"fblikebutton_button\" style=\"float: left; padding-top: 20px; margin-right: 20px; padding-bottom: 20px; padding-left: 20px;\"><iframe src=\"http:\/\/www.facebook.com\/plugins\/like.php?href=https%3A%2F%2Fwww.simpleplan.cz%2Fcz%2Findex.php%2Ffoto-nova-verze-zamitnuteho-obalu-eponymniho-alba%2F&amp;layout=standard&amp;show-faces=false&amp;width=450&amp;action=like&amp;colorscheme=light\" scrolling=\"no\" frameborder=\"0\" allowTransparency=\"true\" style=\"border:none; overflow:hidden; width:450px; height:26px\"><\/iframe><\/div>\n","protected":false},"excerpt":{"rendered":"<p>Kdy\u017e Simple Plan v prosinci roku 2007 kone\u010dn\u011b odhalili obal jejich nadch\u00e1zej\u00edc\u00edho &#8211; t\u0159et\u00edho &#8211;<\/p>\n","protected":false},"author":5,"featured_media":0,"comment_status":"open","ping_status":"open","sticky":false,"template":"","format":"standard","meta":{"footnotes":"","fifu_image_url":"","fifu_image_alt":""},"categories":[43,9],"tags":[1994,448,142],"yoast_head":"<!-- This site is optimized with the Yoast SEO plugin v20.9 - https:\/\/yoast.com\/wordpress\/plugins\/seo\/ -->\n<title>FOTO: Nov\u00e1 verze zam\u00edtnut\u00e9ho obalu eponymn\u00edho alba | CZ: SimplePlan.cz<\/title>\n<meta name=\"robots\" content=\"index, follow, max-snippet:-1, max-image-preview:large, max-video-preview:-1\" \/>\n<link rel=\"canonical\" href=\"https:\/\/www.simpleplan.cz\/cz\/index.php\/foto-nova-verze-zamitnuteho-obalu-eponymniho-alba\/\" \/>\n<meta property=\"og:locale\" content=\"cs_CZ\" \/>\n<meta property=\"og:type\" content=\"article\" \/>\n<meta property=\"og:title\" content=\"FOTO: Nov\u00e1 verze zam\u00edtnut\u00e9ho obalu eponymn\u00edho alba | CZ: SimplePlan.cz\" \/>\n<meta property=\"og:description\" content=\"Kdy\u017e Simple Plan v prosinci roku 2007 kone\u010dn\u011b odhalili obal jejich nadch\u00e1zej\u00edc\u00edho &#8211; t\u0159et\u00edho &#8211;\" \/>\n<meta property=\"og:url\" content=\"https:\/\/www.simpleplan.cz\/cz\/index.php\/foto-nova-verze-zamitnuteho-obalu-eponymniho-alba\/\" \/>\n<meta property=\"og:site_name\" content=\"CZ: SimplePlan.cz\" \/>\n<meta property=\"article:publisher\" content=\"http:\/\/www.facebook.com\/simpleplancz\" \/>\n<meta property=\"article:published_time\" content=\"2014-01-07T21:51:59+00:00\" \/>\n<meta property=\"article:modified_time\" content=\"2023-06-26T05:31:58+00:00\" \/>\n<meta property=\"og:image\" content=\"http:\/\/www.simpleplan.cz\/gal\/3786.gif\" \/>\n<meta name=\"author\" content=\"Dominika\" \/>\n<meta name=\"twitter:card\" content=\"summary_large_image\" \/>\n<meta name=\"twitter:creator\" content=\"@simpleplancz\" \/>\n<meta name=\"twitter:site\" content=\"@simpleplancz\" \/>\n<meta name=\"twitter:label1\" content=\"Napsal(a)\" \/>\n\t<meta name=\"twitter:data1\" content=\"Dominika\" \/>\n\t<meta name=\"twitter:label2\" content=\"Odhadovan\u00e1 doba \u010dten\u00ed\" \/>\n\t<meta name=\"twitter:data2\" content=\"1 minuta\" \/>\n<script type=\"application\/ld+json\" class=\"yoast-schema-graph\">{\"@context\":\"https:\/\/schema.org\",\"@graph\":[{\"@type\":\"Article\",\"@id\":\"https:\/\/www.simpleplan.cz\/cz\/index.php\/foto-nova-verze-zamitnuteho-obalu-eponymniho-alba\/#article\",\"isPartOf\":{\"@id\":\"https:\/\/www.simpleplan.cz\/cz\/index.php\/foto-nova-verze-zamitnuteho-obalu-eponymniho-alba\/\"},\"author\":{\"name\":\"Dominika\",\"@id\":\"https:\/\/www.simpleplan.cz\/cz\/#\/schema\/person\/bb90dd25f4baab7793fc73ab0b783730\"},\"headline\":\"FOTO: Nov\u00e1 verze zam\u00edtnut\u00e9ho obalu eponymn\u00edho alba\",\"datePublished\":\"2014-01-07T21:51:59+00:00\",\"dateModified\":\"2023-06-26T05:31:58+00:00\",\"mainEntityOfPage\":{\"@id\":\"https:\/\/www.simpleplan.cz\/cz\/index.php\/foto-nova-verze-zamitnuteho-obalu-eponymniho-alba\/\"},\"wordCount\":179,\"commentCount\":0,\"publisher\":{\"@id\":\"https:\/\/www.simpleplan.cz\/cz\/#organization\"},\"keywords\":[\"eponymn\u00ed album\",\"obal alba\",\"photoshoot\"],\"articleSection\":[\"eponymn\u00ed album\",\"fotky\"],\"inLanguage\":\"cs\",\"potentialAction\":[{\"@type\":\"CommentAction\",\"name\":\"Comment\",\"target\":[\"https:\/\/www.simpleplan.cz\/cz\/index.php\/foto-nova-verze-zamitnuteho-obalu-eponymniho-alba\/#respond\"]}]},{\"@type\":\"WebPage\",\"@id\":\"https:\/\/www.simpleplan.cz\/cz\/index.php\/foto-nova-verze-zamitnuteho-obalu-eponymniho-alba\/\",\"url\":\"https:\/\/www.simpleplan.cz\/cz\/index.php\/foto-nova-verze-zamitnuteho-obalu-eponymniho-alba\/\",\"name\":\"FOTO: Nov\u00e1 verze zam\u00edtnut\u00e9ho obalu eponymn\u00edho alba | CZ: SimplePlan.cz\",\"isPartOf\":{\"@id\":\"https:\/\/www.simpleplan.cz\/cz\/#website\"},\"datePublished\":\"2014-01-07T21:51:59+00:00\",\"dateModified\":\"2023-06-26T05:31:58+00:00\",\"breadcrumb\":{\"@id\":\"https:\/\/www.simpleplan.cz\/cz\/index.php\/foto-nova-verze-zamitnuteho-obalu-eponymniho-alba\/#breadcrumb\"},\"inLanguage\":\"cs\",\"potentialAction\":[{\"@type\":\"ReadAction\",\"target\":[\"https:\/\/www.simpleplan.cz\/cz\/index.php\/foto-nova-verze-zamitnuteho-obalu-eponymniho-alba\/\"]}]},{\"@type\":\"BreadcrumbList\",\"@id\":\"https:\/\/www.simpleplan.cz\/cz\/index.php\/foto-nova-verze-zamitnuteho-obalu-eponymniho-alba\/#breadcrumb\",\"itemListElement\":[{\"@type\":\"ListItem\",\"position\":1,\"name\":\"Dom\u016f\",\"item\":\"https:\/\/www.simpleplan.cz\/cz\/\"},{\"@type\":\"ListItem\",\"position\":2,\"name\":\"eponymn\u00ed album\",\"item\":\"https:\/\/www.simpleplan.cz\/cz\/index.php\/category\/eponymni-album\/\"},{\"@type\":\"ListItem\",\"position\":3,\"name\":\"FOTO: Nov\u00e1 verze zam\u00edtnut\u00e9ho obalu eponymn\u00edho alba\"}]},{\"@type\":\"WebSite\",\"@id\":\"https:\/\/www.simpleplan.cz\/cz\/#website\",\"url\":\"https:\/\/www.simpleplan.cz\/cz\/\",\"name\":\"CZ: SimplePlan.cz\",\"description\":\"Nejlep\u0161\u00ed zdroj informac\u00ed o kapele Simple Plan\",\"publisher\":{\"@id\":\"https:\/\/www.simpleplan.cz\/cz\/#organization\"},\"potentialAction\":[{\"@type\":\"SearchAction\",\"target\":{\"@type\":\"EntryPoint\",\"urlTemplate\":\"https:\/\/www.simpleplan.cz\/cz\/?s={search_term_string}\"},\"query-input\":\"required name=search_term_string\"}],\"inLanguage\":\"cs\"},{\"@type\":\"Organization\",\"@id\":\"https:\/\/www.simpleplan.cz\/cz\/#organization\",\"name\":\"CZ: SimplePlan.cz\",\"url\":\"https:\/\/www.simpleplan.cz\/cz\/\",\"logo\":{\"@type\":\"ImageObject\",\"inLanguage\":\"cs\",\"@id\":\"https:\/\/www.simpleplan.cz\/cz\/#\/schema\/logo\/image\/\",\"url\":\"https:\/\/www.simpleplan.cz\/cz\/wp-content\/uploads\/spczlogo.png\",\"contentUrl\":\"https:\/\/www.simpleplan.cz\/cz\/wp-content\/uploads\/spczlogo.png\",\"width\":250,\"height\":190,\"caption\":\"CZ: SimplePlan.cz\"},\"image\":{\"@id\":\"https:\/\/www.simpleplan.cz\/cz\/#\/schema\/logo\/image\/\"},\"sameAs\":[\"http:\/\/www.facebook.com\/simpleplancz\",\"https:\/\/twitter.com\/simpleplancz\",\"http:\/\/www.instagram.com\/simpleplancz\",\"http:\/\/www.youtube.com\/simpleplancz\"]},{\"@type\":\"Person\",\"@id\":\"https:\/\/www.simpleplan.cz\/cz\/#\/schema\/person\/bb90dd25f4baab7793fc73ab0b783730\",\"name\":\"Dominika\",\"image\":{\"@type\":\"ImageObject\",\"inLanguage\":\"cs\",\"@id\":\"https:\/\/www.simpleplan.cz\/cz\/#\/schema\/person\/image\/\",\"url\":\"https:\/\/secure.gravatar.com\/avatar\/de55cb16a8578d56e96c89d1a0af3db5?s=96&d=mm&r=g\",\"contentUrl\":\"https:\/\/secure.gravatar.com\/avatar\/de55cb16a8578d56e96c89d1a0af3db5?s=96&d=mm&r=g\",\"caption\":\"Dominika\"},\"sameAs\":[\"http:\/\/www.simpleplan.cz\"],\"url\":\"https:\/\/www.simpleplan.cz\/cz\/index.php\/author\/admin-2\/\"}]}<\/script>\n<!-- \/ Yoast SEO plugin. -->","yoast_head_json":{"title":"FOTO: Nov\u00e1 verze zam\u00edtnut\u00e9ho obalu eponymn\u00edho alba | CZ: SimplePlan.cz","robots":{"index":"index","follow":"follow","max-snippet":"max-snippet:-1","max-image-preview":"max-image-preview:large","max-video-preview":"max-video-preview:-1"},"canonical":"https:\/\/www.simpleplan.cz\/cz\/index.php\/foto-nova-verze-zamitnuteho-obalu-eponymniho-alba\/","og_locale":"cs_CZ","og_type":"article","og_title":"FOTO: Nov\u00e1 verze zam\u00edtnut\u00e9ho obalu eponymn\u00edho alba | CZ: SimplePlan.cz","og_description":"Kdy\u017e Simple Plan v prosinci roku 2007 kone\u010dn\u011b odhalili obal jejich nadch\u00e1zej\u00edc\u00edho &#8211; t\u0159et\u00edho &#8211;","og_url":"https:\/\/www.simpleplan.cz\/cz\/index.php\/foto-nova-verze-zamitnuteho-obalu-eponymniho-alba\/","og_site_name":"CZ: SimplePlan.cz","article_publisher":"http:\/\/www.facebook.com\/simpleplancz","article_published_time":"2014-01-07T21:51:59+00:00","article_modified_time":"2023-06-26T05:31:58+00:00","og_image":[{"url":"http:\/\/www.simpleplan.cz\/gal\/3786.gif"}],"author":"Dominika","twitter_card":"summary_large_image","twitter_creator":"@simpleplancz","twitter_site":"@simpleplancz","twitter_misc":{"Napsal(a)":"Dominika","Odhadovan\u00e1 doba \u010dten\u00ed":"1 minuta"},"schema":{"@context":"https:\/\/schema.org","@graph":[{"@type":"Article","@id":"https:\/\/www.simpleplan.cz\/cz\/index.php\/foto-nova-verze-zamitnuteho-obalu-eponymniho-alba\/#article","isPartOf":{"@id":"https:\/\/www.simpleplan.cz\/cz\/index.php\/foto-nova-verze-zamitnuteho-obalu-eponymniho-alba\/"},"author":{"name":"Dominika","@id":"https:\/\/www.simpleplan.cz\/cz\/#\/schema\/person\/bb90dd25f4baab7793fc73ab0b783730"},"headline":"FOTO: Nov\u00e1 verze zam\u00edtnut\u00e9ho obalu eponymn\u00edho alba","datePublished":"2014-01-07T21:51:59+00:00","dateModified":"2023-06-26T05:31:58+00:00","mainEntityOfPage":{"@id":"https:\/\/www.simpleplan.cz\/cz\/index.php\/foto-nova-verze-zamitnuteho-obalu-eponymniho-alba\/"},"wordCount":179,"commentCount":0,"publisher":{"@id":"https:\/\/www.simpleplan.cz\/cz\/#organization"},"keywords":["eponymn\u00ed album","obal alba","photoshoot"],"articleSection":["eponymn\u00ed album","fotky"],"inLanguage":"cs","potentialAction":[{"@type":"CommentAction","name":"Comment","target":["https:\/\/www.simpleplan.cz\/cz\/index.php\/foto-nova-verze-zamitnuteho-obalu-eponymniho-alba\/#respond"]}]},{"@type":"WebPage","@id":"https:\/\/www.simpleplan.cz\/cz\/index.php\/foto-nova-verze-zamitnuteho-obalu-eponymniho-alba\/","url":"https:\/\/www.simpleplan.cz\/cz\/index.php\/foto-nova-verze-zamitnuteho-obalu-eponymniho-alba\/","name":"FOTO: Nov\u00e1 verze zam\u00edtnut\u00e9ho obalu eponymn\u00edho alba | CZ: SimplePlan.cz","isPartOf":{"@id":"https:\/\/www.simpleplan.cz\/cz\/#website"},"datePublished":"2014-01-07T21:51:59+00:00","dateModified":"2023-06-26T05:31:58+00:00","breadcrumb":{"@id":"https:\/\/www.simpleplan.cz\/cz\/index.php\/foto-nova-verze-zamitnuteho-obalu-eponymniho-alba\/#breadcrumb"},"inLanguage":"cs","potentialAction":[{"@type":"ReadAction","target":["https:\/\/www.simpleplan.cz\/cz\/index.php\/foto-nova-verze-zamitnuteho-obalu-eponymniho-alba\/"]}]},{"@type":"BreadcrumbList","@id":"https:\/\/www.simpleplan.cz\/cz\/index.php\/foto-nova-verze-zamitnuteho-obalu-eponymniho-alba\/#breadcrumb","itemListElement":[{"@type":"ListItem","position":1,"name":"Dom\u016f","item":"https:\/\/www.simpleplan.cz\/cz\/"},{"@type":"ListItem","position":2,"name":"eponymn\u00ed album","item":"https:\/\/www.simpleplan.cz\/cz\/index.php\/category\/eponymni-album\/"},{"@type":"ListItem","position":3,"name":"FOTO: Nov\u00e1 verze zam\u00edtnut\u00e9ho obalu eponymn\u00edho alba"}]},{"@type":"WebSite","@id":"https:\/\/www.simpleplan.cz\/cz\/#website","url":"https:\/\/www.simpleplan.cz\/cz\/","name":"CZ: SimplePlan.cz","description":"Nejlep\u0161\u00ed zdroj informac\u00ed o kapele Simple Plan","publisher":{"@id":"https:\/\/www.simpleplan.cz\/cz\/#organization"},"potentialAction":[{"@type":"SearchAction","target":{"@type":"EntryPoint","urlTemplate":"https:\/\/www.simpleplan.cz\/cz\/?s={search_term_string}"},"query-input":"required name=search_term_string"}],"inLanguage":"cs"},{"@type":"Organization","@id":"https:\/\/www.simpleplan.cz\/cz\/#organization","name":"CZ: SimplePlan.cz","url":"https:\/\/www.simpleplan.cz\/cz\/","logo":{"@type":"ImageObject","inLanguage":"cs","@id":"https:\/\/www.simpleplan.cz\/cz\/#\/schema\/logo\/image\/","url":"https:\/\/www.simpleplan.cz\/cz\/wp-content\/uploads\/spczlogo.png","contentUrl":"https:\/\/www.simpleplan.cz\/cz\/wp-content\/uploads\/spczlogo.png","width":250,"height":190,"caption":"CZ: SimplePlan.cz"},"image":{"@id":"https:\/\/www.simpleplan.cz\/cz\/#\/schema\/logo\/image\/"},"sameAs":["http:\/\/www.facebook.com\/simpleplancz","https:\/\/twitter.com\/simpleplancz","http:\/\/www.instagram.com\/simpleplancz","http:\/\/www.youtube.com\/simpleplancz"]},{"@type":"Person","@id":"https:\/\/www.simpleplan.cz\/cz\/#\/schema\/person\/bb90dd25f4baab7793fc73ab0b783730","name":"Dominika","image":{"@type":"ImageObject","inLanguage":"cs","@id":"https:\/\/www.simpleplan.cz\/cz\/#\/schema\/person\/image\/","url":"https:\/\/secure.gravatar.com\/avatar\/de55cb16a8578d56e96c89d1a0af3db5?s=96&d=mm&r=g","contentUrl":"https:\/\/secure.gravatar.com\/avatar\/de55cb16a8578d56e96c89d1a0af3db5?s=96&d=mm&r=g","caption":"Dominika"},"sameAs":["http:\/\/www.simpleplan.cz"],"url":"https:\/\/www.simpleplan.cz\/cz\/index.php\/author\/admin-2\/"}]}},"featured_image_urls":{"full":"","thumbnail":"","medium":"","medium_large":"","large":"","1536x1536":"","2048x2048":"","elegant-magazine-featured":"","elegant-magazine-medium":"","elegant-magazine-medium-small":"","elegant-magazine-thumbnail-small":""},"author_info":{"display_name":"Dominika","author_link":"https:\/\/www.simpleplan.cz\/cz\/index.php\/author\/admin-2\/"},"category_info":"<a href=\"https:\/\/www.simpleplan.cz\/cz\/index.php\/category\/eponymni-album\/\" rel=\"category tag\">eponymn\u00ed album<\/a> <a href=\"https:\/\/www.simpleplan.cz\/cz\/index.php\/category\/fotky\/\" rel=\"category tag\">fotky<\/a>","tag_info":"fotky","comment_count":"0","_links":{"self":[{"href":"https:\/\/www.simpleplan.cz\/cz\/index.php\/wp-json\/wp\/v2\/posts\/14500"}],"collection":[{"href":"https:\/\/www.simpleplan.cz\/cz\/index.php\/wp-json\/wp\/v2\/posts"}],"about":[{"href":"https:\/\/www.simpleplan.cz\/cz\/index.php\/wp-json\/wp\/v2\/types\/post"}],"author":[{"embeddable":true,"href":"https:\/\/www.simpleplan.cz\/cz\/index.php\/wp-json\/wp\/v2\/users\/5"}],"replies":[{"embeddable":true,"href":"https:\/\/www.simpleplan.cz\/cz\/index.php\/wp-json\/wp\/v2\/comments?post=14500"}],"version-history":[{"count":2,"href":"https:\/\/www.simpleplan.cz\/cz\/index.php\/wp-json\/wp\/v2\/posts\/14500\/revisions"}],"predecessor-version":[{"id":31367,"href":"https:\/\/www.simpleplan.cz\/cz\/index.php\/wp-json\/wp\/v2\/posts\/14500\/revisions\/31367"}],"wp:attachment":[{"href":"https:\/\/www.simpleplan.cz\/cz\/index.php\/wp-json\/wp\/v2\/media?parent=14500"}],"wp:term":[{"taxonomy":"category","embeddable":true,"href":"https:\/\/www.simpleplan.cz\/cz\/index.php\/wp-json\/wp\/v2\/categories?post=14500"},{"taxonomy":"post_tag","embeddable":true,"href":"https:\/\/www.simpleplan.cz\/cz\/index.php\/wp-json\/wp\/v2\/tags?post=14500"}],"curies":[{"name":"wp","href":"https:\/\/api.w.org\/{rel}","templated":true}]}}