{"id":14767,"date":"2014-03-12T19:42:51","date_gmt":"2014-03-12T18:42:51","guid":{"rendered":"http:\/\/www.simpleplan.cz\/cz\/?p=14767"},"modified":"2023-06-26T07:31:53","modified_gmt":"2023-06-26T05:31:53","slug":"puvodni-sestava-reset-se-opet-na-jednu-noc-sjednoti-pro-amnesia-rockfest","status":"publish","type":"post","link":"https:\/\/www.simpleplan.cz\/cz\/index.php\/puvodni-sestava-reset-se-opet-na-jednu-noc-sjednoti-pro-amnesia-rockfest\/","title":{"rendered":"P\u016fvodn\u00ed sestava Reset se op\u011bt na jednu noc sjednot\u00ed pro Amnesia Rockfest!"},"content":{"rendered":"<p><center><img decoding=\"async\" src=\"http:\/\/www.simpleplan.cz\/gal\/3854.gif\"\/><\/center><\/p>\n<p><b>20. a 21. \u010dervna<\/b> bude m\u011bsto Montebello, v Kanad\u011b po\u0159\u00e1dat ji\u017e 9. ro\u010dn\u00edk akce <b>Amnesia Rockfest<\/b>, co\u017e je ji\u017e n\u011bkolik let nejv\u011bt\u0161\u00ed rockov\u00fd festival v Kanad\u011b &#8211; na n\u011bkolika p\u00f3di\u00edch zde vystoup\u00ed v\u00edce jak 150 kapel. <\/p>\n<p>Leto\u0161n\u00ed line-up je zaj\u00edmav\u00fd pro fanou\u0161ky v\u0161ech \u017e\u00e1nr\u016f bl\u00edzk\u00fdm rocku &#8211; headlinery prvn\u00ed noci budou Blink-182 a druh\u00fd ve\u010der si fanou\u0161ci u\u017eij\u00ed kapelu M\u00f6tley Cr\u00fce.<\/p>\n<p>Krom\u011b dal\u0161\u00edch velk\u00fdch kapel, kter\u00e9 vystoup\u00ed na Amnesia Rockfest (nap\u0159. Billy Talent, The Used, Taking Back Sunday, MXPX), nab\u00eddne tento festival tak\u00e9 hned n\u011bkolik op\u011btovn\u00fdch sjednocen\u00ed kapel, kter\u00e9 jsou dnes ji\u017e nefunk\u010dn\u00ed, nebo jejich\u017e p\u016fvodn\u00ed sestava se naprosto zm\u011bnila. Pro fanou\u0161ky Simple Plan bude pr\u00e1v\u011b v t\u00e9to kategorii kapel nejzaj\u00edmav\u011bj\u0161\u00ed op\u011btovn\u00e9 shled\u00e1n\u00ed \u010dlen\u016f kapely <b>Reset, jej\u00edch\u017e p\u016fvodn\u00ed sestava na jeden ve\u010der op\u011bt spoj\u00ed sv\u00e9 s\u00edly<\/b>. Jak <b>Chuck, tak Pierre zde budou p\u0159\u00edtomni<\/b> a zavzpom\u00ednaj\u00ed si na n\u011bkter\u00e9 ze sv\u00fdch nejstar\u0161\u00edch p\u00edsn\u00ed &#8211; a spolu s nimi tak\u00e9 Phil Jolicoeur, kter\u00fd je jedin\u00fdm z p\u016fvodn\u00ed sestavy, kter\u00fd v t\u00e9to kapele i nad\u00e1le vystupuje. <\/p>\n<p><a href=\"http:\/\/www.simpleplan.cz\/cz\/index.php\/kapela\/reset\/\" title=\"Reset\" target=\"_blank\" rel=\"noopener\">Reset<\/a> byla \u00fapln\u011b prvn\u00ed kapela Pierra Bouviera a Chucka Comeau ze Simple Plan, kte\u0159\u00ed byli jej\u00edmi zakladateli, a ve kter\u00e9 n\u011bjakou chv\u00edli po Pierrov\u011b (a dlouho po Chuckov\u011b) odchodu, p\u016fsobil tak\u00e9 David Desrosiers jako zp\u011bv\u00e1k, nahrazuj\u00edc tak Pierra.<\/p>\n<p><b>Naposledy, co se \u010dlenov\u00e9 Reset spole\u010dn\u011b objevili na p\u00f3diu, bylo v roce 2009<\/b>, a to na 10-let\u00e9m v\u00fdro\u010d\u00ed po\u0159adu 123 Punk. Na n\u011bkolik sn\u00edmk\u016f z tohoto koncertu se m\u016f\u017eete pod\u00edvat <a href=\"http:\/\/www.simpleplan.cz\/gallery\/thumbnails.php?album=546\" target=\"_blank\" rel=\"noopener\">zde<\/a>.<\/p>\n<p>V\u00edce informac\u00ed o vstupenk\u00e1ch na Amnesia Festival najdete v <a href=\"http:\/\/www.newswire.ca\/en\/story\/1321083\/a-lineup-that-includes-approximately-150-bands-a-monster-9th-edition-planned-for-rockfest\" target=\"_blank\" rel=\"noopener\">tiskov\u00e9 zpr\u00e1v\u011b<\/a>.<\/p>\n<p>A tady u\u017e je cel\u00fd line-up tohoto festivalu:<\/p>\n<p><center><img decoding=\"async\" src=\"http:\/\/www.simpleplan.cz\/gal\/3855.gif\"\/><\/center><\/p>\n<div class=\"fblikebutton_button\" style=\"float: left; padding-top: 20px; margin-right: 20px; padding-bottom: 20px; padding-left: 20px;\"><iframe src=\"http:\/\/www.facebook.com\/plugins\/like.php?href=https%3A%2F%2Fwww.simpleplan.cz%2Fcz%2Findex.php%2Fpuvodni-sestava-reset-se-opet-na-jednu-noc-sjednoti-pro-amnesia-rockfest%2F&amp;layout=standard&amp;show-faces=false&amp;width=450&amp;action=like&amp;colorscheme=light\" scrolling=\"no\" frameborder=\"0\" allowTransparency=\"true\" style=\"border:none; overflow:hidden; width:450px; height:26px\"><\/iframe><\/div>\n","protected":false},"excerpt":{"rendered":"<p>20. a 21. \u010dervna bude m\u011bsto Montebello, v Kanad\u011b po\u0159\u00e1dat ji\u017e 9. ro\u010dn\u00edk akce Amnesia<\/p>\n","protected":false},"author":5,"featured_media":0,"comment_status":"open","ping_status":"open","sticky":false,"template":"","format":"standard","meta":{"footnotes":"","fifu_image_url":"","fifu_image_alt":""},"categories":[1,8,5],"tags":[1567,269],"yoast_head":"<!-- This site is optimized with the Yoast SEO plugin v20.9 - https:\/\/yoast.com\/wordpress\/plugins\/seo\/ -->\n<title>P\u016fvodn\u00ed sestava Reset se op\u011bt na jednu noc sjednot\u00ed pro Amnesia Rockfest! | CZ: SimplePlan.cz<\/title>\n<meta name=\"robots\" content=\"index, follow, max-snippet:-1, max-image-preview:large, max-video-preview:-1\" \/>\n<link rel=\"canonical\" href=\"https:\/\/www.simpleplan.cz\/cz\/index.php\/puvodni-sestava-reset-se-opet-na-jednu-noc-sjednoti-pro-amnesia-rockfest\/\" \/>\n<meta property=\"og:locale\" content=\"cs_CZ\" \/>\n<meta property=\"og:type\" content=\"article\" \/>\n<meta property=\"og:title\" content=\"P\u016fvodn\u00ed sestava Reset se op\u011bt na jednu noc sjednot\u00ed pro Amnesia Rockfest! | CZ: SimplePlan.cz\" \/>\n<meta property=\"og:description\" content=\"20. a 21. \u010dervna bude m\u011bsto Montebello, v Kanad\u011b po\u0159\u00e1dat ji\u017e 9. ro\u010dn\u00edk akce Amnesia\" \/>\n<meta property=\"og:url\" content=\"https:\/\/www.simpleplan.cz\/cz\/index.php\/puvodni-sestava-reset-se-opet-na-jednu-noc-sjednoti-pro-amnesia-rockfest\/\" \/>\n<meta property=\"og:site_name\" content=\"CZ: SimplePlan.cz\" \/>\n<meta property=\"article:publisher\" content=\"http:\/\/www.facebook.com\/simpleplancz\" \/>\n<meta property=\"article:published_time\" content=\"2014-03-12T18:42:51+00:00\" \/>\n<meta property=\"article:modified_time\" content=\"2023-06-26T05:31:53+00:00\" \/>\n<meta property=\"og:image\" content=\"http:\/\/www.simpleplan.cz\/gal\/3854.gif\" \/>\n<meta name=\"author\" content=\"Dominika\" \/>\n<meta name=\"twitter:card\" content=\"summary_large_image\" \/>\n<meta name=\"twitter:creator\" content=\"@simpleplancz\" \/>\n<meta name=\"twitter:site\" content=\"@simpleplancz\" \/>\n<meta name=\"twitter:label1\" content=\"Napsal(a)\" \/>\n\t<meta name=\"twitter:data1\" content=\"Dominika\" \/>\n\t<meta name=\"twitter:label2\" content=\"Odhadovan\u00e1 doba \u010dten\u00ed\" \/>\n\t<meta name=\"twitter:data2\" content=\"2 minuty\" \/>\n<script type=\"application\/ld+json\" class=\"yoast-schema-graph\">{\"@context\":\"https:\/\/schema.org\",\"@graph\":[{\"@type\":\"Article\",\"@id\":\"https:\/\/www.simpleplan.cz\/cz\/index.php\/puvodni-sestava-reset-se-opet-na-jednu-noc-sjednoti-pro-amnesia-rockfest\/#article\",\"isPartOf\":{\"@id\":\"https:\/\/www.simpleplan.cz\/cz\/index.php\/puvodni-sestava-reset-se-opet-na-jednu-noc-sjednoti-pro-amnesia-rockfest\/\"},\"author\":{\"name\":\"Dominika\",\"@id\":\"https:\/\/www.simpleplan.cz\/cz\/#\/schema\/person\/bb90dd25f4baab7793fc73ab0b783730\"},\"headline\":\"P\u016fvodn\u00ed sestava Reset se op\u011bt na jednu noc sjednot\u00ed pro Amnesia Rockfest!\",\"datePublished\":\"2014-03-12T18:42:51+00:00\",\"dateModified\":\"2023-06-26T05:31:53+00:00\",\"mainEntityOfPage\":{\"@id\":\"https:\/\/www.simpleplan.cz\/cz\/index.php\/puvodni-sestava-reset-se-opet-na-jednu-noc-sjednoti-pro-amnesia-rockfest\/\"},\"wordCount\":330,\"commentCount\":3,\"publisher\":{\"@id\":\"https:\/\/www.simpleplan.cz\/cz\/#organization\"},\"keywords\":[\"Amnesia Rockfest\",\"Reset\"],\"articleSection\":[\"Chuck\",\"koncerty\",\"Pierre\"],\"inLanguage\":\"cs\",\"potentialAction\":[{\"@type\":\"CommentAction\",\"name\":\"Comment\",\"target\":[\"https:\/\/www.simpleplan.cz\/cz\/index.php\/puvodni-sestava-reset-se-opet-na-jednu-noc-sjednoti-pro-amnesia-rockfest\/#respond\"]}]},{\"@type\":\"WebPage\",\"@id\":\"https:\/\/www.simpleplan.cz\/cz\/index.php\/puvodni-sestava-reset-se-opet-na-jednu-noc-sjednoti-pro-amnesia-rockfest\/\",\"url\":\"https:\/\/www.simpleplan.cz\/cz\/index.php\/puvodni-sestava-reset-se-opet-na-jednu-noc-sjednoti-pro-amnesia-rockfest\/\",\"name\":\"P\u016fvodn\u00ed sestava Reset se op\u011bt na jednu noc sjednot\u00ed pro Amnesia Rockfest! | CZ: SimplePlan.cz\",\"isPartOf\":{\"@id\":\"https:\/\/www.simpleplan.cz\/cz\/#website\"},\"datePublished\":\"2014-03-12T18:42:51+00:00\",\"dateModified\":\"2023-06-26T05:31:53+00:00\",\"breadcrumb\":{\"@id\":\"https:\/\/www.simpleplan.cz\/cz\/index.php\/puvodni-sestava-reset-se-opet-na-jednu-noc-sjednoti-pro-amnesia-rockfest\/#breadcrumb\"},\"inLanguage\":\"cs\",\"potentialAction\":[{\"@type\":\"ReadAction\",\"target\":[\"https:\/\/www.simpleplan.cz\/cz\/index.php\/puvodni-sestava-reset-se-opet-na-jednu-noc-sjednoti-pro-amnesia-rockfest\/\"]}]},{\"@type\":\"BreadcrumbList\",\"@id\":\"https:\/\/www.simpleplan.cz\/cz\/index.php\/puvodni-sestava-reset-se-opet-na-jednu-noc-sjednoti-pro-amnesia-rockfest\/#breadcrumb\",\"itemListElement\":[{\"@type\":\"ListItem\",\"position\":1,\"name\":\"Dom\u016f\",\"item\":\"https:\/\/www.simpleplan.cz\/cz\/\"},{\"@type\":\"ListItem\",\"position\":2,\"name\":\"Chuck\",\"item\":\"https:\/\/www.simpleplan.cz\/cz\/index.php\/category\/chuck\/\"},{\"@type\":\"ListItem\",\"position\":3,\"name\":\"P\u016fvodn\u00ed sestava Reset se op\u011bt na jednu noc sjednot\u00ed pro Amnesia Rockfest!\"}]},{\"@type\":\"WebSite\",\"@id\":\"https:\/\/www.simpleplan.cz\/cz\/#website\",\"url\":\"https:\/\/www.simpleplan.cz\/cz\/\",\"name\":\"CZ: SimplePlan.cz\",\"description\":\"Nejlep\u0161\u00ed zdroj informac\u00ed o kapele Simple Plan\",\"publisher\":{\"@id\":\"https:\/\/www.simpleplan.cz\/cz\/#organization\"},\"potentialAction\":[{\"@type\":\"SearchAction\",\"target\":{\"@type\":\"EntryPoint\",\"urlTemplate\":\"https:\/\/www.simpleplan.cz\/cz\/?s={search_term_string}\"},\"query-input\":\"required name=search_term_string\"}],\"inLanguage\":\"cs\"},{\"@type\":\"Organization\",\"@id\":\"https:\/\/www.simpleplan.cz\/cz\/#organization\",\"name\":\"CZ: SimplePlan.cz\",\"url\":\"https:\/\/www.simpleplan.cz\/cz\/\",\"logo\":{\"@type\":\"ImageObject\",\"inLanguage\":\"cs\",\"@id\":\"https:\/\/www.simpleplan.cz\/cz\/#\/schema\/logo\/image\/\",\"url\":\"https:\/\/www.simpleplan.cz\/cz\/wp-content\/uploads\/spczlogo.png\",\"contentUrl\":\"https:\/\/www.simpleplan.cz\/cz\/wp-content\/uploads\/spczlogo.png\",\"width\":250,\"height\":190,\"caption\":\"CZ: SimplePlan.cz\"},\"image\":{\"@id\":\"https:\/\/www.simpleplan.cz\/cz\/#\/schema\/logo\/image\/\"},\"sameAs\":[\"http:\/\/www.facebook.com\/simpleplancz\",\"https:\/\/twitter.com\/simpleplancz\",\"http:\/\/www.instagram.com\/simpleplancz\",\"http:\/\/www.youtube.com\/simpleplancz\"]},{\"@type\":\"Person\",\"@id\":\"https:\/\/www.simpleplan.cz\/cz\/#\/schema\/person\/bb90dd25f4baab7793fc73ab0b783730\",\"name\":\"Dominika\",\"image\":{\"@type\":\"ImageObject\",\"inLanguage\":\"cs\",\"@id\":\"https:\/\/www.simpleplan.cz\/cz\/#\/schema\/person\/image\/\",\"url\":\"https:\/\/secure.gravatar.com\/avatar\/de55cb16a8578d56e96c89d1a0af3db5?s=96&d=mm&r=g\",\"contentUrl\":\"https:\/\/secure.gravatar.com\/avatar\/de55cb16a8578d56e96c89d1a0af3db5?s=96&d=mm&r=g\",\"caption\":\"Dominika\"},\"sameAs\":[\"http:\/\/www.simpleplan.cz\"],\"url\":\"https:\/\/www.simpleplan.cz\/cz\/index.php\/author\/admin-2\/\"}]}<\/script>\n<!-- \/ Yoast SEO plugin. -->","yoast_head_json":{"title":"P\u016fvodn\u00ed sestava Reset se op\u011bt na jednu noc sjednot\u00ed pro Amnesia Rockfest! | CZ: SimplePlan.cz","robots":{"index":"index","follow":"follow","max-snippet":"max-snippet:-1","max-image-preview":"max-image-preview:large","max-video-preview":"max-video-preview:-1"},"canonical":"https:\/\/www.simpleplan.cz\/cz\/index.php\/puvodni-sestava-reset-se-opet-na-jednu-noc-sjednoti-pro-amnesia-rockfest\/","og_locale":"cs_CZ","og_type":"article","og_title":"P\u016fvodn\u00ed sestava Reset se op\u011bt na jednu noc sjednot\u00ed pro Amnesia Rockfest! | CZ: SimplePlan.cz","og_description":"20. a 21. \u010dervna bude m\u011bsto Montebello, v Kanad\u011b po\u0159\u00e1dat ji\u017e 9. ro\u010dn\u00edk akce Amnesia","og_url":"https:\/\/www.simpleplan.cz\/cz\/index.php\/puvodni-sestava-reset-se-opet-na-jednu-noc-sjednoti-pro-amnesia-rockfest\/","og_site_name":"CZ: SimplePlan.cz","article_publisher":"http:\/\/www.facebook.com\/simpleplancz","article_published_time":"2014-03-12T18:42:51+00:00","article_modified_time":"2023-06-26T05:31:53+00:00","og_image":[{"url":"http:\/\/www.simpleplan.cz\/gal\/3854.gif"}],"author":"Dominika","twitter_card":"summary_large_image","twitter_creator":"@simpleplancz","twitter_site":"@simpleplancz","twitter_misc":{"Napsal(a)":"Dominika","Odhadovan\u00e1 doba \u010dten\u00ed":"2 minuty"},"schema":{"@context":"https:\/\/schema.org","@graph":[{"@type":"Article","@id":"https:\/\/www.simpleplan.cz\/cz\/index.php\/puvodni-sestava-reset-se-opet-na-jednu-noc-sjednoti-pro-amnesia-rockfest\/#article","isPartOf":{"@id":"https:\/\/www.simpleplan.cz\/cz\/index.php\/puvodni-sestava-reset-se-opet-na-jednu-noc-sjednoti-pro-amnesia-rockfest\/"},"author":{"name":"Dominika","@id":"https:\/\/www.simpleplan.cz\/cz\/#\/schema\/person\/bb90dd25f4baab7793fc73ab0b783730"},"headline":"P\u016fvodn\u00ed sestava Reset se op\u011bt na jednu noc sjednot\u00ed pro Amnesia Rockfest!","datePublished":"2014-03-12T18:42:51+00:00","dateModified":"2023-06-26T05:31:53+00:00","mainEntityOfPage":{"@id":"https:\/\/www.simpleplan.cz\/cz\/index.php\/puvodni-sestava-reset-se-opet-na-jednu-noc-sjednoti-pro-amnesia-rockfest\/"},"wordCount":330,"commentCount":3,"publisher":{"@id":"https:\/\/www.simpleplan.cz\/cz\/#organization"},"keywords":["Amnesia Rockfest","Reset"],"articleSection":["Chuck","koncerty","Pierre"],"inLanguage":"cs","potentialAction":[{"@type":"CommentAction","name":"Comment","target":["https:\/\/www.simpleplan.cz\/cz\/index.php\/puvodni-sestava-reset-se-opet-na-jednu-noc-sjednoti-pro-amnesia-rockfest\/#respond"]}]},{"@type":"WebPage","@id":"https:\/\/www.simpleplan.cz\/cz\/index.php\/puvodni-sestava-reset-se-opet-na-jednu-noc-sjednoti-pro-amnesia-rockfest\/","url":"https:\/\/www.simpleplan.cz\/cz\/index.php\/puvodni-sestava-reset-se-opet-na-jednu-noc-sjednoti-pro-amnesia-rockfest\/","name":"P\u016fvodn\u00ed sestava Reset se op\u011bt na jednu noc sjednot\u00ed pro Amnesia Rockfest! | CZ: SimplePlan.cz","isPartOf":{"@id":"https:\/\/www.simpleplan.cz\/cz\/#website"},"datePublished":"2014-03-12T18:42:51+00:00","dateModified":"2023-06-26T05:31:53+00:00","breadcrumb":{"@id":"https:\/\/www.simpleplan.cz\/cz\/index.php\/puvodni-sestava-reset-se-opet-na-jednu-noc-sjednoti-pro-amnesia-rockfest\/#breadcrumb"},"inLanguage":"cs","potentialAction":[{"@type":"ReadAction","target":["https:\/\/www.simpleplan.cz\/cz\/index.php\/puvodni-sestava-reset-se-opet-na-jednu-noc-sjednoti-pro-amnesia-rockfest\/"]}]},{"@type":"BreadcrumbList","@id":"https:\/\/www.simpleplan.cz\/cz\/index.php\/puvodni-sestava-reset-se-opet-na-jednu-noc-sjednoti-pro-amnesia-rockfest\/#breadcrumb","itemListElement":[{"@type":"ListItem","position":1,"name":"Dom\u016f","item":"https:\/\/www.simpleplan.cz\/cz\/"},{"@type":"ListItem","position":2,"name":"Chuck","item":"https:\/\/www.simpleplan.cz\/cz\/index.php\/category\/chuck\/"},{"@type":"ListItem","position":3,"name":"P\u016fvodn\u00ed sestava Reset se op\u011bt na jednu noc sjednot\u00ed pro Amnesia Rockfest!"}]},{"@type":"WebSite","@id":"https:\/\/www.simpleplan.cz\/cz\/#website","url":"https:\/\/www.simpleplan.cz\/cz\/","name":"CZ: SimplePlan.cz","description":"Nejlep\u0161\u00ed zdroj informac\u00ed o kapele Simple Plan","publisher":{"@id":"https:\/\/www.simpleplan.cz\/cz\/#organization"},"potentialAction":[{"@type":"SearchAction","target":{"@type":"EntryPoint","urlTemplate":"https:\/\/www.simpleplan.cz\/cz\/?s={search_term_string}"},"query-input":"required name=search_term_string"}],"inLanguage":"cs"},{"@type":"Organization","@id":"https:\/\/www.simpleplan.cz\/cz\/#organization","name":"CZ: SimplePlan.cz","url":"https:\/\/www.simpleplan.cz\/cz\/","logo":{"@type":"ImageObject","inLanguage":"cs","@id":"https:\/\/www.simpleplan.cz\/cz\/#\/schema\/logo\/image\/","url":"https:\/\/www.simpleplan.cz\/cz\/wp-content\/uploads\/spczlogo.png","contentUrl":"https:\/\/www.simpleplan.cz\/cz\/wp-content\/uploads\/spczlogo.png","width":250,"height":190,"caption":"CZ: SimplePlan.cz"},"image":{"@id":"https:\/\/www.simpleplan.cz\/cz\/#\/schema\/logo\/image\/"},"sameAs":["http:\/\/www.facebook.com\/simpleplancz","https:\/\/twitter.com\/simpleplancz","http:\/\/www.instagram.com\/simpleplancz","http:\/\/www.youtube.com\/simpleplancz"]},{"@type":"Person","@id":"https:\/\/www.simpleplan.cz\/cz\/#\/schema\/person\/bb90dd25f4baab7793fc73ab0b783730","name":"Dominika","image":{"@type":"ImageObject","inLanguage":"cs","@id":"https:\/\/www.simpleplan.cz\/cz\/#\/schema\/person\/image\/","url":"https:\/\/secure.gravatar.com\/avatar\/de55cb16a8578d56e96c89d1a0af3db5?s=96&d=mm&r=g","contentUrl":"https:\/\/secure.gravatar.com\/avatar\/de55cb16a8578d56e96c89d1a0af3db5?s=96&d=mm&r=g","caption":"Dominika"},"sameAs":["http:\/\/www.simpleplan.cz"],"url":"https:\/\/www.simpleplan.cz\/cz\/index.php\/author\/admin-2\/"}]}},"featured_image_urls":{"full":"","thumbnail":"","medium":"","medium_large":"","large":"","1536x1536":"","2048x2048":"","elegant-magazine-featured":"","elegant-magazine-medium":"","elegant-magazine-medium-small":"","elegant-magazine-thumbnail-small":""},"author_info":{"display_name":"Dominika","author_link":"https:\/\/www.simpleplan.cz\/cz\/index.php\/author\/admin-2\/"},"category_info":"<a href=\"https:\/\/www.simpleplan.cz\/cz\/index.php\/category\/chuck\/\" rel=\"category tag\">Chuck<\/a> <a href=\"https:\/\/www.simpleplan.cz\/cz\/index.php\/category\/koncerty\/\" rel=\"category tag\">koncerty<\/a> <a href=\"https:\/\/www.simpleplan.cz\/cz\/index.php\/category\/pierre\/\" rel=\"category tag\">Pierre<\/a>","tag_info":"Pierre","comment_count":"3","_links":{"self":[{"href":"https:\/\/www.simpleplan.cz\/cz\/index.php\/wp-json\/wp\/v2\/posts\/14767"}],"collection":[{"href":"https:\/\/www.simpleplan.cz\/cz\/index.php\/wp-json\/wp\/v2\/posts"}],"about":[{"href":"https:\/\/www.simpleplan.cz\/cz\/index.php\/wp-json\/wp\/v2\/types\/post"}],"author":[{"embeddable":true,"href":"https:\/\/www.simpleplan.cz\/cz\/index.php\/wp-json\/wp\/v2\/users\/5"}],"replies":[{"embeddable":true,"href":"https:\/\/www.simpleplan.cz\/cz\/index.php\/wp-json\/wp\/v2\/comments?post=14767"}],"version-history":[{"count":3,"href":"https:\/\/www.simpleplan.cz\/cz\/index.php\/wp-json\/wp\/v2\/posts\/14767\/revisions"}],"predecessor-version":[{"id":31318,"href":"https:\/\/www.simpleplan.cz\/cz\/index.php\/wp-json\/wp\/v2\/posts\/14767\/revisions\/31318"}],"wp:attachment":[{"href":"https:\/\/www.simpleplan.cz\/cz\/index.php\/wp-json\/wp\/v2\/media?parent=14767"}],"wp:term":[{"taxonomy":"category","embeddable":true,"href":"https:\/\/www.simpleplan.cz\/cz\/index.php\/wp-json\/wp\/v2\/categories?post=14767"},{"taxonomy":"post_tag","embeddable":true,"href":"https:\/\/www.simpleplan.cz\/cz\/index.php\/wp-json\/wp\/v2\/tags?post=14767"}],"curies":[{"name":"wp","href":"https:\/\/api.w.org\/{rel}","templated":true}]}}