{"id":14879,"date":"2014-04-21T22:19:40","date_gmt":"2014-04-21T20:19:40","guid":{"rendered":"http:\/\/www.simpleplan.cz\/cz\/?p=14879"},"modified":"2023-06-26T07:31:51","modified_gmt":"2023-06-26T05:31:51","slug":"simple-plan-pro-5-album-skladaji-s-alexem-dezenem","status":"publish","type":"post","link":"https:\/\/www.simpleplan.cz\/cz\/index.php\/simple-plan-pro-5-album-skladaji-s-alexem-dezenem\/","title":{"rendered":"Simple Plan pro 5. album skl\u00e1daj\u00ed s Alexem Dezenem"},"content":{"rendered":"<p><img decoding=\"async\" style=\"margin: 6px;\" src=\"http:\/\/www.simpleplan.cz\/gal\/3888.gif\" alt=\"\" align=\"left\" \/>B\u011bhem posledn\u00edch n\u011bkolika m\u011bs\u00edc\u016f se Pierre a Chuck ze Simple Plan, jako hlavn\u00ed skladatel\u00e9 kapely, pln\u011b v\u011bnovali skl\u00e1d\u00e1n\u00ed p\u00edsn\u00ed pro <b>nadch\u00e1zej\u00edc\u00ed &#8211; p\u00e1t\u00e9 &#8211; studiov\u00e9 album Simple Plan<\/b>. V sou\u010dasn\u00e9 dob\u011b maj\u00ed naps\u00e1no p\u0159ibli\u017en\u011b 30 p\u00edsn\u00ed.<\/p>\n<p>A\u017e do dne\u0161n\u00edho dne jsme tak\u00e9 ji\u017e m\u011bli mo\u017enost zn\u00e1t n\u011bkolik jmen skladatel\u016f\/muzikant\u016f, se kter\u00fdmi Simple Plan na jejich nov\u00e9m albu spolupracuj\u00ed, mezi kter\u00e9 pat\u0159\u00ed nap\u0159\u00edklad <a href=\"http:\/\/www.simpleplan.cz\/cz\/index.php\/simple-plan-pracuji-na-novem-albu-s-3oh3\/\" title=\"Simple Plan pracuj\u00ed na nov\u00e9m albu s 3OH!3\">Sean Foreman a Nathaniel Motte<\/a> z 3OH!3, <a href=\"http:\/\/www.simpleplan.cz\/cz\/index.php\/simple-plan-pisi-na-5-album-spolu-s-ianem-kirkpatrickem-a-seanem-douglasem\/\" title=\"Simple Plan p\u00ed\u0161\u00ed na 5.album spolu s Ianem Kirkpatrickem a Seanem Douglasem\">Ian Kirkpatrick<\/a>, <a href=\"http:\/\/www.simpleplan.cz\/cz\/index.php\/simple-plan-pisi-na-5-album-spolu-s-ianem-kirkpatrickem-a-seanem-douglasem\/\" title=\"Simple Plan p\u00ed\u0161\u00ed na 5.album spolu s Ianem Kirkpatrickem a Seanem Douglasem\">Sean Douglas<\/a> a <a href=\"http:\/\/www.simpleplan.cz\/cz\/index.php\/pierre-a-chuck-skladaji-pro-5-album-s-peterem-wallevikem\/\" title=\"Pierre a Chuck skl\u00e1daj\u00ed pro 5. album s Peterem Wallevikem\">Peter Wallevik<\/a>. Te\u010f ov\u0161em m\u016f\u017eeme k tomuto seznamu p\u0159idat jedno dal\u0161\u00ed jm\u00e9no &#8211; a t\u00edm je <b>Alex Dezen<\/b>.<\/p>\n<p>Alex Dezen je americk\u00fd muzikant a skladatel, zn\u00e1m\u00fd tak\u00e9 jako hlavn\u00ed zp\u011bv\u00e1k rock&#8217;n&#8217;rollov\u00e9 kapely The Damnwells. I p\u0159esto, \u017ee je mu teprve 35 let, stihl za svou kari\u00e9ru pracovat ji\u017e s velk\u00fdm mno\u017estv\u00edm hudebn\u00edch um\u011blc\u016f, jak\u00fdmi jsou Dave Grohl, Jason Derulo, Justin Bieber, Kelly Clarkson nebo Cody Simpson &#8211; a nyn\u00ed tedy i Simple Plan. <\/p>\n<p>V\u0161echny informace o nov\u00e9m albu Simple Plan naleznete v\u017edy aktualizovan\u00e9 v <a href=\"http:\/\/www.simpleplan.cz\/cz\/index.php\/kapela\/diskografie\/info-o-patem-albu\/\" title=\"Info o p\u00e1t\u00e9m albu\">t\u00e9to sekci<\/a>.<\/p>\n<div class=\"fblikebutton_button\" style=\"float: left; padding-top: 20px; margin-right: 20px; padding-bottom: 20px; padding-left: 20px;\"><iframe src=\"http:\/\/www.facebook.com\/plugins\/like.php?href=https%3A%2F%2Fwww.simpleplan.cz%2Fcz%2Findex.php%2Fsimple-plan-pro-5-album-skladaji-s-alexem-dezenem%2F&amp;layout=standard&amp;show-faces=false&amp;width=450&amp;action=like&amp;colorscheme=light\" scrolling=\"no\" frameborder=\"0\" allowTransparency=\"true\" style=\"border:none; overflow:hidden; width:450px; height:26px\"><\/iframe><\/div>\n","protected":false},"excerpt":{"rendered":"<p>B\u011bhem posledn\u00edch n\u011bkolika m\u011bs\u00edc\u016f se Pierre a Chuck ze Simple Plan, jako hlavn\u00ed skladatel\u00e9 kapely,<\/p>\n","protected":false},"author":5,"featured_media":0,"comment_status":"open","ping_status":"open","sticky":false,"template":"","format":"standard","meta":{"footnotes":"","fifu_image_url":"","fifu_image_alt":""},"categories":[848],"tags":[1588,278,1278,97],"yoast_head":"<!-- This site is optimized with the Yoast SEO plugin v20.9 - https:\/\/yoast.com\/wordpress\/plugins\/seo\/ -->\n<title>Simple Plan pro 5. album skl\u00e1daj\u00ed s Alexem Dezenem | CZ: SimplePlan.cz<\/title>\n<meta name=\"robots\" content=\"index, follow, max-snippet:-1, max-image-preview:large, max-video-preview:-1\" \/>\n<link rel=\"canonical\" href=\"https:\/\/www.simpleplan.cz\/cz\/index.php\/simple-plan-pro-5-album-skladaji-s-alexem-dezenem\/\" \/>\n<meta property=\"og:locale\" content=\"cs_CZ\" \/>\n<meta property=\"og:type\" content=\"article\" \/>\n<meta property=\"og:title\" content=\"Simple Plan pro 5. album skl\u00e1daj\u00ed s Alexem Dezenem | CZ: SimplePlan.cz\" \/>\n<meta property=\"og:description\" content=\"B\u011bhem posledn\u00edch n\u011bkolika m\u011bs\u00edc\u016f se Pierre a Chuck ze Simple Plan, jako hlavn\u00ed skladatel\u00e9 kapely,\" \/>\n<meta property=\"og:url\" content=\"https:\/\/www.simpleplan.cz\/cz\/index.php\/simple-plan-pro-5-album-skladaji-s-alexem-dezenem\/\" \/>\n<meta property=\"og:site_name\" content=\"CZ: SimplePlan.cz\" \/>\n<meta property=\"article:publisher\" content=\"http:\/\/www.facebook.com\/simpleplancz\" \/>\n<meta property=\"article:published_time\" content=\"2014-04-21T20:19:40+00:00\" \/>\n<meta property=\"article:modified_time\" content=\"2023-06-26T05:31:51+00:00\" \/>\n<meta property=\"og:image\" content=\"http:\/\/www.simpleplan.cz\/gal\/3888.gif\" \/>\n<meta name=\"author\" content=\"Dominika\" \/>\n<meta name=\"twitter:card\" content=\"summary_large_image\" \/>\n<meta name=\"twitter:creator\" content=\"@simpleplancz\" \/>\n<meta name=\"twitter:site\" content=\"@simpleplancz\" \/>\n<meta name=\"twitter:label1\" content=\"Napsal(a)\" \/>\n\t<meta name=\"twitter:data1\" content=\"Dominika\" \/>\n\t<meta name=\"twitter:label2\" content=\"Odhadovan\u00e1 doba \u010dten\u00ed\" \/>\n\t<meta name=\"twitter:data2\" content=\"1 minuta\" \/>\n<script type=\"application\/ld+json\" class=\"yoast-schema-graph\">{\"@context\":\"https:\/\/schema.org\",\"@graph\":[{\"@type\":\"Article\",\"@id\":\"https:\/\/www.simpleplan.cz\/cz\/index.php\/simple-plan-pro-5-album-skladaji-s-alexem-dezenem\/#article\",\"isPartOf\":{\"@id\":\"https:\/\/www.simpleplan.cz\/cz\/index.php\/simple-plan-pro-5-album-skladaji-s-alexem-dezenem\/\"},\"author\":{\"name\":\"Dominika\",\"@id\":\"https:\/\/www.simpleplan.cz\/cz\/#\/schema\/person\/bb90dd25f4baab7793fc73ab0b783730\"},\"headline\":\"Simple Plan pro 5. album skl\u00e1daj\u00ed s Alexem Dezenem\",\"datePublished\":\"2014-04-21T20:19:40+00:00\",\"dateModified\":\"2023-06-26T05:31:51+00:00\",\"mainEntityOfPage\":{\"@id\":\"https:\/\/www.simpleplan.cz\/cz\/index.php\/simple-plan-pro-5-album-skladaji-s-alexem-dezenem\/\"},\"wordCount\":216,\"commentCount\":0,\"publisher\":{\"@id\":\"https:\/\/www.simpleplan.cz\/cz\/#organization\"},\"keywords\":[\"Alex Dezen\",\"kolaborace\",\"psan\u00ed p\u00edsn\u00ed\",\"spolupr\u00e1ce\"],\"articleSection\":[\"5. album\"],\"inLanguage\":\"cs\",\"potentialAction\":[{\"@type\":\"CommentAction\",\"name\":\"Comment\",\"target\":[\"https:\/\/www.simpleplan.cz\/cz\/index.php\/simple-plan-pro-5-album-skladaji-s-alexem-dezenem\/#respond\"]}]},{\"@type\":\"WebPage\",\"@id\":\"https:\/\/www.simpleplan.cz\/cz\/index.php\/simple-plan-pro-5-album-skladaji-s-alexem-dezenem\/\",\"url\":\"https:\/\/www.simpleplan.cz\/cz\/index.php\/simple-plan-pro-5-album-skladaji-s-alexem-dezenem\/\",\"name\":\"Simple Plan pro 5. album skl\u00e1daj\u00ed s Alexem Dezenem | CZ: SimplePlan.cz\",\"isPartOf\":{\"@id\":\"https:\/\/www.simpleplan.cz\/cz\/#website\"},\"datePublished\":\"2014-04-21T20:19:40+00:00\",\"dateModified\":\"2023-06-26T05:31:51+00:00\",\"breadcrumb\":{\"@id\":\"https:\/\/www.simpleplan.cz\/cz\/index.php\/simple-plan-pro-5-album-skladaji-s-alexem-dezenem\/#breadcrumb\"},\"inLanguage\":\"cs\",\"potentialAction\":[{\"@type\":\"ReadAction\",\"target\":[\"https:\/\/www.simpleplan.cz\/cz\/index.php\/simple-plan-pro-5-album-skladaji-s-alexem-dezenem\/\"]}]},{\"@type\":\"BreadcrumbList\",\"@id\":\"https:\/\/www.simpleplan.cz\/cz\/index.php\/simple-plan-pro-5-album-skladaji-s-alexem-dezenem\/#breadcrumb\",\"itemListElement\":[{\"@type\":\"ListItem\",\"position\":1,\"name\":\"Dom\u016f\",\"item\":\"https:\/\/www.simpleplan.cz\/cz\/\"},{\"@type\":\"ListItem\",\"position\":2,\"name\":\"5. album\",\"item\":\"https:\/\/www.simpleplan.cz\/cz\/index.php\/category\/5-album\/\"},{\"@type\":\"ListItem\",\"position\":3,\"name\":\"Simple Plan pro 5. album skl\u00e1daj\u00ed s Alexem Dezenem\"}]},{\"@type\":\"WebSite\",\"@id\":\"https:\/\/www.simpleplan.cz\/cz\/#website\",\"url\":\"https:\/\/www.simpleplan.cz\/cz\/\",\"name\":\"CZ: SimplePlan.cz\",\"description\":\"Nejlep\u0161\u00ed zdroj informac\u00ed o kapele Simple Plan\",\"publisher\":{\"@id\":\"https:\/\/www.simpleplan.cz\/cz\/#organization\"},\"potentialAction\":[{\"@type\":\"SearchAction\",\"target\":{\"@type\":\"EntryPoint\",\"urlTemplate\":\"https:\/\/www.simpleplan.cz\/cz\/?s={search_term_string}\"},\"query-input\":\"required name=search_term_string\"}],\"inLanguage\":\"cs\"},{\"@type\":\"Organization\",\"@id\":\"https:\/\/www.simpleplan.cz\/cz\/#organization\",\"name\":\"CZ: SimplePlan.cz\",\"url\":\"https:\/\/www.simpleplan.cz\/cz\/\",\"logo\":{\"@type\":\"ImageObject\",\"inLanguage\":\"cs\",\"@id\":\"https:\/\/www.simpleplan.cz\/cz\/#\/schema\/logo\/image\/\",\"url\":\"https:\/\/www.simpleplan.cz\/cz\/wp-content\/uploads\/spczlogo.png\",\"contentUrl\":\"https:\/\/www.simpleplan.cz\/cz\/wp-content\/uploads\/spczlogo.png\",\"width\":250,\"height\":190,\"caption\":\"CZ: SimplePlan.cz\"},\"image\":{\"@id\":\"https:\/\/www.simpleplan.cz\/cz\/#\/schema\/logo\/image\/\"},\"sameAs\":[\"http:\/\/www.facebook.com\/simpleplancz\",\"https:\/\/twitter.com\/simpleplancz\",\"http:\/\/www.instagram.com\/simpleplancz\",\"http:\/\/www.youtube.com\/simpleplancz\"]},{\"@type\":\"Person\",\"@id\":\"https:\/\/www.simpleplan.cz\/cz\/#\/schema\/person\/bb90dd25f4baab7793fc73ab0b783730\",\"name\":\"Dominika\",\"image\":{\"@type\":\"ImageObject\",\"inLanguage\":\"cs\",\"@id\":\"https:\/\/www.simpleplan.cz\/cz\/#\/schema\/person\/image\/\",\"url\":\"https:\/\/secure.gravatar.com\/avatar\/de55cb16a8578d56e96c89d1a0af3db5?s=96&d=mm&r=g\",\"contentUrl\":\"https:\/\/secure.gravatar.com\/avatar\/de55cb16a8578d56e96c89d1a0af3db5?s=96&d=mm&r=g\",\"caption\":\"Dominika\"},\"sameAs\":[\"http:\/\/www.simpleplan.cz\"],\"url\":\"https:\/\/www.simpleplan.cz\/cz\/index.php\/author\/admin-2\/\"}]}<\/script>\n<!-- \/ Yoast SEO plugin. -->","yoast_head_json":{"title":"Simple Plan pro 5. album skl\u00e1daj\u00ed s Alexem Dezenem | CZ: SimplePlan.cz","robots":{"index":"index","follow":"follow","max-snippet":"max-snippet:-1","max-image-preview":"max-image-preview:large","max-video-preview":"max-video-preview:-1"},"canonical":"https:\/\/www.simpleplan.cz\/cz\/index.php\/simple-plan-pro-5-album-skladaji-s-alexem-dezenem\/","og_locale":"cs_CZ","og_type":"article","og_title":"Simple Plan pro 5. album skl\u00e1daj\u00ed s Alexem Dezenem | CZ: SimplePlan.cz","og_description":"B\u011bhem posledn\u00edch n\u011bkolika m\u011bs\u00edc\u016f se Pierre a Chuck ze Simple Plan, jako hlavn\u00ed skladatel\u00e9 kapely,","og_url":"https:\/\/www.simpleplan.cz\/cz\/index.php\/simple-plan-pro-5-album-skladaji-s-alexem-dezenem\/","og_site_name":"CZ: SimplePlan.cz","article_publisher":"http:\/\/www.facebook.com\/simpleplancz","article_published_time":"2014-04-21T20:19:40+00:00","article_modified_time":"2023-06-26T05:31:51+00:00","og_image":[{"url":"http:\/\/www.simpleplan.cz\/gal\/3888.gif"}],"author":"Dominika","twitter_card":"summary_large_image","twitter_creator":"@simpleplancz","twitter_site":"@simpleplancz","twitter_misc":{"Napsal(a)":"Dominika","Odhadovan\u00e1 doba \u010dten\u00ed":"1 minuta"},"schema":{"@context":"https:\/\/schema.org","@graph":[{"@type":"Article","@id":"https:\/\/www.simpleplan.cz\/cz\/index.php\/simple-plan-pro-5-album-skladaji-s-alexem-dezenem\/#article","isPartOf":{"@id":"https:\/\/www.simpleplan.cz\/cz\/index.php\/simple-plan-pro-5-album-skladaji-s-alexem-dezenem\/"},"author":{"name":"Dominika","@id":"https:\/\/www.simpleplan.cz\/cz\/#\/schema\/person\/bb90dd25f4baab7793fc73ab0b783730"},"headline":"Simple Plan pro 5. album skl\u00e1daj\u00ed s Alexem Dezenem","datePublished":"2014-04-21T20:19:40+00:00","dateModified":"2023-06-26T05:31:51+00:00","mainEntityOfPage":{"@id":"https:\/\/www.simpleplan.cz\/cz\/index.php\/simple-plan-pro-5-album-skladaji-s-alexem-dezenem\/"},"wordCount":216,"commentCount":0,"publisher":{"@id":"https:\/\/www.simpleplan.cz\/cz\/#organization"},"keywords":["Alex Dezen","kolaborace","psan\u00ed p\u00edsn\u00ed","spolupr\u00e1ce"],"articleSection":["5. album"],"inLanguage":"cs","potentialAction":[{"@type":"CommentAction","name":"Comment","target":["https:\/\/www.simpleplan.cz\/cz\/index.php\/simple-plan-pro-5-album-skladaji-s-alexem-dezenem\/#respond"]}]},{"@type":"WebPage","@id":"https:\/\/www.simpleplan.cz\/cz\/index.php\/simple-plan-pro-5-album-skladaji-s-alexem-dezenem\/","url":"https:\/\/www.simpleplan.cz\/cz\/index.php\/simple-plan-pro-5-album-skladaji-s-alexem-dezenem\/","name":"Simple Plan pro 5. album skl\u00e1daj\u00ed s Alexem Dezenem | CZ: SimplePlan.cz","isPartOf":{"@id":"https:\/\/www.simpleplan.cz\/cz\/#website"},"datePublished":"2014-04-21T20:19:40+00:00","dateModified":"2023-06-26T05:31:51+00:00","breadcrumb":{"@id":"https:\/\/www.simpleplan.cz\/cz\/index.php\/simple-plan-pro-5-album-skladaji-s-alexem-dezenem\/#breadcrumb"},"inLanguage":"cs","potentialAction":[{"@type":"ReadAction","target":["https:\/\/www.simpleplan.cz\/cz\/index.php\/simple-plan-pro-5-album-skladaji-s-alexem-dezenem\/"]}]},{"@type":"BreadcrumbList","@id":"https:\/\/www.simpleplan.cz\/cz\/index.php\/simple-plan-pro-5-album-skladaji-s-alexem-dezenem\/#breadcrumb","itemListElement":[{"@type":"ListItem","position":1,"name":"Dom\u016f","item":"https:\/\/www.simpleplan.cz\/cz\/"},{"@type":"ListItem","position":2,"name":"5. album","item":"https:\/\/www.simpleplan.cz\/cz\/index.php\/category\/5-album\/"},{"@type":"ListItem","position":3,"name":"Simple Plan pro 5. album skl\u00e1daj\u00ed s Alexem Dezenem"}]},{"@type":"WebSite","@id":"https:\/\/www.simpleplan.cz\/cz\/#website","url":"https:\/\/www.simpleplan.cz\/cz\/","name":"CZ: SimplePlan.cz","description":"Nejlep\u0161\u00ed zdroj informac\u00ed o kapele Simple Plan","publisher":{"@id":"https:\/\/www.simpleplan.cz\/cz\/#organization"},"potentialAction":[{"@type":"SearchAction","target":{"@type":"EntryPoint","urlTemplate":"https:\/\/www.simpleplan.cz\/cz\/?s={search_term_string}"},"query-input":"required name=search_term_string"}],"inLanguage":"cs"},{"@type":"Organization","@id":"https:\/\/www.simpleplan.cz\/cz\/#organization","name":"CZ: SimplePlan.cz","url":"https:\/\/www.simpleplan.cz\/cz\/","logo":{"@type":"ImageObject","inLanguage":"cs","@id":"https:\/\/www.simpleplan.cz\/cz\/#\/schema\/logo\/image\/","url":"https:\/\/www.simpleplan.cz\/cz\/wp-content\/uploads\/spczlogo.png","contentUrl":"https:\/\/www.simpleplan.cz\/cz\/wp-content\/uploads\/spczlogo.png","width":250,"height":190,"caption":"CZ: SimplePlan.cz"},"image":{"@id":"https:\/\/www.simpleplan.cz\/cz\/#\/schema\/logo\/image\/"},"sameAs":["http:\/\/www.facebook.com\/simpleplancz","https:\/\/twitter.com\/simpleplancz","http:\/\/www.instagram.com\/simpleplancz","http:\/\/www.youtube.com\/simpleplancz"]},{"@type":"Person","@id":"https:\/\/www.simpleplan.cz\/cz\/#\/schema\/person\/bb90dd25f4baab7793fc73ab0b783730","name":"Dominika","image":{"@type":"ImageObject","inLanguage":"cs","@id":"https:\/\/www.simpleplan.cz\/cz\/#\/schema\/person\/image\/","url":"https:\/\/secure.gravatar.com\/avatar\/de55cb16a8578d56e96c89d1a0af3db5?s=96&d=mm&r=g","contentUrl":"https:\/\/secure.gravatar.com\/avatar\/de55cb16a8578d56e96c89d1a0af3db5?s=96&d=mm&r=g","caption":"Dominika"},"sameAs":["http:\/\/www.simpleplan.cz"],"url":"https:\/\/www.simpleplan.cz\/cz\/index.php\/author\/admin-2\/"}]}},"featured_image_urls":{"full":"","thumbnail":"","medium":"","medium_large":"","large":"","1536x1536":"","2048x2048":"","elegant-magazine-featured":"","elegant-magazine-medium":"","elegant-magazine-medium-small":"","elegant-magazine-thumbnail-small":""},"author_info":{"display_name":"Dominika","author_link":"https:\/\/www.simpleplan.cz\/cz\/index.php\/author\/admin-2\/"},"category_info":"<a href=\"https:\/\/www.simpleplan.cz\/cz\/index.php\/category\/5-album\/\" rel=\"category tag\">5. album<\/a>","tag_info":"5. album","comment_count":"0","_links":{"self":[{"href":"https:\/\/www.simpleplan.cz\/cz\/index.php\/wp-json\/wp\/v2\/posts\/14879"}],"collection":[{"href":"https:\/\/www.simpleplan.cz\/cz\/index.php\/wp-json\/wp\/v2\/posts"}],"about":[{"href":"https:\/\/www.simpleplan.cz\/cz\/index.php\/wp-json\/wp\/v2\/types\/post"}],"author":[{"embeddable":true,"href":"https:\/\/www.simpleplan.cz\/cz\/index.php\/wp-json\/wp\/v2\/users\/5"}],"replies":[{"embeddable":true,"href":"https:\/\/www.simpleplan.cz\/cz\/index.php\/wp-json\/wp\/v2\/comments?post=14879"}],"version-history":[{"count":1,"href":"https:\/\/www.simpleplan.cz\/cz\/index.php\/wp-json\/wp\/v2\/posts\/14879\/revisions"}],"predecessor-version":[{"id":14880,"href":"https:\/\/www.simpleplan.cz\/cz\/index.php\/wp-json\/wp\/v2\/posts\/14879\/revisions\/14880"}],"wp:attachment":[{"href":"https:\/\/www.simpleplan.cz\/cz\/index.php\/wp-json\/wp\/v2\/media?parent=14879"}],"wp:term":[{"taxonomy":"category","embeddable":true,"href":"https:\/\/www.simpleplan.cz\/cz\/index.php\/wp-json\/wp\/v2\/categories?post=14879"},{"taxonomy":"post_tag","embeddable":true,"href":"https:\/\/www.simpleplan.cz\/cz\/index.php\/wp-json\/wp\/v2\/tags?post=14879"}],"curies":[{"name":"wp","href":"https:\/\/api.w.org\/{rel}","templated":true}]}}