{"id":15047,"date":"2014-06-09T21:15:45","date_gmt":"2014-06-09T19:15:45","guid":{"rendered":"http:\/\/www.simpleplan.cz\/cz\/?p=15047"},"modified":"2023-06-26T07:31:47","modified_gmt":"2023-06-26T05:31:47","slug":"casovy-harmonogram-pro-reset-na-amnesia-rockfest-zverejnen","status":"publish","type":"post","link":"https:\/\/www.simpleplan.cz\/cz\/index.php\/casovy-harmonogram-pro-reset-na-amnesia-rockfest-zverejnen\/","title":{"rendered":"\u010casov\u00fd harmonogram pro Reset na Amnesia Rockfest zve\u0159ejn\u011bn"},"content":{"rendered":"<p>Organiz\u00e1to\u0159i <b>Amnesia Rockfest<\/b>, jednoho z nejv\u011bt\u0161\u00edch rockov\u00fdch festival\u016f v Kanad\u011b, kone\u010dn\u011b zve\u0159ejnili ofici\u00e1ln\u00ed \u010dasov\u00fd harmonogram pro leto\u0161n\u00ed line-up, kter\u00fd obsahuje takov\u00e9 kapely jako Blink 182, Alkaline Trio, M\u00f6tley Cr\u00fce, Billy Talent, The Used, Weezer, New Found Glory a mnoho dal\u0161\u00edch &#8211; v\u010detn\u011b jedine\u010dn\u00fdch  znovushled\u00e1n\u00ed ur\u010dit\u00fdch kapel &#8211; p\u0159edev\u0161\u00edm pak <b>Reset<\/b>, neboli kapely, ze kter\u00e9 vze\u0161lo n\u011bkolik \u010dlen\u016f Simple Plan.<\/p>\n<p>Chuck, Pierre a David ze Simple Plan se spoj\u00ed s Philem Jolicoeur, a spole\u010dn\u011b zah\u00e1j\u00ed koncert Reset v 21:15 na Budweiser Stage &#8211; ji\u017e p\u0159\u00ed\u0161t\u00ed p\u00e1tek, 20. \u010dervna.<\/p>\n<p>Cel\u00fd harmonogram p\u00e1te\u010dn\u00edho line-upu najdete n\u00ed\u017ee (cel\u00fd harmonogram v\u0161ech dn\u00ed festivalu je dostupn\u00fd <a href=\"http:\/\/www.outaouaisrock.org\/horaire_fr.pdf\" target=\"_blank\" rel=\"noopener\">zde<\/a>):<\/p>\n<p><center><img decoding=\"async\" src=\"http:\/\/www.simpleplan.cz\/gal\/3944.gif\"\/><\/center><\/p>\n<div class=\"fblikebutton_button\" style=\"float: left; padding-top: 20px; margin-right: 20px; padding-bottom: 20px; padding-left: 20px;\"><iframe src=\"http:\/\/www.facebook.com\/plugins\/like.php?href=https%3A%2F%2Fwww.simpleplan.cz%2Fcz%2Findex.php%2Fcasovy-harmonogram-pro-reset-na-amnesia-rockfest-zverejnen%2F&amp;layout=standard&amp;show-faces=false&amp;width=450&amp;action=like&amp;colorscheme=light\" scrolling=\"no\" frameborder=\"0\" allowTransparency=\"true\" style=\"border:none; overflow:hidden; width:450px; height:26px\"><\/iframe><\/div>\n","protected":false},"excerpt":{"rendered":"<p>Organiz\u00e1to\u0159i Amnesia Rockfest, jednoho z nejv\u011bt\u0161\u00edch rockov\u00fdch festival\u016f v Kanad\u011b, kone\u010dn\u011b zve\u0159ejnili ofici\u00e1ln\u00ed \u010dasov\u00fd harmonogram<\/p>\n","protected":false},"author":5,"featured_media":0,"comment_status":"open","ping_status":"open","sticky":false,"template":"","format":"standard","meta":{"footnotes":"","fifu_image_url":"","fifu_image_alt":""},"categories":[8],"tags":[1567,1621,269],"yoast_head":"<!-- This site is optimized with the Yoast SEO plugin v20.9 - https:\/\/yoast.com\/wordpress\/plugins\/seo\/ -->\n<title>\u010casov\u00fd harmonogram pro Reset na Amnesia Rockfest zve\u0159ejn\u011bn | CZ: SimplePlan.cz<\/title>\n<meta name=\"robots\" content=\"index, follow, max-snippet:-1, max-image-preview:large, max-video-preview:-1\" \/>\n<link rel=\"canonical\" href=\"https:\/\/www.simpleplan.cz\/cz\/index.php\/casovy-harmonogram-pro-reset-na-amnesia-rockfest-zverejnen\/\" \/>\n<meta property=\"og:locale\" content=\"cs_CZ\" \/>\n<meta property=\"og:type\" content=\"article\" \/>\n<meta property=\"og:title\" content=\"\u010casov\u00fd harmonogram pro Reset na Amnesia Rockfest zve\u0159ejn\u011bn | CZ: SimplePlan.cz\" \/>\n<meta property=\"og:description\" content=\"Organiz\u00e1to\u0159i Amnesia Rockfest, jednoho z nejv\u011bt\u0161\u00edch rockov\u00fdch festival\u016f v Kanad\u011b, kone\u010dn\u011b zve\u0159ejnili ofici\u00e1ln\u00ed \u010dasov\u00fd harmonogram\" \/>\n<meta property=\"og:url\" content=\"https:\/\/www.simpleplan.cz\/cz\/index.php\/casovy-harmonogram-pro-reset-na-amnesia-rockfest-zverejnen\/\" \/>\n<meta property=\"og:site_name\" content=\"CZ: SimplePlan.cz\" \/>\n<meta property=\"article:publisher\" content=\"http:\/\/www.facebook.com\/simpleplancz\" \/>\n<meta property=\"article:published_time\" content=\"2014-06-09T19:15:45+00:00\" \/>\n<meta property=\"article:modified_time\" content=\"2023-06-26T05:31:47+00:00\" \/>\n<meta property=\"og:image\" content=\"http:\/\/www.simpleplan.cz\/gal\/3944.gif\" \/>\n<meta name=\"author\" content=\"Dominika\" \/>\n<meta name=\"twitter:card\" content=\"summary_large_image\" \/>\n<meta name=\"twitter:creator\" content=\"@simpleplancz\" \/>\n<meta name=\"twitter:site\" content=\"@simpleplancz\" \/>\n<meta name=\"twitter:label1\" content=\"Napsal(a)\" \/>\n\t<meta name=\"twitter:data1\" content=\"Dominika\" \/>\n\t<meta name=\"twitter:label2\" content=\"Odhadovan\u00e1 doba \u010dten\u00ed\" \/>\n\t<meta name=\"twitter:data2\" content=\"1 minuta\" \/>\n<script type=\"application\/ld+json\" class=\"yoast-schema-graph\">{\"@context\":\"https:\/\/schema.org\",\"@graph\":[{\"@type\":\"Article\",\"@id\":\"https:\/\/www.simpleplan.cz\/cz\/index.php\/casovy-harmonogram-pro-reset-na-amnesia-rockfest-zverejnen\/#article\",\"isPartOf\":{\"@id\":\"https:\/\/www.simpleplan.cz\/cz\/index.php\/casovy-harmonogram-pro-reset-na-amnesia-rockfest-zverejnen\/\"},\"author\":{\"name\":\"Dominika\",\"@id\":\"https:\/\/www.simpleplan.cz\/cz\/#\/schema\/person\/bb90dd25f4baab7793fc73ab0b783730\"},\"headline\":\"\u010casov\u00fd harmonogram pro Reset na Amnesia Rockfest zve\u0159ejn\u011bn\",\"datePublished\":\"2014-06-09T19:15:45+00:00\",\"dateModified\":\"2023-06-26T05:31:47+00:00\",\"mainEntityOfPage\":{\"@id\":\"https:\/\/www.simpleplan.cz\/cz\/index.php\/casovy-harmonogram-pro-reset-na-amnesia-rockfest-zverejnen\/\"},\"wordCount\":139,\"commentCount\":0,\"publisher\":{\"@id\":\"https:\/\/www.simpleplan.cz\/cz\/#organization\"},\"keywords\":[\"Amnesia Rockfest\",\"harmonogram\",\"Reset\"],\"articleSection\":[\"koncerty\"],\"inLanguage\":\"cs\",\"potentialAction\":[{\"@type\":\"CommentAction\",\"name\":\"Comment\",\"target\":[\"https:\/\/www.simpleplan.cz\/cz\/index.php\/casovy-harmonogram-pro-reset-na-amnesia-rockfest-zverejnen\/#respond\"]}]},{\"@type\":\"WebPage\",\"@id\":\"https:\/\/www.simpleplan.cz\/cz\/index.php\/casovy-harmonogram-pro-reset-na-amnesia-rockfest-zverejnen\/\",\"url\":\"https:\/\/www.simpleplan.cz\/cz\/index.php\/casovy-harmonogram-pro-reset-na-amnesia-rockfest-zverejnen\/\",\"name\":\"\u010casov\u00fd harmonogram pro Reset na Amnesia Rockfest zve\u0159ejn\u011bn | CZ: SimplePlan.cz\",\"isPartOf\":{\"@id\":\"https:\/\/www.simpleplan.cz\/cz\/#website\"},\"datePublished\":\"2014-06-09T19:15:45+00:00\",\"dateModified\":\"2023-06-26T05:31:47+00:00\",\"breadcrumb\":{\"@id\":\"https:\/\/www.simpleplan.cz\/cz\/index.php\/casovy-harmonogram-pro-reset-na-amnesia-rockfest-zverejnen\/#breadcrumb\"},\"inLanguage\":\"cs\",\"potentialAction\":[{\"@type\":\"ReadAction\",\"target\":[\"https:\/\/www.simpleplan.cz\/cz\/index.php\/casovy-harmonogram-pro-reset-na-amnesia-rockfest-zverejnen\/\"]}]},{\"@type\":\"BreadcrumbList\",\"@id\":\"https:\/\/www.simpleplan.cz\/cz\/index.php\/casovy-harmonogram-pro-reset-na-amnesia-rockfest-zverejnen\/#breadcrumb\",\"itemListElement\":[{\"@type\":\"ListItem\",\"position\":1,\"name\":\"Dom\u016f\",\"item\":\"https:\/\/www.simpleplan.cz\/cz\/\"},{\"@type\":\"ListItem\",\"position\":2,\"name\":\"koncerty\",\"item\":\"https:\/\/www.simpleplan.cz\/cz\/index.php\/category\/koncerty\/\"},{\"@type\":\"ListItem\",\"position\":3,\"name\":\"\u010casov\u00fd harmonogram pro Reset na Amnesia Rockfest zve\u0159ejn\u011bn\"}]},{\"@type\":\"WebSite\",\"@id\":\"https:\/\/www.simpleplan.cz\/cz\/#website\",\"url\":\"https:\/\/www.simpleplan.cz\/cz\/\",\"name\":\"CZ: SimplePlan.cz\",\"description\":\"Nejlep\u0161\u00ed zdroj informac\u00ed o kapele Simple Plan\",\"publisher\":{\"@id\":\"https:\/\/www.simpleplan.cz\/cz\/#organization\"},\"potentialAction\":[{\"@type\":\"SearchAction\",\"target\":{\"@type\":\"EntryPoint\",\"urlTemplate\":\"https:\/\/www.simpleplan.cz\/cz\/?s={search_term_string}\"},\"query-input\":\"required name=search_term_string\"}],\"inLanguage\":\"cs\"},{\"@type\":\"Organization\",\"@id\":\"https:\/\/www.simpleplan.cz\/cz\/#organization\",\"name\":\"CZ: SimplePlan.cz\",\"url\":\"https:\/\/www.simpleplan.cz\/cz\/\",\"logo\":{\"@type\":\"ImageObject\",\"inLanguage\":\"cs\",\"@id\":\"https:\/\/www.simpleplan.cz\/cz\/#\/schema\/logo\/image\/\",\"url\":\"https:\/\/www.simpleplan.cz\/cz\/wp-content\/uploads\/spczlogo.png\",\"contentUrl\":\"https:\/\/www.simpleplan.cz\/cz\/wp-content\/uploads\/spczlogo.png\",\"width\":250,\"height\":190,\"caption\":\"CZ: SimplePlan.cz\"},\"image\":{\"@id\":\"https:\/\/www.simpleplan.cz\/cz\/#\/schema\/logo\/image\/\"},\"sameAs\":[\"http:\/\/www.facebook.com\/simpleplancz\",\"https:\/\/twitter.com\/simpleplancz\",\"http:\/\/www.instagram.com\/simpleplancz\",\"http:\/\/www.youtube.com\/simpleplancz\"]},{\"@type\":\"Person\",\"@id\":\"https:\/\/www.simpleplan.cz\/cz\/#\/schema\/person\/bb90dd25f4baab7793fc73ab0b783730\",\"name\":\"Dominika\",\"image\":{\"@type\":\"ImageObject\",\"inLanguage\":\"cs\",\"@id\":\"https:\/\/www.simpleplan.cz\/cz\/#\/schema\/person\/image\/\",\"url\":\"https:\/\/secure.gravatar.com\/avatar\/de55cb16a8578d56e96c89d1a0af3db5?s=96&d=mm&r=g\",\"contentUrl\":\"https:\/\/secure.gravatar.com\/avatar\/de55cb16a8578d56e96c89d1a0af3db5?s=96&d=mm&r=g\",\"caption\":\"Dominika\"},\"sameAs\":[\"http:\/\/www.simpleplan.cz\"],\"url\":\"https:\/\/www.simpleplan.cz\/cz\/index.php\/author\/admin-2\/\"}]}<\/script>\n<!-- \/ Yoast SEO plugin. -->","yoast_head_json":{"title":"\u010casov\u00fd harmonogram pro Reset na Amnesia Rockfest zve\u0159ejn\u011bn | CZ: SimplePlan.cz","robots":{"index":"index","follow":"follow","max-snippet":"max-snippet:-1","max-image-preview":"max-image-preview:large","max-video-preview":"max-video-preview:-1"},"canonical":"https:\/\/www.simpleplan.cz\/cz\/index.php\/casovy-harmonogram-pro-reset-na-amnesia-rockfest-zverejnen\/","og_locale":"cs_CZ","og_type":"article","og_title":"\u010casov\u00fd harmonogram pro Reset na Amnesia Rockfest zve\u0159ejn\u011bn | CZ: SimplePlan.cz","og_description":"Organiz\u00e1to\u0159i Amnesia Rockfest, jednoho z nejv\u011bt\u0161\u00edch rockov\u00fdch festival\u016f v Kanad\u011b, kone\u010dn\u011b zve\u0159ejnili ofici\u00e1ln\u00ed \u010dasov\u00fd harmonogram","og_url":"https:\/\/www.simpleplan.cz\/cz\/index.php\/casovy-harmonogram-pro-reset-na-amnesia-rockfest-zverejnen\/","og_site_name":"CZ: SimplePlan.cz","article_publisher":"http:\/\/www.facebook.com\/simpleplancz","article_published_time":"2014-06-09T19:15:45+00:00","article_modified_time":"2023-06-26T05:31:47+00:00","og_image":[{"url":"http:\/\/www.simpleplan.cz\/gal\/3944.gif"}],"author":"Dominika","twitter_card":"summary_large_image","twitter_creator":"@simpleplancz","twitter_site":"@simpleplancz","twitter_misc":{"Napsal(a)":"Dominika","Odhadovan\u00e1 doba \u010dten\u00ed":"1 minuta"},"schema":{"@context":"https:\/\/schema.org","@graph":[{"@type":"Article","@id":"https:\/\/www.simpleplan.cz\/cz\/index.php\/casovy-harmonogram-pro-reset-na-amnesia-rockfest-zverejnen\/#article","isPartOf":{"@id":"https:\/\/www.simpleplan.cz\/cz\/index.php\/casovy-harmonogram-pro-reset-na-amnesia-rockfest-zverejnen\/"},"author":{"name":"Dominika","@id":"https:\/\/www.simpleplan.cz\/cz\/#\/schema\/person\/bb90dd25f4baab7793fc73ab0b783730"},"headline":"\u010casov\u00fd harmonogram pro Reset na Amnesia Rockfest zve\u0159ejn\u011bn","datePublished":"2014-06-09T19:15:45+00:00","dateModified":"2023-06-26T05:31:47+00:00","mainEntityOfPage":{"@id":"https:\/\/www.simpleplan.cz\/cz\/index.php\/casovy-harmonogram-pro-reset-na-amnesia-rockfest-zverejnen\/"},"wordCount":139,"commentCount":0,"publisher":{"@id":"https:\/\/www.simpleplan.cz\/cz\/#organization"},"keywords":["Amnesia Rockfest","harmonogram","Reset"],"articleSection":["koncerty"],"inLanguage":"cs","potentialAction":[{"@type":"CommentAction","name":"Comment","target":["https:\/\/www.simpleplan.cz\/cz\/index.php\/casovy-harmonogram-pro-reset-na-amnesia-rockfest-zverejnen\/#respond"]}]},{"@type":"WebPage","@id":"https:\/\/www.simpleplan.cz\/cz\/index.php\/casovy-harmonogram-pro-reset-na-amnesia-rockfest-zverejnen\/","url":"https:\/\/www.simpleplan.cz\/cz\/index.php\/casovy-harmonogram-pro-reset-na-amnesia-rockfest-zverejnen\/","name":"\u010casov\u00fd harmonogram pro Reset na Amnesia Rockfest zve\u0159ejn\u011bn | CZ: SimplePlan.cz","isPartOf":{"@id":"https:\/\/www.simpleplan.cz\/cz\/#website"},"datePublished":"2014-06-09T19:15:45+00:00","dateModified":"2023-06-26T05:31:47+00:00","breadcrumb":{"@id":"https:\/\/www.simpleplan.cz\/cz\/index.php\/casovy-harmonogram-pro-reset-na-amnesia-rockfest-zverejnen\/#breadcrumb"},"inLanguage":"cs","potentialAction":[{"@type":"ReadAction","target":["https:\/\/www.simpleplan.cz\/cz\/index.php\/casovy-harmonogram-pro-reset-na-amnesia-rockfest-zverejnen\/"]}]},{"@type":"BreadcrumbList","@id":"https:\/\/www.simpleplan.cz\/cz\/index.php\/casovy-harmonogram-pro-reset-na-amnesia-rockfest-zverejnen\/#breadcrumb","itemListElement":[{"@type":"ListItem","position":1,"name":"Dom\u016f","item":"https:\/\/www.simpleplan.cz\/cz\/"},{"@type":"ListItem","position":2,"name":"koncerty","item":"https:\/\/www.simpleplan.cz\/cz\/index.php\/category\/koncerty\/"},{"@type":"ListItem","position":3,"name":"\u010casov\u00fd harmonogram pro Reset na Amnesia Rockfest zve\u0159ejn\u011bn"}]},{"@type":"WebSite","@id":"https:\/\/www.simpleplan.cz\/cz\/#website","url":"https:\/\/www.simpleplan.cz\/cz\/","name":"CZ: SimplePlan.cz","description":"Nejlep\u0161\u00ed zdroj informac\u00ed o kapele Simple Plan","publisher":{"@id":"https:\/\/www.simpleplan.cz\/cz\/#organization"},"potentialAction":[{"@type":"SearchAction","target":{"@type":"EntryPoint","urlTemplate":"https:\/\/www.simpleplan.cz\/cz\/?s={search_term_string}"},"query-input":"required name=search_term_string"}],"inLanguage":"cs"},{"@type":"Organization","@id":"https:\/\/www.simpleplan.cz\/cz\/#organization","name":"CZ: SimplePlan.cz","url":"https:\/\/www.simpleplan.cz\/cz\/","logo":{"@type":"ImageObject","inLanguage":"cs","@id":"https:\/\/www.simpleplan.cz\/cz\/#\/schema\/logo\/image\/","url":"https:\/\/www.simpleplan.cz\/cz\/wp-content\/uploads\/spczlogo.png","contentUrl":"https:\/\/www.simpleplan.cz\/cz\/wp-content\/uploads\/spczlogo.png","width":250,"height":190,"caption":"CZ: SimplePlan.cz"},"image":{"@id":"https:\/\/www.simpleplan.cz\/cz\/#\/schema\/logo\/image\/"},"sameAs":["http:\/\/www.facebook.com\/simpleplancz","https:\/\/twitter.com\/simpleplancz","http:\/\/www.instagram.com\/simpleplancz","http:\/\/www.youtube.com\/simpleplancz"]},{"@type":"Person","@id":"https:\/\/www.simpleplan.cz\/cz\/#\/schema\/person\/bb90dd25f4baab7793fc73ab0b783730","name":"Dominika","image":{"@type":"ImageObject","inLanguage":"cs","@id":"https:\/\/www.simpleplan.cz\/cz\/#\/schema\/person\/image\/","url":"https:\/\/secure.gravatar.com\/avatar\/de55cb16a8578d56e96c89d1a0af3db5?s=96&d=mm&r=g","contentUrl":"https:\/\/secure.gravatar.com\/avatar\/de55cb16a8578d56e96c89d1a0af3db5?s=96&d=mm&r=g","caption":"Dominika"},"sameAs":["http:\/\/www.simpleplan.cz"],"url":"https:\/\/www.simpleplan.cz\/cz\/index.php\/author\/admin-2\/"}]}},"featured_image_urls":{"full":"","thumbnail":"","medium":"","medium_large":"","large":"","1536x1536":"","2048x2048":"","elegant-magazine-featured":"","elegant-magazine-medium":"","elegant-magazine-medium-small":"","elegant-magazine-thumbnail-small":""},"author_info":{"display_name":"Dominika","author_link":"https:\/\/www.simpleplan.cz\/cz\/index.php\/author\/admin-2\/"},"category_info":"<a href=\"https:\/\/www.simpleplan.cz\/cz\/index.php\/category\/koncerty\/\" rel=\"category tag\">koncerty<\/a>","tag_info":"koncerty","comment_count":"0","_links":{"self":[{"href":"https:\/\/www.simpleplan.cz\/cz\/index.php\/wp-json\/wp\/v2\/posts\/15047"}],"collection":[{"href":"https:\/\/www.simpleplan.cz\/cz\/index.php\/wp-json\/wp\/v2\/posts"}],"about":[{"href":"https:\/\/www.simpleplan.cz\/cz\/index.php\/wp-json\/wp\/v2\/types\/post"}],"author":[{"embeddable":true,"href":"https:\/\/www.simpleplan.cz\/cz\/index.php\/wp-json\/wp\/v2\/users\/5"}],"replies":[{"embeddable":true,"href":"https:\/\/www.simpleplan.cz\/cz\/index.php\/wp-json\/wp\/v2\/comments?post=15047"}],"version-history":[{"count":2,"href":"https:\/\/www.simpleplan.cz\/cz\/index.php\/wp-json\/wp\/v2\/posts\/15047\/revisions"}],"predecessor-version":[{"id":31257,"href":"https:\/\/www.simpleplan.cz\/cz\/index.php\/wp-json\/wp\/v2\/posts\/15047\/revisions\/31257"}],"wp:attachment":[{"href":"https:\/\/www.simpleplan.cz\/cz\/index.php\/wp-json\/wp\/v2\/media?parent=15047"}],"wp:term":[{"taxonomy":"category","embeddable":true,"href":"https:\/\/www.simpleplan.cz\/cz\/index.php\/wp-json\/wp\/v2\/categories?post=15047"},{"taxonomy":"post_tag","embeddable":true,"href":"https:\/\/www.simpleplan.cz\/cz\/index.php\/wp-json\/wp\/v2\/tags?post=15047"}],"curies":[{"name":"wp","href":"https:\/\/api.w.org\/{rel}","templated":true}]}}