{"id":15106,"date":"2014-06-25T17:31:19","date_gmt":"2014-06-25T15:31:19","guid":{"rendered":"http:\/\/www.simpleplan.cz\/cz\/?p=15106"},"modified":"2023-06-26T07:31:46","modified_gmt":"2023-06-26T05:31:46","slug":"casovy-rozvrh-koncertu-na-canada-day-v-bramptonu-zverejnen","status":"publish","type":"post","link":"https:\/\/www.simpleplan.cz\/cz\/index.php\/casovy-rozvrh-koncertu-na-canada-day-v-bramptonu-zverejnen\/","title":{"rendered":"\u010casov\u00fd rozvrh koncert\u016f na oslavu Dne Kanady v Bramptonu"},"content":{"rendered":"<p><center><img decoding=\"async\" src=\"http:\/\/www.simpleplan.cz\/gal\/3962.gif\"\/><\/center><\/p>\n<p>Ji\u017e za necel\u00fd t\u00fdden Simple Plan <a href=\"http:\/\/www.simpleplan.cz\/cz\/index.php\/simple-plan-vystoupi-na-oslavach-canada-day-v-bramptonu\/\" title=\"Simple Plan vystoup\u00ed na oslav\u00e1ch Canada Day v Bramptonu\">vystoup\u00ed<\/a> na <b>oslav\u00e1ch Dne Kanady ve m\u011bst\u011b Brampton, v Ontariu<\/b>. Organiz\u00e1to\u0159i nyn\u00ed <a href=\"http:\/\/www.bramptonguardian.com\/community-story\/4596890-brampton-has-simple-plan-to-celebrate-canada-day\/\" target=\"_blank\" rel=\"noopener\">zve\u0159ejnili<\/a> \u010dasov\u00fd rozvrh jednotliv\u00fdch vystupuj\u00edc\u00edch um\u011blc\u016f, kte\u0159\u00ed se v pr\u016fb\u011bhu ve\u010dera vyst\u0159\u00eddaj\u00ed na hlavn\u00edm p\u00f3diu. Podle n\u011bj by set Simple Plan m\u011bl trvat pravd\u011bpodobn\u011b hodinu a\u017e hodinu a p\u016fl. Cel\u00fd rozvrh v\u0161ech um\u011blc\u016f najdete zde:<\/p>\n<p>17:30 &#8211; Kim Mitchell<br \/>\n19:00 &#8211; Amasic<br \/>\n19:30 &#8211; Andee<br \/>\n<b>20:30 &#8211; Simple Plan<\/b><br \/>\n22:00 &#8211; [oh\u0148ostroje]<\/p>\n<div class=\"fblikebutton_button\" style=\"float: left; padding-top: 20px; margin-right: 20px; padding-bottom: 20px; padding-left: 20px;\"><iframe src=\"http:\/\/www.facebook.com\/plugins\/like.php?href=https%3A%2F%2Fwww.simpleplan.cz%2Fcz%2Findex.php%2Fcasovy-rozvrh-koncertu-na-canada-day-v-bramptonu-zverejnen%2F&amp;layout=standard&amp;show-faces=false&amp;width=450&amp;action=like&amp;colorscheme=light\" scrolling=\"no\" frameborder=\"0\" allowTransparency=\"true\" style=\"border:none; overflow:hidden; width:450px; height:26px\"><\/iframe><\/div>\n","protected":false},"excerpt":{"rendered":"<p>Ji\u017e za necel\u00fd t\u00fdden Simple Plan vystoup\u00ed na oslav\u00e1ch Dne Kanady ve m\u011bst\u011b Brampton, v<\/p>\n","protected":false},"author":5,"featured_media":0,"comment_status":"open","ping_status":"open","sticky":false,"template":"","format":"standard","meta":{"footnotes":"","fifu_image_url":"","fifu_image_alt":""},"categories":[8],"tags":[1614,969],"yoast_head":"<!-- This site is optimized with the Yoast SEO plugin v20.9 - https:\/\/yoast.com\/wordpress\/plugins\/seo\/ -->\n<title>\u010casov\u00fd rozvrh koncert\u016f na oslavu Dne Kanady v Bramptonu | CZ: SimplePlan.cz<\/title>\n<meta name=\"robots\" content=\"index, follow, max-snippet:-1, max-image-preview:large, max-video-preview:-1\" \/>\n<link rel=\"canonical\" href=\"https:\/\/www.simpleplan.cz\/cz\/index.php\/casovy-rozvrh-koncertu-na-canada-day-v-bramptonu-zverejnen\/\" \/>\n<meta property=\"og:locale\" content=\"cs_CZ\" \/>\n<meta property=\"og:type\" content=\"article\" \/>\n<meta property=\"og:title\" content=\"\u010casov\u00fd rozvrh koncert\u016f na oslavu Dne Kanady v Bramptonu | CZ: SimplePlan.cz\" \/>\n<meta property=\"og:description\" content=\"Ji\u017e za necel\u00fd t\u00fdden Simple Plan vystoup\u00ed na oslav\u00e1ch Dne Kanady ve m\u011bst\u011b Brampton, v\" \/>\n<meta property=\"og:url\" content=\"https:\/\/www.simpleplan.cz\/cz\/index.php\/casovy-rozvrh-koncertu-na-canada-day-v-bramptonu-zverejnen\/\" \/>\n<meta property=\"og:site_name\" content=\"CZ: SimplePlan.cz\" \/>\n<meta property=\"article:publisher\" content=\"http:\/\/www.facebook.com\/simpleplancz\" \/>\n<meta property=\"article:published_time\" content=\"2014-06-25T15:31:19+00:00\" \/>\n<meta property=\"article:modified_time\" content=\"2023-06-26T05:31:46+00:00\" \/>\n<meta property=\"og:image\" content=\"http:\/\/www.simpleplan.cz\/gal\/3962.gif\" \/>\n<meta name=\"author\" content=\"Dominika\" \/>\n<meta name=\"twitter:card\" content=\"summary_large_image\" \/>\n<meta name=\"twitter:creator\" content=\"@simpleplancz\" \/>\n<meta name=\"twitter:site\" content=\"@simpleplancz\" \/>\n<meta name=\"twitter:label1\" content=\"Napsal(a)\" \/>\n\t<meta name=\"twitter:data1\" content=\"Dominika\" \/>\n<script type=\"application\/ld+json\" class=\"yoast-schema-graph\">{\"@context\":\"https:\/\/schema.org\",\"@graph\":[{\"@type\":\"Article\",\"@id\":\"https:\/\/www.simpleplan.cz\/cz\/index.php\/casovy-rozvrh-koncertu-na-canada-day-v-bramptonu-zverejnen\/#article\",\"isPartOf\":{\"@id\":\"https:\/\/www.simpleplan.cz\/cz\/index.php\/casovy-rozvrh-koncertu-na-canada-day-v-bramptonu-zverejnen\/\"},\"author\":{\"name\":\"Dominika\",\"@id\":\"https:\/\/www.simpleplan.cz\/cz\/#\/schema\/person\/bb90dd25f4baab7793fc73ab0b783730\"},\"headline\":\"\u010casov\u00fd rozvrh koncert\u016f na oslavu Dne Kanady v Bramptonu\",\"datePublished\":\"2014-06-25T15:31:19+00:00\",\"dateModified\":\"2023-06-26T05:31:46+00:00\",\"mainEntityOfPage\":{\"@id\":\"https:\/\/www.simpleplan.cz\/cz\/index.php\/casovy-rozvrh-koncertu-na-canada-day-v-bramptonu-zverejnen\/\"},\"wordCount\":97,\"commentCount\":0,\"publisher\":{\"@id\":\"https:\/\/www.simpleplan.cz\/cz\/#organization\"},\"keywords\":[\"Brampton\",\"Canada Day\"],\"articleSection\":[\"koncerty\"],\"inLanguage\":\"cs\",\"potentialAction\":[{\"@type\":\"CommentAction\",\"name\":\"Comment\",\"target\":[\"https:\/\/www.simpleplan.cz\/cz\/index.php\/casovy-rozvrh-koncertu-na-canada-day-v-bramptonu-zverejnen\/#respond\"]}]},{\"@type\":\"WebPage\",\"@id\":\"https:\/\/www.simpleplan.cz\/cz\/index.php\/casovy-rozvrh-koncertu-na-canada-day-v-bramptonu-zverejnen\/\",\"url\":\"https:\/\/www.simpleplan.cz\/cz\/index.php\/casovy-rozvrh-koncertu-na-canada-day-v-bramptonu-zverejnen\/\",\"name\":\"\u010casov\u00fd rozvrh koncert\u016f na oslavu Dne Kanady v Bramptonu | CZ: SimplePlan.cz\",\"isPartOf\":{\"@id\":\"https:\/\/www.simpleplan.cz\/cz\/#website\"},\"datePublished\":\"2014-06-25T15:31:19+00:00\",\"dateModified\":\"2023-06-26T05:31:46+00:00\",\"breadcrumb\":{\"@id\":\"https:\/\/www.simpleplan.cz\/cz\/index.php\/casovy-rozvrh-koncertu-na-canada-day-v-bramptonu-zverejnen\/#breadcrumb\"},\"inLanguage\":\"cs\",\"potentialAction\":[{\"@type\":\"ReadAction\",\"target\":[\"https:\/\/www.simpleplan.cz\/cz\/index.php\/casovy-rozvrh-koncertu-na-canada-day-v-bramptonu-zverejnen\/\"]}]},{\"@type\":\"BreadcrumbList\",\"@id\":\"https:\/\/www.simpleplan.cz\/cz\/index.php\/casovy-rozvrh-koncertu-na-canada-day-v-bramptonu-zverejnen\/#breadcrumb\",\"itemListElement\":[{\"@type\":\"ListItem\",\"position\":1,\"name\":\"Dom\u016f\",\"item\":\"https:\/\/www.simpleplan.cz\/cz\/\"},{\"@type\":\"ListItem\",\"position\":2,\"name\":\"koncerty\",\"item\":\"https:\/\/www.simpleplan.cz\/cz\/index.php\/category\/koncerty\/\"},{\"@type\":\"ListItem\",\"position\":3,\"name\":\"\u010casov\u00fd rozvrh koncert\u016f na oslavu Dne Kanady v Bramptonu\"}]},{\"@type\":\"WebSite\",\"@id\":\"https:\/\/www.simpleplan.cz\/cz\/#website\",\"url\":\"https:\/\/www.simpleplan.cz\/cz\/\",\"name\":\"CZ: SimplePlan.cz\",\"description\":\"Nejlep\u0161\u00ed zdroj informac\u00ed o kapele Simple Plan\",\"publisher\":{\"@id\":\"https:\/\/www.simpleplan.cz\/cz\/#organization\"},\"potentialAction\":[{\"@type\":\"SearchAction\",\"target\":{\"@type\":\"EntryPoint\",\"urlTemplate\":\"https:\/\/www.simpleplan.cz\/cz\/?s={search_term_string}\"},\"query-input\":\"required name=search_term_string\"}],\"inLanguage\":\"cs\"},{\"@type\":\"Organization\",\"@id\":\"https:\/\/www.simpleplan.cz\/cz\/#organization\",\"name\":\"CZ: SimplePlan.cz\",\"url\":\"https:\/\/www.simpleplan.cz\/cz\/\",\"logo\":{\"@type\":\"ImageObject\",\"inLanguage\":\"cs\",\"@id\":\"https:\/\/www.simpleplan.cz\/cz\/#\/schema\/logo\/image\/\",\"url\":\"https:\/\/www.simpleplan.cz\/cz\/wp-content\/uploads\/spczlogo.png\",\"contentUrl\":\"https:\/\/www.simpleplan.cz\/cz\/wp-content\/uploads\/spczlogo.png\",\"width\":250,\"height\":190,\"caption\":\"CZ: SimplePlan.cz\"},\"image\":{\"@id\":\"https:\/\/www.simpleplan.cz\/cz\/#\/schema\/logo\/image\/\"},\"sameAs\":[\"http:\/\/www.facebook.com\/simpleplancz\",\"https:\/\/twitter.com\/simpleplancz\",\"http:\/\/www.instagram.com\/simpleplancz\",\"http:\/\/www.youtube.com\/simpleplancz\"]},{\"@type\":\"Person\",\"@id\":\"https:\/\/www.simpleplan.cz\/cz\/#\/schema\/person\/bb90dd25f4baab7793fc73ab0b783730\",\"name\":\"Dominika\",\"image\":{\"@type\":\"ImageObject\",\"inLanguage\":\"cs\",\"@id\":\"https:\/\/www.simpleplan.cz\/cz\/#\/schema\/person\/image\/\",\"url\":\"https:\/\/secure.gravatar.com\/avatar\/de55cb16a8578d56e96c89d1a0af3db5?s=96&d=mm&r=g\",\"contentUrl\":\"https:\/\/secure.gravatar.com\/avatar\/de55cb16a8578d56e96c89d1a0af3db5?s=96&d=mm&r=g\",\"caption\":\"Dominika\"},\"sameAs\":[\"http:\/\/www.simpleplan.cz\"],\"url\":\"https:\/\/www.simpleplan.cz\/cz\/index.php\/author\/admin-2\/\"}]}<\/script>\n<!-- \/ Yoast SEO plugin. -->","yoast_head_json":{"title":"\u010casov\u00fd rozvrh koncert\u016f na oslavu Dne Kanady v Bramptonu | CZ: SimplePlan.cz","robots":{"index":"index","follow":"follow","max-snippet":"max-snippet:-1","max-image-preview":"max-image-preview:large","max-video-preview":"max-video-preview:-1"},"canonical":"https:\/\/www.simpleplan.cz\/cz\/index.php\/casovy-rozvrh-koncertu-na-canada-day-v-bramptonu-zverejnen\/","og_locale":"cs_CZ","og_type":"article","og_title":"\u010casov\u00fd rozvrh koncert\u016f na oslavu Dne Kanady v Bramptonu | CZ: SimplePlan.cz","og_description":"Ji\u017e za necel\u00fd t\u00fdden Simple Plan vystoup\u00ed na oslav\u00e1ch Dne Kanady ve m\u011bst\u011b Brampton, v","og_url":"https:\/\/www.simpleplan.cz\/cz\/index.php\/casovy-rozvrh-koncertu-na-canada-day-v-bramptonu-zverejnen\/","og_site_name":"CZ: SimplePlan.cz","article_publisher":"http:\/\/www.facebook.com\/simpleplancz","article_published_time":"2014-06-25T15:31:19+00:00","article_modified_time":"2023-06-26T05:31:46+00:00","og_image":[{"url":"http:\/\/www.simpleplan.cz\/gal\/3962.gif"}],"author":"Dominika","twitter_card":"summary_large_image","twitter_creator":"@simpleplancz","twitter_site":"@simpleplancz","twitter_misc":{"Napsal(a)":"Dominika"},"schema":{"@context":"https:\/\/schema.org","@graph":[{"@type":"Article","@id":"https:\/\/www.simpleplan.cz\/cz\/index.php\/casovy-rozvrh-koncertu-na-canada-day-v-bramptonu-zverejnen\/#article","isPartOf":{"@id":"https:\/\/www.simpleplan.cz\/cz\/index.php\/casovy-rozvrh-koncertu-na-canada-day-v-bramptonu-zverejnen\/"},"author":{"name":"Dominika","@id":"https:\/\/www.simpleplan.cz\/cz\/#\/schema\/person\/bb90dd25f4baab7793fc73ab0b783730"},"headline":"\u010casov\u00fd rozvrh koncert\u016f na oslavu Dne Kanady v Bramptonu","datePublished":"2014-06-25T15:31:19+00:00","dateModified":"2023-06-26T05:31:46+00:00","mainEntityOfPage":{"@id":"https:\/\/www.simpleplan.cz\/cz\/index.php\/casovy-rozvrh-koncertu-na-canada-day-v-bramptonu-zverejnen\/"},"wordCount":97,"commentCount":0,"publisher":{"@id":"https:\/\/www.simpleplan.cz\/cz\/#organization"},"keywords":["Brampton","Canada Day"],"articleSection":["koncerty"],"inLanguage":"cs","potentialAction":[{"@type":"CommentAction","name":"Comment","target":["https:\/\/www.simpleplan.cz\/cz\/index.php\/casovy-rozvrh-koncertu-na-canada-day-v-bramptonu-zverejnen\/#respond"]}]},{"@type":"WebPage","@id":"https:\/\/www.simpleplan.cz\/cz\/index.php\/casovy-rozvrh-koncertu-na-canada-day-v-bramptonu-zverejnen\/","url":"https:\/\/www.simpleplan.cz\/cz\/index.php\/casovy-rozvrh-koncertu-na-canada-day-v-bramptonu-zverejnen\/","name":"\u010casov\u00fd rozvrh koncert\u016f na oslavu Dne Kanady v Bramptonu | CZ: SimplePlan.cz","isPartOf":{"@id":"https:\/\/www.simpleplan.cz\/cz\/#website"},"datePublished":"2014-06-25T15:31:19+00:00","dateModified":"2023-06-26T05:31:46+00:00","breadcrumb":{"@id":"https:\/\/www.simpleplan.cz\/cz\/index.php\/casovy-rozvrh-koncertu-na-canada-day-v-bramptonu-zverejnen\/#breadcrumb"},"inLanguage":"cs","potentialAction":[{"@type":"ReadAction","target":["https:\/\/www.simpleplan.cz\/cz\/index.php\/casovy-rozvrh-koncertu-na-canada-day-v-bramptonu-zverejnen\/"]}]},{"@type":"BreadcrumbList","@id":"https:\/\/www.simpleplan.cz\/cz\/index.php\/casovy-rozvrh-koncertu-na-canada-day-v-bramptonu-zverejnen\/#breadcrumb","itemListElement":[{"@type":"ListItem","position":1,"name":"Dom\u016f","item":"https:\/\/www.simpleplan.cz\/cz\/"},{"@type":"ListItem","position":2,"name":"koncerty","item":"https:\/\/www.simpleplan.cz\/cz\/index.php\/category\/koncerty\/"},{"@type":"ListItem","position":3,"name":"\u010casov\u00fd rozvrh koncert\u016f na oslavu Dne Kanady v Bramptonu"}]},{"@type":"WebSite","@id":"https:\/\/www.simpleplan.cz\/cz\/#website","url":"https:\/\/www.simpleplan.cz\/cz\/","name":"CZ: SimplePlan.cz","description":"Nejlep\u0161\u00ed zdroj informac\u00ed o kapele Simple Plan","publisher":{"@id":"https:\/\/www.simpleplan.cz\/cz\/#organization"},"potentialAction":[{"@type":"SearchAction","target":{"@type":"EntryPoint","urlTemplate":"https:\/\/www.simpleplan.cz\/cz\/?s={search_term_string}"},"query-input":"required name=search_term_string"}],"inLanguage":"cs"},{"@type":"Organization","@id":"https:\/\/www.simpleplan.cz\/cz\/#organization","name":"CZ: SimplePlan.cz","url":"https:\/\/www.simpleplan.cz\/cz\/","logo":{"@type":"ImageObject","inLanguage":"cs","@id":"https:\/\/www.simpleplan.cz\/cz\/#\/schema\/logo\/image\/","url":"https:\/\/www.simpleplan.cz\/cz\/wp-content\/uploads\/spczlogo.png","contentUrl":"https:\/\/www.simpleplan.cz\/cz\/wp-content\/uploads\/spczlogo.png","width":250,"height":190,"caption":"CZ: SimplePlan.cz"},"image":{"@id":"https:\/\/www.simpleplan.cz\/cz\/#\/schema\/logo\/image\/"},"sameAs":["http:\/\/www.facebook.com\/simpleplancz","https:\/\/twitter.com\/simpleplancz","http:\/\/www.instagram.com\/simpleplancz","http:\/\/www.youtube.com\/simpleplancz"]},{"@type":"Person","@id":"https:\/\/www.simpleplan.cz\/cz\/#\/schema\/person\/bb90dd25f4baab7793fc73ab0b783730","name":"Dominika","image":{"@type":"ImageObject","inLanguage":"cs","@id":"https:\/\/www.simpleplan.cz\/cz\/#\/schema\/person\/image\/","url":"https:\/\/secure.gravatar.com\/avatar\/de55cb16a8578d56e96c89d1a0af3db5?s=96&d=mm&r=g","contentUrl":"https:\/\/secure.gravatar.com\/avatar\/de55cb16a8578d56e96c89d1a0af3db5?s=96&d=mm&r=g","caption":"Dominika"},"sameAs":["http:\/\/www.simpleplan.cz"],"url":"https:\/\/www.simpleplan.cz\/cz\/index.php\/author\/admin-2\/"}]}},"featured_image_urls":{"full":"","thumbnail":"","medium":"","medium_large":"","large":"","1536x1536":"","2048x2048":"","elegant-magazine-featured":"","elegant-magazine-medium":"","elegant-magazine-medium-small":"","elegant-magazine-thumbnail-small":""},"author_info":{"display_name":"Dominika","author_link":"https:\/\/www.simpleplan.cz\/cz\/index.php\/author\/admin-2\/"},"category_info":"<a href=\"https:\/\/www.simpleplan.cz\/cz\/index.php\/category\/koncerty\/\" rel=\"category tag\">koncerty<\/a>","tag_info":"koncerty","comment_count":"0","_links":{"self":[{"href":"https:\/\/www.simpleplan.cz\/cz\/index.php\/wp-json\/wp\/v2\/posts\/15106"}],"collection":[{"href":"https:\/\/www.simpleplan.cz\/cz\/index.php\/wp-json\/wp\/v2\/posts"}],"about":[{"href":"https:\/\/www.simpleplan.cz\/cz\/index.php\/wp-json\/wp\/v2\/types\/post"}],"author":[{"embeddable":true,"href":"https:\/\/www.simpleplan.cz\/cz\/index.php\/wp-json\/wp\/v2\/users\/5"}],"replies":[{"embeddable":true,"href":"https:\/\/www.simpleplan.cz\/cz\/index.php\/wp-json\/wp\/v2\/comments?post=15106"}],"version-history":[{"count":4,"href":"https:\/\/www.simpleplan.cz\/cz\/index.php\/wp-json\/wp\/v2\/posts\/15106\/revisions"}],"predecessor-version":[{"id":31244,"href":"https:\/\/www.simpleplan.cz\/cz\/index.php\/wp-json\/wp\/v2\/posts\/15106\/revisions\/31244"}],"wp:attachment":[{"href":"https:\/\/www.simpleplan.cz\/cz\/index.php\/wp-json\/wp\/v2\/media?parent=15106"}],"wp:term":[{"taxonomy":"category","embeddable":true,"href":"https:\/\/www.simpleplan.cz\/cz\/index.php\/wp-json\/wp\/v2\/categories?post=15106"},{"taxonomy":"post_tag","embeddable":true,"href":"https:\/\/www.simpleplan.cz\/cz\/index.php\/wp-json\/wp\/v2\/tags?post=15106"}],"curies":[{"name":"wp","href":"https:\/\/api.w.org\/{rel}","templated":true}]}}