{"id":15138,"date":"2014-07-01T10:57:58","date_gmt":"2014-07-01T08:57:58","guid":{"rendered":"http:\/\/www.simpleplan.cz\/cz\/?p=15138"},"modified":"2023-06-26T07:31:45","modified_gmt":"2023-06-26T05:31:45","slug":"jeff-v-radio-canada-o-nadchazejicim-dokumentu-the-event","status":"publish","type":"post","link":"https:\/\/www.simpleplan.cz\/cz\/index.php\/jeff-v-radio-canada-o-nadchazejicim-dokumentu-the-event\/","title":{"rendered":"Jeff v Radio Canada o nadch\u00e1zej\u00edc\u00edm dokumentu &#8222;The Event&#8220;"},"content":{"rendered":"<p>V\u010dera nav\u0161t\u00edvil Jeff Stinco r\u00e1diovou stanici <b>ICI Radio Canada<\/b>, kam byl pozv\u00e1n, aby zde hovo\u0159il o nadch\u00e1zej\u00edc\u00edm dokument\u00e1rn\u00edm po\u0159adu <b>&#8222;The Event&#8220;<\/b>,  kter\u00fd s\u00e1m tak\u00e9 produkuje, a jeho\u017e prvn\u00ed epizoda vyjde ji\u017e z\u00edtra, <b>2. \u010dervence<\/b>.<\/p>\n<p>Tento program bude dokumentovat pozad\u00ed velk\u00fdch letn\u00edch hudebn\u00edch akc\u00ed, kter\u00e9 obsahuj\u00ed vystoupen\u00ed takov\u00fdch um\u011blc\u016f jako je Louis-Jean Cormier, Woodkid, \u00c9ric Lapointe, Marie-Mai a nebo Diana Krall. <\/p>\n<p>N\u00ed\u017ee si m\u016f\u017eete p\u0159e\u010d\u00edst n\u011bkolik <b>v\u00fd\u0148atk\u016f z Jeffova rozhovoru<\/b>, kter\u00e9 se tohoto po\u0159adu t\u00fdkaj\u00ed, a kter\u00e9 byly obsa\u017eeny v doprovodn\u00e9m \u010dl\u00e1nku na str\u00e1nk\u00e1ch Radio Canada:<br \/>\n\u00a0<\/p>\n<blockquote><p>&#8222;\u010casto vid\u00edme lidi v z\u00e1kulis\u00ed, jak t\u0159eba st\u011bhuj\u00ed r\u016fzn\u00e9 krabice&#8230; A \u010dlov\u011bk si uv\u011bdom\u00ed, \u017ee ani nev\u00ed, co to vlastn\u011b d\u011blaj\u00ed. Ale v tomto po\u0159adu se chceme zab\u00fdvat tak\u00e9 lidskou str\u00e1nkou t\u011bchto osob. \u010casto se t\u0159eba st\u00e1v\u00e1, \u017ee po dobu cel\u00e9ho festivalu tito lid\u00e9 v\u016fbec nevid\u00ed sv\u00e9 rodiny.&#8220;<br \/>\n\u00a0<br \/>\n&#8222;V\u00edc ne\u017e dramatick\u00e1 str\u00e1nka t\u011bchto akc\u00ed m\u011b zaj\u00edm\u00e1 n\u011bco jin\u00e9ho. Zaj\u00edmaj\u00ed mne lid\u00e9, kte\u0159\u00ed proch\u00e1zej\u00ed r\u016fzn\u00fdmi v\u00fdzvami.&#8220;<\/p><\/blockquote>\n<p>Cel\u00fd rozhovor s Jeffem z Radio Canada najdete (ve francouz\u0161tin\u011b) <a href=\"http:\/\/ici.radio-canada.ca\/emissions\/pm\/2013-2014\/archives.asp?date=2014\/06\/30&#038;indTime=2323&#038;idmedia=7114173\" target=\"_blank\" rel=\"noopener\">zde<\/a> a n\u00ed\u017ee si m\u016f\u017eete prohl\u00e9dnout fotku Jeffa po\u0159\u00edzenou b\u011bhem tohoto rozhovoru:<\/p>\n<p><center><a href=\"http:\/\/www.simpleplan.cz\/gallery\/thumbnails.php?album=1948\" target=\"_blank\" rel=\"noopener\"><img decoding=\"async\" src=\"http:\/\/www.simpleplan.cz\/gal\/3976.gif\"\/><\/a><\/center><\/p>\n<div class=\"fblikebutton_button\" style=\"float: left; padding-top: 20px; margin-right: 20px; padding-bottom: 20px; padding-left: 20px;\"><iframe src=\"http:\/\/www.facebook.com\/plugins\/like.php?href=https%3A%2F%2Fwww.simpleplan.cz%2Fcz%2Findex.php%2Fjeff-v-radio-canada-o-nadchazejicim-dokumentu-the-event%2F&amp;layout=standard&amp;show-faces=false&amp;width=450&amp;action=like&amp;colorscheme=light\" scrolling=\"no\" frameborder=\"0\" allowTransparency=\"true\" style=\"border:none; overflow:hidden; width:450px; height:26px\"><\/iframe><\/div>\n","protected":false},"excerpt":{"rendered":"<p>V\u010dera nav\u0161t\u00edvil Jeff Stinco r\u00e1diovou stanici ICI Radio Canada, kam byl pozv\u00e1n, aby zde hovo\u0159il<\/p>\n","protected":false},"author":5,"featured_media":0,"comment_status":"open","ping_status":"open","sticky":false,"template":"","format":"standard","meta":{"footnotes":"","fifu_image_url":"","fifu_image_alt":""},"categories":[9,4],"tags":[1643,863,1631],"yoast_head":"<!-- This site is optimized with the Yoast SEO plugin v20.9 - https:\/\/yoast.com\/wordpress\/plugins\/seo\/ -->\n<title>Jeff v Radio Canada o nadch\u00e1zej\u00edc\u00edm dokumentu &quot;The Event&quot; | CZ: SimplePlan.cz<\/title>\n<meta name=\"robots\" content=\"index, follow, max-snippet:-1, max-image-preview:large, max-video-preview:-1\" \/>\n<link rel=\"canonical\" href=\"https:\/\/www.simpleplan.cz\/cz\/index.php\/jeff-v-radio-canada-o-nadchazejicim-dokumentu-the-event\/\" \/>\n<meta property=\"og:locale\" content=\"cs_CZ\" \/>\n<meta property=\"og:type\" content=\"article\" \/>\n<meta property=\"og:title\" content=\"Jeff v Radio Canada o nadch\u00e1zej\u00edc\u00edm dokumentu &quot;The Event&quot; | CZ: SimplePlan.cz\" \/>\n<meta property=\"og:description\" content=\"V\u010dera nav\u0161t\u00edvil Jeff Stinco r\u00e1diovou stanici ICI Radio Canada, kam byl pozv\u00e1n, aby zde hovo\u0159il\" \/>\n<meta property=\"og:url\" content=\"https:\/\/www.simpleplan.cz\/cz\/index.php\/jeff-v-radio-canada-o-nadchazejicim-dokumentu-the-event\/\" \/>\n<meta property=\"og:site_name\" content=\"CZ: SimplePlan.cz\" \/>\n<meta property=\"article:publisher\" content=\"http:\/\/www.facebook.com\/simpleplancz\" \/>\n<meta property=\"article:published_time\" content=\"2014-07-01T08:57:58+00:00\" \/>\n<meta property=\"article:modified_time\" content=\"2023-06-26T05:31:45+00:00\" \/>\n<meta property=\"og:image\" content=\"http:\/\/www.simpleplan.cz\/gal\/3976.gif\" \/>\n<meta name=\"author\" content=\"Dominika\" \/>\n<meta name=\"twitter:card\" content=\"summary_large_image\" \/>\n<meta name=\"twitter:creator\" content=\"@simpleplancz\" \/>\n<meta name=\"twitter:site\" content=\"@simpleplancz\" \/>\n<meta name=\"twitter:label1\" content=\"Napsal(a)\" \/>\n\t<meta name=\"twitter:data1\" content=\"Dominika\" \/>\n\t<meta name=\"twitter:label2\" content=\"Odhadovan\u00e1 doba \u010dten\u00ed\" \/>\n\t<meta name=\"twitter:data2\" content=\"1 minuta\" \/>\n<script type=\"application\/ld+json\" class=\"yoast-schema-graph\">{\"@context\":\"https:\/\/schema.org\",\"@graph\":[{\"@type\":\"Article\",\"@id\":\"https:\/\/www.simpleplan.cz\/cz\/index.php\/jeff-v-radio-canada-o-nadchazejicim-dokumentu-the-event\/#article\",\"isPartOf\":{\"@id\":\"https:\/\/www.simpleplan.cz\/cz\/index.php\/jeff-v-radio-canada-o-nadchazejicim-dokumentu-the-event\/\"},\"author\":{\"name\":\"Dominika\",\"@id\":\"https:\/\/www.simpleplan.cz\/cz\/#\/schema\/person\/bb90dd25f4baab7793fc73ab0b783730\"},\"headline\":\"Jeff v Radio Canada o nadch\u00e1zej\u00edc\u00edm dokumentu &#8222;The Event&#8220;\",\"datePublished\":\"2014-07-01T08:57:58+00:00\",\"dateModified\":\"2023-06-26T05:31:45+00:00\",\"mainEntityOfPage\":{\"@id\":\"https:\/\/www.simpleplan.cz\/cz\/index.php\/jeff-v-radio-canada-o-nadchazejicim-dokumentu-the-event\/\"},\"wordCount\":248,\"commentCount\":0,\"publisher\":{\"@id\":\"https:\/\/www.simpleplan.cz\/cz\/#organization\"},\"keywords\":[\"ICI Radio Canada\",\"Radio Canada\",\"The Event\"],\"articleSection\":[\"fotky\",\"Jeff\"],\"inLanguage\":\"cs\",\"potentialAction\":[{\"@type\":\"CommentAction\",\"name\":\"Comment\",\"target\":[\"https:\/\/www.simpleplan.cz\/cz\/index.php\/jeff-v-radio-canada-o-nadchazejicim-dokumentu-the-event\/#respond\"]}]},{\"@type\":\"WebPage\",\"@id\":\"https:\/\/www.simpleplan.cz\/cz\/index.php\/jeff-v-radio-canada-o-nadchazejicim-dokumentu-the-event\/\",\"url\":\"https:\/\/www.simpleplan.cz\/cz\/index.php\/jeff-v-radio-canada-o-nadchazejicim-dokumentu-the-event\/\",\"name\":\"Jeff v Radio Canada o nadch\u00e1zej\u00edc\u00edm dokumentu \\\"The Event\\\" | CZ: SimplePlan.cz\",\"isPartOf\":{\"@id\":\"https:\/\/www.simpleplan.cz\/cz\/#website\"},\"datePublished\":\"2014-07-01T08:57:58+00:00\",\"dateModified\":\"2023-06-26T05:31:45+00:00\",\"breadcrumb\":{\"@id\":\"https:\/\/www.simpleplan.cz\/cz\/index.php\/jeff-v-radio-canada-o-nadchazejicim-dokumentu-the-event\/#breadcrumb\"},\"inLanguage\":\"cs\",\"potentialAction\":[{\"@type\":\"ReadAction\",\"target\":[\"https:\/\/www.simpleplan.cz\/cz\/index.php\/jeff-v-radio-canada-o-nadchazejicim-dokumentu-the-event\/\"]}]},{\"@type\":\"BreadcrumbList\",\"@id\":\"https:\/\/www.simpleplan.cz\/cz\/index.php\/jeff-v-radio-canada-o-nadchazejicim-dokumentu-the-event\/#breadcrumb\",\"itemListElement\":[{\"@type\":\"ListItem\",\"position\":1,\"name\":\"Dom\u016f\",\"item\":\"https:\/\/www.simpleplan.cz\/cz\/\"},{\"@type\":\"ListItem\",\"position\":2,\"name\":\"fotky\",\"item\":\"https:\/\/www.simpleplan.cz\/cz\/index.php\/category\/fotky\/\"},{\"@type\":\"ListItem\",\"position\":3,\"name\":\"Jeff v Radio Canada o nadch\u00e1zej\u00edc\u00edm dokumentu &#8222;The Event&#8220;\"}]},{\"@type\":\"WebSite\",\"@id\":\"https:\/\/www.simpleplan.cz\/cz\/#website\",\"url\":\"https:\/\/www.simpleplan.cz\/cz\/\",\"name\":\"CZ: SimplePlan.cz\",\"description\":\"Nejlep\u0161\u00ed zdroj informac\u00ed o kapele Simple Plan\",\"publisher\":{\"@id\":\"https:\/\/www.simpleplan.cz\/cz\/#organization\"},\"potentialAction\":[{\"@type\":\"SearchAction\",\"target\":{\"@type\":\"EntryPoint\",\"urlTemplate\":\"https:\/\/www.simpleplan.cz\/cz\/?s={search_term_string}\"},\"query-input\":\"required name=search_term_string\"}],\"inLanguage\":\"cs\"},{\"@type\":\"Organization\",\"@id\":\"https:\/\/www.simpleplan.cz\/cz\/#organization\",\"name\":\"CZ: SimplePlan.cz\",\"url\":\"https:\/\/www.simpleplan.cz\/cz\/\",\"logo\":{\"@type\":\"ImageObject\",\"inLanguage\":\"cs\",\"@id\":\"https:\/\/www.simpleplan.cz\/cz\/#\/schema\/logo\/image\/\",\"url\":\"https:\/\/www.simpleplan.cz\/cz\/wp-content\/uploads\/spczlogo.png\",\"contentUrl\":\"https:\/\/www.simpleplan.cz\/cz\/wp-content\/uploads\/spczlogo.png\",\"width\":250,\"height\":190,\"caption\":\"CZ: SimplePlan.cz\"},\"image\":{\"@id\":\"https:\/\/www.simpleplan.cz\/cz\/#\/schema\/logo\/image\/\"},\"sameAs\":[\"http:\/\/www.facebook.com\/simpleplancz\",\"https:\/\/twitter.com\/simpleplancz\",\"http:\/\/www.instagram.com\/simpleplancz\",\"http:\/\/www.youtube.com\/simpleplancz\"]},{\"@type\":\"Person\",\"@id\":\"https:\/\/www.simpleplan.cz\/cz\/#\/schema\/person\/bb90dd25f4baab7793fc73ab0b783730\",\"name\":\"Dominika\",\"image\":{\"@type\":\"ImageObject\",\"inLanguage\":\"cs\",\"@id\":\"https:\/\/www.simpleplan.cz\/cz\/#\/schema\/person\/image\/\",\"url\":\"https:\/\/secure.gravatar.com\/avatar\/de55cb16a8578d56e96c89d1a0af3db5?s=96&d=mm&r=g\",\"contentUrl\":\"https:\/\/secure.gravatar.com\/avatar\/de55cb16a8578d56e96c89d1a0af3db5?s=96&d=mm&r=g\",\"caption\":\"Dominika\"},\"sameAs\":[\"http:\/\/www.simpleplan.cz\"],\"url\":\"https:\/\/www.simpleplan.cz\/cz\/index.php\/author\/admin-2\/\"}]}<\/script>\n<!-- \/ Yoast SEO plugin. -->","yoast_head_json":{"title":"Jeff v Radio Canada o nadch\u00e1zej\u00edc\u00edm dokumentu \"The Event\" | CZ: SimplePlan.cz","robots":{"index":"index","follow":"follow","max-snippet":"max-snippet:-1","max-image-preview":"max-image-preview:large","max-video-preview":"max-video-preview:-1"},"canonical":"https:\/\/www.simpleplan.cz\/cz\/index.php\/jeff-v-radio-canada-o-nadchazejicim-dokumentu-the-event\/","og_locale":"cs_CZ","og_type":"article","og_title":"Jeff v Radio Canada o nadch\u00e1zej\u00edc\u00edm dokumentu \"The Event\" | CZ: SimplePlan.cz","og_description":"V\u010dera nav\u0161t\u00edvil Jeff Stinco r\u00e1diovou stanici ICI Radio Canada, kam byl pozv\u00e1n, aby zde hovo\u0159il","og_url":"https:\/\/www.simpleplan.cz\/cz\/index.php\/jeff-v-radio-canada-o-nadchazejicim-dokumentu-the-event\/","og_site_name":"CZ: SimplePlan.cz","article_publisher":"http:\/\/www.facebook.com\/simpleplancz","article_published_time":"2014-07-01T08:57:58+00:00","article_modified_time":"2023-06-26T05:31:45+00:00","og_image":[{"url":"http:\/\/www.simpleplan.cz\/gal\/3976.gif"}],"author":"Dominika","twitter_card":"summary_large_image","twitter_creator":"@simpleplancz","twitter_site":"@simpleplancz","twitter_misc":{"Napsal(a)":"Dominika","Odhadovan\u00e1 doba \u010dten\u00ed":"1 minuta"},"schema":{"@context":"https:\/\/schema.org","@graph":[{"@type":"Article","@id":"https:\/\/www.simpleplan.cz\/cz\/index.php\/jeff-v-radio-canada-o-nadchazejicim-dokumentu-the-event\/#article","isPartOf":{"@id":"https:\/\/www.simpleplan.cz\/cz\/index.php\/jeff-v-radio-canada-o-nadchazejicim-dokumentu-the-event\/"},"author":{"name":"Dominika","@id":"https:\/\/www.simpleplan.cz\/cz\/#\/schema\/person\/bb90dd25f4baab7793fc73ab0b783730"},"headline":"Jeff v Radio Canada o nadch\u00e1zej\u00edc\u00edm dokumentu &#8222;The Event&#8220;","datePublished":"2014-07-01T08:57:58+00:00","dateModified":"2023-06-26T05:31:45+00:00","mainEntityOfPage":{"@id":"https:\/\/www.simpleplan.cz\/cz\/index.php\/jeff-v-radio-canada-o-nadchazejicim-dokumentu-the-event\/"},"wordCount":248,"commentCount":0,"publisher":{"@id":"https:\/\/www.simpleplan.cz\/cz\/#organization"},"keywords":["ICI Radio Canada","Radio Canada","The Event"],"articleSection":["fotky","Jeff"],"inLanguage":"cs","potentialAction":[{"@type":"CommentAction","name":"Comment","target":["https:\/\/www.simpleplan.cz\/cz\/index.php\/jeff-v-radio-canada-o-nadchazejicim-dokumentu-the-event\/#respond"]}]},{"@type":"WebPage","@id":"https:\/\/www.simpleplan.cz\/cz\/index.php\/jeff-v-radio-canada-o-nadchazejicim-dokumentu-the-event\/","url":"https:\/\/www.simpleplan.cz\/cz\/index.php\/jeff-v-radio-canada-o-nadchazejicim-dokumentu-the-event\/","name":"Jeff v Radio Canada o nadch\u00e1zej\u00edc\u00edm dokumentu \"The Event\" | CZ: SimplePlan.cz","isPartOf":{"@id":"https:\/\/www.simpleplan.cz\/cz\/#website"},"datePublished":"2014-07-01T08:57:58+00:00","dateModified":"2023-06-26T05:31:45+00:00","breadcrumb":{"@id":"https:\/\/www.simpleplan.cz\/cz\/index.php\/jeff-v-radio-canada-o-nadchazejicim-dokumentu-the-event\/#breadcrumb"},"inLanguage":"cs","potentialAction":[{"@type":"ReadAction","target":["https:\/\/www.simpleplan.cz\/cz\/index.php\/jeff-v-radio-canada-o-nadchazejicim-dokumentu-the-event\/"]}]},{"@type":"BreadcrumbList","@id":"https:\/\/www.simpleplan.cz\/cz\/index.php\/jeff-v-radio-canada-o-nadchazejicim-dokumentu-the-event\/#breadcrumb","itemListElement":[{"@type":"ListItem","position":1,"name":"Dom\u016f","item":"https:\/\/www.simpleplan.cz\/cz\/"},{"@type":"ListItem","position":2,"name":"fotky","item":"https:\/\/www.simpleplan.cz\/cz\/index.php\/category\/fotky\/"},{"@type":"ListItem","position":3,"name":"Jeff v Radio Canada o nadch\u00e1zej\u00edc\u00edm dokumentu &#8222;The Event&#8220;"}]},{"@type":"WebSite","@id":"https:\/\/www.simpleplan.cz\/cz\/#website","url":"https:\/\/www.simpleplan.cz\/cz\/","name":"CZ: SimplePlan.cz","description":"Nejlep\u0161\u00ed zdroj informac\u00ed o kapele Simple Plan","publisher":{"@id":"https:\/\/www.simpleplan.cz\/cz\/#organization"},"potentialAction":[{"@type":"SearchAction","target":{"@type":"EntryPoint","urlTemplate":"https:\/\/www.simpleplan.cz\/cz\/?s={search_term_string}"},"query-input":"required name=search_term_string"}],"inLanguage":"cs"},{"@type":"Organization","@id":"https:\/\/www.simpleplan.cz\/cz\/#organization","name":"CZ: SimplePlan.cz","url":"https:\/\/www.simpleplan.cz\/cz\/","logo":{"@type":"ImageObject","inLanguage":"cs","@id":"https:\/\/www.simpleplan.cz\/cz\/#\/schema\/logo\/image\/","url":"https:\/\/www.simpleplan.cz\/cz\/wp-content\/uploads\/spczlogo.png","contentUrl":"https:\/\/www.simpleplan.cz\/cz\/wp-content\/uploads\/spczlogo.png","width":250,"height":190,"caption":"CZ: SimplePlan.cz"},"image":{"@id":"https:\/\/www.simpleplan.cz\/cz\/#\/schema\/logo\/image\/"},"sameAs":["http:\/\/www.facebook.com\/simpleplancz","https:\/\/twitter.com\/simpleplancz","http:\/\/www.instagram.com\/simpleplancz","http:\/\/www.youtube.com\/simpleplancz"]},{"@type":"Person","@id":"https:\/\/www.simpleplan.cz\/cz\/#\/schema\/person\/bb90dd25f4baab7793fc73ab0b783730","name":"Dominika","image":{"@type":"ImageObject","inLanguage":"cs","@id":"https:\/\/www.simpleplan.cz\/cz\/#\/schema\/person\/image\/","url":"https:\/\/secure.gravatar.com\/avatar\/de55cb16a8578d56e96c89d1a0af3db5?s=96&d=mm&r=g","contentUrl":"https:\/\/secure.gravatar.com\/avatar\/de55cb16a8578d56e96c89d1a0af3db5?s=96&d=mm&r=g","caption":"Dominika"},"sameAs":["http:\/\/www.simpleplan.cz"],"url":"https:\/\/www.simpleplan.cz\/cz\/index.php\/author\/admin-2\/"}]}},"featured_image_urls":{"full":"","thumbnail":"","medium":"","medium_large":"","large":"","1536x1536":"","2048x2048":"","elegant-magazine-featured":"","elegant-magazine-medium":"","elegant-magazine-medium-small":"","elegant-magazine-thumbnail-small":""},"author_info":{"display_name":"Dominika","author_link":"https:\/\/www.simpleplan.cz\/cz\/index.php\/author\/admin-2\/"},"category_info":"<a href=\"https:\/\/www.simpleplan.cz\/cz\/index.php\/category\/fotky\/\" rel=\"category tag\">fotky<\/a> <a href=\"https:\/\/www.simpleplan.cz\/cz\/index.php\/category\/jeff\/\" rel=\"category tag\">Jeff<\/a>","tag_info":"Jeff","comment_count":"0","_links":{"self":[{"href":"https:\/\/www.simpleplan.cz\/cz\/index.php\/wp-json\/wp\/v2\/posts\/15138"}],"collection":[{"href":"https:\/\/www.simpleplan.cz\/cz\/index.php\/wp-json\/wp\/v2\/posts"}],"about":[{"href":"https:\/\/www.simpleplan.cz\/cz\/index.php\/wp-json\/wp\/v2\/types\/post"}],"author":[{"embeddable":true,"href":"https:\/\/www.simpleplan.cz\/cz\/index.php\/wp-json\/wp\/v2\/users\/5"}],"replies":[{"embeddable":true,"href":"https:\/\/www.simpleplan.cz\/cz\/index.php\/wp-json\/wp\/v2\/comments?post=15138"}],"version-history":[{"count":2,"href":"https:\/\/www.simpleplan.cz\/cz\/index.php\/wp-json\/wp\/v2\/posts\/15138\/revisions"}],"predecessor-version":[{"id":31236,"href":"https:\/\/www.simpleplan.cz\/cz\/index.php\/wp-json\/wp\/v2\/posts\/15138\/revisions\/31236"}],"wp:attachment":[{"href":"https:\/\/www.simpleplan.cz\/cz\/index.php\/wp-json\/wp\/v2\/media?parent=15138"}],"wp:term":[{"taxonomy":"category","embeddable":true,"href":"https:\/\/www.simpleplan.cz\/cz\/index.php\/wp-json\/wp\/v2\/categories?post=15138"},{"taxonomy":"post_tag","embeddable":true,"href":"https:\/\/www.simpleplan.cz\/cz\/index.php\/wp-json\/wp\/v2\/tags?post=15138"}],"curies":[{"name":"wp","href":"https:\/\/api.w.org\/{rel}","templated":true}]}}