{"id":15395,"date":"2014-07-25T12:50:47","date_gmt":"2014-07-25T10:50:47","guid":{"rendered":"http:\/\/www.simpleplan.cz\/cz\/?p=15395"},"modified":"2023-06-26T07:31:40","modified_gmt":"2023-06-26T05:31:40","slug":"chuck-se-priznal-ke-spolu-vlastneni-idobi-radia","status":"publish","type":"post","link":"https:\/\/www.simpleplan.cz\/cz\/index.php\/chuck-se-priznal-ke-spolu-vlastneni-idobi-radia\/","title":{"rendered":"Chuck se p\u0159iznal ke spolu-vlastn\u011bn\u00ed Idobi r\u00e1dia"},"content":{"rendered":"<p><img decoding=\"async\" style=\"margin: 6px;\" src=\"http:\/\/static.rad.io\/images\/broadcasts\/74\/37\/1648\/w175.png\" alt=\"\" align=\"left\" \/>V\u010dera ofici\u00e1ln\u00ed Twitter \u00fa\u010det Idobi r\u00e1dia zve\u0159ejnil dal\u0161\u00ed fotografii z Alternative Press Music Awards s popiskem <i>&#8222;3\/5 z majitel\u016f Idobi r\u00e1dia na APMAs&#8220;<\/i>, p\u0159i\u010dem\u017e fotografie obsahovala <b>Chucka Comeau ze Simple Plan<\/b>, r\u00e1diov\u00e9ho moder\u00e1tora Eddieho Barella a zakladatele Idobi a jeho CEO &#8211; Toma Cheneyho. Pozd\u011bji ten sam\u00fd den Chuck danou fotografii retweetoval s pozn\u00e1mkou: <i>&#8222;T\u011bm majitel\u016fm to ale slu\u0161\u00ed!&#8220;<\/i>. Tak\u017ee pokud se nejedn\u00e1 o n\u011bjak\u00fd soukrom\u00fd vtip, <b>vypad\u00e1 to, \u017ee Chuck Comeau skute\u010dn\u011b v sou\u010dasn\u00e9 dob\u011b spolu-vlastn\u00ed Idobi r\u00e1dio<\/b> spole\u010dn\u011b s dal\u0161\u00edmi \u010dty\u0159mi lidmi. <\/p>\n<p>Idobi r\u00e1dio m\u00e1 ji\u017e po mnoho let velmi siln\u00e9 vztahy se Simple Plan. Nejen\u017ee r\u00e1dio velmi \u010dasto hraje jejich p\u00edsn\u011b a zve\u0159ej\u0148uje s nimi rozhovory, jeden ze \u010dlen\u016f Simple Plan &#8211; Sebastien Lefebvre &#8211; na n\u011bm ji\u017e od roku 2006 vys\u00edl\u00e1 spolu s b\u00fdval\u00fdm merch guyem a fotografem\/kameramanem SP Patrickem Langlois vlastn\u00ed r\u00e1diov\u00fd po\u0159ad &#8211; <a href=\"http:\/\/www.simpleplan.cz\/cz\/index.php\/kapela\/vedlejsi-projekty\/man-of-the-hour\/\" title=\"Man Of The Hour\" target=\"_blank\" rel=\"noopener\">Man Of The Hour<\/a>. Dal\u00ed \u010dlenov\u00e9 Simple Plan se v minulosti v tomto po\u0159adu tak\u00e9 objevili.<\/p>\n<p>V galerii si nyn\u00ed m\u016f\u017eete prohl\u00e9dnout fotografii, kter\u00e1 pro n\u00e1s odhalila jeden z Chuckov\u00fdch vedlej\u0161\u00edch projekt\u016f: <\/p>\n<p><center><a href=\"http:\/\/www.simpleplan.cz\/gallery\/thumbnails.php?album=1964\" target=\"_blank\" rel=\"noopener\"><img decoding=\"async\" src=\"http:\/\/www.simpleplan.cz\/gal\/4012.gif\"\/><\/a><\/center> <\/p>\n<div class=\"fblikebutton_button\" style=\"float: left; padding-top: 20px; margin-right: 20px; padding-bottom: 20px; padding-left: 20px;\"><iframe src=\"http:\/\/www.facebook.com\/plugins\/like.php?href=https%3A%2F%2Fwww.simpleplan.cz%2Fcz%2Findex.php%2Fchuck-se-priznal-ke-spolu-vlastneni-idobi-radia%2F&amp;layout=standard&amp;show-faces=false&amp;width=450&amp;action=like&amp;colorscheme=light\" scrolling=\"no\" frameborder=\"0\" allowTransparency=\"true\" style=\"border:none; overflow:hidden; width:450px; height:26px\"><\/iframe><\/div>\n","protected":false},"excerpt":{"rendered":"<p>V\u010dera ofici\u00e1ln\u00ed Twitter \u00fa\u010det Idobi r\u00e1dia zve\u0159ejnil dal\u0161\u00ed fotografii z Alternative Press Music Awards s<\/p>\n","protected":false},"author":5,"featured_media":0,"comment_status":"open","ping_status":"open","sticky":false,"template":"","format":"standard","meta":{"footnotes":"","fifu_image_url":"","fifu_image_alt":""},"categories":[1,9,18],"tags":[129],"yoast_head":"<!-- This site is optimized with the Yoast SEO plugin v20.9 - https:\/\/yoast.com\/wordpress\/plugins\/seo\/ -->\n<title>Chuck se p\u0159iznal ke spolu-vlastn\u011bn\u00ed Idobi r\u00e1dia | CZ: SimplePlan.cz<\/title>\n<meta name=\"robots\" content=\"index, follow, max-snippet:-1, max-image-preview:large, max-video-preview:-1\" \/>\n<link rel=\"canonical\" href=\"https:\/\/www.simpleplan.cz\/cz\/index.php\/chuck-se-priznal-ke-spolu-vlastneni-idobi-radia\/\" \/>\n<meta property=\"og:locale\" content=\"cs_CZ\" \/>\n<meta property=\"og:type\" content=\"article\" \/>\n<meta property=\"og:title\" content=\"Chuck se p\u0159iznal ke spolu-vlastn\u011bn\u00ed Idobi r\u00e1dia | CZ: SimplePlan.cz\" \/>\n<meta property=\"og:description\" content=\"V\u010dera ofici\u00e1ln\u00ed Twitter \u00fa\u010det Idobi r\u00e1dia zve\u0159ejnil dal\u0161\u00ed fotografii z Alternative Press Music Awards s\" \/>\n<meta property=\"og:url\" content=\"https:\/\/www.simpleplan.cz\/cz\/index.php\/chuck-se-priznal-ke-spolu-vlastneni-idobi-radia\/\" \/>\n<meta property=\"og:site_name\" content=\"CZ: SimplePlan.cz\" \/>\n<meta property=\"article:publisher\" content=\"http:\/\/www.facebook.com\/simpleplancz\" \/>\n<meta property=\"article:published_time\" content=\"2014-07-25T10:50:47+00:00\" \/>\n<meta property=\"article:modified_time\" content=\"2023-06-26T05:31:40+00:00\" \/>\n<meta property=\"og:image\" content=\"http:\/\/static.rad.io\/images\/broadcasts\/74\/37\/1648\/w175.png\" \/>\n<meta name=\"author\" content=\"Dominika\" \/>\n<meta name=\"twitter:card\" content=\"summary_large_image\" \/>\n<meta name=\"twitter:creator\" content=\"@simpleplancz\" \/>\n<meta name=\"twitter:site\" content=\"@simpleplancz\" \/>\n<meta name=\"twitter:label1\" content=\"Napsal(a)\" \/>\n\t<meta name=\"twitter:data1\" content=\"Dominika\" \/>\n\t<meta name=\"twitter:label2\" content=\"Odhadovan\u00e1 doba \u010dten\u00ed\" \/>\n\t<meta name=\"twitter:data2\" content=\"1 minuta\" \/>\n<script type=\"application\/ld+json\" class=\"yoast-schema-graph\">{\"@context\":\"https:\/\/schema.org\",\"@graph\":[{\"@type\":\"Article\",\"@id\":\"https:\/\/www.simpleplan.cz\/cz\/index.php\/chuck-se-priznal-ke-spolu-vlastneni-idobi-radia\/#article\",\"isPartOf\":{\"@id\":\"https:\/\/www.simpleplan.cz\/cz\/index.php\/chuck-se-priznal-ke-spolu-vlastneni-idobi-radia\/\"},\"author\":{\"name\":\"Dominika\",\"@id\":\"https:\/\/www.simpleplan.cz\/cz\/#\/schema\/person\/bb90dd25f4baab7793fc73ab0b783730\"},\"headline\":\"Chuck se p\u0159iznal ke spolu-vlastn\u011bn\u00ed Idobi r\u00e1dia\",\"datePublished\":\"2014-07-25T10:50:47+00:00\",\"dateModified\":\"2023-06-26T05:31:40+00:00\",\"mainEntityOfPage\":{\"@id\":\"https:\/\/www.simpleplan.cz\/cz\/index.php\/chuck-se-priznal-ke-spolu-vlastneni-idobi-radia\/\"},\"wordCount\":220,\"commentCount\":1,\"publisher\":{\"@id\":\"https:\/\/www.simpleplan.cz\/cz\/#organization\"},\"keywords\":[\"idobi radio\"],\"articleSection\":[\"Chuck\",\"fotky\",\"m\u00e9dia\"],\"inLanguage\":\"cs\",\"potentialAction\":[{\"@type\":\"CommentAction\",\"name\":\"Comment\",\"target\":[\"https:\/\/www.simpleplan.cz\/cz\/index.php\/chuck-se-priznal-ke-spolu-vlastneni-idobi-radia\/#respond\"]}]},{\"@type\":\"WebPage\",\"@id\":\"https:\/\/www.simpleplan.cz\/cz\/index.php\/chuck-se-priznal-ke-spolu-vlastneni-idobi-radia\/\",\"url\":\"https:\/\/www.simpleplan.cz\/cz\/index.php\/chuck-se-priznal-ke-spolu-vlastneni-idobi-radia\/\",\"name\":\"Chuck se p\u0159iznal ke spolu-vlastn\u011bn\u00ed Idobi r\u00e1dia | CZ: SimplePlan.cz\",\"isPartOf\":{\"@id\":\"https:\/\/www.simpleplan.cz\/cz\/#website\"},\"datePublished\":\"2014-07-25T10:50:47+00:00\",\"dateModified\":\"2023-06-26T05:31:40+00:00\",\"breadcrumb\":{\"@id\":\"https:\/\/www.simpleplan.cz\/cz\/index.php\/chuck-se-priznal-ke-spolu-vlastneni-idobi-radia\/#breadcrumb\"},\"inLanguage\":\"cs\",\"potentialAction\":[{\"@type\":\"ReadAction\",\"target\":[\"https:\/\/www.simpleplan.cz\/cz\/index.php\/chuck-se-priznal-ke-spolu-vlastneni-idobi-radia\/\"]}]},{\"@type\":\"BreadcrumbList\",\"@id\":\"https:\/\/www.simpleplan.cz\/cz\/index.php\/chuck-se-priznal-ke-spolu-vlastneni-idobi-radia\/#breadcrumb\",\"itemListElement\":[{\"@type\":\"ListItem\",\"position\":1,\"name\":\"Dom\u016f\",\"item\":\"https:\/\/www.simpleplan.cz\/cz\/\"},{\"@type\":\"ListItem\",\"position\":2,\"name\":\"Chuck\",\"item\":\"https:\/\/www.simpleplan.cz\/cz\/index.php\/category\/chuck\/\"},{\"@type\":\"ListItem\",\"position\":3,\"name\":\"Chuck se p\u0159iznal ke spolu-vlastn\u011bn\u00ed Idobi r\u00e1dia\"}]},{\"@type\":\"WebSite\",\"@id\":\"https:\/\/www.simpleplan.cz\/cz\/#website\",\"url\":\"https:\/\/www.simpleplan.cz\/cz\/\",\"name\":\"CZ: SimplePlan.cz\",\"description\":\"Nejlep\u0161\u00ed zdroj informac\u00ed o kapele Simple Plan\",\"publisher\":{\"@id\":\"https:\/\/www.simpleplan.cz\/cz\/#organization\"},\"potentialAction\":[{\"@type\":\"SearchAction\",\"target\":{\"@type\":\"EntryPoint\",\"urlTemplate\":\"https:\/\/www.simpleplan.cz\/cz\/?s={search_term_string}\"},\"query-input\":\"required name=search_term_string\"}],\"inLanguage\":\"cs\"},{\"@type\":\"Organization\",\"@id\":\"https:\/\/www.simpleplan.cz\/cz\/#organization\",\"name\":\"CZ: SimplePlan.cz\",\"url\":\"https:\/\/www.simpleplan.cz\/cz\/\",\"logo\":{\"@type\":\"ImageObject\",\"inLanguage\":\"cs\",\"@id\":\"https:\/\/www.simpleplan.cz\/cz\/#\/schema\/logo\/image\/\",\"url\":\"https:\/\/www.simpleplan.cz\/cz\/wp-content\/uploads\/spczlogo.png\",\"contentUrl\":\"https:\/\/www.simpleplan.cz\/cz\/wp-content\/uploads\/spczlogo.png\",\"width\":250,\"height\":190,\"caption\":\"CZ: SimplePlan.cz\"},\"image\":{\"@id\":\"https:\/\/www.simpleplan.cz\/cz\/#\/schema\/logo\/image\/\"},\"sameAs\":[\"http:\/\/www.facebook.com\/simpleplancz\",\"https:\/\/twitter.com\/simpleplancz\",\"http:\/\/www.instagram.com\/simpleplancz\",\"http:\/\/www.youtube.com\/simpleplancz\"]},{\"@type\":\"Person\",\"@id\":\"https:\/\/www.simpleplan.cz\/cz\/#\/schema\/person\/bb90dd25f4baab7793fc73ab0b783730\",\"name\":\"Dominika\",\"image\":{\"@type\":\"ImageObject\",\"inLanguage\":\"cs\",\"@id\":\"https:\/\/www.simpleplan.cz\/cz\/#\/schema\/person\/image\/\",\"url\":\"https:\/\/secure.gravatar.com\/avatar\/de55cb16a8578d56e96c89d1a0af3db5?s=96&d=mm&r=g\",\"contentUrl\":\"https:\/\/secure.gravatar.com\/avatar\/de55cb16a8578d56e96c89d1a0af3db5?s=96&d=mm&r=g\",\"caption\":\"Dominika\"},\"sameAs\":[\"http:\/\/www.simpleplan.cz\"],\"url\":\"https:\/\/www.simpleplan.cz\/cz\/index.php\/author\/admin-2\/\"}]}<\/script>\n<!-- \/ Yoast SEO plugin. -->","yoast_head_json":{"title":"Chuck se p\u0159iznal ke spolu-vlastn\u011bn\u00ed Idobi r\u00e1dia | CZ: SimplePlan.cz","robots":{"index":"index","follow":"follow","max-snippet":"max-snippet:-1","max-image-preview":"max-image-preview:large","max-video-preview":"max-video-preview:-1"},"canonical":"https:\/\/www.simpleplan.cz\/cz\/index.php\/chuck-se-priznal-ke-spolu-vlastneni-idobi-radia\/","og_locale":"cs_CZ","og_type":"article","og_title":"Chuck se p\u0159iznal ke spolu-vlastn\u011bn\u00ed Idobi r\u00e1dia | CZ: SimplePlan.cz","og_description":"V\u010dera ofici\u00e1ln\u00ed Twitter \u00fa\u010det Idobi r\u00e1dia zve\u0159ejnil dal\u0161\u00ed fotografii z Alternative Press Music Awards s","og_url":"https:\/\/www.simpleplan.cz\/cz\/index.php\/chuck-se-priznal-ke-spolu-vlastneni-idobi-radia\/","og_site_name":"CZ: SimplePlan.cz","article_publisher":"http:\/\/www.facebook.com\/simpleplancz","article_published_time":"2014-07-25T10:50:47+00:00","article_modified_time":"2023-06-26T05:31:40+00:00","og_image":[{"url":"http:\/\/static.rad.io\/images\/broadcasts\/74\/37\/1648\/w175.png"}],"author":"Dominika","twitter_card":"summary_large_image","twitter_creator":"@simpleplancz","twitter_site":"@simpleplancz","twitter_misc":{"Napsal(a)":"Dominika","Odhadovan\u00e1 doba \u010dten\u00ed":"1 minuta"},"schema":{"@context":"https:\/\/schema.org","@graph":[{"@type":"Article","@id":"https:\/\/www.simpleplan.cz\/cz\/index.php\/chuck-se-priznal-ke-spolu-vlastneni-idobi-radia\/#article","isPartOf":{"@id":"https:\/\/www.simpleplan.cz\/cz\/index.php\/chuck-se-priznal-ke-spolu-vlastneni-idobi-radia\/"},"author":{"name":"Dominika","@id":"https:\/\/www.simpleplan.cz\/cz\/#\/schema\/person\/bb90dd25f4baab7793fc73ab0b783730"},"headline":"Chuck se p\u0159iznal ke spolu-vlastn\u011bn\u00ed Idobi r\u00e1dia","datePublished":"2014-07-25T10:50:47+00:00","dateModified":"2023-06-26T05:31:40+00:00","mainEntityOfPage":{"@id":"https:\/\/www.simpleplan.cz\/cz\/index.php\/chuck-se-priznal-ke-spolu-vlastneni-idobi-radia\/"},"wordCount":220,"commentCount":1,"publisher":{"@id":"https:\/\/www.simpleplan.cz\/cz\/#organization"},"keywords":["idobi radio"],"articleSection":["Chuck","fotky","m\u00e9dia"],"inLanguage":"cs","potentialAction":[{"@type":"CommentAction","name":"Comment","target":["https:\/\/www.simpleplan.cz\/cz\/index.php\/chuck-se-priznal-ke-spolu-vlastneni-idobi-radia\/#respond"]}]},{"@type":"WebPage","@id":"https:\/\/www.simpleplan.cz\/cz\/index.php\/chuck-se-priznal-ke-spolu-vlastneni-idobi-radia\/","url":"https:\/\/www.simpleplan.cz\/cz\/index.php\/chuck-se-priznal-ke-spolu-vlastneni-idobi-radia\/","name":"Chuck se p\u0159iznal ke spolu-vlastn\u011bn\u00ed Idobi r\u00e1dia | CZ: SimplePlan.cz","isPartOf":{"@id":"https:\/\/www.simpleplan.cz\/cz\/#website"},"datePublished":"2014-07-25T10:50:47+00:00","dateModified":"2023-06-26T05:31:40+00:00","breadcrumb":{"@id":"https:\/\/www.simpleplan.cz\/cz\/index.php\/chuck-se-priznal-ke-spolu-vlastneni-idobi-radia\/#breadcrumb"},"inLanguage":"cs","potentialAction":[{"@type":"ReadAction","target":["https:\/\/www.simpleplan.cz\/cz\/index.php\/chuck-se-priznal-ke-spolu-vlastneni-idobi-radia\/"]}]},{"@type":"BreadcrumbList","@id":"https:\/\/www.simpleplan.cz\/cz\/index.php\/chuck-se-priznal-ke-spolu-vlastneni-idobi-radia\/#breadcrumb","itemListElement":[{"@type":"ListItem","position":1,"name":"Dom\u016f","item":"https:\/\/www.simpleplan.cz\/cz\/"},{"@type":"ListItem","position":2,"name":"Chuck","item":"https:\/\/www.simpleplan.cz\/cz\/index.php\/category\/chuck\/"},{"@type":"ListItem","position":3,"name":"Chuck se p\u0159iznal ke spolu-vlastn\u011bn\u00ed Idobi r\u00e1dia"}]},{"@type":"WebSite","@id":"https:\/\/www.simpleplan.cz\/cz\/#website","url":"https:\/\/www.simpleplan.cz\/cz\/","name":"CZ: SimplePlan.cz","description":"Nejlep\u0161\u00ed zdroj informac\u00ed o kapele Simple Plan","publisher":{"@id":"https:\/\/www.simpleplan.cz\/cz\/#organization"},"potentialAction":[{"@type":"SearchAction","target":{"@type":"EntryPoint","urlTemplate":"https:\/\/www.simpleplan.cz\/cz\/?s={search_term_string}"},"query-input":"required name=search_term_string"}],"inLanguage":"cs"},{"@type":"Organization","@id":"https:\/\/www.simpleplan.cz\/cz\/#organization","name":"CZ: SimplePlan.cz","url":"https:\/\/www.simpleplan.cz\/cz\/","logo":{"@type":"ImageObject","inLanguage":"cs","@id":"https:\/\/www.simpleplan.cz\/cz\/#\/schema\/logo\/image\/","url":"https:\/\/www.simpleplan.cz\/cz\/wp-content\/uploads\/spczlogo.png","contentUrl":"https:\/\/www.simpleplan.cz\/cz\/wp-content\/uploads\/spczlogo.png","width":250,"height":190,"caption":"CZ: SimplePlan.cz"},"image":{"@id":"https:\/\/www.simpleplan.cz\/cz\/#\/schema\/logo\/image\/"},"sameAs":["http:\/\/www.facebook.com\/simpleplancz","https:\/\/twitter.com\/simpleplancz","http:\/\/www.instagram.com\/simpleplancz","http:\/\/www.youtube.com\/simpleplancz"]},{"@type":"Person","@id":"https:\/\/www.simpleplan.cz\/cz\/#\/schema\/person\/bb90dd25f4baab7793fc73ab0b783730","name":"Dominika","image":{"@type":"ImageObject","inLanguage":"cs","@id":"https:\/\/www.simpleplan.cz\/cz\/#\/schema\/person\/image\/","url":"https:\/\/secure.gravatar.com\/avatar\/de55cb16a8578d56e96c89d1a0af3db5?s=96&d=mm&r=g","contentUrl":"https:\/\/secure.gravatar.com\/avatar\/de55cb16a8578d56e96c89d1a0af3db5?s=96&d=mm&r=g","caption":"Dominika"},"sameAs":["http:\/\/www.simpleplan.cz"],"url":"https:\/\/www.simpleplan.cz\/cz\/index.php\/author\/admin-2\/"}]}},"featured_image_urls":{"full":"","thumbnail":"","medium":"","medium_large":"","large":"","1536x1536":"","2048x2048":"","elegant-magazine-featured":"","elegant-magazine-medium":"","elegant-magazine-medium-small":"","elegant-magazine-thumbnail-small":""},"author_info":{"display_name":"Dominika","author_link":"https:\/\/www.simpleplan.cz\/cz\/index.php\/author\/admin-2\/"},"category_info":"<a href=\"https:\/\/www.simpleplan.cz\/cz\/index.php\/category\/chuck\/\" rel=\"category tag\">Chuck<\/a> <a href=\"https:\/\/www.simpleplan.cz\/cz\/index.php\/category\/fotky\/\" rel=\"category tag\">fotky<\/a> <a href=\"https:\/\/www.simpleplan.cz\/cz\/index.php\/category\/media\/\" rel=\"category tag\">m\u00e9dia<\/a>","tag_info":"m\u00e9dia","comment_count":"1","_links":{"self":[{"href":"https:\/\/www.simpleplan.cz\/cz\/index.php\/wp-json\/wp\/v2\/posts\/15395"}],"collection":[{"href":"https:\/\/www.simpleplan.cz\/cz\/index.php\/wp-json\/wp\/v2\/posts"}],"about":[{"href":"https:\/\/www.simpleplan.cz\/cz\/index.php\/wp-json\/wp\/v2\/types\/post"}],"author":[{"embeddable":true,"href":"https:\/\/www.simpleplan.cz\/cz\/index.php\/wp-json\/wp\/v2\/users\/5"}],"replies":[{"embeddable":true,"href":"https:\/\/www.simpleplan.cz\/cz\/index.php\/wp-json\/wp\/v2\/comments?post=15395"}],"version-history":[{"count":2,"href":"https:\/\/www.simpleplan.cz\/cz\/index.php\/wp-json\/wp\/v2\/posts\/15395\/revisions"}],"predecessor-version":[{"id":31210,"href":"https:\/\/www.simpleplan.cz\/cz\/index.php\/wp-json\/wp\/v2\/posts\/15395\/revisions\/31210"}],"wp:attachment":[{"href":"https:\/\/www.simpleplan.cz\/cz\/index.php\/wp-json\/wp\/v2\/media?parent=15395"}],"wp:term":[{"taxonomy":"category","embeddable":true,"href":"https:\/\/www.simpleplan.cz\/cz\/index.php\/wp-json\/wp\/v2\/categories?post=15395"},{"taxonomy":"post_tag","embeddable":true,"href":"https:\/\/www.simpleplan.cz\/cz\/index.php\/wp-json\/wp\/v2\/tags?post=15395"}],"curies":[{"name":"wp","href":"https:\/\/api.w.org\/{rel}","templated":true}]}}