{"id":15614,"date":"2014-09-01T08:35:56","date_gmt":"2014-09-01T06:35:56","guid":{"rendered":"http:\/\/www.simpleplan.cz\/cz\/?p=15614"},"modified":"2023-06-26T07:23:49","modified_gmt":"2023-06-26T05:23:49","slug":"novy-rozhovor-s-jeffem-davidem-a-sebem","status":"publish","type":"post","link":"https:\/\/www.simpleplan.cz\/cz\/index.php\/novy-rozhovor-s-jeffem-davidem-a-sebem\/","title":{"rendered":"Nov\u00fd rozhovor s Jeffem, Davidem a Sebem"},"content":{"rendered":"<p><center><img decoding=\"async\" src=\"http:\/\/www.simpleplan.cz\/gal\/4057.gif\"\/><\/center><\/p>\n<p>Krom\u011b odpov\u00edd\u00e1n\u00ed na dotazy fanou\u0161k\u016f p\u0159es Twitter chat na zah\u00e1jen\u00ed prodeje nov\u00e9ho kr\u00e9mu Kiehl&#8217;s [fotky <a href=\"http:\/\/www.simpleplan.cz\/gallery\/thumbnails.php?album=1975\" target=\"_blank\" rel=\"noopener\">zde<\/a>] podali minul\u00e9 \u00fater\u00fd David, Jeff a Sebastien tak\u00e9 n\u011bkolik <b>rozhovor\u016f m\u00e9di\u00edm &#8211; a to o jejich nov\u00e9 spolupr\u00e1ci s touto kosmetickou zna\u010dkou a jej\u00ed relaci k nadaci Simple Plan Foundation<\/b>. Prvn\u00ed z t\u011bchto rozhovor\u016f, kter\u00fd se objevil online poch\u00e1z\u00ed z <a href=\"http:\/\/en.louloumagazine.com\/ll-blog\/editors-blog-blogs\/beauty-blogs\/exclusive-interview-with-simple-plan-for-kiehls-rocks-for-kids\/\" target=\"_blank\" rel=\"noopener\">LouLou magazine<\/a> a vy si ho v \u010desk\u00e9m p\u0159ekladu m\u016f\u017eete vychutnat zde:<\/p>\n<blockquote><p><b>M\u016f\u017eete n\u00e1m n\u011bco pov\u011bd\u011bt o Simple Plan Foundation, a co pro v\u00e1s znamen\u00e1?<\/b><\/p>\n<p><b>Jeff:<\/b> No, na\u0161e nadace za\u010dala t\u00edm, \u017ee jsme od na\u0161ich fanou\u0161k\u016f (skrze dopisy a konverzace s nimi v z\u00e1kulis\u00ed) sly\u0161eli o r\u016fzn\u00fdch probl\u00e9mech, kter\u00fdm mus\u00ed \u010delit. P\u0159ipadali jsme si bezmocn\u00ed, \u017ee jsme jim s t\u011bmito probl\u00e9mi nedok\u00e1zali nijak pomoct. U\u017e tehdy jsme d\u011blali r\u016fzn\u00e9 dobro\u010dinn\u00e9 akce, ale pen\u00edze z nich v n\u011bkter\u00fdch p\u0159\u00edpadech \u0161ly t\u0159eba do organizac\u00ed, kter\u00e9 jsme p\u0159\u00edmo nepodporovali. Proto jsme se rozhodli, \u017ee si vytvo\u0159\u00edme svou vlastn\u00ed nadaci, a \u017ee ka\u017ed\u00fd cent, kter\u00fd pro n\u00ed vyt\u011b\u017e\u00edme, p\u016fjde do organizac\u00ed, kter\u00fdm chceme pomoci. Sna\u017e\u00edme se zam\u011b\u0159ovat na organizace, kter\u00e9 nejsou p\u0159\u00edli\u0161 propagovan\u00e9 v m\u00e9di\u00edch, nebo nejsou tak medi\u00e1ln\u011b &#8222;\u00fachvatn\u00e9&#8220;. Nehovo\u0159\u00ed se o nich proto, \u017ee to nejsou dostate\u010dn\u011b &#8222;sexy&#8220; t\u00e9mata &#8211; jako z\u00e1vislost, sexu\u00e1ln\u00ed identita, bezdomovectv\u00ed&#8230;<\/p>\n<p><b>Seb:<\/b> Kiehl&#8217;s n\u00e1m v tom pom\u016f\u017ee hned t\u0159emi zp\u016fsoby. Zaprv\u00e9, v\u011bnuj\u00ed na\u0161\u00ed nadaci v\u0161echny v\u00fdt\u011b\u017eky z prodeje limitovan\u00e9 edice produktu Ultra Facial Cream. Zadruh\u00e9 v\u011bnuj\u00ed 1 dolar za ka\u017edou obchodn\u00ed transakci u\u010din\u011bnou mezi 12. a 14. z\u00e1\u0159\u00ed 2014. A nakonec pak tak\u00e9 po\u0159\u00e1d\u00e1me 19. z\u00e1\u0159\u00ed v Torontu bezplatn\u00fd akustick\u00fd koncert, kter\u00fd bude p\u0159en\u00e1\u0161en \u017eiv\u011b na internet. Ka\u017ed\u00fd si jej pot\u00e9 bude moci spustit, pokud v\u011bnuje 1 dolar.<\/p>\n<p><b>M\u016f\u017eete se s n\u00e1mi pod\u011blit o n\u011bjak\u00e9 va\u0161e m\u00f3dn\u00ed nebo kosmetick\u00e9 tipy?<\/b><\/p>\n<p><b>Jeff:<\/b> L\u00edb\u00ed se mi to, \u017ee se dneska hodn\u011b nos\u00ed neoholen\u00e1 tv\u00e1\u0159. Pro m\u011b to znamen\u00e1, \u017ee se nemus\u00edm ka\u017ed\u00fd den holit! Jo, a taky \u010dlov\u011bk v \u017eivot\u011b pot\u0159ebuje kvalitn\u00ed boty&#8230; to je velmi d\u016fle\u017eit\u00e9.<\/p>\n<p><b>Seb:<\/b> Mysl\u00edm si, \u017ee \u010dlov\u011bk by m\u011bl nosit to, co mu sed\u00ed. Je tu kolem n\u00e1s hodn\u011b styl\u016f a jsou tu lid\u00e9, kte\u0159\u00ed tyto styly sleduj\u00ed a \u0159\u00edd\u00ed se jimi, ale n\u011bkdy jim to prost\u011b nesedne. \u010clov\u011bk by m\u011bl b\u00fdt sebev\u011bdom\u00fd ve sv\u00e9m vlastn\u00edm stylu.<\/p>\n<p><b>Pod\u011bl\u00edte se s n\u00e1mi o sv\u00e1 nejobl\u00edben\u011bj\u0161\u00ed m\u00edsta v Montrealu?<\/b><\/p>\n<p><b>Jeff:<\/b> V posledn\u00edch n\u011bkolika letech je tu patrn\u00fd velk\u00fd boom v restaura\u010dn\u00ed a barov\u00e9 sc\u00e9n\u011b&#8230; je to \u00fa\u017easn\u00e9! Mangiafoco je jednou z m\u00fdch restaurac\u00ed, ve Star\u00e9m Montrealu, je to designov\u00e1 pizzerie. A tak\u00e9 Laurea na ulici Laurier, je to skv\u011bl\u00e9 m\u00edsto v nadhern\u00e9m prost\u0159ed\u00ed.<\/p>\n<p><b>David:<\/b> \u00da\u017easn\u00e9 je to tak\u00e9 v baru hned vedle Laurea&#8230; tam s nejv\u011bt\u0161\u00ed pravd\u011bpodobnost\u00ed najdete m\u011b!<\/p>\n<p><b>Jeff:<\/b> D\u00e1m v\u00e1m malou radu&#8230; nejlep\u0161\u00ed m\u00edsto na ob\u011bd v Montrealu se jmenuje Juicy Dumplings. Je \u00fa\u017easn\u00e9, a je to jedno z nejv\u00edce utajovan\u00fdch mal\u00fdch tajemstv\u00ed v Montrealu!<\/p><\/blockquote>\n<div class=\"fblikebutton_button\" style=\"float: left; padding-top: 20px; margin-right: 20px; padding-bottom: 20px; padding-left: 20px;\"><iframe src=\"http:\/\/www.facebook.com\/plugins\/like.php?href=https%3A%2F%2Fwww.simpleplan.cz%2Fcz%2Findex.php%2Fnovy-rozhovor-s-jeffem-davidem-a-sebem%2F&amp;layout=standard&amp;show-faces=false&amp;width=450&amp;action=like&amp;colorscheme=light\" scrolling=\"no\" frameborder=\"0\" allowTransparency=\"true\" style=\"border:none; overflow:hidden; width:450px; height:26px\"><\/iframe><\/div>\n","protected":false},"excerpt":{"rendered":"<p>Krom\u011b odpov\u00edd\u00e1n\u00ed na dotazy fanou\u0161k\u016f p\u0159es Twitter chat na zah\u00e1jen\u00ed prodeje nov\u00e9ho kr\u00e9mu Kiehl&#8217;s [fotky<\/p>\n","protected":false},"author":5,"featured_media":0,"comment_status":"open","ping_status":"open","sticky":false,"template":"","format":"standard","meta":{"footnotes":"","fifu_image_url":"","fifu_image_alt":""},"categories":[2,4,19,3],"tags":[1642,1689],"yoast_head":"<!-- This site is optimized with the Yoast SEO plugin v20.9 - https:\/\/yoast.com\/wordpress\/plugins\/seo\/ -->\n<title>Nov\u00fd rozhovor s Jeffem, Davidem a Sebem | CZ: SimplePlan.cz<\/title>\n<meta name=\"robots\" content=\"index, follow, max-snippet:-1, max-image-preview:large, max-video-preview:-1\" \/>\n<link rel=\"canonical\" href=\"https:\/\/www.simpleplan.cz\/cz\/index.php\/novy-rozhovor-s-jeffem-davidem-a-sebem\/\" \/>\n<meta property=\"og:locale\" content=\"cs_CZ\" \/>\n<meta property=\"og:type\" content=\"article\" \/>\n<meta property=\"og:title\" content=\"Nov\u00fd rozhovor s Jeffem, Davidem a Sebem | CZ: SimplePlan.cz\" \/>\n<meta property=\"og:description\" content=\"Krom\u011b odpov\u00edd\u00e1n\u00ed na dotazy fanou\u0161k\u016f p\u0159es Twitter chat na zah\u00e1jen\u00ed prodeje nov\u00e9ho kr\u00e9mu Kiehl&#8217;s [fotky\" \/>\n<meta property=\"og:url\" content=\"https:\/\/www.simpleplan.cz\/cz\/index.php\/novy-rozhovor-s-jeffem-davidem-a-sebem\/\" \/>\n<meta property=\"og:site_name\" content=\"CZ: SimplePlan.cz\" \/>\n<meta property=\"article:publisher\" content=\"http:\/\/www.facebook.com\/simpleplancz\" \/>\n<meta property=\"article:published_time\" content=\"2014-09-01T06:35:56+00:00\" \/>\n<meta property=\"article:modified_time\" content=\"2023-06-26T05:23:49+00:00\" \/>\n<meta property=\"og:image\" content=\"http:\/\/www.simpleplan.cz\/gal\/4057.gif\" \/>\n<meta name=\"author\" content=\"Dominika\" \/>\n<meta name=\"twitter:card\" content=\"summary_large_image\" \/>\n<meta name=\"twitter:creator\" content=\"@simpleplancz\" \/>\n<meta name=\"twitter:site\" content=\"@simpleplancz\" \/>\n<meta name=\"twitter:label1\" content=\"Napsal(a)\" \/>\n\t<meta name=\"twitter:data1\" content=\"Dominika\" \/>\n\t<meta name=\"twitter:label2\" content=\"Odhadovan\u00e1 doba \u010dten\u00ed\" \/>\n\t<meta name=\"twitter:data2\" content=\"3 minuty\" \/>\n<script type=\"application\/ld+json\" class=\"yoast-schema-graph\">{\"@context\":\"https:\/\/schema.org\",\"@graph\":[{\"@type\":\"Article\",\"@id\":\"https:\/\/www.simpleplan.cz\/cz\/index.php\/novy-rozhovor-s-jeffem-davidem-a-sebem\/#article\",\"isPartOf\":{\"@id\":\"https:\/\/www.simpleplan.cz\/cz\/index.php\/novy-rozhovor-s-jeffem-davidem-a-sebem\/\"},\"author\":{\"name\":\"Dominika\",\"@id\":\"https:\/\/www.simpleplan.cz\/cz\/#\/schema\/person\/bb90dd25f4baab7793fc73ab0b783730\"},\"headline\":\"Nov\u00fd rozhovor s Jeffem, Davidem a Sebem\",\"datePublished\":\"2014-09-01T06:35:56+00:00\",\"dateModified\":\"2023-06-26T05:23:49+00:00\",\"mainEntityOfPage\":{\"@id\":\"https:\/\/www.simpleplan.cz\/cz\/index.php\/novy-rozhovor-s-jeffem-davidem-a-sebem\/\"},\"wordCount\":588,\"commentCount\":0,\"publisher\":{\"@id\":\"https:\/\/www.simpleplan.cz\/cz\/#organization\"},\"keywords\":[\"Kiehl's\",\"LouLou magazine\"],\"articleSection\":[\"David\",\"Jeff\",\"rozhovory\",\"Sebastien\"],\"inLanguage\":\"cs\",\"potentialAction\":[{\"@type\":\"CommentAction\",\"name\":\"Comment\",\"target\":[\"https:\/\/www.simpleplan.cz\/cz\/index.php\/novy-rozhovor-s-jeffem-davidem-a-sebem\/#respond\"]}]},{\"@type\":\"WebPage\",\"@id\":\"https:\/\/www.simpleplan.cz\/cz\/index.php\/novy-rozhovor-s-jeffem-davidem-a-sebem\/\",\"url\":\"https:\/\/www.simpleplan.cz\/cz\/index.php\/novy-rozhovor-s-jeffem-davidem-a-sebem\/\",\"name\":\"Nov\u00fd rozhovor s Jeffem, Davidem a Sebem | CZ: SimplePlan.cz\",\"isPartOf\":{\"@id\":\"https:\/\/www.simpleplan.cz\/cz\/#website\"},\"datePublished\":\"2014-09-01T06:35:56+00:00\",\"dateModified\":\"2023-06-26T05:23:49+00:00\",\"breadcrumb\":{\"@id\":\"https:\/\/www.simpleplan.cz\/cz\/index.php\/novy-rozhovor-s-jeffem-davidem-a-sebem\/#breadcrumb\"},\"inLanguage\":\"cs\",\"potentialAction\":[{\"@type\":\"ReadAction\",\"target\":[\"https:\/\/www.simpleplan.cz\/cz\/index.php\/novy-rozhovor-s-jeffem-davidem-a-sebem\/\"]}]},{\"@type\":\"BreadcrumbList\",\"@id\":\"https:\/\/www.simpleplan.cz\/cz\/index.php\/novy-rozhovor-s-jeffem-davidem-a-sebem\/#breadcrumb\",\"itemListElement\":[{\"@type\":\"ListItem\",\"position\":1,\"name\":\"Dom\u016f\",\"item\":\"https:\/\/www.simpleplan.cz\/cz\/\"},{\"@type\":\"ListItem\",\"position\":2,\"name\":\"David\",\"item\":\"https:\/\/www.simpleplan.cz\/cz\/index.php\/category\/david\/\"},{\"@type\":\"ListItem\",\"position\":3,\"name\":\"Nov\u00fd rozhovor s Jeffem, Davidem a Sebem\"}]},{\"@type\":\"WebSite\",\"@id\":\"https:\/\/www.simpleplan.cz\/cz\/#website\",\"url\":\"https:\/\/www.simpleplan.cz\/cz\/\",\"name\":\"CZ: SimplePlan.cz\",\"description\":\"Nejlep\u0161\u00ed zdroj informac\u00ed o kapele Simple Plan\",\"publisher\":{\"@id\":\"https:\/\/www.simpleplan.cz\/cz\/#organization\"},\"potentialAction\":[{\"@type\":\"SearchAction\",\"target\":{\"@type\":\"EntryPoint\",\"urlTemplate\":\"https:\/\/www.simpleplan.cz\/cz\/?s={search_term_string}\"},\"query-input\":\"required name=search_term_string\"}],\"inLanguage\":\"cs\"},{\"@type\":\"Organization\",\"@id\":\"https:\/\/www.simpleplan.cz\/cz\/#organization\",\"name\":\"CZ: SimplePlan.cz\",\"url\":\"https:\/\/www.simpleplan.cz\/cz\/\",\"logo\":{\"@type\":\"ImageObject\",\"inLanguage\":\"cs\",\"@id\":\"https:\/\/www.simpleplan.cz\/cz\/#\/schema\/logo\/image\/\",\"url\":\"https:\/\/www.simpleplan.cz\/cz\/wp-content\/uploads\/spczlogo.png\",\"contentUrl\":\"https:\/\/www.simpleplan.cz\/cz\/wp-content\/uploads\/spczlogo.png\",\"width\":250,\"height\":190,\"caption\":\"CZ: SimplePlan.cz\"},\"image\":{\"@id\":\"https:\/\/www.simpleplan.cz\/cz\/#\/schema\/logo\/image\/\"},\"sameAs\":[\"http:\/\/www.facebook.com\/simpleplancz\",\"https:\/\/twitter.com\/simpleplancz\",\"http:\/\/www.instagram.com\/simpleplancz\",\"http:\/\/www.youtube.com\/simpleplancz\"]},{\"@type\":\"Person\",\"@id\":\"https:\/\/www.simpleplan.cz\/cz\/#\/schema\/person\/bb90dd25f4baab7793fc73ab0b783730\",\"name\":\"Dominika\",\"image\":{\"@type\":\"ImageObject\",\"inLanguage\":\"cs\",\"@id\":\"https:\/\/www.simpleplan.cz\/cz\/#\/schema\/person\/image\/\",\"url\":\"https:\/\/secure.gravatar.com\/avatar\/de55cb16a8578d56e96c89d1a0af3db5?s=96&d=mm&r=g\",\"contentUrl\":\"https:\/\/secure.gravatar.com\/avatar\/de55cb16a8578d56e96c89d1a0af3db5?s=96&d=mm&r=g\",\"caption\":\"Dominika\"},\"sameAs\":[\"http:\/\/www.simpleplan.cz\"],\"url\":\"https:\/\/www.simpleplan.cz\/cz\/index.php\/author\/admin-2\/\"}]}<\/script>\n<!-- \/ Yoast SEO plugin. -->","yoast_head_json":{"title":"Nov\u00fd rozhovor s Jeffem, Davidem a Sebem | CZ: SimplePlan.cz","robots":{"index":"index","follow":"follow","max-snippet":"max-snippet:-1","max-image-preview":"max-image-preview:large","max-video-preview":"max-video-preview:-1"},"canonical":"https:\/\/www.simpleplan.cz\/cz\/index.php\/novy-rozhovor-s-jeffem-davidem-a-sebem\/","og_locale":"cs_CZ","og_type":"article","og_title":"Nov\u00fd rozhovor s Jeffem, Davidem a Sebem | CZ: SimplePlan.cz","og_description":"Krom\u011b odpov\u00edd\u00e1n\u00ed na dotazy fanou\u0161k\u016f p\u0159es Twitter chat na zah\u00e1jen\u00ed prodeje nov\u00e9ho kr\u00e9mu Kiehl&#8217;s [fotky","og_url":"https:\/\/www.simpleplan.cz\/cz\/index.php\/novy-rozhovor-s-jeffem-davidem-a-sebem\/","og_site_name":"CZ: SimplePlan.cz","article_publisher":"http:\/\/www.facebook.com\/simpleplancz","article_published_time":"2014-09-01T06:35:56+00:00","article_modified_time":"2023-06-26T05:23:49+00:00","og_image":[{"url":"http:\/\/www.simpleplan.cz\/gal\/4057.gif"}],"author":"Dominika","twitter_card":"summary_large_image","twitter_creator":"@simpleplancz","twitter_site":"@simpleplancz","twitter_misc":{"Napsal(a)":"Dominika","Odhadovan\u00e1 doba \u010dten\u00ed":"3 minuty"},"schema":{"@context":"https:\/\/schema.org","@graph":[{"@type":"Article","@id":"https:\/\/www.simpleplan.cz\/cz\/index.php\/novy-rozhovor-s-jeffem-davidem-a-sebem\/#article","isPartOf":{"@id":"https:\/\/www.simpleplan.cz\/cz\/index.php\/novy-rozhovor-s-jeffem-davidem-a-sebem\/"},"author":{"name":"Dominika","@id":"https:\/\/www.simpleplan.cz\/cz\/#\/schema\/person\/bb90dd25f4baab7793fc73ab0b783730"},"headline":"Nov\u00fd rozhovor s Jeffem, Davidem a Sebem","datePublished":"2014-09-01T06:35:56+00:00","dateModified":"2023-06-26T05:23:49+00:00","mainEntityOfPage":{"@id":"https:\/\/www.simpleplan.cz\/cz\/index.php\/novy-rozhovor-s-jeffem-davidem-a-sebem\/"},"wordCount":588,"commentCount":0,"publisher":{"@id":"https:\/\/www.simpleplan.cz\/cz\/#organization"},"keywords":["Kiehl's","LouLou magazine"],"articleSection":["David","Jeff","rozhovory","Sebastien"],"inLanguage":"cs","potentialAction":[{"@type":"CommentAction","name":"Comment","target":["https:\/\/www.simpleplan.cz\/cz\/index.php\/novy-rozhovor-s-jeffem-davidem-a-sebem\/#respond"]}]},{"@type":"WebPage","@id":"https:\/\/www.simpleplan.cz\/cz\/index.php\/novy-rozhovor-s-jeffem-davidem-a-sebem\/","url":"https:\/\/www.simpleplan.cz\/cz\/index.php\/novy-rozhovor-s-jeffem-davidem-a-sebem\/","name":"Nov\u00fd rozhovor s Jeffem, Davidem a Sebem | CZ: SimplePlan.cz","isPartOf":{"@id":"https:\/\/www.simpleplan.cz\/cz\/#website"},"datePublished":"2014-09-01T06:35:56+00:00","dateModified":"2023-06-26T05:23:49+00:00","breadcrumb":{"@id":"https:\/\/www.simpleplan.cz\/cz\/index.php\/novy-rozhovor-s-jeffem-davidem-a-sebem\/#breadcrumb"},"inLanguage":"cs","potentialAction":[{"@type":"ReadAction","target":["https:\/\/www.simpleplan.cz\/cz\/index.php\/novy-rozhovor-s-jeffem-davidem-a-sebem\/"]}]},{"@type":"BreadcrumbList","@id":"https:\/\/www.simpleplan.cz\/cz\/index.php\/novy-rozhovor-s-jeffem-davidem-a-sebem\/#breadcrumb","itemListElement":[{"@type":"ListItem","position":1,"name":"Dom\u016f","item":"https:\/\/www.simpleplan.cz\/cz\/"},{"@type":"ListItem","position":2,"name":"David","item":"https:\/\/www.simpleplan.cz\/cz\/index.php\/category\/david\/"},{"@type":"ListItem","position":3,"name":"Nov\u00fd rozhovor s Jeffem, Davidem a Sebem"}]},{"@type":"WebSite","@id":"https:\/\/www.simpleplan.cz\/cz\/#website","url":"https:\/\/www.simpleplan.cz\/cz\/","name":"CZ: SimplePlan.cz","description":"Nejlep\u0161\u00ed zdroj informac\u00ed o kapele Simple Plan","publisher":{"@id":"https:\/\/www.simpleplan.cz\/cz\/#organization"},"potentialAction":[{"@type":"SearchAction","target":{"@type":"EntryPoint","urlTemplate":"https:\/\/www.simpleplan.cz\/cz\/?s={search_term_string}"},"query-input":"required name=search_term_string"}],"inLanguage":"cs"},{"@type":"Organization","@id":"https:\/\/www.simpleplan.cz\/cz\/#organization","name":"CZ: SimplePlan.cz","url":"https:\/\/www.simpleplan.cz\/cz\/","logo":{"@type":"ImageObject","inLanguage":"cs","@id":"https:\/\/www.simpleplan.cz\/cz\/#\/schema\/logo\/image\/","url":"https:\/\/www.simpleplan.cz\/cz\/wp-content\/uploads\/spczlogo.png","contentUrl":"https:\/\/www.simpleplan.cz\/cz\/wp-content\/uploads\/spczlogo.png","width":250,"height":190,"caption":"CZ: SimplePlan.cz"},"image":{"@id":"https:\/\/www.simpleplan.cz\/cz\/#\/schema\/logo\/image\/"},"sameAs":["http:\/\/www.facebook.com\/simpleplancz","https:\/\/twitter.com\/simpleplancz","http:\/\/www.instagram.com\/simpleplancz","http:\/\/www.youtube.com\/simpleplancz"]},{"@type":"Person","@id":"https:\/\/www.simpleplan.cz\/cz\/#\/schema\/person\/bb90dd25f4baab7793fc73ab0b783730","name":"Dominika","image":{"@type":"ImageObject","inLanguage":"cs","@id":"https:\/\/www.simpleplan.cz\/cz\/#\/schema\/person\/image\/","url":"https:\/\/secure.gravatar.com\/avatar\/de55cb16a8578d56e96c89d1a0af3db5?s=96&d=mm&r=g","contentUrl":"https:\/\/secure.gravatar.com\/avatar\/de55cb16a8578d56e96c89d1a0af3db5?s=96&d=mm&r=g","caption":"Dominika"},"sameAs":["http:\/\/www.simpleplan.cz"],"url":"https:\/\/www.simpleplan.cz\/cz\/index.php\/author\/admin-2\/"}]}},"featured_image_urls":{"full":"","thumbnail":"","medium":"","medium_large":"","large":"","1536x1536":"","2048x2048":"","elegant-magazine-featured":"","elegant-magazine-medium":"","elegant-magazine-medium-small":"","elegant-magazine-thumbnail-small":""},"author_info":{"display_name":"Dominika","author_link":"https:\/\/www.simpleplan.cz\/cz\/index.php\/author\/admin-2\/"},"category_info":"<a href=\"https:\/\/www.simpleplan.cz\/cz\/index.php\/category\/david\/\" rel=\"category tag\">David<\/a> <a href=\"https:\/\/www.simpleplan.cz\/cz\/index.php\/category\/jeff\/\" rel=\"category tag\">Jeff<\/a> <a href=\"https:\/\/www.simpleplan.cz\/cz\/index.php\/category\/rozhovory\/\" rel=\"category tag\">rozhovory<\/a> <a href=\"https:\/\/www.simpleplan.cz\/cz\/index.php\/category\/sebastien\/\" rel=\"category tag\">Sebastien<\/a>","tag_info":"Sebastien","comment_count":"0","_links":{"self":[{"href":"https:\/\/www.simpleplan.cz\/cz\/index.php\/wp-json\/wp\/v2\/posts\/15614"}],"collection":[{"href":"https:\/\/www.simpleplan.cz\/cz\/index.php\/wp-json\/wp\/v2\/posts"}],"about":[{"href":"https:\/\/www.simpleplan.cz\/cz\/index.php\/wp-json\/wp\/v2\/types\/post"}],"author":[{"embeddable":true,"href":"https:\/\/www.simpleplan.cz\/cz\/index.php\/wp-json\/wp\/v2\/users\/5"}],"replies":[{"embeddable":true,"href":"https:\/\/www.simpleplan.cz\/cz\/index.php\/wp-json\/wp\/v2\/comments?post=15614"}],"version-history":[{"count":2,"href":"https:\/\/www.simpleplan.cz\/cz\/index.php\/wp-json\/wp\/v2\/posts\/15614\/revisions"}],"predecessor-version":[{"id":31175,"href":"https:\/\/www.simpleplan.cz\/cz\/index.php\/wp-json\/wp\/v2\/posts\/15614\/revisions\/31175"}],"wp:attachment":[{"href":"https:\/\/www.simpleplan.cz\/cz\/index.php\/wp-json\/wp\/v2\/media?parent=15614"}],"wp:term":[{"taxonomy":"category","embeddable":true,"href":"https:\/\/www.simpleplan.cz\/cz\/index.php\/wp-json\/wp\/v2\/categories?post=15614"},{"taxonomy":"post_tag","embeddable":true,"href":"https:\/\/www.simpleplan.cz\/cz\/index.php\/wp-json\/wp\/v2\/tags?post=15614"}],"curies":[{"name":"wp","href":"https:\/\/api.w.org\/{rel}","templated":true}]}}