{"id":15841,"date":"2014-10-23T21:18:15","date_gmt":"2014-10-23T19:18:15","guid":{"rendered":"http:\/\/www.simpleplan.cz\/cz\/?p=15841"},"modified":"2023-06-26T07:23:45","modified_gmt":"2023-06-26T05:23:45","slug":"foto-od-adama-elmakiase-pierre-a-chuck-ve-studiu","status":"publish","type":"post","link":"https:\/\/www.simpleplan.cz\/cz\/index.php\/foto-od-adama-elmakiase-pierre-a-chuck-ve-studiu\/","title":{"rendered":"FOTO od Adama Elmakiase: Pierre a Chuck ve studiu"},"content":{"rendered":"<p><b>Adam Elmakias<\/b>, fotograf, kter\u00fd se v\u010dera <a href=\"http:\/\/www.simpleplan.cz\/cz\/index.php\/simple-plan-do-budoucna-potvrdili-photoshoot-s-adamem-elmakiasem\/\" title=\"Simple Plan do budoucna potvrdili photoshoot s Adamem Elmakiasem\">se\u0161el<\/a> s <b>Pierrem Bouvierem a Chuckem Comeau v Pierrov\u011b dom\u00e1c\u00edm n\u00e1hr\u00e1vac\u00edm studiu<\/b>, se nep\u0159i\u0161el s kluky jenom pobavit, ale tak\u00e9 m\u011bl mo\u017enost si poslechnout nov\u00e9 p\u00edsn\u011b Simple Plan a tak\u00e9 <b>kluky p\u0159i pr\u00e1ci vyfotit<\/b>. V galerii nyn\u00ed najdete jednu z Adamov\u00fdch fotografi\u00ed, kterou Chuck publikoval na Instagramu:<\/p>\n<p><center><a href=\"http:\/\/simpleplan.cz\/gallery\/thumbnails.php?album=2007\" target=\"_blank\" rel=\"noopener\"><img decoding=\"async\" src=\"http:\/\/www.simpleplan.cz\/gal\/4114.gif\"\/><\/a><\/center><\/p>\n<div class=\"fblikebutton_button\" style=\"float: left; padding-top: 20px; margin-right: 20px; padding-bottom: 20px; padding-left: 20px;\"><iframe src=\"http:\/\/www.facebook.com\/plugins\/like.php?href=https%3A%2F%2Fwww.simpleplan.cz%2Fcz%2Findex.php%2Ffoto-od-adama-elmakiase-pierre-a-chuck-ve-studiu%2F&amp;layout=standard&amp;show-faces=false&amp;width=450&amp;action=like&amp;colorscheme=light\" scrolling=\"no\" frameborder=\"0\" allowTransparency=\"true\" style=\"border:none; overflow:hidden; width:450px; height:26px\"><\/iframe><\/div>\n","protected":false},"excerpt":{"rendered":"<p>Adam Elmakias, fotograf, kter\u00fd se v\u010dera se\u0161el s Pierrem Bouvierem a Chuckem Comeau v Pierrov\u011b<\/p>\n","protected":false},"author":5,"featured_media":0,"comment_status":"open","ping_status":"open","sticky":false,"template":"","format":"standard","meta":{"footnotes":"","fifu_image_url":"","fifu_image_alt":""},"categories":[1,9,5],"tags":[1714],"yoast_head":"<!-- This site is optimized with the Yoast SEO plugin v20.9 - https:\/\/yoast.com\/wordpress\/plugins\/seo\/ -->\n<title>FOTO od Adama Elmakiase: Pierre a Chuck ve studiu | CZ: SimplePlan.cz<\/title>\n<meta name=\"robots\" content=\"index, follow, max-snippet:-1, max-image-preview:large, max-video-preview:-1\" \/>\n<link rel=\"canonical\" href=\"https:\/\/www.simpleplan.cz\/cz\/index.php\/foto-od-adama-elmakiase-pierre-a-chuck-ve-studiu\/\" \/>\n<meta property=\"og:locale\" content=\"cs_CZ\" \/>\n<meta property=\"og:type\" content=\"article\" \/>\n<meta property=\"og:title\" content=\"FOTO od Adama Elmakiase: Pierre a Chuck ve studiu | CZ: SimplePlan.cz\" \/>\n<meta property=\"og:description\" content=\"Adam Elmakias, fotograf, kter\u00fd se v\u010dera se\u0161el s Pierrem Bouvierem a Chuckem Comeau v Pierrov\u011b\" \/>\n<meta property=\"og:url\" content=\"https:\/\/www.simpleplan.cz\/cz\/index.php\/foto-od-adama-elmakiase-pierre-a-chuck-ve-studiu\/\" \/>\n<meta property=\"og:site_name\" content=\"CZ: SimplePlan.cz\" \/>\n<meta property=\"article:publisher\" content=\"http:\/\/www.facebook.com\/simpleplancz\" \/>\n<meta property=\"article:published_time\" content=\"2014-10-23T19:18:15+00:00\" \/>\n<meta property=\"article:modified_time\" content=\"2023-06-26T05:23:45+00:00\" \/>\n<meta property=\"og:image\" content=\"http:\/\/www.simpleplan.cz\/gal\/4114.gif\" \/>\n<meta name=\"author\" content=\"Dominika\" \/>\n<meta name=\"twitter:card\" content=\"summary_large_image\" \/>\n<meta name=\"twitter:creator\" content=\"@simpleplancz\" \/>\n<meta name=\"twitter:site\" content=\"@simpleplancz\" \/>\n<meta name=\"twitter:label1\" content=\"Napsal(a)\" \/>\n\t<meta name=\"twitter:data1\" content=\"Dominika\" \/>\n<script type=\"application\/ld+json\" class=\"yoast-schema-graph\">{\"@context\":\"https:\/\/schema.org\",\"@graph\":[{\"@type\":\"Article\",\"@id\":\"https:\/\/www.simpleplan.cz\/cz\/index.php\/foto-od-adama-elmakiase-pierre-a-chuck-ve-studiu\/#article\",\"isPartOf\":{\"@id\":\"https:\/\/www.simpleplan.cz\/cz\/index.php\/foto-od-adama-elmakiase-pierre-a-chuck-ve-studiu\/\"},\"author\":{\"name\":\"Dominika\",\"@id\":\"https:\/\/www.simpleplan.cz\/cz\/#\/schema\/person\/bb90dd25f4baab7793fc73ab0b783730\"},\"headline\":\"FOTO od Adama Elmakiase: Pierre a Chuck ve studiu\",\"datePublished\":\"2014-10-23T19:18:15+00:00\",\"dateModified\":\"2023-06-26T05:23:45+00:00\",\"mainEntityOfPage\":{\"@id\":\"https:\/\/www.simpleplan.cz\/cz\/index.php\/foto-od-adama-elmakiase-pierre-a-chuck-ve-studiu\/\"},\"wordCount\":77,\"commentCount\":0,\"publisher\":{\"@id\":\"https:\/\/www.simpleplan.cz\/cz\/#organization\"},\"keywords\":[\"Adam Elmakias\"],\"articleSection\":[\"Chuck\",\"fotky\",\"Pierre\"],\"inLanguage\":\"cs\",\"potentialAction\":[{\"@type\":\"CommentAction\",\"name\":\"Comment\",\"target\":[\"https:\/\/www.simpleplan.cz\/cz\/index.php\/foto-od-adama-elmakiase-pierre-a-chuck-ve-studiu\/#respond\"]}]},{\"@type\":\"WebPage\",\"@id\":\"https:\/\/www.simpleplan.cz\/cz\/index.php\/foto-od-adama-elmakiase-pierre-a-chuck-ve-studiu\/\",\"url\":\"https:\/\/www.simpleplan.cz\/cz\/index.php\/foto-od-adama-elmakiase-pierre-a-chuck-ve-studiu\/\",\"name\":\"FOTO od Adama Elmakiase: Pierre a Chuck ve studiu | CZ: SimplePlan.cz\",\"isPartOf\":{\"@id\":\"https:\/\/www.simpleplan.cz\/cz\/#website\"},\"datePublished\":\"2014-10-23T19:18:15+00:00\",\"dateModified\":\"2023-06-26T05:23:45+00:00\",\"breadcrumb\":{\"@id\":\"https:\/\/www.simpleplan.cz\/cz\/index.php\/foto-od-adama-elmakiase-pierre-a-chuck-ve-studiu\/#breadcrumb\"},\"inLanguage\":\"cs\",\"potentialAction\":[{\"@type\":\"ReadAction\",\"target\":[\"https:\/\/www.simpleplan.cz\/cz\/index.php\/foto-od-adama-elmakiase-pierre-a-chuck-ve-studiu\/\"]}]},{\"@type\":\"BreadcrumbList\",\"@id\":\"https:\/\/www.simpleplan.cz\/cz\/index.php\/foto-od-adama-elmakiase-pierre-a-chuck-ve-studiu\/#breadcrumb\",\"itemListElement\":[{\"@type\":\"ListItem\",\"position\":1,\"name\":\"Dom\u016f\",\"item\":\"https:\/\/www.simpleplan.cz\/cz\/\"},{\"@type\":\"ListItem\",\"position\":2,\"name\":\"Chuck\",\"item\":\"https:\/\/www.simpleplan.cz\/cz\/index.php\/category\/chuck\/\"},{\"@type\":\"ListItem\",\"position\":3,\"name\":\"FOTO od Adama Elmakiase: Pierre a Chuck ve studiu\"}]},{\"@type\":\"WebSite\",\"@id\":\"https:\/\/www.simpleplan.cz\/cz\/#website\",\"url\":\"https:\/\/www.simpleplan.cz\/cz\/\",\"name\":\"CZ: SimplePlan.cz\",\"description\":\"Nejlep\u0161\u00ed zdroj informac\u00ed o kapele Simple Plan\",\"publisher\":{\"@id\":\"https:\/\/www.simpleplan.cz\/cz\/#organization\"},\"potentialAction\":[{\"@type\":\"SearchAction\",\"target\":{\"@type\":\"EntryPoint\",\"urlTemplate\":\"https:\/\/www.simpleplan.cz\/cz\/?s={search_term_string}\"},\"query-input\":\"required name=search_term_string\"}],\"inLanguage\":\"cs\"},{\"@type\":\"Organization\",\"@id\":\"https:\/\/www.simpleplan.cz\/cz\/#organization\",\"name\":\"CZ: SimplePlan.cz\",\"url\":\"https:\/\/www.simpleplan.cz\/cz\/\",\"logo\":{\"@type\":\"ImageObject\",\"inLanguage\":\"cs\",\"@id\":\"https:\/\/www.simpleplan.cz\/cz\/#\/schema\/logo\/image\/\",\"url\":\"https:\/\/www.simpleplan.cz\/cz\/wp-content\/uploads\/spczlogo.png\",\"contentUrl\":\"https:\/\/www.simpleplan.cz\/cz\/wp-content\/uploads\/spczlogo.png\",\"width\":250,\"height\":190,\"caption\":\"CZ: SimplePlan.cz\"},\"image\":{\"@id\":\"https:\/\/www.simpleplan.cz\/cz\/#\/schema\/logo\/image\/\"},\"sameAs\":[\"http:\/\/www.facebook.com\/simpleplancz\",\"https:\/\/twitter.com\/simpleplancz\",\"http:\/\/www.instagram.com\/simpleplancz\",\"http:\/\/www.youtube.com\/simpleplancz\"]},{\"@type\":\"Person\",\"@id\":\"https:\/\/www.simpleplan.cz\/cz\/#\/schema\/person\/bb90dd25f4baab7793fc73ab0b783730\",\"name\":\"Dominika\",\"image\":{\"@type\":\"ImageObject\",\"inLanguage\":\"cs\",\"@id\":\"https:\/\/www.simpleplan.cz\/cz\/#\/schema\/person\/image\/\",\"url\":\"https:\/\/secure.gravatar.com\/avatar\/de55cb16a8578d56e96c89d1a0af3db5?s=96&d=mm&r=g\",\"contentUrl\":\"https:\/\/secure.gravatar.com\/avatar\/de55cb16a8578d56e96c89d1a0af3db5?s=96&d=mm&r=g\",\"caption\":\"Dominika\"},\"sameAs\":[\"http:\/\/www.simpleplan.cz\"],\"url\":\"https:\/\/www.simpleplan.cz\/cz\/index.php\/author\/admin-2\/\"}]}<\/script>\n<!-- \/ Yoast SEO plugin. -->","yoast_head_json":{"title":"FOTO od Adama Elmakiase: Pierre a Chuck ve studiu | CZ: SimplePlan.cz","robots":{"index":"index","follow":"follow","max-snippet":"max-snippet:-1","max-image-preview":"max-image-preview:large","max-video-preview":"max-video-preview:-1"},"canonical":"https:\/\/www.simpleplan.cz\/cz\/index.php\/foto-od-adama-elmakiase-pierre-a-chuck-ve-studiu\/","og_locale":"cs_CZ","og_type":"article","og_title":"FOTO od Adama Elmakiase: Pierre a Chuck ve studiu | CZ: SimplePlan.cz","og_description":"Adam Elmakias, fotograf, kter\u00fd se v\u010dera se\u0161el s Pierrem Bouvierem a Chuckem Comeau v Pierrov\u011b","og_url":"https:\/\/www.simpleplan.cz\/cz\/index.php\/foto-od-adama-elmakiase-pierre-a-chuck-ve-studiu\/","og_site_name":"CZ: SimplePlan.cz","article_publisher":"http:\/\/www.facebook.com\/simpleplancz","article_published_time":"2014-10-23T19:18:15+00:00","article_modified_time":"2023-06-26T05:23:45+00:00","og_image":[{"url":"http:\/\/www.simpleplan.cz\/gal\/4114.gif"}],"author":"Dominika","twitter_card":"summary_large_image","twitter_creator":"@simpleplancz","twitter_site":"@simpleplancz","twitter_misc":{"Napsal(a)":"Dominika"},"schema":{"@context":"https:\/\/schema.org","@graph":[{"@type":"Article","@id":"https:\/\/www.simpleplan.cz\/cz\/index.php\/foto-od-adama-elmakiase-pierre-a-chuck-ve-studiu\/#article","isPartOf":{"@id":"https:\/\/www.simpleplan.cz\/cz\/index.php\/foto-od-adama-elmakiase-pierre-a-chuck-ve-studiu\/"},"author":{"name":"Dominika","@id":"https:\/\/www.simpleplan.cz\/cz\/#\/schema\/person\/bb90dd25f4baab7793fc73ab0b783730"},"headline":"FOTO od Adama Elmakiase: Pierre a Chuck ve studiu","datePublished":"2014-10-23T19:18:15+00:00","dateModified":"2023-06-26T05:23:45+00:00","mainEntityOfPage":{"@id":"https:\/\/www.simpleplan.cz\/cz\/index.php\/foto-od-adama-elmakiase-pierre-a-chuck-ve-studiu\/"},"wordCount":77,"commentCount":0,"publisher":{"@id":"https:\/\/www.simpleplan.cz\/cz\/#organization"},"keywords":["Adam Elmakias"],"articleSection":["Chuck","fotky","Pierre"],"inLanguage":"cs","potentialAction":[{"@type":"CommentAction","name":"Comment","target":["https:\/\/www.simpleplan.cz\/cz\/index.php\/foto-od-adama-elmakiase-pierre-a-chuck-ve-studiu\/#respond"]}]},{"@type":"WebPage","@id":"https:\/\/www.simpleplan.cz\/cz\/index.php\/foto-od-adama-elmakiase-pierre-a-chuck-ve-studiu\/","url":"https:\/\/www.simpleplan.cz\/cz\/index.php\/foto-od-adama-elmakiase-pierre-a-chuck-ve-studiu\/","name":"FOTO od Adama Elmakiase: Pierre a Chuck ve studiu | CZ: SimplePlan.cz","isPartOf":{"@id":"https:\/\/www.simpleplan.cz\/cz\/#website"},"datePublished":"2014-10-23T19:18:15+00:00","dateModified":"2023-06-26T05:23:45+00:00","breadcrumb":{"@id":"https:\/\/www.simpleplan.cz\/cz\/index.php\/foto-od-adama-elmakiase-pierre-a-chuck-ve-studiu\/#breadcrumb"},"inLanguage":"cs","potentialAction":[{"@type":"ReadAction","target":["https:\/\/www.simpleplan.cz\/cz\/index.php\/foto-od-adama-elmakiase-pierre-a-chuck-ve-studiu\/"]}]},{"@type":"BreadcrumbList","@id":"https:\/\/www.simpleplan.cz\/cz\/index.php\/foto-od-adama-elmakiase-pierre-a-chuck-ve-studiu\/#breadcrumb","itemListElement":[{"@type":"ListItem","position":1,"name":"Dom\u016f","item":"https:\/\/www.simpleplan.cz\/cz\/"},{"@type":"ListItem","position":2,"name":"Chuck","item":"https:\/\/www.simpleplan.cz\/cz\/index.php\/category\/chuck\/"},{"@type":"ListItem","position":3,"name":"FOTO od Adama Elmakiase: Pierre a Chuck ve studiu"}]},{"@type":"WebSite","@id":"https:\/\/www.simpleplan.cz\/cz\/#website","url":"https:\/\/www.simpleplan.cz\/cz\/","name":"CZ: SimplePlan.cz","description":"Nejlep\u0161\u00ed zdroj informac\u00ed o kapele Simple Plan","publisher":{"@id":"https:\/\/www.simpleplan.cz\/cz\/#organization"},"potentialAction":[{"@type":"SearchAction","target":{"@type":"EntryPoint","urlTemplate":"https:\/\/www.simpleplan.cz\/cz\/?s={search_term_string}"},"query-input":"required name=search_term_string"}],"inLanguage":"cs"},{"@type":"Organization","@id":"https:\/\/www.simpleplan.cz\/cz\/#organization","name":"CZ: SimplePlan.cz","url":"https:\/\/www.simpleplan.cz\/cz\/","logo":{"@type":"ImageObject","inLanguage":"cs","@id":"https:\/\/www.simpleplan.cz\/cz\/#\/schema\/logo\/image\/","url":"https:\/\/www.simpleplan.cz\/cz\/wp-content\/uploads\/spczlogo.png","contentUrl":"https:\/\/www.simpleplan.cz\/cz\/wp-content\/uploads\/spczlogo.png","width":250,"height":190,"caption":"CZ: SimplePlan.cz"},"image":{"@id":"https:\/\/www.simpleplan.cz\/cz\/#\/schema\/logo\/image\/"},"sameAs":["http:\/\/www.facebook.com\/simpleplancz","https:\/\/twitter.com\/simpleplancz","http:\/\/www.instagram.com\/simpleplancz","http:\/\/www.youtube.com\/simpleplancz"]},{"@type":"Person","@id":"https:\/\/www.simpleplan.cz\/cz\/#\/schema\/person\/bb90dd25f4baab7793fc73ab0b783730","name":"Dominika","image":{"@type":"ImageObject","inLanguage":"cs","@id":"https:\/\/www.simpleplan.cz\/cz\/#\/schema\/person\/image\/","url":"https:\/\/secure.gravatar.com\/avatar\/de55cb16a8578d56e96c89d1a0af3db5?s=96&d=mm&r=g","contentUrl":"https:\/\/secure.gravatar.com\/avatar\/de55cb16a8578d56e96c89d1a0af3db5?s=96&d=mm&r=g","caption":"Dominika"},"sameAs":["http:\/\/www.simpleplan.cz"],"url":"https:\/\/www.simpleplan.cz\/cz\/index.php\/author\/admin-2\/"}]}},"featured_image_urls":{"full":"","thumbnail":"","medium":"","medium_large":"","large":"","1536x1536":"","2048x2048":"","elegant-magazine-featured":"","elegant-magazine-medium":"","elegant-magazine-medium-small":"","elegant-magazine-thumbnail-small":""},"author_info":{"display_name":"Dominika","author_link":"https:\/\/www.simpleplan.cz\/cz\/index.php\/author\/admin-2\/"},"category_info":"<a href=\"https:\/\/www.simpleplan.cz\/cz\/index.php\/category\/chuck\/\" rel=\"category tag\">Chuck<\/a> <a href=\"https:\/\/www.simpleplan.cz\/cz\/index.php\/category\/fotky\/\" rel=\"category tag\">fotky<\/a> <a href=\"https:\/\/www.simpleplan.cz\/cz\/index.php\/category\/pierre\/\" rel=\"category tag\">Pierre<\/a>","tag_info":"Pierre","comment_count":"0","_links":{"self":[{"href":"https:\/\/www.simpleplan.cz\/cz\/index.php\/wp-json\/wp\/v2\/posts\/15841"}],"collection":[{"href":"https:\/\/www.simpleplan.cz\/cz\/index.php\/wp-json\/wp\/v2\/posts"}],"about":[{"href":"https:\/\/www.simpleplan.cz\/cz\/index.php\/wp-json\/wp\/v2\/types\/post"}],"author":[{"embeddable":true,"href":"https:\/\/www.simpleplan.cz\/cz\/index.php\/wp-json\/wp\/v2\/users\/5"}],"replies":[{"embeddable":true,"href":"https:\/\/www.simpleplan.cz\/cz\/index.php\/wp-json\/wp\/v2\/comments?post=15841"}],"version-history":[{"count":3,"href":"https:\/\/www.simpleplan.cz\/cz\/index.php\/wp-json\/wp\/v2\/posts\/15841\/revisions"}],"predecessor-version":[{"id":31127,"href":"https:\/\/www.simpleplan.cz\/cz\/index.php\/wp-json\/wp\/v2\/posts\/15841\/revisions\/31127"}],"wp:attachment":[{"href":"https:\/\/www.simpleplan.cz\/cz\/index.php\/wp-json\/wp\/v2\/media?parent=15841"}],"wp:term":[{"taxonomy":"category","embeddable":true,"href":"https:\/\/www.simpleplan.cz\/cz\/index.php\/wp-json\/wp\/v2\/categories?post=15841"},{"taxonomy":"post_tag","embeddable":true,"href":"https:\/\/www.simpleplan.cz\/cz\/index.php\/wp-json\/wp\/v2\/tags?post=15841"}],"curies":[{"name":"wp","href":"https:\/\/api.w.org\/{rel}","templated":true}]}}