{"id":16553,"date":"2015-04-25T09:28:53","date_gmt":"2015-04-25T07:28:53","guid":{"rendered":"http:\/\/www.simpleplan.cz\/cz\/?p=16553"},"modified":"2023-06-26T07:23:33","modified_gmt":"2023-06-26T05:23:33","slug":"simple-plan-odehrali-prvni-koncert-roku-2015-v-monctonu-v-kanade","status":"publish","type":"post","link":"https:\/\/www.simpleplan.cz\/cz\/index.php\/simple-plan-odehrali-prvni-koncert-roku-2015-v-monctonu-v-kanade\/","title":{"rendered":"Simple Plan odehr\u00e1li prvn\u00ed koncert roku 2015: v Monctonu, v Kanad\u011b"},"content":{"rendered":"<p>V\u010dera ve\u010der Simple Plan kone\u010dn\u011b op\u011bt zam\u00ed\u0159ili na p\u00f3dium, a to na oslav\u00e1ch 125. v\u00fdro\u010d\u00ed m\u011bsta <b>Moncton, v Kanad\u011b<\/b>. Podle reakc\u00ed fanou\u0161k\u016f na soci\u00e1ln\u00edch s\u00edt\u00edch byl tento koncert velk\u00fdm \u00fasp\u011bchem, nicm\u00e9n\u011b nic nenazna\u010duje tomu, \u017ee by Simple Plan b\u011bhem n\u011bj zahr\u00e1li n\u011bjakou novou p\u00edse\u0148. Vypad\u00e1 to, \u017ee se kapela rozhodla pro jeden ze sv\u00fdch tradi\u010dn\u00edch setlist\u016f, kter\u00fd obsahoval p\u00edsn\u011b jako Perfect, Summer Paradise, Welcome To My Life a dal\u0161\u00ed. A jak jsme o\u010dek\u00e1vali, <b>Simple Plan tak\u00e9 vystoupili b\u011bhem p\u00edsn\u011b Jet Lag ji\u017e po n\u011bkolik\u00e1t\u00e9 se zp\u011bva\u010dkou Andee Leclerc<\/b>, kter\u00e1 se na akci tak\u00e9 objevila.<\/p>\n<p>V galerii si ji\u017e m\u016f\u017eete prohl\u00e9dnout n\u011bkolik <b>fotografi\u00ed ze z\u00e1kulis\u00ed<\/b> a tak\u00e9 prvn\u00ed <b>fotky ze samotn\u00e9 show<\/b>:<\/p>\n<p><center><a href=\"http:\/\/www.simpleplan.cz\/gallery\/thumbnails.php?album=2053\" target=\"_blank\" rel=\"noopener\"><img decoding=\"async\" src=\"http:\/\/www.simpleplan.cz\/gal\/4293.gif\"\/><\/a> <a href=\"http:\/\/www.simpleplan.cz\/gallery\/thumbnails.php?album=2054\" target=\"_blank\" rel=\"noopener\"><img decoding=\"async\" src=\"http:\/\/www.simpleplan.cz\/gal\/4294.gif\"\/><\/a><\/center><\/p>\n<div class=\"fblikebutton_button\" style=\"float: left; padding-top: 20px; margin-right: 20px; padding-bottom: 20px; padding-left: 20px;\"><iframe src=\"http:\/\/www.facebook.com\/plugins\/like.php?href=https%3A%2F%2Fwww.simpleplan.cz%2Fcz%2Findex.php%2Fsimple-plan-odehrali-prvni-koncert-roku-2015-v-monctonu-v-kanade%2F&amp;layout=standard&amp;show-faces=false&amp;width=450&amp;action=like&amp;colorscheme=light\" scrolling=\"no\" frameborder=\"0\" allowTransparency=\"true\" style=\"border:none; overflow:hidden; width:450px; height:26px\"><\/iframe><\/div>\n","protected":false},"excerpt":{"rendered":"<p>V\u010dera ve\u010der Simple Plan kone\u010dn\u011b op\u011bt zam\u00ed\u0159ili na p\u00f3dium, a to na oslav\u00e1ch 125. v\u00fdro\u010d\u00ed<\/p>\n","protected":false},"author":5,"featured_media":0,"comment_status":"open","ping_status":"open","sticky":false,"template":"","format":"standard","meta":{"footnotes":"","fifu_image_url":"","fifu_image_alt":""},"categories":[9,8],"tags":[119,1818],"yoast_head":"<!-- This site is optimized with the Yoast SEO plugin v20.9 - https:\/\/yoast.com\/wordpress\/plugins\/seo\/ -->\n<title>Simple Plan odehr\u00e1li prvn\u00ed koncert roku 2015: v Monctonu, v Kanad\u011b | CZ: SimplePlan.cz<\/title>\n<meta name=\"robots\" content=\"index, follow, max-snippet:-1, max-image-preview:large, max-video-preview:-1\" \/>\n<link rel=\"canonical\" href=\"https:\/\/www.simpleplan.cz\/cz\/index.php\/simple-plan-odehrali-prvni-koncert-roku-2015-v-monctonu-v-kanade\/\" \/>\n<meta property=\"og:locale\" content=\"cs_CZ\" \/>\n<meta property=\"og:type\" content=\"article\" \/>\n<meta property=\"og:title\" content=\"Simple Plan odehr\u00e1li prvn\u00ed koncert roku 2015: v Monctonu, v Kanad\u011b | CZ: SimplePlan.cz\" \/>\n<meta property=\"og:description\" content=\"V\u010dera ve\u010der Simple Plan kone\u010dn\u011b op\u011bt zam\u00ed\u0159ili na p\u00f3dium, a to na oslav\u00e1ch 125. v\u00fdro\u010d\u00ed\" \/>\n<meta property=\"og:url\" content=\"https:\/\/www.simpleplan.cz\/cz\/index.php\/simple-plan-odehrali-prvni-koncert-roku-2015-v-monctonu-v-kanade\/\" \/>\n<meta property=\"og:site_name\" content=\"CZ: SimplePlan.cz\" \/>\n<meta property=\"article:publisher\" content=\"http:\/\/www.facebook.com\/simpleplancz\" \/>\n<meta property=\"article:published_time\" content=\"2015-04-25T07:28:53+00:00\" \/>\n<meta property=\"article:modified_time\" content=\"2023-06-26T05:23:33+00:00\" \/>\n<meta property=\"og:image\" content=\"http:\/\/www.simpleplan.cz\/gal\/4293.gif\" \/>\n<meta name=\"author\" content=\"Dominika\" \/>\n<meta name=\"twitter:card\" content=\"summary_large_image\" \/>\n<meta name=\"twitter:creator\" content=\"@simpleplancz\" \/>\n<meta name=\"twitter:site\" content=\"@simpleplancz\" \/>\n<meta name=\"twitter:label1\" content=\"Napsal(a)\" \/>\n\t<meta name=\"twitter:data1\" content=\"Dominika\" \/>\n\t<meta name=\"twitter:label2\" content=\"Odhadovan\u00e1 doba \u010dten\u00ed\" \/>\n\t<meta name=\"twitter:data2\" content=\"1 minuta\" \/>\n<script type=\"application\/ld+json\" class=\"yoast-schema-graph\">{\"@context\":\"https:\/\/schema.org\",\"@graph\":[{\"@type\":\"Article\",\"@id\":\"https:\/\/www.simpleplan.cz\/cz\/index.php\/simple-plan-odehrali-prvni-koncert-roku-2015-v-monctonu-v-kanade\/#article\",\"isPartOf\":{\"@id\":\"https:\/\/www.simpleplan.cz\/cz\/index.php\/simple-plan-odehrali-prvni-koncert-roku-2015-v-monctonu-v-kanade\/\"},\"author\":{\"name\":\"Dominika\",\"@id\":\"https:\/\/www.simpleplan.cz\/cz\/#\/schema\/person\/bb90dd25f4baab7793fc73ab0b783730\"},\"headline\":\"Simple Plan odehr\u00e1li prvn\u00ed koncert roku 2015: v Monctonu, v Kanad\u011b\",\"datePublished\":\"2015-04-25T07:28:53+00:00\",\"dateModified\":\"2023-06-26T05:23:33+00:00\",\"mainEntityOfPage\":{\"@id\":\"https:\/\/www.simpleplan.cz\/cz\/index.php\/simple-plan-odehrali-prvni-koncert-roku-2015-v-monctonu-v-kanade\/\"},\"wordCount\":160,\"commentCount\":1,\"publisher\":{\"@id\":\"https:\/\/www.simpleplan.cz\/cz\/#organization\"},\"keywords\":[\"Kanada\",\"Moncton\"],\"articleSection\":[\"fotky\",\"koncerty\"],\"inLanguage\":\"cs\",\"potentialAction\":[{\"@type\":\"CommentAction\",\"name\":\"Comment\",\"target\":[\"https:\/\/www.simpleplan.cz\/cz\/index.php\/simple-plan-odehrali-prvni-koncert-roku-2015-v-monctonu-v-kanade\/#respond\"]}]},{\"@type\":\"WebPage\",\"@id\":\"https:\/\/www.simpleplan.cz\/cz\/index.php\/simple-plan-odehrali-prvni-koncert-roku-2015-v-monctonu-v-kanade\/\",\"url\":\"https:\/\/www.simpleplan.cz\/cz\/index.php\/simple-plan-odehrali-prvni-koncert-roku-2015-v-monctonu-v-kanade\/\",\"name\":\"Simple Plan odehr\u00e1li prvn\u00ed koncert roku 2015: v Monctonu, v Kanad\u011b | CZ: SimplePlan.cz\",\"isPartOf\":{\"@id\":\"https:\/\/www.simpleplan.cz\/cz\/#website\"},\"datePublished\":\"2015-04-25T07:28:53+00:00\",\"dateModified\":\"2023-06-26T05:23:33+00:00\",\"breadcrumb\":{\"@id\":\"https:\/\/www.simpleplan.cz\/cz\/index.php\/simple-plan-odehrali-prvni-koncert-roku-2015-v-monctonu-v-kanade\/#breadcrumb\"},\"inLanguage\":\"cs\",\"potentialAction\":[{\"@type\":\"ReadAction\",\"target\":[\"https:\/\/www.simpleplan.cz\/cz\/index.php\/simple-plan-odehrali-prvni-koncert-roku-2015-v-monctonu-v-kanade\/\"]}]},{\"@type\":\"BreadcrumbList\",\"@id\":\"https:\/\/www.simpleplan.cz\/cz\/index.php\/simple-plan-odehrali-prvni-koncert-roku-2015-v-monctonu-v-kanade\/#breadcrumb\",\"itemListElement\":[{\"@type\":\"ListItem\",\"position\":1,\"name\":\"Dom\u016f\",\"item\":\"https:\/\/www.simpleplan.cz\/cz\/\"},{\"@type\":\"ListItem\",\"position\":2,\"name\":\"fotky\",\"item\":\"https:\/\/www.simpleplan.cz\/cz\/index.php\/category\/fotky\/\"},{\"@type\":\"ListItem\",\"position\":3,\"name\":\"Simple Plan odehr\u00e1li prvn\u00ed koncert roku 2015: v Monctonu, v Kanad\u011b\"}]},{\"@type\":\"WebSite\",\"@id\":\"https:\/\/www.simpleplan.cz\/cz\/#website\",\"url\":\"https:\/\/www.simpleplan.cz\/cz\/\",\"name\":\"CZ: SimplePlan.cz\",\"description\":\"Nejlep\u0161\u00ed zdroj informac\u00ed o kapele Simple Plan\",\"publisher\":{\"@id\":\"https:\/\/www.simpleplan.cz\/cz\/#organization\"},\"potentialAction\":[{\"@type\":\"SearchAction\",\"target\":{\"@type\":\"EntryPoint\",\"urlTemplate\":\"https:\/\/www.simpleplan.cz\/cz\/?s={search_term_string}\"},\"query-input\":\"required name=search_term_string\"}],\"inLanguage\":\"cs\"},{\"@type\":\"Organization\",\"@id\":\"https:\/\/www.simpleplan.cz\/cz\/#organization\",\"name\":\"CZ: SimplePlan.cz\",\"url\":\"https:\/\/www.simpleplan.cz\/cz\/\",\"logo\":{\"@type\":\"ImageObject\",\"inLanguage\":\"cs\",\"@id\":\"https:\/\/www.simpleplan.cz\/cz\/#\/schema\/logo\/image\/\",\"url\":\"https:\/\/www.simpleplan.cz\/cz\/wp-content\/uploads\/spczlogo.png\",\"contentUrl\":\"https:\/\/www.simpleplan.cz\/cz\/wp-content\/uploads\/spczlogo.png\",\"width\":250,\"height\":190,\"caption\":\"CZ: SimplePlan.cz\"},\"image\":{\"@id\":\"https:\/\/www.simpleplan.cz\/cz\/#\/schema\/logo\/image\/\"},\"sameAs\":[\"http:\/\/www.facebook.com\/simpleplancz\",\"https:\/\/twitter.com\/simpleplancz\",\"http:\/\/www.instagram.com\/simpleplancz\",\"http:\/\/www.youtube.com\/simpleplancz\"]},{\"@type\":\"Person\",\"@id\":\"https:\/\/www.simpleplan.cz\/cz\/#\/schema\/person\/bb90dd25f4baab7793fc73ab0b783730\",\"name\":\"Dominika\",\"image\":{\"@type\":\"ImageObject\",\"inLanguage\":\"cs\",\"@id\":\"https:\/\/www.simpleplan.cz\/cz\/#\/schema\/person\/image\/\",\"url\":\"https:\/\/secure.gravatar.com\/avatar\/de55cb16a8578d56e96c89d1a0af3db5?s=96&d=mm&r=g\",\"contentUrl\":\"https:\/\/secure.gravatar.com\/avatar\/de55cb16a8578d56e96c89d1a0af3db5?s=96&d=mm&r=g\",\"caption\":\"Dominika\"},\"sameAs\":[\"http:\/\/www.simpleplan.cz\"],\"url\":\"https:\/\/www.simpleplan.cz\/cz\/index.php\/author\/admin-2\/\"}]}<\/script>\n<!-- \/ Yoast SEO plugin. -->","yoast_head_json":{"title":"Simple Plan odehr\u00e1li prvn\u00ed koncert roku 2015: v Monctonu, v Kanad\u011b | CZ: SimplePlan.cz","robots":{"index":"index","follow":"follow","max-snippet":"max-snippet:-1","max-image-preview":"max-image-preview:large","max-video-preview":"max-video-preview:-1"},"canonical":"https:\/\/www.simpleplan.cz\/cz\/index.php\/simple-plan-odehrali-prvni-koncert-roku-2015-v-monctonu-v-kanade\/","og_locale":"cs_CZ","og_type":"article","og_title":"Simple Plan odehr\u00e1li prvn\u00ed koncert roku 2015: v Monctonu, v Kanad\u011b | CZ: SimplePlan.cz","og_description":"V\u010dera ve\u010der Simple Plan kone\u010dn\u011b op\u011bt zam\u00ed\u0159ili na p\u00f3dium, a to na oslav\u00e1ch 125. v\u00fdro\u010d\u00ed","og_url":"https:\/\/www.simpleplan.cz\/cz\/index.php\/simple-plan-odehrali-prvni-koncert-roku-2015-v-monctonu-v-kanade\/","og_site_name":"CZ: SimplePlan.cz","article_publisher":"http:\/\/www.facebook.com\/simpleplancz","article_published_time":"2015-04-25T07:28:53+00:00","article_modified_time":"2023-06-26T05:23:33+00:00","og_image":[{"url":"http:\/\/www.simpleplan.cz\/gal\/4293.gif"}],"author":"Dominika","twitter_card":"summary_large_image","twitter_creator":"@simpleplancz","twitter_site":"@simpleplancz","twitter_misc":{"Napsal(a)":"Dominika","Odhadovan\u00e1 doba \u010dten\u00ed":"1 minuta"},"schema":{"@context":"https:\/\/schema.org","@graph":[{"@type":"Article","@id":"https:\/\/www.simpleplan.cz\/cz\/index.php\/simple-plan-odehrali-prvni-koncert-roku-2015-v-monctonu-v-kanade\/#article","isPartOf":{"@id":"https:\/\/www.simpleplan.cz\/cz\/index.php\/simple-plan-odehrali-prvni-koncert-roku-2015-v-monctonu-v-kanade\/"},"author":{"name":"Dominika","@id":"https:\/\/www.simpleplan.cz\/cz\/#\/schema\/person\/bb90dd25f4baab7793fc73ab0b783730"},"headline":"Simple Plan odehr\u00e1li prvn\u00ed koncert roku 2015: v Monctonu, v Kanad\u011b","datePublished":"2015-04-25T07:28:53+00:00","dateModified":"2023-06-26T05:23:33+00:00","mainEntityOfPage":{"@id":"https:\/\/www.simpleplan.cz\/cz\/index.php\/simple-plan-odehrali-prvni-koncert-roku-2015-v-monctonu-v-kanade\/"},"wordCount":160,"commentCount":1,"publisher":{"@id":"https:\/\/www.simpleplan.cz\/cz\/#organization"},"keywords":["Kanada","Moncton"],"articleSection":["fotky","koncerty"],"inLanguage":"cs","potentialAction":[{"@type":"CommentAction","name":"Comment","target":["https:\/\/www.simpleplan.cz\/cz\/index.php\/simple-plan-odehrali-prvni-koncert-roku-2015-v-monctonu-v-kanade\/#respond"]}]},{"@type":"WebPage","@id":"https:\/\/www.simpleplan.cz\/cz\/index.php\/simple-plan-odehrali-prvni-koncert-roku-2015-v-monctonu-v-kanade\/","url":"https:\/\/www.simpleplan.cz\/cz\/index.php\/simple-plan-odehrali-prvni-koncert-roku-2015-v-monctonu-v-kanade\/","name":"Simple Plan odehr\u00e1li prvn\u00ed koncert roku 2015: v Monctonu, v Kanad\u011b | CZ: SimplePlan.cz","isPartOf":{"@id":"https:\/\/www.simpleplan.cz\/cz\/#website"},"datePublished":"2015-04-25T07:28:53+00:00","dateModified":"2023-06-26T05:23:33+00:00","breadcrumb":{"@id":"https:\/\/www.simpleplan.cz\/cz\/index.php\/simple-plan-odehrali-prvni-koncert-roku-2015-v-monctonu-v-kanade\/#breadcrumb"},"inLanguage":"cs","potentialAction":[{"@type":"ReadAction","target":["https:\/\/www.simpleplan.cz\/cz\/index.php\/simple-plan-odehrali-prvni-koncert-roku-2015-v-monctonu-v-kanade\/"]}]},{"@type":"BreadcrumbList","@id":"https:\/\/www.simpleplan.cz\/cz\/index.php\/simple-plan-odehrali-prvni-koncert-roku-2015-v-monctonu-v-kanade\/#breadcrumb","itemListElement":[{"@type":"ListItem","position":1,"name":"Dom\u016f","item":"https:\/\/www.simpleplan.cz\/cz\/"},{"@type":"ListItem","position":2,"name":"fotky","item":"https:\/\/www.simpleplan.cz\/cz\/index.php\/category\/fotky\/"},{"@type":"ListItem","position":3,"name":"Simple Plan odehr\u00e1li prvn\u00ed koncert roku 2015: v Monctonu, v Kanad\u011b"}]},{"@type":"WebSite","@id":"https:\/\/www.simpleplan.cz\/cz\/#website","url":"https:\/\/www.simpleplan.cz\/cz\/","name":"CZ: SimplePlan.cz","description":"Nejlep\u0161\u00ed zdroj informac\u00ed o kapele Simple Plan","publisher":{"@id":"https:\/\/www.simpleplan.cz\/cz\/#organization"},"potentialAction":[{"@type":"SearchAction","target":{"@type":"EntryPoint","urlTemplate":"https:\/\/www.simpleplan.cz\/cz\/?s={search_term_string}"},"query-input":"required name=search_term_string"}],"inLanguage":"cs"},{"@type":"Organization","@id":"https:\/\/www.simpleplan.cz\/cz\/#organization","name":"CZ: SimplePlan.cz","url":"https:\/\/www.simpleplan.cz\/cz\/","logo":{"@type":"ImageObject","inLanguage":"cs","@id":"https:\/\/www.simpleplan.cz\/cz\/#\/schema\/logo\/image\/","url":"https:\/\/www.simpleplan.cz\/cz\/wp-content\/uploads\/spczlogo.png","contentUrl":"https:\/\/www.simpleplan.cz\/cz\/wp-content\/uploads\/spczlogo.png","width":250,"height":190,"caption":"CZ: SimplePlan.cz"},"image":{"@id":"https:\/\/www.simpleplan.cz\/cz\/#\/schema\/logo\/image\/"},"sameAs":["http:\/\/www.facebook.com\/simpleplancz","https:\/\/twitter.com\/simpleplancz","http:\/\/www.instagram.com\/simpleplancz","http:\/\/www.youtube.com\/simpleplancz"]},{"@type":"Person","@id":"https:\/\/www.simpleplan.cz\/cz\/#\/schema\/person\/bb90dd25f4baab7793fc73ab0b783730","name":"Dominika","image":{"@type":"ImageObject","inLanguage":"cs","@id":"https:\/\/www.simpleplan.cz\/cz\/#\/schema\/person\/image\/","url":"https:\/\/secure.gravatar.com\/avatar\/de55cb16a8578d56e96c89d1a0af3db5?s=96&d=mm&r=g","contentUrl":"https:\/\/secure.gravatar.com\/avatar\/de55cb16a8578d56e96c89d1a0af3db5?s=96&d=mm&r=g","caption":"Dominika"},"sameAs":["http:\/\/www.simpleplan.cz"],"url":"https:\/\/www.simpleplan.cz\/cz\/index.php\/author\/admin-2\/"}]}},"featured_image_urls":{"full":"","thumbnail":"","medium":"","medium_large":"","large":"","1536x1536":"","2048x2048":"","elegant-magazine-featured":"","elegant-magazine-medium":"","elegant-magazine-medium-small":"","elegant-magazine-thumbnail-small":""},"author_info":{"display_name":"Dominika","author_link":"https:\/\/www.simpleplan.cz\/cz\/index.php\/author\/admin-2\/"},"category_info":"<a href=\"https:\/\/www.simpleplan.cz\/cz\/index.php\/category\/fotky\/\" rel=\"category tag\">fotky<\/a> <a href=\"https:\/\/www.simpleplan.cz\/cz\/index.php\/category\/koncerty\/\" rel=\"category tag\">koncerty<\/a>","tag_info":"koncerty","comment_count":"1","_links":{"self":[{"href":"https:\/\/www.simpleplan.cz\/cz\/index.php\/wp-json\/wp\/v2\/posts\/16553"}],"collection":[{"href":"https:\/\/www.simpleplan.cz\/cz\/index.php\/wp-json\/wp\/v2\/posts"}],"about":[{"href":"https:\/\/www.simpleplan.cz\/cz\/index.php\/wp-json\/wp\/v2\/types\/post"}],"author":[{"embeddable":true,"href":"https:\/\/www.simpleplan.cz\/cz\/index.php\/wp-json\/wp\/v2\/users\/5"}],"replies":[{"embeddable":true,"href":"https:\/\/www.simpleplan.cz\/cz\/index.php\/wp-json\/wp\/v2\/comments?post=16553"}],"version-history":[{"count":2,"href":"https:\/\/www.simpleplan.cz\/cz\/index.php\/wp-json\/wp\/v2\/posts\/16553\/revisions"}],"predecessor-version":[{"id":30986,"href":"https:\/\/www.simpleplan.cz\/cz\/index.php\/wp-json\/wp\/v2\/posts\/16553\/revisions\/30986"}],"wp:attachment":[{"href":"https:\/\/www.simpleplan.cz\/cz\/index.php\/wp-json\/wp\/v2\/media?parent=16553"}],"wp:term":[{"taxonomy":"category","embeddable":true,"href":"https:\/\/www.simpleplan.cz\/cz\/index.php\/wp-json\/wp\/v2\/categories?post=16553"},{"taxonomy":"post_tag","embeddable":true,"href":"https:\/\/www.simpleplan.cz\/cz\/index.php\/wp-json\/wp\/v2\/tags?post=16553"}],"curies":[{"name":"wp","href":"https:\/\/api.w.org\/{rel}","templated":true}]}}