{"id":16775,"date":"2015-07-20T10:32:55","date_gmt":"2015-07-20T08:32:55","guid":{"rendered":"http:\/\/www.simpleplan.cz\/cz\/?p=16775"},"modified":"2023-06-26T07:23:29","modified_gmt":"2023-06-26T05:23:29","slug":"simple-plan-zahajili-novy-cyklus-turne-koncerty-na-la-fete-du-lac-des-nations-ottawa-bluesfest","status":"publish","type":"post","link":"https:\/\/www.simpleplan.cz\/cz\/index.php\/simple-plan-zahajili-novy-cyklus-turne-koncerty-na-la-fete-du-lac-des-nations-ottawa-bluesfest\/","title":{"rendered":"Simple Plan zah\u00e1jili nov\u00fd cyklus turn\u00e9 koncerty na La Fete du Lac des Nations &#038; Ottawa Bluesfest"},"content":{"rendered":"<p>Sly\u0161eli jste spr\u00e1vn\u011b! Simple Plan jsou kone\u010dn\u011b ofici\u00e1ln\u011b zp\u00e1tky na turn\u00e9 a ji\u017e brzy se dostanou do v\u0161ech kraj\u016f sv\u011bta, aby mohli zahr\u00e1t v\u0161em sv\u00fdm fanou\u0161k\u016fm. Nicm\u00e9n\u011b pro za\u010d\u00e1tek sv\u00e9ho nov\u00e9ho cyklu turn\u00e9 si zvolili svou rodnou zemi &#8211; Kanadu &#8211; jako m\u00edsto pro jejich prvn\u00ed dv\u011b vystoupen\u00ed.<\/p>\n<p>Simple Plan zah\u00e1jili sv\u00e9 turn\u00e9 na festivalu <b>La Fete du Lac des Nations<\/b> ve m\u011bst\u011b Sherbrooke, v Quebecu, a to v p\u00e1tek 17. \u010dervence, a dal\u0161\u00ed den pokra\u010dovali koncertem na festivalu <b>Ottawa Bluesfest<\/b> v Ottaw\u011b, v Ontariu. Oba koncerty byly velk\u00fdm \u00fasp\u011bech. Podle Jeffov\u00fdch slov je nap\u0159\u00edklad \u00fa\u017easn\u00e9, \u017ee jen p\u0159ed 10 lety Simple Plan v Sherbrooku hr\u00e1li jenom asi pro 70 lid\u00ed, a letos zde headlinovali cel\u00fd La Fete du Lac festival. V galerii se ji\u017e nyn\u00ed m\u016f\u017eete pod\u00edvat na n\u011bkolik <b>sn\u00edmk\u016f kluk\u016f ze z\u00e1kulis\u00ed a soundchecku<\/b> na t\u011bchto svou akc\u00edch. Podle na\u0161\u00ed fanynky <i>Jennifer<\/i> nav\u00edc dokonce kluci v Ottaw\u011b uspo\u0159\u00e1dali malou autogrami\u00e1du:<\/p>\n<p><center><a href=\"http:\/\/www.simpleplan.cz\/gallery\/thumbnails.php?album=2071\" target=\"_blank\" rel=\"noopener\"><img decoding=\"async\" src=\"http:\/\/www.simpleplan.cz\/gal\/4342.gif\"\/><\/a> <a href=\"http:\/\/www.simpleplan.cz\/gallery\/thumbnails.php?album=2072\" target=\"_blank\" rel=\"noopener\"><img decoding=\"async\" src=\"http:\/\/www.simpleplan.cz\/gal\/4343.gif\"\/><\/a><\/center><\/p>\n<p>Nejd\u016fle\u017eit\u011bj\u0161\u00edm na t\u011bchto svou koncertech pro mnoho fanou\u0161k\u016f v\u0161ak byl jejich <b>setlist<\/b>. A zat\u00edmco nam\u00e1me doposud k dispozici p\u0159esn\u00e9 po\u0159ad\u00ed p\u00edsn\u00ed, kter\u00e9 kluci zahr\u00e1li, <i>Jennifer<\/i> mi zaslala alespo\u0148 seznam p\u00edsn\u00ed, kter\u00e9 kluci zahr\u00e1li na Ottawa Bluesfestu:<\/p>\n<p><center><u><b>Setlist z Ottawa Bluesfestu &#8211; NE DLE PO\u0158AD\u00cd<\/b><\/u><\/p>\n<p><b>Shut Up<br \/>\nJet Lag<br \/>\nCan&#8217;t Keep My Hands Off You<br \/>\nJump<br \/>\nWelcome To My Life<br \/>\nYou Suck At Love<br \/>\nYour Love Is A Lie<br \/>\nBoom<br \/>\nThe Rest Of Us<br \/>\nCrazy<br \/>\nI&#8217;m Just A Kid<br \/>\nWhen I&#8217;m Gone<br \/>\nAstronaut<br \/>\nLoser of the Year<br \/>\nI&#8217;d Do Anything<\/p>\n<p><u><i>P\u0159\u00eddavek (POPO\u0158AD\u011a):<\/i><\/u><br \/>\nSummer Paradise<br \/>\nPerfect<\/b><br \/>\n<\/center><\/p>\n<p>Jak m\u016f\u017eete vid\u011bt, kapela v\u016fbec poprv\u00e9 zahr\u00e1la norm\u00e1ln\u00ed &#8211; tedy NE akustick\u00e9 &#8211; verze dvou sv\u00fdch nov\u00fdch p\u00edsn\u00ed &#8211; <b>&#8222;The Rest Of Us&#8220;<\/b> (kter\u00e1 se objevila na EP kapely z roku 2013 &#8222;Get Your Heart On &#8211; The Second Coming!&#8220;) a tak\u00e9 <b>&#8222;Boom&#8220;<\/b> (kter\u00e1 se objev\u00ed na nadch\u00e1zej\u00edc\u00edm p\u00e1t\u00e9m albu kapely). Krom\u011b nov\u00fdch p\u00edsn\u00ed Simple Plan tak\u00e9 p\u0159ekvapili za\u0159azen\u00edm regul\u00e9rn\u00ed <b>\u017eiv\u00e9 verze p\u00edsen\u011b &#8222;Crazy&#8220;<\/b>, kter\u00e1 byla v posledn\u00edch letech hr\u00e1na na koncertech jen z\u0159\u00eddka, a z velk\u00e9 v\u011bt\u0161iny \u010dasu pouze akusticky. Podle n\u011bkter\u00fdch n\u00e1v\u0161t\u011bvn\u00edk\u016f festivalu La Fete du Lac kapela tak\u00e9 zm\u00ednila, \u017ee jejich <b>nov\u00e9 album by m\u011blo vyj\u00edt v \u0159\u00edjnu<\/b>.<\/p>\n<p>Na z\u00e1znam z <b>vystoupen\u00ed p\u00edsn\u00ed &#8222;The Rest Of Us&#8220; a &#8222;Boom&#8220;<\/b> na Ottawa Bluesfestu se m\u016f\u017eete pod\u00edvat na n\u00e1sleduj\u00edc\u00edch vide\u00edch:<\/p>\n<p><center><iframe width=\"480\" height=\"280\" src=\"https:\/\/www.youtube.com\/embed\/CKO7j4QaX6g\" frameborder=\"0\" allowfullscreen><\/iframe><\/p>\n<p><iframe width=\"480\" height=\"280\" src=\"https:\/\/www.youtube.com\/embed\/vtqSoxZ1Y0Q\" frameborder=\"0\" allowfullscreen><\/iframe><\/center><\/p>\n<p>A kone\u010dn\u011b nesm\u00edm zapomenout na <b>fotografie ze samotn\u00fdch koncert\u016f na La Fete du Lac des Nations a Ottawa Bluesfest<\/b>, kter\u00e9 jsou pro v\u00e1s nyn\u00ed k dispozici k prohl\u00e9dnut\u00ed v galerii:<\/p>\n<p><center><a href=\"http:\/\/www.simpleplan.cz\/gallery\/thumbnails.php?album=2073\" target=\"_blank\" rel=\"noopener\"><img decoding=\"async\" src=\"http:\/\/www.simpleplan.cz\/gal\/4340.gif\"\/><\/a> <a href=\"http:\/\/www.simpleplan.cz\/gallery\/thumbnails.php?album=2074\" target=\"_blank\" rel=\"noopener\"><img decoding=\"async\" src=\"http:\/\/www.simpleplan.cz\/gal\/4341.gif\"\/><\/a><\/center><\/p>\n<div class=\"fblikebutton_button\" style=\"float: left; padding-top: 20px; margin-right: 20px; padding-bottom: 20px; padding-left: 20px;\"><iframe src=\"http:\/\/www.facebook.com\/plugins\/like.php?href=https%3A%2F%2Fwww.simpleplan.cz%2Fcz%2Findex.php%2Fsimple-plan-zahajili-novy-cyklus-turne-koncerty-na-la-fete-du-lac-des-nations-ottawa-bluesfest%2F&amp;layout=standard&amp;show-faces=false&amp;width=450&amp;action=like&amp;colorscheme=light\" scrolling=\"no\" frameborder=\"0\" allowTransparency=\"true\" style=\"border:none; overflow:hidden; width:450px; height:26px\"><\/iframe><\/div>\n","protected":false},"excerpt":{"rendered":"<p>Sly\u0161eli jste spr\u00e1vn\u011b! Simple Plan jsou kone\u010dn\u011b ofici\u00e1ln\u011b zp\u00e1tky na turn\u00e9 a ji\u017e brzy se<\/p>\n","protected":false},"author":5,"featured_media":0,"comment_status":"open","ping_status":"open","sticky":false,"template":"","format":"standard","meta":{"footnotes":"","fifu_image_url":"","fifu_image_alt":""},"categories":[848,9,8,10],"tags":[1758,1865,203,1813,1474],"yoast_head":"<!-- This site is optimized with the Yoast SEO plugin v20.9 - https:\/\/yoast.com\/wordpress\/plugins\/seo\/ -->\n<title>Simple Plan zah\u00e1jili nov\u00fd cyklus turn\u00e9 koncerty na La Fete du Lac des Nations &amp; Ottawa Bluesfest | CZ: SimplePlan.cz<\/title>\n<meta name=\"robots\" content=\"index, follow, max-snippet:-1, max-image-preview:large, max-video-preview:-1\" \/>\n<link rel=\"canonical\" href=\"https:\/\/www.simpleplan.cz\/cz\/index.php\/simple-plan-zahajili-novy-cyklus-turne-koncerty-na-la-fete-du-lac-des-nations-ottawa-bluesfest\/\" \/>\n<meta property=\"og:locale\" content=\"cs_CZ\" \/>\n<meta property=\"og:type\" content=\"article\" \/>\n<meta property=\"og:title\" content=\"Simple Plan zah\u00e1jili nov\u00fd cyklus turn\u00e9 koncerty na La Fete du Lac des Nations &amp; Ottawa Bluesfest | CZ: SimplePlan.cz\" \/>\n<meta property=\"og:description\" content=\"Sly\u0161eli jste spr\u00e1vn\u011b! Simple Plan jsou kone\u010dn\u011b ofici\u00e1ln\u011b zp\u00e1tky na turn\u00e9 a ji\u017e brzy se\" \/>\n<meta property=\"og:url\" content=\"https:\/\/www.simpleplan.cz\/cz\/index.php\/simple-plan-zahajili-novy-cyklus-turne-koncerty-na-la-fete-du-lac-des-nations-ottawa-bluesfest\/\" \/>\n<meta property=\"og:site_name\" content=\"CZ: SimplePlan.cz\" \/>\n<meta property=\"article:publisher\" content=\"http:\/\/www.facebook.com\/simpleplancz\" \/>\n<meta property=\"article:published_time\" content=\"2015-07-20T08:32:55+00:00\" \/>\n<meta property=\"article:modified_time\" content=\"2023-06-26T05:23:29+00:00\" \/>\n<meta property=\"og:image\" content=\"http:\/\/www.simpleplan.cz\/gal\/4342.gif\" \/>\n<meta name=\"author\" content=\"Dominika\" \/>\n<meta name=\"twitter:card\" content=\"summary_large_image\" \/>\n<meta name=\"twitter:creator\" content=\"@simpleplancz\" \/>\n<meta name=\"twitter:site\" content=\"@simpleplancz\" \/>\n<meta name=\"twitter:label1\" content=\"Napsal(a)\" \/>\n\t<meta name=\"twitter:data1\" content=\"Dominika\" \/>\n\t<meta name=\"twitter:label2\" content=\"Odhadovan\u00e1 doba \u010dten\u00ed\" \/>\n\t<meta name=\"twitter:data2\" content=\"2 minuty\" \/>\n<script type=\"application\/ld+json\" class=\"yoast-schema-graph\">{\"@context\":\"https:\/\/schema.org\",\"@graph\":[{\"@type\":\"Article\",\"@id\":\"https:\/\/www.simpleplan.cz\/cz\/index.php\/simple-plan-zahajili-novy-cyklus-turne-koncerty-na-la-fete-du-lac-des-nations-ottawa-bluesfest\/#article\",\"isPartOf\":{\"@id\":\"https:\/\/www.simpleplan.cz\/cz\/index.php\/simple-plan-zahajili-novy-cyklus-turne-koncerty-na-la-fete-du-lac-des-nations-ottawa-bluesfest\/\"},\"author\":{\"name\":\"Dominika\",\"@id\":\"https:\/\/www.simpleplan.cz\/cz\/#\/schema\/person\/bb90dd25f4baab7793fc73ab0b783730\"},\"headline\":\"Simple Plan zah\u00e1jili nov\u00fd cyklus turn\u00e9 koncerty na La Fete du Lac des Nations &#038; Ottawa Bluesfest\",\"datePublished\":\"2015-07-20T08:32:55+00:00\",\"dateModified\":\"2023-06-26T05:23:29+00:00\",\"mainEntityOfPage\":{\"@id\":\"https:\/\/www.simpleplan.cz\/cz\/index.php\/simple-plan-zahajili-novy-cyklus-turne-koncerty-na-la-fete-du-lac-des-nations-ottawa-bluesfest\/\"},\"wordCount\":516,\"commentCount\":0,\"publisher\":{\"@id\":\"https:\/\/www.simpleplan.cz\/cz\/#organization\"},\"keywords\":[\"Boom\",\"Crazy\",\"F\u00eate du Lac des Nations\",\"Ottawa Bluesfest\",\"The Rest Of Us\"],\"articleSection\":[\"5. album\",\"fotky\",\"koncerty\",\"videa\"],\"inLanguage\":\"cs\",\"potentialAction\":[{\"@type\":\"CommentAction\",\"name\":\"Comment\",\"target\":[\"https:\/\/www.simpleplan.cz\/cz\/index.php\/simple-plan-zahajili-novy-cyklus-turne-koncerty-na-la-fete-du-lac-des-nations-ottawa-bluesfest\/#respond\"]}]},{\"@type\":\"WebPage\",\"@id\":\"https:\/\/www.simpleplan.cz\/cz\/index.php\/simple-plan-zahajili-novy-cyklus-turne-koncerty-na-la-fete-du-lac-des-nations-ottawa-bluesfest\/\",\"url\":\"https:\/\/www.simpleplan.cz\/cz\/index.php\/simple-plan-zahajili-novy-cyklus-turne-koncerty-na-la-fete-du-lac-des-nations-ottawa-bluesfest\/\",\"name\":\"Simple Plan zah\u00e1jili nov\u00fd cyklus turn\u00e9 koncerty na La Fete du Lac des Nations & Ottawa Bluesfest | CZ: SimplePlan.cz\",\"isPartOf\":{\"@id\":\"https:\/\/www.simpleplan.cz\/cz\/#website\"},\"datePublished\":\"2015-07-20T08:32:55+00:00\",\"dateModified\":\"2023-06-26T05:23:29+00:00\",\"breadcrumb\":{\"@id\":\"https:\/\/www.simpleplan.cz\/cz\/index.php\/simple-plan-zahajili-novy-cyklus-turne-koncerty-na-la-fete-du-lac-des-nations-ottawa-bluesfest\/#breadcrumb\"},\"inLanguage\":\"cs\",\"potentialAction\":[{\"@type\":\"ReadAction\",\"target\":[\"https:\/\/www.simpleplan.cz\/cz\/index.php\/simple-plan-zahajili-novy-cyklus-turne-koncerty-na-la-fete-du-lac-des-nations-ottawa-bluesfest\/\"]}]},{\"@type\":\"BreadcrumbList\",\"@id\":\"https:\/\/www.simpleplan.cz\/cz\/index.php\/simple-plan-zahajili-novy-cyklus-turne-koncerty-na-la-fete-du-lac-des-nations-ottawa-bluesfest\/#breadcrumb\",\"itemListElement\":[{\"@type\":\"ListItem\",\"position\":1,\"name\":\"Dom\u016f\",\"item\":\"https:\/\/www.simpleplan.cz\/cz\/\"},{\"@type\":\"ListItem\",\"position\":2,\"name\":\"5. album\",\"item\":\"https:\/\/www.simpleplan.cz\/cz\/index.php\/category\/5-album\/\"},{\"@type\":\"ListItem\",\"position\":3,\"name\":\"Simple Plan zah\u00e1jili nov\u00fd cyklus turn\u00e9 koncerty na La Fete du Lac des Nations &#038; Ottawa Bluesfest\"}]},{\"@type\":\"WebSite\",\"@id\":\"https:\/\/www.simpleplan.cz\/cz\/#website\",\"url\":\"https:\/\/www.simpleplan.cz\/cz\/\",\"name\":\"CZ: SimplePlan.cz\",\"description\":\"Nejlep\u0161\u00ed zdroj informac\u00ed o kapele Simple Plan\",\"publisher\":{\"@id\":\"https:\/\/www.simpleplan.cz\/cz\/#organization\"},\"potentialAction\":[{\"@type\":\"SearchAction\",\"target\":{\"@type\":\"EntryPoint\",\"urlTemplate\":\"https:\/\/www.simpleplan.cz\/cz\/?s={search_term_string}\"},\"query-input\":\"required name=search_term_string\"}],\"inLanguage\":\"cs\"},{\"@type\":\"Organization\",\"@id\":\"https:\/\/www.simpleplan.cz\/cz\/#organization\",\"name\":\"CZ: SimplePlan.cz\",\"url\":\"https:\/\/www.simpleplan.cz\/cz\/\",\"logo\":{\"@type\":\"ImageObject\",\"inLanguage\":\"cs\",\"@id\":\"https:\/\/www.simpleplan.cz\/cz\/#\/schema\/logo\/image\/\",\"url\":\"https:\/\/www.simpleplan.cz\/cz\/wp-content\/uploads\/spczlogo.png\",\"contentUrl\":\"https:\/\/www.simpleplan.cz\/cz\/wp-content\/uploads\/spczlogo.png\",\"width\":250,\"height\":190,\"caption\":\"CZ: SimplePlan.cz\"},\"image\":{\"@id\":\"https:\/\/www.simpleplan.cz\/cz\/#\/schema\/logo\/image\/\"},\"sameAs\":[\"http:\/\/www.facebook.com\/simpleplancz\",\"https:\/\/twitter.com\/simpleplancz\",\"http:\/\/www.instagram.com\/simpleplancz\",\"http:\/\/www.youtube.com\/simpleplancz\"]},{\"@type\":\"Person\",\"@id\":\"https:\/\/www.simpleplan.cz\/cz\/#\/schema\/person\/bb90dd25f4baab7793fc73ab0b783730\",\"name\":\"Dominika\",\"image\":{\"@type\":\"ImageObject\",\"inLanguage\":\"cs\",\"@id\":\"https:\/\/www.simpleplan.cz\/cz\/#\/schema\/person\/image\/\",\"url\":\"https:\/\/secure.gravatar.com\/avatar\/de55cb16a8578d56e96c89d1a0af3db5?s=96&d=mm&r=g\",\"contentUrl\":\"https:\/\/secure.gravatar.com\/avatar\/de55cb16a8578d56e96c89d1a0af3db5?s=96&d=mm&r=g\",\"caption\":\"Dominika\"},\"sameAs\":[\"http:\/\/www.simpleplan.cz\"],\"url\":\"https:\/\/www.simpleplan.cz\/cz\/index.php\/author\/admin-2\/\"}]}<\/script>\n<!-- \/ Yoast SEO plugin. -->","yoast_head_json":{"title":"Simple Plan zah\u00e1jili nov\u00fd cyklus turn\u00e9 koncerty na La Fete du Lac des Nations & Ottawa Bluesfest | CZ: SimplePlan.cz","robots":{"index":"index","follow":"follow","max-snippet":"max-snippet:-1","max-image-preview":"max-image-preview:large","max-video-preview":"max-video-preview:-1"},"canonical":"https:\/\/www.simpleplan.cz\/cz\/index.php\/simple-plan-zahajili-novy-cyklus-turne-koncerty-na-la-fete-du-lac-des-nations-ottawa-bluesfest\/","og_locale":"cs_CZ","og_type":"article","og_title":"Simple Plan zah\u00e1jili nov\u00fd cyklus turn\u00e9 koncerty na La Fete du Lac des Nations & Ottawa Bluesfest | CZ: SimplePlan.cz","og_description":"Sly\u0161eli jste spr\u00e1vn\u011b! Simple Plan jsou kone\u010dn\u011b ofici\u00e1ln\u011b zp\u00e1tky na turn\u00e9 a ji\u017e brzy se","og_url":"https:\/\/www.simpleplan.cz\/cz\/index.php\/simple-plan-zahajili-novy-cyklus-turne-koncerty-na-la-fete-du-lac-des-nations-ottawa-bluesfest\/","og_site_name":"CZ: SimplePlan.cz","article_publisher":"http:\/\/www.facebook.com\/simpleplancz","article_published_time":"2015-07-20T08:32:55+00:00","article_modified_time":"2023-06-26T05:23:29+00:00","og_image":[{"url":"http:\/\/www.simpleplan.cz\/gal\/4342.gif"}],"author":"Dominika","twitter_card":"summary_large_image","twitter_creator":"@simpleplancz","twitter_site":"@simpleplancz","twitter_misc":{"Napsal(a)":"Dominika","Odhadovan\u00e1 doba \u010dten\u00ed":"2 minuty"},"schema":{"@context":"https:\/\/schema.org","@graph":[{"@type":"Article","@id":"https:\/\/www.simpleplan.cz\/cz\/index.php\/simple-plan-zahajili-novy-cyklus-turne-koncerty-na-la-fete-du-lac-des-nations-ottawa-bluesfest\/#article","isPartOf":{"@id":"https:\/\/www.simpleplan.cz\/cz\/index.php\/simple-plan-zahajili-novy-cyklus-turne-koncerty-na-la-fete-du-lac-des-nations-ottawa-bluesfest\/"},"author":{"name":"Dominika","@id":"https:\/\/www.simpleplan.cz\/cz\/#\/schema\/person\/bb90dd25f4baab7793fc73ab0b783730"},"headline":"Simple Plan zah\u00e1jili nov\u00fd cyklus turn\u00e9 koncerty na La Fete du Lac des Nations &#038; Ottawa Bluesfest","datePublished":"2015-07-20T08:32:55+00:00","dateModified":"2023-06-26T05:23:29+00:00","mainEntityOfPage":{"@id":"https:\/\/www.simpleplan.cz\/cz\/index.php\/simple-plan-zahajili-novy-cyklus-turne-koncerty-na-la-fete-du-lac-des-nations-ottawa-bluesfest\/"},"wordCount":516,"commentCount":0,"publisher":{"@id":"https:\/\/www.simpleplan.cz\/cz\/#organization"},"keywords":["Boom","Crazy","F\u00eate du Lac des Nations","Ottawa Bluesfest","The Rest Of Us"],"articleSection":["5. album","fotky","koncerty","videa"],"inLanguage":"cs","potentialAction":[{"@type":"CommentAction","name":"Comment","target":["https:\/\/www.simpleplan.cz\/cz\/index.php\/simple-plan-zahajili-novy-cyklus-turne-koncerty-na-la-fete-du-lac-des-nations-ottawa-bluesfest\/#respond"]}]},{"@type":"WebPage","@id":"https:\/\/www.simpleplan.cz\/cz\/index.php\/simple-plan-zahajili-novy-cyklus-turne-koncerty-na-la-fete-du-lac-des-nations-ottawa-bluesfest\/","url":"https:\/\/www.simpleplan.cz\/cz\/index.php\/simple-plan-zahajili-novy-cyklus-turne-koncerty-na-la-fete-du-lac-des-nations-ottawa-bluesfest\/","name":"Simple Plan zah\u00e1jili nov\u00fd cyklus turn\u00e9 koncerty na La Fete du Lac des Nations & Ottawa Bluesfest | CZ: SimplePlan.cz","isPartOf":{"@id":"https:\/\/www.simpleplan.cz\/cz\/#website"},"datePublished":"2015-07-20T08:32:55+00:00","dateModified":"2023-06-26T05:23:29+00:00","breadcrumb":{"@id":"https:\/\/www.simpleplan.cz\/cz\/index.php\/simple-plan-zahajili-novy-cyklus-turne-koncerty-na-la-fete-du-lac-des-nations-ottawa-bluesfest\/#breadcrumb"},"inLanguage":"cs","potentialAction":[{"@type":"ReadAction","target":["https:\/\/www.simpleplan.cz\/cz\/index.php\/simple-plan-zahajili-novy-cyklus-turne-koncerty-na-la-fete-du-lac-des-nations-ottawa-bluesfest\/"]}]},{"@type":"BreadcrumbList","@id":"https:\/\/www.simpleplan.cz\/cz\/index.php\/simple-plan-zahajili-novy-cyklus-turne-koncerty-na-la-fete-du-lac-des-nations-ottawa-bluesfest\/#breadcrumb","itemListElement":[{"@type":"ListItem","position":1,"name":"Dom\u016f","item":"https:\/\/www.simpleplan.cz\/cz\/"},{"@type":"ListItem","position":2,"name":"5. album","item":"https:\/\/www.simpleplan.cz\/cz\/index.php\/category\/5-album\/"},{"@type":"ListItem","position":3,"name":"Simple Plan zah\u00e1jili nov\u00fd cyklus turn\u00e9 koncerty na La Fete du Lac des Nations &#038; Ottawa Bluesfest"}]},{"@type":"WebSite","@id":"https:\/\/www.simpleplan.cz\/cz\/#website","url":"https:\/\/www.simpleplan.cz\/cz\/","name":"CZ: SimplePlan.cz","description":"Nejlep\u0161\u00ed zdroj informac\u00ed o kapele Simple Plan","publisher":{"@id":"https:\/\/www.simpleplan.cz\/cz\/#organization"},"potentialAction":[{"@type":"SearchAction","target":{"@type":"EntryPoint","urlTemplate":"https:\/\/www.simpleplan.cz\/cz\/?s={search_term_string}"},"query-input":"required name=search_term_string"}],"inLanguage":"cs"},{"@type":"Organization","@id":"https:\/\/www.simpleplan.cz\/cz\/#organization","name":"CZ: SimplePlan.cz","url":"https:\/\/www.simpleplan.cz\/cz\/","logo":{"@type":"ImageObject","inLanguage":"cs","@id":"https:\/\/www.simpleplan.cz\/cz\/#\/schema\/logo\/image\/","url":"https:\/\/www.simpleplan.cz\/cz\/wp-content\/uploads\/spczlogo.png","contentUrl":"https:\/\/www.simpleplan.cz\/cz\/wp-content\/uploads\/spczlogo.png","width":250,"height":190,"caption":"CZ: SimplePlan.cz"},"image":{"@id":"https:\/\/www.simpleplan.cz\/cz\/#\/schema\/logo\/image\/"},"sameAs":["http:\/\/www.facebook.com\/simpleplancz","https:\/\/twitter.com\/simpleplancz","http:\/\/www.instagram.com\/simpleplancz","http:\/\/www.youtube.com\/simpleplancz"]},{"@type":"Person","@id":"https:\/\/www.simpleplan.cz\/cz\/#\/schema\/person\/bb90dd25f4baab7793fc73ab0b783730","name":"Dominika","image":{"@type":"ImageObject","inLanguage":"cs","@id":"https:\/\/www.simpleplan.cz\/cz\/#\/schema\/person\/image\/","url":"https:\/\/secure.gravatar.com\/avatar\/de55cb16a8578d56e96c89d1a0af3db5?s=96&d=mm&r=g","contentUrl":"https:\/\/secure.gravatar.com\/avatar\/de55cb16a8578d56e96c89d1a0af3db5?s=96&d=mm&r=g","caption":"Dominika"},"sameAs":["http:\/\/www.simpleplan.cz"],"url":"https:\/\/www.simpleplan.cz\/cz\/index.php\/author\/admin-2\/"}]}},"featured_image_urls":{"full":"","thumbnail":"","medium":"","medium_large":"","large":"","1536x1536":"","2048x2048":"","elegant-magazine-featured":"","elegant-magazine-medium":"","elegant-magazine-medium-small":"","elegant-magazine-thumbnail-small":""},"author_info":{"display_name":"Dominika","author_link":"https:\/\/www.simpleplan.cz\/cz\/index.php\/author\/admin-2\/"},"category_info":"<a href=\"https:\/\/www.simpleplan.cz\/cz\/index.php\/category\/5-album\/\" rel=\"category tag\">5. album<\/a> <a href=\"https:\/\/www.simpleplan.cz\/cz\/index.php\/category\/fotky\/\" rel=\"category tag\">fotky<\/a> <a href=\"https:\/\/www.simpleplan.cz\/cz\/index.php\/category\/koncerty\/\" rel=\"category tag\">koncerty<\/a> <a href=\"https:\/\/www.simpleplan.cz\/cz\/index.php\/category\/videa\/\" rel=\"category tag\">videa<\/a>","tag_info":"videa","comment_count":"0","_links":{"self":[{"href":"https:\/\/www.simpleplan.cz\/cz\/index.php\/wp-json\/wp\/v2\/posts\/16775"}],"collection":[{"href":"https:\/\/www.simpleplan.cz\/cz\/index.php\/wp-json\/wp\/v2\/posts"}],"about":[{"href":"https:\/\/www.simpleplan.cz\/cz\/index.php\/wp-json\/wp\/v2\/types\/post"}],"author":[{"embeddable":true,"href":"https:\/\/www.simpleplan.cz\/cz\/index.php\/wp-json\/wp\/v2\/users\/5"}],"replies":[{"embeddable":true,"href":"https:\/\/www.simpleplan.cz\/cz\/index.php\/wp-json\/wp\/v2\/comments?post=16775"}],"version-history":[{"count":3,"href":"https:\/\/www.simpleplan.cz\/cz\/index.php\/wp-json\/wp\/v2\/posts\/16775\/revisions"}],"predecessor-version":[{"id":30937,"href":"https:\/\/www.simpleplan.cz\/cz\/index.php\/wp-json\/wp\/v2\/posts\/16775\/revisions\/30937"}],"wp:attachment":[{"href":"https:\/\/www.simpleplan.cz\/cz\/index.php\/wp-json\/wp\/v2\/media?parent=16775"}],"wp:term":[{"taxonomy":"category","embeddable":true,"href":"https:\/\/www.simpleplan.cz\/cz\/index.php\/wp-json\/wp\/v2\/categories?post=16775"},{"taxonomy":"post_tag","embeddable":true,"href":"https:\/\/www.simpleplan.cz\/cz\/index.php\/wp-json\/wp\/v2\/tags?post=16775"}],"curies":[{"name":"wp","href":"https:\/\/api.w.org\/{rel}","templated":true}]}}