{"id":17028,"date":"2015-09-05T17:22:47","date_gmt":"2015-09-05T15:22:47","guid":{"rendered":"http:\/\/www.simpleplan.cz\/cz\/?p=17028"},"modified":"2023-06-26T07:20:50","modified_gmt":"2023-06-26T05:20:50","slug":"video-rekapitulace-interview-z-francie","status":"publish","type":"post","link":"https:\/\/www.simpleplan.cz\/cz\/index.php\/video-rekapitulace-interview-z-francie\/","title":{"rendered":"VIDEO + REKAPITULACE: Interview z Francie"},"content":{"rendered":"<p><i>Make My Millenium<\/i> nato\u010dilo <b>v Pa\u0159\u00ed\u017ei rozhovor s Pierrem, Jeffem a Davidem ze Simple Plan<\/b> a d\u00edky <i>Sab<\/i> si nyn\u00ed rekapitulaci toho nejzaj\u00edmav\u011bj\u0161\u00edho z tohoto francouzsk\u00e9ho rozhovoru m\u016f\u017eete p\u0159e\u010d\u00edst n\u00ed\u017ee:<\/p>\n<p><center><iframe width=\"480\" height=\"280\" src=\"https:\/\/www.youtube.com\/embed\/qnwCSuhzFAY\" frameborder=\"0\" allowfullscreen><\/iframe><\/center><\/p>\n<blockquote><p>&#8211; SP jsou \u0161\u0165astni, \u017ee jsou zp\u00e1tky v Pa\u0159\u00ed\u017ei, proto\u017ee si s m\u00edstn\u00edmi dob\u0159e rozum\u00ed. Nav\u00edc si sv\u016fj den volna v Pa\u0159\u00ed\u017ei moc u\u017eili (jedli pala\u010dinky s \u010dokol\u00e1dou)<\/p>\n<p>&#8211; Jsou nad\u0161en\u00ed z toho, \u017ee jejich vyprodan\u00e1 show v Pa\u0159\u00ed\u017ei se odehr\u00e1v\u00e1 ve velmi mal\u00e9 hale, jeliko\u017e jim to d\u00e1v\u00e1 mo\u017enost l\u00e9pe interagovat s davem, vid\u011bt tv\u00e1\u0159e fanou\u0161k\u016f a c\u00edtit se k nim bl\u00ed\u017e. I p\u0159esto, \u017ee pa\u0159\u00ed\u017e\u0161t\u00ed fanou\u0161ci \u010dasto vypadaj\u00ed, jako by se na koncertech nudili (kv\u016fli tomu, \u017ee tam jezd\u00ed velk\u00e9 mno\u017estv\u00ed kapel), Simple Plan se nedomn\u00edvaj\u00ed, \u017ee to je pravda. V\u017edycky si koncerty u\u017e\u00edvaj\u00ed a jsou pln\u00ed energie.<\/p>\n<p>&#8211; Jeff hovo\u0159il o koncert\u011b v Lyonu a o tom speci\u00e1ln\u00edm momentu, kdy fanou\u0161ci uk\u00e1zali sv\u00e9 n\u00e1pisy &#8222;D\u011bkujeme&#8220;<\/p>\n<p>&#8211; Ohledn\u011b nov\u00e9ho alba: Kluci str\u00e1vili dlouhou dobu skl\u00e1d\u00e1n\u00edm, a to t\u00e9m\u011b\u0159 dva roky. Sna\u017e\u00ed se vytv\u00e1\u0159et novou hudbu s &#8222;dotekem Simple Plan&#8220;, ale z\u00e1rove\u0148 se sna\u017e\u00ed vytv\u00e1\u0159et v\u011bci, kte\u0159\u00ed nezn\u00ed jako nic, co ji\u017e vytvo\u0159ili. Pierre vysv\u011btloval, \u017ee Boom zn\u00ed jako n\u011bkter\u00e9 z jejich star\u0161\u00edch p\u00edsn\u00ed, nicm\u00e9n\u011b album bude obsahovat tak\u00e9 p\u00edsn\u011b, kter\u00e9 zn\u00ed \u00fapln\u011b jinak. Jeff \u0159ekl, \u017ee ud\u011blali chybu, kdy\u017e se domn\u00edvali, \u017ee by album mohlo vyj\u00edt v \u0159\u00edjnu, a proto je zat\u00edm p\u0159elo\u017eeno na za\u010d\u00e1tek roku 2016. Je z 90% hotov\u00e9, ale je\u0161t\u011b jim zb\u00fdv\u00e1 dokon\u010dit t\u011bch 10%. Jedn\u00edm z d\u016fvod\u016f odkladu jsou tak\u00e9 spolupr\u00e1ce na albu, jeliko\u017e nebylo v\u017edy snadn\u00e9 zkoordinovat \u010dasov\u00e9 rozvrhy v\u0161ech z\u00fa\u010dastn\u011bn\u00fdch stran (zat\u00edm v\u0161ak o tom s k\u00fdm budou spolupracovat nehovo\u0159\u00ed). Nicm\u00e9n\u011b se domn\u00edvaj\u00ed, \u017ee by se m\u011blo jednat o jejich dosud nejlep\u0161\u00ed album.<\/p>\n<p>&#8211; O tom \u017ee jsou ji\u017e v\u00edc jak 15 let spolu: v minulosti ji\u017e vyzkou\u0161eli mnoho nov\u00fdch v\u011bc\u00ed (jako nap\u0159\u00edklad zp\u00edv\u00e1n\u00ed ve francouz\u0161tin\u011b), ale v\u017edycky se p\u0159ed ka\u017edou zm\u011bnou sami sebe zeptaj\u00ed: &#8222;Zn\u00ed to jako Simple Plan?&#8220;. V\u017edy se sna\u017e\u00ed z\u016fstat v\u011brni sv\u00e9 vlastn\u00ed hudb\u011b. Nejv\u00edce jsou py\u0161n\u00ed na to, \u017ee je v kapele po\u0159\u00e1d t\u011bch stejn\u00fdch p\u011bt \u010dlen\u016f, co\u017e mnoho dal\u0161\u00edch kapel \u0159\u00edct nem\u016f\u017ee. \u010casto jsou nap\u0159\u00edklad na koncertech \u010di festivalech s dal\u0161\u00edmi kapelami, u kter\u00fdch mezi \u010dleny poci\u0165uj\u00ed ur\u010dit\u00e9 nap\u011bt\u00ed &#8211; n\u011bkter\u00e9 se ji\u017e dokonce rozpadly, \u010di zm\u011bnili \u010dleny. Z\u00e1kladem Simple Plan je jejich p\u0159\u00e1telstv\u00ed. Ji\u017e jako mlad\u00ed spole\u010dn\u011b sd\u00edleli sv\u016fj mladick\u00fd sen cestovat spole\u010dn\u011b po cel\u00e9m sv\u011bt\u011b a ten se jim splnil. Tento sen sd\u00edl\u00ed i nad\u00e1le.<\/p>\n<p>&#8211; Pokud by nebyl v kapele, Pierre nev\u00ed, \u010d\u00edm jin\u00fdm by dnes byl. David by r\u00e1d byl pilotem. Jeff by se pravd\u011bpodobn\u011b stal u\u010ditelem klasick\u00e9 hudby. Pierre vtipkoval, \u017ee by Jeff m\u011bl j\u00edt zahr\u00e1t do pa\u0159\u00ed\u017esk\u00e9ho metra &#8211; s\u00e1m Pierre pr\u00fd v metru na\u0161el hned n\u011bkolik v\u00fdborn\u00fdch muzikant\u016f a hodil jim na 7\u20ac.<\/p>\n<p>&#8211; Rady nov\u00fdm kapel\u00e1m na Warped Tour: mazat se opalovac\u00edm kr\u00e9mem, vz\u00edt si s sebou cestovn\u00ed sprchu, hdon\u011b kondom\u016f a v\u017edy po ka\u017ed\u00fdm (resp. ka\u017ed\u00e9) cht\u00edt ob\u010danku.<\/p>\n<p>&#8211; Na z\u00e1v\u011br pod\u011bkovali sv\u00fdm francouzsk\u00fdm fanou\u0161k\u016fm za jejich v\u011brnost, nebo\u0165 ji\u017e mnoho let vid\u00ed na turn\u00e9 ty sam\u00e9 tv\u00e1\u0159e. David tak\u00e9 pod\u011bkoval zna\u010dce Citro\u00ebn, kter\u00e1 je ve Francii proslavila (Welcome To My Life bylo pou\u017eito v reklam\u011b v roce 2006).<\/p><\/blockquote>\n<div class=\"fblikebutton_button\" style=\"float: left; padding-top: 20px; margin-right: 20px; padding-bottom: 20px; padding-left: 20px;\"><iframe src=\"http:\/\/www.facebook.com\/plugins\/like.php?href=https%3A%2F%2Fwww.simpleplan.cz%2Fcz%2Findex.php%2Fvideo-rekapitulace-interview-z-francie%2F&amp;layout=standard&amp;show-faces=false&amp;width=450&amp;action=like&amp;colorscheme=light\" scrolling=\"no\" frameborder=\"0\" allowTransparency=\"true\" style=\"border:none; overflow:hidden; width:450px; height:26px\"><\/iframe><\/div>\n","protected":false},"excerpt":{"rendered":"<p>Make My Millenium nato\u010dilo v Pa\u0159\u00ed\u017ei rozhovor s Pierrem, Jeffem a Davidem ze Simple Plan<\/p>\n","protected":false},"author":5,"featured_media":0,"comment_status":"open","ping_status":"open","sticky":false,"template":"","format":"standard","meta":{"footnotes":"","fifu_image_url":"","fifu_image_alt":""},"categories":[19,10],"tags":[],"yoast_head":"<!-- This site is optimized with the Yoast SEO plugin v20.9 - https:\/\/yoast.com\/wordpress\/plugins\/seo\/ -->\n<title>VIDEO + REKAPITULACE: Interview z Francie | CZ: SimplePlan.cz<\/title>\n<meta name=\"robots\" content=\"index, follow, max-snippet:-1, max-image-preview:large, max-video-preview:-1\" \/>\n<link rel=\"canonical\" href=\"https:\/\/www.simpleplan.cz\/cz\/index.php\/video-rekapitulace-interview-z-francie\/\" \/>\n<meta property=\"og:locale\" content=\"cs_CZ\" \/>\n<meta property=\"og:type\" content=\"article\" \/>\n<meta property=\"og:title\" content=\"VIDEO + REKAPITULACE: Interview z Francie | CZ: SimplePlan.cz\" \/>\n<meta property=\"og:description\" content=\"Make My Millenium nato\u010dilo v Pa\u0159\u00ed\u017ei rozhovor s Pierrem, Jeffem a Davidem ze Simple Plan\" \/>\n<meta property=\"og:url\" content=\"https:\/\/www.simpleplan.cz\/cz\/index.php\/video-rekapitulace-interview-z-francie\/\" \/>\n<meta property=\"og:site_name\" content=\"CZ: SimplePlan.cz\" \/>\n<meta property=\"article:publisher\" content=\"http:\/\/www.facebook.com\/simpleplancz\" \/>\n<meta property=\"article:published_time\" content=\"2015-09-05T15:22:47+00:00\" \/>\n<meta property=\"article:modified_time\" content=\"2023-06-26T05:20:50+00:00\" \/>\n<meta property=\"og:image\" content=\"http:\/\/www.simpleplan.cz\/cz\/wp-content\/uploads\/logo.gif\" \/>\n<meta name=\"author\" content=\"Dominika\" \/>\n<meta name=\"twitter:card\" content=\"summary_large_image\" \/>\n<meta name=\"twitter:creator\" content=\"@simpleplancz\" \/>\n<meta name=\"twitter:site\" content=\"@simpleplancz\" \/>\n<meta name=\"twitter:label1\" content=\"Napsal(a)\" \/>\n\t<meta name=\"twitter:data1\" content=\"Dominika\" \/>\n\t<meta name=\"twitter:label2\" content=\"Odhadovan\u00e1 doba \u010dten\u00ed\" \/>\n\t<meta name=\"twitter:data2\" content=\"3 minuty\" \/>\n<script type=\"application\/ld+json\" class=\"yoast-schema-graph\">{\"@context\":\"https:\/\/schema.org\",\"@graph\":[{\"@type\":\"Article\",\"@id\":\"https:\/\/www.simpleplan.cz\/cz\/index.php\/video-rekapitulace-interview-z-francie\/#article\",\"isPartOf\":{\"@id\":\"https:\/\/www.simpleplan.cz\/cz\/index.php\/video-rekapitulace-interview-z-francie\/\"},\"author\":{\"name\":\"Dominika\",\"@id\":\"https:\/\/www.simpleplan.cz\/cz\/#\/schema\/person\/bb90dd25f4baab7793fc73ab0b783730\"},\"headline\":\"VIDEO + REKAPITULACE: Interview z Francie\",\"datePublished\":\"2015-09-05T15:22:47+00:00\",\"dateModified\":\"2023-06-26T05:20:50+00:00\",\"mainEntityOfPage\":{\"@id\":\"https:\/\/www.simpleplan.cz\/cz\/index.php\/video-rekapitulace-interview-z-francie\/\"},\"wordCount\":690,\"commentCount\":0,\"publisher\":{\"@id\":\"https:\/\/www.simpleplan.cz\/cz\/#organization\"},\"articleSection\":[\"rozhovory\",\"videa\"],\"inLanguage\":\"cs\",\"potentialAction\":[{\"@type\":\"CommentAction\",\"name\":\"Comment\",\"target\":[\"https:\/\/www.simpleplan.cz\/cz\/index.php\/video-rekapitulace-interview-z-francie\/#respond\"]}]},{\"@type\":\"WebPage\",\"@id\":\"https:\/\/www.simpleplan.cz\/cz\/index.php\/video-rekapitulace-interview-z-francie\/\",\"url\":\"https:\/\/www.simpleplan.cz\/cz\/index.php\/video-rekapitulace-interview-z-francie\/\",\"name\":\"VIDEO + REKAPITULACE: Interview z Francie | CZ: SimplePlan.cz\",\"isPartOf\":{\"@id\":\"https:\/\/www.simpleplan.cz\/cz\/#website\"},\"datePublished\":\"2015-09-05T15:22:47+00:00\",\"dateModified\":\"2023-06-26T05:20:50+00:00\",\"breadcrumb\":{\"@id\":\"https:\/\/www.simpleplan.cz\/cz\/index.php\/video-rekapitulace-interview-z-francie\/#breadcrumb\"},\"inLanguage\":\"cs\",\"potentialAction\":[{\"@type\":\"ReadAction\",\"target\":[\"https:\/\/www.simpleplan.cz\/cz\/index.php\/video-rekapitulace-interview-z-francie\/\"]}]},{\"@type\":\"BreadcrumbList\",\"@id\":\"https:\/\/www.simpleplan.cz\/cz\/index.php\/video-rekapitulace-interview-z-francie\/#breadcrumb\",\"itemListElement\":[{\"@type\":\"ListItem\",\"position\":1,\"name\":\"Dom\u016f\",\"item\":\"https:\/\/www.simpleplan.cz\/cz\/\"},{\"@type\":\"ListItem\",\"position\":2,\"name\":\"rozhovory\",\"item\":\"https:\/\/www.simpleplan.cz\/cz\/index.php\/category\/rozhovory\/\"},{\"@type\":\"ListItem\",\"position\":3,\"name\":\"VIDEO + REKAPITULACE: Interview z Francie\"}]},{\"@type\":\"WebSite\",\"@id\":\"https:\/\/www.simpleplan.cz\/cz\/#website\",\"url\":\"https:\/\/www.simpleplan.cz\/cz\/\",\"name\":\"CZ: SimplePlan.cz\",\"description\":\"Nejlep\u0161\u00ed zdroj informac\u00ed o kapele Simple Plan\",\"publisher\":{\"@id\":\"https:\/\/www.simpleplan.cz\/cz\/#organization\"},\"potentialAction\":[{\"@type\":\"SearchAction\",\"target\":{\"@type\":\"EntryPoint\",\"urlTemplate\":\"https:\/\/www.simpleplan.cz\/cz\/?s={search_term_string}\"},\"query-input\":\"required name=search_term_string\"}],\"inLanguage\":\"cs\"},{\"@type\":\"Organization\",\"@id\":\"https:\/\/www.simpleplan.cz\/cz\/#organization\",\"name\":\"CZ: SimplePlan.cz\",\"url\":\"https:\/\/www.simpleplan.cz\/cz\/\",\"logo\":{\"@type\":\"ImageObject\",\"inLanguage\":\"cs\",\"@id\":\"https:\/\/www.simpleplan.cz\/cz\/#\/schema\/logo\/image\/\",\"url\":\"https:\/\/www.simpleplan.cz\/cz\/wp-content\/uploads\/spczlogo.png\",\"contentUrl\":\"https:\/\/www.simpleplan.cz\/cz\/wp-content\/uploads\/spczlogo.png\",\"width\":250,\"height\":190,\"caption\":\"CZ: SimplePlan.cz\"},\"image\":{\"@id\":\"https:\/\/www.simpleplan.cz\/cz\/#\/schema\/logo\/image\/\"},\"sameAs\":[\"http:\/\/www.facebook.com\/simpleplancz\",\"https:\/\/twitter.com\/simpleplancz\",\"http:\/\/www.instagram.com\/simpleplancz\",\"http:\/\/www.youtube.com\/simpleplancz\"]},{\"@type\":\"Person\",\"@id\":\"https:\/\/www.simpleplan.cz\/cz\/#\/schema\/person\/bb90dd25f4baab7793fc73ab0b783730\",\"name\":\"Dominika\",\"image\":{\"@type\":\"ImageObject\",\"inLanguage\":\"cs\",\"@id\":\"https:\/\/www.simpleplan.cz\/cz\/#\/schema\/person\/image\/\",\"url\":\"https:\/\/secure.gravatar.com\/avatar\/de55cb16a8578d56e96c89d1a0af3db5?s=96&d=mm&r=g\",\"contentUrl\":\"https:\/\/secure.gravatar.com\/avatar\/de55cb16a8578d56e96c89d1a0af3db5?s=96&d=mm&r=g\",\"caption\":\"Dominika\"},\"sameAs\":[\"http:\/\/www.simpleplan.cz\"],\"url\":\"https:\/\/www.simpleplan.cz\/cz\/index.php\/author\/admin-2\/\"}]}<\/script>\n<!-- \/ Yoast SEO plugin. -->","yoast_head_json":{"title":"VIDEO + REKAPITULACE: Interview z Francie | CZ: SimplePlan.cz","robots":{"index":"index","follow":"follow","max-snippet":"max-snippet:-1","max-image-preview":"max-image-preview:large","max-video-preview":"max-video-preview:-1"},"canonical":"https:\/\/www.simpleplan.cz\/cz\/index.php\/video-rekapitulace-interview-z-francie\/","og_locale":"cs_CZ","og_type":"article","og_title":"VIDEO + REKAPITULACE: Interview z Francie | CZ: SimplePlan.cz","og_description":"Make My Millenium nato\u010dilo v Pa\u0159\u00ed\u017ei rozhovor s Pierrem, Jeffem a Davidem ze Simple Plan","og_url":"https:\/\/www.simpleplan.cz\/cz\/index.php\/video-rekapitulace-interview-z-francie\/","og_site_name":"CZ: SimplePlan.cz","article_publisher":"http:\/\/www.facebook.com\/simpleplancz","article_published_time":"2015-09-05T15:22:47+00:00","article_modified_time":"2023-06-26T05:20:50+00:00","og_image":[{"url":"http:\/\/www.simpleplan.cz\/cz\/wp-content\/uploads\/logo.gif"}],"author":"Dominika","twitter_card":"summary_large_image","twitter_creator":"@simpleplancz","twitter_site":"@simpleplancz","twitter_misc":{"Napsal(a)":"Dominika","Odhadovan\u00e1 doba \u010dten\u00ed":"3 minuty"},"schema":{"@context":"https:\/\/schema.org","@graph":[{"@type":"Article","@id":"https:\/\/www.simpleplan.cz\/cz\/index.php\/video-rekapitulace-interview-z-francie\/#article","isPartOf":{"@id":"https:\/\/www.simpleplan.cz\/cz\/index.php\/video-rekapitulace-interview-z-francie\/"},"author":{"name":"Dominika","@id":"https:\/\/www.simpleplan.cz\/cz\/#\/schema\/person\/bb90dd25f4baab7793fc73ab0b783730"},"headline":"VIDEO + REKAPITULACE: Interview z Francie","datePublished":"2015-09-05T15:22:47+00:00","dateModified":"2023-06-26T05:20:50+00:00","mainEntityOfPage":{"@id":"https:\/\/www.simpleplan.cz\/cz\/index.php\/video-rekapitulace-interview-z-francie\/"},"wordCount":690,"commentCount":0,"publisher":{"@id":"https:\/\/www.simpleplan.cz\/cz\/#organization"},"articleSection":["rozhovory","videa"],"inLanguage":"cs","potentialAction":[{"@type":"CommentAction","name":"Comment","target":["https:\/\/www.simpleplan.cz\/cz\/index.php\/video-rekapitulace-interview-z-francie\/#respond"]}]},{"@type":"WebPage","@id":"https:\/\/www.simpleplan.cz\/cz\/index.php\/video-rekapitulace-interview-z-francie\/","url":"https:\/\/www.simpleplan.cz\/cz\/index.php\/video-rekapitulace-interview-z-francie\/","name":"VIDEO + REKAPITULACE: Interview z Francie | CZ: SimplePlan.cz","isPartOf":{"@id":"https:\/\/www.simpleplan.cz\/cz\/#website"},"datePublished":"2015-09-05T15:22:47+00:00","dateModified":"2023-06-26T05:20:50+00:00","breadcrumb":{"@id":"https:\/\/www.simpleplan.cz\/cz\/index.php\/video-rekapitulace-interview-z-francie\/#breadcrumb"},"inLanguage":"cs","potentialAction":[{"@type":"ReadAction","target":["https:\/\/www.simpleplan.cz\/cz\/index.php\/video-rekapitulace-interview-z-francie\/"]}]},{"@type":"BreadcrumbList","@id":"https:\/\/www.simpleplan.cz\/cz\/index.php\/video-rekapitulace-interview-z-francie\/#breadcrumb","itemListElement":[{"@type":"ListItem","position":1,"name":"Dom\u016f","item":"https:\/\/www.simpleplan.cz\/cz\/"},{"@type":"ListItem","position":2,"name":"rozhovory","item":"https:\/\/www.simpleplan.cz\/cz\/index.php\/category\/rozhovory\/"},{"@type":"ListItem","position":3,"name":"VIDEO + REKAPITULACE: Interview z Francie"}]},{"@type":"WebSite","@id":"https:\/\/www.simpleplan.cz\/cz\/#website","url":"https:\/\/www.simpleplan.cz\/cz\/","name":"CZ: SimplePlan.cz","description":"Nejlep\u0161\u00ed zdroj informac\u00ed o kapele Simple Plan","publisher":{"@id":"https:\/\/www.simpleplan.cz\/cz\/#organization"},"potentialAction":[{"@type":"SearchAction","target":{"@type":"EntryPoint","urlTemplate":"https:\/\/www.simpleplan.cz\/cz\/?s={search_term_string}"},"query-input":"required name=search_term_string"}],"inLanguage":"cs"},{"@type":"Organization","@id":"https:\/\/www.simpleplan.cz\/cz\/#organization","name":"CZ: SimplePlan.cz","url":"https:\/\/www.simpleplan.cz\/cz\/","logo":{"@type":"ImageObject","inLanguage":"cs","@id":"https:\/\/www.simpleplan.cz\/cz\/#\/schema\/logo\/image\/","url":"https:\/\/www.simpleplan.cz\/cz\/wp-content\/uploads\/spczlogo.png","contentUrl":"https:\/\/www.simpleplan.cz\/cz\/wp-content\/uploads\/spczlogo.png","width":250,"height":190,"caption":"CZ: SimplePlan.cz"},"image":{"@id":"https:\/\/www.simpleplan.cz\/cz\/#\/schema\/logo\/image\/"},"sameAs":["http:\/\/www.facebook.com\/simpleplancz","https:\/\/twitter.com\/simpleplancz","http:\/\/www.instagram.com\/simpleplancz","http:\/\/www.youtube.com\/simpleplancz"]},{"@type":"Person","@id":"https:\/\/www.simpleplan.cz\/cz\/#\/schema\/person\/bb90dd25f4baab7793fc73ab0b783730","name":"Dominika","image":{"@type":"ImageObject","inLanguage":"cs","@id":"https:\/\/www.simpleplan.cz\/cz\/#\/schema\/person\/image\/","url":"https:\/\/secure.gravatar.com\/avatar\/de55cb16a8578d56e96c89d1a0af3db5?s=96&d=mm&r=g","contentUrl":"https:\/\/secure.gravatar.com\/avatar\/de55cb16a8578d56e96c89d1a0af3db5?s=96&d=mm&r=g","caption":"Dominika"},"sameAs":["http:\/\/www.simpleplan.cz"],"url":"https:\/\/www.simpleplan.cz\/cz\/index.php\/author\/admin-2\/"}]}},"featured_image_urls":{"full":"","thumbnail":"","medium":"","medium_large":"","large":"","1536x1536":"","2048x2048":"","elegant-magazine-featured":"","elegant-magazine-medium":"","elegant-magazine-medium-small":"","elegant-magazine-thumbnail-small":""},"author_info":{"display_name":"Dominika","author_link":"https:\/\/www.simpleplan.cz\/cz\/index.php\/author\/admin-2\/"},"category_info":"<a href=\"https:\/\/www.simpleplan.cz\/cz\/index.php\/category\/rozhovory\/\" rel=\"category tag\">rozhovory<\/a> <a href=\"https:\/\/www.simpleplan.cz\/cz\/index.php\/category\/videa\/\" rel=\"category tag\">videa<\/a>","tag_info":"videa","comment_count":"0","_links":{"self":[{"href":"https:\/\/www.simpleplan.cz\/cz\/index.php\/wp-json\/wp\/v2\/posts\/17028"}],"collection":[{"href":"https:\/\/www.simpleplan.cz\/cz\/index.php\/wp-json\/wp\/v2\/posts"}],"about":[{"href":"https:\/\/www.simpleplan.cz\/cz\/index.php\/wp-json\/wp\/v2\/types\/post"}],"author":[{"embeddable":true,"href":"https:\/\/www.simpleplan.cz\/cz\/index.php\/wp-json\/wp\/v2\/users\/5"}],"replies":[{"embeddable":true,"href":"https:\/\/www.simpleplan.cz\/cz\/index.php\/wp-json\/wp\/v2\/comments?post=17028"}],"version-history":[{"count":1,"href":"https:\/\/www.simpleplan.cz\/cz\/index.php\/wp-json\/wp\/v2\/posts\/17028\/revisions"}],"predecessor-version":[{"id":17029,"href":"https:\/\/www.simpleplan.cz\/cz\/index.php\/wp-json\/wp\/v2\/posts\/17028\/revisions\/17029"}],"wp:attachment":[{"href":"https:\/\/www.simpleplan.cz\/cz\/index.php\/wp-json\/wp\/v2\/media?parent=17028"}],"wp:term":[{"taxonomy":"category","embeddable":true,"href":"https:\/\/www.simpleplan.cz\/cz\/index.php\/wp-json\/wp\/v2\/categories?post=17028"},{"taxonomy":"post_tag","embeddable":true,"href":"https:\/\/www.simpleplan.cz\/cz\/index.php\/wp-json\/wp\/v2\/tags?post=17028"}],"curies":[{"name":"wp","href":"https:\/\/api.w.org\/{rel}","templated":true}]}}