{"id":17132,"date":"2015-10-02T20:51:50","date_gmt":"2015-10-02T18:51:50","guid":{"rendered":"http:\/\/www.simpleplan.cz\/cz\/?p=17132"},"modified":"2023-06-26T07:20:48","modified_gmt":"2023-06-26T05:20:48","slug":"pierre-nosi-cerveny-nos-na-podporu-nadace-na-pomoc-lidem-s-rakovinou","status":"publish","type":"post","link":"https:\/\/www.simpleplan.cz\/cz\/index.php\/pierre-nosi-cerveny-nos-na-podporu-nadace-na-pomoc-lidem-s-rakovinou\/","title":{"rendered":"Pierre nos\u00ed \u010derven\u00fd nos na podporu nadace na pomoc lidem s rakovinou"},"content":{"rendered":"<p>Od t\u00e9 doby, co jeho bratr Jay pro\u0161el bojem s rakovinou se <b>Pierre Bouvier<\/b> ze Simple Plan intenzivn\u011b v\u011bnuje podpo\u0159e r\u016fzn\u00fdch charitativn\u00edch program\u016f a kampan\u00ed, kter\u00e9 pom\u00e1haj\u00ed proti rakovin\u011b bojovat. Jeho nejnov\u011bj\u0161\u00ed zapojen\u00ed je s nadac\u00ed <b>Nez Pour Vivre<\/b>, kter\u00e1 <b>pom\u00e1h\u00e1 mlad\u00fdm lidem v rozmez\u00ed 18 a 35 let, kte\u0159\u00ed \u017eij\u00ed s rakovinou<\/b>. Nadace Nez Pour Vivre v sou\u010dasn\u00e9 dob\u011b zah\u00e1jila novou kampa\u0148, jej\u00edm\u017e c\u00edlem je mezi 1. \u0159\u00edjnem 2015 a 1. \u0159\u00edjnem 2016 vyt\u011b\u017eit 1 milion dolar\u016f na podporu v\u00fdzkumu rakoviny. <\/p>\n<p>Aby tohoto c\u00edlu dos\u00e1hli, nadace z\u00edskala pomoc na 200 osobnost\u00ed: um\u011blc\u016f, ve\u0159ejn\u011b zn\u00e1m\u00fdch osob, atlet\u016f a podnikatel\u016f, kte\u0159\u00ed podpo\u0159\u00ed kampa\u0148 vyfocen\u00edm selfie s \u010derven\u00fdm nosem, jej\u00edm publikov\u00e1n\u00edm na soci\u00e1ln\u00edch s\u00edt\u00edch a vyb\u00eddnut\u00edm jejich fanou\u0161k\u016f, aby u\u010dinili to sam\u00e9. \u010cerven\u00e9 nosy lze v Kanad\u011b zakoupit za $2 hned v n\u011bkolika \u0159et\u011bzc\u00edch partner\u016f t\u00e9to nadace, mezi kter\u00e9 pat\u0159\u00ed nap\u0159\u00edklad Tim Hortons, Jean Coutu, Archambault, Party Expert, Rossy, KFC, VitroPlus a Giant Tiger.<\/p>\n<p>Ti, kte\u0159\u00ed si selfie s \u010derven\u00fdm nosem po\u0159\u00edd\u00ed, mohou po registraci na str\u00e1nk\u00e1ch nadace sout\u011b\u017eit tak\u00e9 o r\u016fzn\u00e9 ceny, mezi kter\u00e9 pat\u0159\u00ed tak\u00e9 nap\u0159\u00edklad <b>vystoupen\u00ed Pierra Bouviera na zvolen\u00e9 st\u0159edn\u00ed \u0161kole<\/b> [v Kanad\u011b]. V\u00edce informac\u00ed naleznete <a href=\"http:\/\/www.instantanez.ca\" target=\"_blank\" rel=\"noopener\">zde<\/a>.<\/p>\n<p>V galerii si ji\u017e m\u016f\u017eete prohl\u00e9dnout <b>Pierrovu selfie s \u010derven\u00fdm nosem<\/b>, kterou v\u010dera ve\u010der publikoval na Instagramu:<\/p>\n<p><center><a href=\"http:\/\/www.simpleplan.cz\/gallery\/thumbnails.php?album=2123\" target=\"_blank\" rel=\"noopener\"><img decoding=\"async\" src=\"http:\/\/www.simpleplan.cz\/gal\/4437.gif\"\/><\/a><\/center><\/p>\n<div class=\"fblikebutton_button\" style=\"float: left; padding-top: 20px; margin-right: 20px; padding-bottom: 20px; padding-left: 20px;\"><iframe src=\"http:\/\/www.facebook.com\/plugins\/like.php?href=https%3A%2F%2Fwww.simpleplan.cz%2Fcz%2Findex.php%2Fpierre-nosi-cerveny-nos-na-podporu-nadace-na-pomoc-lidem-s-rakovinou%2F&amp;layout=standard&amp;show-faces=false&amp;width=450&amp;action=like&amp;colorscheme=light\" scrolling=\"no\" frameborder=\"0\" allowTransparency=\"true\" style=\"border:none; overflow:hidden; width:450px; height:26px\"><\/iframe><\/div>\n","protected":false},"excerpt":{"rendered":"<p>Od t\u00e9 doby, co jeho bratr Jay pro\u0161el bojem s rakovinou se Pierre Bouvier ze<\/p>\n","protected":false},"author":5,"featured_media":0,"comment_status":"open","ping_status":"open","sticky":false,"template":"","format":"standard","meta":{"footnotes":"","fifu_image_url":"","fifu_image_alt":""},"categories":[9,5],"tags":[1908,1910,1909,1228],"yoast_head":"<!-- This site is optimized with the Yoast SEO plugin v20.9 - https:\/\/yoast.com\/wordpress\/plugins\/seo\/ -->\n<title>Pierre nos\u00ed \u010derven\u00fd nos na podporu nadace na pomoc lidem s rakovinou | CZ: SimplePlan.cz<\/title>\n<meta name=\"description\" content=\"Pierre Bouvier ze Simple Plan se zapojil do nadace proti rakovin\u011b s c\u00edlem z\u00edsk\u00e1n\u00ed 1 milionu dolar\u016f na v\u00fdzkum rakoviny prodejem \u010derven\u00fdch nos\u016f.\" \/>\n<meta name=\"robots\" content=\"index, follow, max-snippet:-1, max-image-preview:large, max-video-preview:-1\" \/>\n<link rel=\"canonical\" href=\"https:\/\/www.simpleplan.cz\/cz\/index.php\/pierre-nosi-cerveny-nos-na-podporu-nadace-na-pomoc-lidem-s-rakovinou\/\" \/>\n<meta property=\"og:locale\" content=\"cs_CZ\" \/>\n<meta property=\"og:type\" content=\"article\" \/>\n<meta property=\"og:title\" content=\"Pierre nos\u00ed \u010derven\u00fd nos na podporu nadace na pomoc lidem s rakovinou | CZ: SimplePlan.cz\" \/>\n<meta property=\"og:description\" content=\"Pierre Bouvier ze Simple Plan se zapojil do nadace proti rakovin\u011b s c\u00edlem z\u00edsk\u00e1n\u00ed 1 milionu dolar\u016f na v\u00fdzkum rakoviny prodejem \u010derven\u00fdch nos\u016f.\" \/>\n<meta property=\"og:url\" content=\"https:\/\/www.simpleplan.cz\/cz\/index.php\/pierre-nosi-cerveny-nos-na-podporu-nadace-na-pomoc-lidem-s-rakovinou\/\" \/>\n<meta property=\"og:site_name\" content=\"CZ: SimplePlan.cz\" \/>\n<meta property=\"article:publisher\" content=\"http:\/\/www.facebook.com\/simpleplancz\" \/>\n<meta property=\"article:published_time\" content=\"2015-10-02T18:51:50+00:00\" \/>\n<meta property=\"article:modified_time\" content=\"2023-06-26T05:20:48+00:00\" \/>\n<meta property=\"og:image\" content=\"http:\/\/www.simpleplan.cz\/gal\/4437.gif\" \/>\n<meta name=\"author\" content=\"Dominika\" \/>\n<meta name=\"twitter:card\" content=\"summary_large_image\" \/>\n<meta name=\"twitter:creator\" content=\"@simpleplancz\" \/>\n<meta name=\"twitter:site\" content=\"@simpleplancz\" \/>\n<meta name=\"twitter:label1\" content=\"Napsal(a)\" \/>\n\t<meta name=\"twitter:data1\" content=\"Dominika\" \/>\n\t<meta name=\"twitter:label2\" content=\"Odhadovan\u00e1 doba \u010dten\u00ed\" \/>\n\t<meta name=\"twitter:data2\" content=\"1 minuta\" \/>\n<script type=\"application\/ld+json\" class=\"yoast-schema-graph\">{\"@context\":\"https:\/\/schema.org\",\"@graph\":[{\"@type\":\"Article\",\"@id\":\"https:\/\/www.simpleplan.cz\/cz\/index.php\/pierre-nosi-cerveny-nos-na-podporu-nadace-na-pomoc-lidem-s-rakovinou\/#article\",\"isPartOf\":{\"@id\":\"https:\/\/www.simpleplan.cz\/cz\/index.php\/pierre-nosi-cerveny-nos-na-podporu-nadace-na-pomoc-lidem-s-rakovinou\/\"},\"author\":{\"name\":\"Dominika\",\"@id\":\"https:\/\/www.simpleplan.cz\/cz\/#\/schema\/person\/bb90dd25f4baab7793fc73ab0b783730\"},\"headline\":\"Pierre nos\u00ed \u010derven\u00fd nos na podporu nadace na pomoc lidem s rakovinou\",\"datePublished\":\"2015-10-02T18:51:50+00:00\",\"dateModified\":\"2023-06-26T05:20:48+00:00\",\"mainEntityOfPage\":{\"@id\":\"https:\/\/www.simpleplan.cz\/cz\/index.php\/pierre-nosi-cerveny-nos-na-podporu-nadace-na-pomoc-lidem-s-rakovinou\/\"},\"wordCount\":264,\"commentCount\":0,\"publisher\":{\"@id\":\"https:\/\/www.simpleplan.cz\/cz\/#organization\"},\"keywords\":[\"\u010derven\u00fd nos\",\"nadace\",\"Nez Pour Vivre\",\"rakovina\"],\"articleSection\":[\"fotky\",\"Pierre\"],\"inLanguage\":\"cs\",\"potentialAction\":[{\"@type\":\"CommentAction\",\"name\":\"Comment\",\"target\":[\"https:\/\/www.simpleplan.cz\/cz\/index.php\/pierre-nosi-cerveny-nos-na-podporu-nadace-na-pomoc-lidem-s-rakovinou\/#respond\"]}]},{\"@type\":\"WebPage\",\"@id\":\"https:\/\/www.simpleplan.cz\/cz\/index.php\/pierre-nosi-cerveny-nos-na-podporu-nadace-na-pomoc-lidem-s-rakovinou\/\",\"url\":\"https:\/\/www.simpleplan.cz\/cz\/index.php\/pierre-nosi-cerveny-nos-na-podporu-nadace-na-pomoc-lidem-s-rakovinou\/\",\"name\":\"Pierre nos\u00ed \u010derven\u00fd nos na podporu nadace na pomoc lidem s rakovinou | CZ: SimplePlan.cz\",\"isPartOf\":{\"@id\":\"https:\/\/www.simpleplan.cz\/cz\/#website\"},\"datePublished\":\"2015-10-02T18:51:50+00:00\",\"dateModified\":\"2023-06-26T05:20:48+00:00\",\"description\":\"Pierre Bouvier ze Simple Plan se zapojil do nadace proti rakovin\u011b s c\u00edlem z\u00edsk\u00e1n\u00ed 1 milionu dolar\u016f na v\u00fdzkum rakoviny prodejem \u010derven\u00fdch nos\u016f.\",\"breadcrumb\":{\"@id\":\"https:\/\/www.simpleplan.cz\/cz\/index.php\/pierre-nosi-cerveny-nos-na-podporu-nadace-na-pomoc-lidem-s-rakovinou\/#breadcrumb\"},\"inLanguage\":\"cs\",\"potentialAction\":[{\"@type\":\"ReadAction\",\"target\":[\"https:\/\/www.simpleplan.cz\/cz\/index.php\/pierre-nosi-cerveny-nos-na-podporu-nadace-na-pomoc-lidem-s-rakovinou\/\"]}]},{\"@type\":\"BreadcrumbList\",\"@id\":\"https:\/\/www.simpleplan.cz\/cz\/index.php\/pierre-nosi-cerveny-nos-na-podporu-nadace-na-pomoc-lidem-s-rakovinou\/#breadcrumb\",\"itemListElement\":[{\"@type\":\"ListItem\",\"position\":1,\"name\":\"Dom\u016f\",\"item\":\"https:\/\/www.simpleplan.cz\/cz\/\"},{\"@type\":\"ListItem\",\"position\":2,\"name\":\"fotky\",\"item\":\"https:\/\/www.simpleplan.cz\/cz\/index.php\/category\/fotky\/\"},{\"@type\":\"ListItem\",\"position\":3,\"name\":\"Pierre nos\u00ed \u010derven\u00fd nos na podporu nadace na pomoc lidem s rakovinou\"}]},{\"@type\":\"WebSite\",\"@id\":\"https:\/\/www.simpleplan.cz\/cz\/#website\",\"url\":\"https:\/\/www.simpleplan.cz\/cz\/\",\"name\":\"CZ: SimplePlan.cz\",\"description\":\"Nejlep\u0161\u00ed zdroj informac\u00ed o kapele Simple Plan\",\"publisher\":{\"@id\":\"https:\/\/www.simpleplan.cz\/cz\/#organization\"},\"potentialAction\":[{\"@type\":\"SearchAction\",\"target\":{\"@type\":\"EntryPoint\",\"urlTemplate\":\"https:\/\/www.simpleplan.cz\/cz\/?s={search_term_string}\"},\"query-input\":\"required name=search_term_string\"}],\"inLanguage\":\"cs\"},{\"@type\":\"Organization\",\"@id\":\"https:\/\/www.simpleplan.cz\/cz\/#organization\",\"name\":\"CZ: SimplePlan.cz\",\"url\":\"https:\/\/www.simpleplan.cz\/cz\/\",\"logo\":{\"@type\":\"ImageObject\",\"inLanguage\":\"cs\",\"@id\":\"https:\/\/www.simpleplan.cz\/cz\/#\/schema\/logo\/image\/\",\"url\":\"https:\/\/www.simpleplan.cz\/cz\/wp-content\/uploads\/spczlogo.png\",\"contentUrl\":\"https:\/\/www.simpleplan.cz\/cz\/wp-content\/uploads\/spczlogo.png\",\"width\":250,\"height\":190,\"caption\":\"CZ: SimplePlan.cz\"},\"image\":{\"@id\":\"https:\/\/www.simpleplan.cz\/cz\/#\/schema\/logo\/image\/\"},\"sameAs\":[\"http:\/\/www.facebook.com\/simpleplancz\",\"https:\/\/twitter.com\/simpleplancz\",\"http:\/\/www.instagram.com\/simpleplancz\",\"http:\/\/www.youtube.com\/simpleplancz\"]},{\"@type\":\"Person\",\"@id\":\"https:\/\/www.simpleplan.cz\/cz\/#\/schema\/person\/bb90dd25f4baab7793fc73ab0b783730\",\"name\":\"Dominika\",\"image\":{\"@type\":\"ImageObject\",\"inLanguage\":\"cs\",\"@id\":\"https:\/\/www.simpleplan.cz\/cz\/#\/schema\/person\/image\/\",\"url\":\"https:\/\/secure.gravatar.com\/avatar\/de55cb16a8578d56e96c89d1a0af3db5?s=96&d=mm&r=g\",\"contentUrl\":\"https:\/\/secure.gravatar.com\/avatar\/de55cb16a8578d56e96c89d1a0af3db5?s=96&d=mm&r=g\",\"caption\":\"Dominika\"},\"sameAs\":[\"http:\/\/www.simpleplan.cz\"],\"url\":\"https:\/\/www.simpleplan.cz\/cz\/index.php\/author\/admin-2\/\"}]}<\/script>\n<!-- \/ Yoast SEO plugin. -->","yoast_head_json":{"title":"Pierre nos\u00ed \u010derven\u00fd nos na podporu nadace na pomoc lidem s rakovinou | CZ: SimplePlan.cz","description":"Pierre Bouvier ze Simple Plan se zapojil do nadace proti rakovin\u011b s c\u00edlem z\u00edsk\u00e1n\u00ed 1 milionu dolar\u016f na v\u00fdzkum rakoviny prodejem \u010derven\u00fdch nos\u016f.","robots":{"index":"index","follow":"follow","max-snippet":"max-snippet:-1","max-image-preview":"max-image-preview:large","max-video-preview":"max-video-preview:-1"},"canonical":"https:\/\/www.simpleplan.cz\/cz\/index.php\/pierre-nosi-cerveny-nos-na-podporu-nadace-na-pomoc-lidem-s-rakovinou\/","og_locale":"cs_CZ","og_type":"article","og_title":"Pierre nos\u00ed \u010derven\u00fd nos na podporu nadace na pomoc lidem s rakovinou | CZ: SimplePlan.cz","og_description":"Pierre Bouvier ze Simple Plan se zapojil do nadace proti rakovin\u011b s c\u00edlem z\u00edsk\u00e1n\u00ed 1 milionu dolar\u016f na v\u00fdzkum rakoviny prodejem \u010derven\u00fdch nos\u016f.","og_url":"https:\/\/www.simpleplan.cz\/cz\/index.php\/pierre-nosi-cerveny-nos-na-podporu-nadace-na-pomoc-lidem-s-rakovinou\/","og_site_name":"CZ: SimplePlan.cz","article_publisher":"http:\/\/www.facebook.com\/simpleplancz","article_published_time":"2015-10-02T18:51:50+00:00","article_modified_time":"2023-06-26T05:20:48+00:00","og_image":[{"url":"http:\/\/www.simpleplan.cz\/gal\/4437.gif"}],"author":"Dominika","twitter_card":"summary_large_image","twitter_creator":"@simpleplancz","twitter_site":"@simpleplancz","twitter_misc":{"Napsal(a)":"Dominika","Odhadovan\u00e1 doba \u010dten\u00ed":"1 minuta"},"schema":{"@context":"https:\/\/schema.org","@graph":[{"@type":"Article","@id":"https:\/\/www.simpleplan.cz\/cz\/index.php\/pierre-nosi-cerveny-nos-na-podporu-nadace-na-pomoc-lidem-s-rakovinou\/#article","isPartOf":{"@id":"https:\/\/www.simpleplan.cz\/cz\/index.php\/pierre-nosi-cerveny-nos-na-podporu-nadace-na-pomoc-lidem-s-rakovinou\/"},"author":{"name":"Dominika","@id":"https:\/\/www.simpleplan.cz\/cz\/#\/schema\/person\/bb90dd25f4baab7793fc73ab0b783730"},"headline":"Pierre nos\u00ed \u010derven\u00fd nos na podporu nadace na pomoc lidem s rakovinou","datePublished":"2015-10-02T18:51:50+00:00","dateModified":"2023-06-26T05:20:48+00:00","mainEntityOfPage":{"@id":"https:\/\/www.simpleplan.cz\/cz\/index.php\/pierre-nosi-cerveny-nos-na-podporu-nadace-na-pomoc-lidem-s-rakovinou\/"},"wordCount":264,"commentCount":0,"publisher":{"@id":"https:\/\/www.simpleplan.cz\/cz\/#organization"},"keywords":["\u010derven\u00fd nos","nadace","Nez Pour Vivre","rakovina"],"articleSection":["fotky","Pierre"],"inLanguage":"cs","potentialAction":[{"@type":"CommentAction","name":"Comment","target":["https:\/\/www.simpleplan.cz\/cz\/index.php\/pierre-nosi-cerveny-nos-na-podporu-nadace-na-pomoc-lidem-s-rakovinou\/#respond"]}]},{"@type":"WebPage","@id":"https:\/\/www.simpleplan.cz\/cz\/index.php\/pierre-nosi-cerveny-nos-na-podporu-nadace-na-pomoc-lidem-s-rakovinou\/","url":"https:\/\/www.simpleplan.cz\/cz\/index.php\/pierre-nosi-cerveny-nos-na-podporu-nadace-na-pomoc-lidem-s-rakovinou\/","name":"Pierre nos\u00ed \u010derven\u00fd nos na podporu nadace na pomoc lidem s rakovinou | CZ: SimplePlan.cz","isPartOf":{"@id":"https:\/\/www.simpleplan.cz\/cz\/#website"},"datePublished":"2015-10-02T18:51:50+00:00","dateModified":"2023-06-26T05:20:48+00:00","description":"Pierre Bouvier ze Simple Plan se zapojil do nadace proti rakovin\u011b s c\u00edlem z\u00edsk\u00e1n\u00ed 1 milionu dolar\u016f na v\u00fdzkum rakoviny prodejem \u010derven\u00fdch nos\u016f.","breadcrumb":{"@id":"https:\/\/www.simpleplan.cz\/cz\/index.php\/pierre-nosi-cerveny-nos-na-podporu-nadace-na-pomoc-lidem-s-rakovinou\/#breadcrumb"},"inLanguage":"cs","potentialAction":[{"@type":"ReadAction","target":["https:\/\/www.simpleplan.cz\/cz\/index.php\/pierre-nosi-cerveny-nos-na-podporu-nadace-na-pomoc-lidem-s-rakovinou\/"]}]},{"@type":"BreadcrumbList","@id":"https:\/\/www.simpleplan.cz\/cz\/index.php\/pierre-nosi-cerveny-nos-na-podporu-nadace-na-pomoc-lidem-s-rakovinou\/#breadcrumb","itemListElement":[{"@type":"ListItem","position":1,"name":"Dom\u016f","item":"https:\/\/www.simpleplan.cz\/cz\/"},{"@type":"ListItem","position":2,"name":"fotky","item":"https:\/\/www.simpleplan.cz\/cz\/index.php\/category\/fotky\/"},{"@type":"ListItem","position":3,"name":"Pierre nos\u00ed \u010derven\u00fd nos na podporu nadace na pomoc lidem s rakovinou"}]},{"@type":"WebSite","@id":"https:\/\/www.simpleplan.cz\/cz\/#website","url":"https:\/\/www.simpleplan.cz\/cz\/","name":"CZ: SimplePlan.cz","description":"Nejlep\u0161\u00ed zdroj informac\u00ed o kapele Simple Plan","publisher":{"@id":"https:\/\/www.simpleplan.cz\/cz\/#organization"},"potentialAction":[{"@type":"SearchAction","target":{"@type":"EntryPoint","urlTemplate":"https:\/\/www.simpleplan.cz\/cz\/?s={search_term_string}"},"query-input":"required name=search_term_string"}],"inLanguage":"cs"},{"@type":"Organization","@id":"https:\/\/www.simpleplan.cz\/cz\/#organization","name":"CZ: SimplePlan.cz","url":"https:\/\/www.simpleplan.cz\/cz\/","logo":{"@type":"ImageObject","inLanguage":"cs","@id":"https:\/\/www.simpleplan.cz\/cz\/#\/schema\/logo\/image\/","url":"https:\/\/www.simpleplan.cz\/cz\/wp-content\/uploads\/spczlogo.png","contentUrl":"https:\/\/www.simpleplan.cz\/cz\/wp-content\/uploads\/spczlogo.png","width":250,"height":190,"caption":"CZ: SimplePlan.cz"},"image":{"@id":"https:\/\/www.simpleplan.cz\/cz\/#\/schema\/logo\/image\/"},"sameAs":["http:\/\/www.facebook.com\/simpleplancz","https:\/\/twitter.com\/simpleplancz","http:\/\/www.instagram.com\/simpleplancz","http:\/\/www.youtube.com\/simpleplancz"]},{"@type":"Person","@id":"https:\/\/www.simpleplan.cz\/cz\/#\/schema\/person\/bb90dd25f4baab7793fc73ab0b783730","name":"Dominika","image":{"@type":"ImageObject","inLanguage":"cs","@id":"https:\/\/www.simpleplan.cz\/cz\/#\/schema\/person\/image\/","url":"https:\/\/secure.gravatar.com\/avatar\/de55cb16a8578d56e96c89d1a0af3db5?s=96&d=mm&r=g","contentUrl":"https:\/\/secure.gravatar.com\/avatar\/de55cb16a8578d56e96c89d1a0af3db5?s=96&d=mm&r=g","caption":"Dominika"},"sameAs":["http:\/\/www.simpleplan.cz"],"url":"https:\/\/www.simpleplan.cz\/cz\/index.php\/author\/admin-2\/"}]}},"featured_image_urls":{"full":"","thumbnail":"","medium":"","medium_large":"","large":"","1536x1536":"","2048x2048":"","elegant-magazine-featured":"","elegant-magazine-medium":"","elegant-magazine-medium-small":"","elegant-magazine-thumbnail-small":""},"author_info":{"display_name":"Dominika","author_link":"https:\/\/www.simpleplan.cz\/cz\/index.php\/author\/admin-2\/"},"category_info":"<a href=\"https:\/\/www.simpleplan.cz\/cz\/index.php\/category\/fotky\/\" rel=\"category tag\">fotky<\/a> <a href=\"https:\/\/www.simpleplan.cz\/cz\/index.php\/category\/pierre\/\" rel=\"category tag\">Pierre<\/a>","tag_info":"Pierre","comment_count":"0","_links":{"self":[{"href":"https:\/\/www.simpleplan.cz\/cz\/index.php\/wp-json\/wp\/v2\/posts\/17132"}],"collection":[{"href":"https:\/\/www.simpleplan.cz\/cz\/index.php\/wp-json\/wp\/v2\/posts"}],"about":[{"href":"https:\/\/www.simpleplan.cz\/cz\/index.php\/wp-json\/wp\/v2\/types\/post"}],"author":[{"embeddable":true,"href":"https:\/\/www.simpleplan.cz\/cz\/index.php\/wp-json\/wp\/v2\/users\/5"}],"replies":[{"embeddable":true,"href":"https:\/\/www.simpleplan.cz\/cz\/index.php\/wp-json\/wp\/v2\/comments?post=17132"}],"version-history":[{"count":6,"href":"https:\/\/www.simpleplan.cz\/cz\/index.php\/wp-json\/wp\/v2\/posts\/17132\/revisions"}],"predecessor-version":[{"id":30867,"href":"https:\/\/www.simpleplan.cz\/cz\/index.php\/wp-json\/wp\/v2\/posts\/17132\/revisions\/30867"}],"wp:attachment":[{"href":"https:\/\/www.simpleplan.cz\/cz\/index.php\/wp-json\/wp\/v2\/media?parent=17132"}],"wp:term":[{"taxonomy":"category","embeddable":true,"href":"https:\/\/www.simpleplan.cz\/cz\/index.php\/wp-json\/wp\/v2\/categories?post=17132"},{"taxonomy":"post_tag","embeddable":true,"href":"https:\/\/www.simpleplan.cz\/cz\/index.php\/wp-json\/wp\/v2\/tags?post=17132"}],"curies":[{"name":"wp","href":"https:\/\/api.w.org\/{rel}","templated":true}]}}