{"id":17289,"date":"2015-10-31T15:00:02","date_gmt":"2015-10-31T14:00:02","guid":{"rendered":"http:\/\/www.simpleplan.cz\/cz\/?p=17289"},"modified":"2023-06-26T07:20:45","modified_gmt":"2023-06-26T05:20:45","slug":"david-o-svem-veganstvi-v-novem-rozhovoru","status":"publish","type":"post","link":"https:\/\/www.simpleplan.cz\/cz\/index.php\/david-o-svem-veganstvi-v-novem-rozhovoru\/","title":{"rendered":"David o sv\u00e9m veganstv\u00ed v nov\u00e9m rozhovoru"},"content":{"rendered":"<p><img decoding=\"async\" style=\"margin: 10px;\" src=\"http:\/\/www.simpleplan.cz\/gal\/4464.gif\" align=\"right\"\/><br \/>\nPokud sledujete <b>Davida Desrosierse<\/b> na soci\u00e1ln\u00edch s\u00edt\u00edch, pak jist\u011b u\u017e n\u011bkolik m\u011bs\u00edc\u016f v\u00edte o tom, \u017ee <b>David se stal veganem<\/b> a velmi r\u00e1d se k tomuto t\u00e9matu vyjad\u0159uje. Sv\u016fj postoj k pr\u00e1v\u016fm zv\u00ed\u0159at dokonce podporuje i na ve\u0159ejnosti \u00fa\u010dast\u00ed na ka\u017edoro\u010dn\u00edch pochodech proti jatk\u00e1m [fotky z leto\u0161n\u00edho pochodu najdete <a href=\"http:\/\/www.simpleplan.cz\/cz\/index.php\/sobotni-aktivity-davida-a-chucka\/\" target=\"_blank\" rel=\"noopener\">zde<\/a>]. <\/p>\n<p>V nov\u00e9m rozhovoru, kter\u00fd se objevil na Instagramu <a href=\"https:\/\/instagram.com\/veganforearth\/\" target=\"_blank\" rel=\"noopener\">Vegan For Earth<\/a> se v\u0161ak <b>David v\u016fbec poprv\u00e9 sv\u011b\u0159il s t\u00edm, co p\u0159esn\u011b st\u00e1lo za zm\u011bnou jeho stravovac\u00edch n\u00e1vyk\u016f<\/b> a jak se s t\u00edm nyn\u00ed vypo\u0159\u00e1d\u00e1v\u00e1:<\/p>\n<blockquote><p><b>VEGANFOREARTH: Kdy p\u0159esn\u011b jsi se stal veganem?<\/b><br \/>\n<b>DAVID:<\/b> &#8222;Bylo to v b\u0159eznu tohoto roku, kdy\u017e jsme v Kalifornii nahr\u00e1vali na\u0161\u00ed novou desku. Ten p\u0159echod pro m\u011b byl velmi snadn\u00fd, jeliko\u017e je tam velk\u00e9 mno\u017estv\u00ed vegansk\u00fdch m\u00edst, kam se d\u00e1 zaj\u00edt!&#8220;<\/p>\n<p><b>VEGANFOREARTH: Pro\u010d ses k t\u00e9to zm\u011bn\u011b rozhodl?<\/b><br \/>\n<b>DAVID:<\/b> &#8222;Bylo to pot\u00e9, co mi jeden z m\u00fdch nejbli\u017e\u0161\u00edch p\u0159\u00e1tel \u0159ekl, a\u0165 se pod\u00edv\u00e1m na proslovy &#8222;Greatest Speech Ever&#8220; aktivisty Garyho Yourosfky a na film &#8222;Earthlings&#8220;- to m\u011b dostalo!!!<\/p>\n<p><b>VEGANFOREARTH: Jak\u00e1 je tvoje nejobl\u00edben\u011bj\u0161\u00ed vegansk\u00e1 restaurace? <\/b><br \/>\n<b>DAVID:<\/b> &#8222;M\u00fdm nejobl\u00edben\u011bj\u0161\u00edm m\u00edstem na cel\u00e9m sv\u011bt\u011b je &#8218;Cafe Gratitude&#8216; &#8211; maj\u00ed jedno ve Venice, dv\u011b v LA a jedno v San Franciscu, a te\u010f se mluv\u00ed o tom, \u017ee by snad m\u011blo brzy b\u00fdt jedno i v New Yorku! Je to tam v\u00fdborn\u00fd!!!&#8220;<\/p>\n<p><b>VEGANFOREARTH: Co bylo pro tebe nejt\u011b\u017e\u0161\u00ed v p\u0159echodu na tuto novou dietu?<\/b><br \/>\n<b>DAVID:<\/b> &#8222;Ten p\u0159echod byl celkem drastick\u00fd, proto\u017ee jsem ne\u0161el p\u0159es ten &#8222;mezistupe\u0148&#8220; vegetari\u00e1nstv\u00ed, ale \u0161el jsem rovnou do veganstv\u00ed! Nejt\u011b\u017e\u0161\u00ed na tom v\u0161em ale bylo to, \u017ee jsem se musel sm\u00ed\u0159it s t\u00edm, co jsem jedl do t\u00e9 doby, a kolika zv\u00ed\u0159at\u016fm jsem t\u00edm ubl\u00ed\u017eil!&#8220;<\/p><\/blockquote>\n<div class=\"fblikebutton_button\" style=\"float: left; padding-top: 20px; margin-right: 20px; padding-bottom: 20px; padding-left: 20px;\"><iframe src=\"http:\/\/www.facebook.com\/plugins\/like.php?href=https%3A%2F%2Fwww.simpleplan.cz%2Fcz%2Findex.php%2Fdavid-o-svem-veganstvi-v-novem-rozhovoru%2F&amp;layout=standard&amp;show-faces=false&amp;width=450&amp;action=like&amp;colorscheme=light\" scrolling=\"no\" frameborder=\"0\" allowTransparency=\"true\" style=\"border:none; overflow:hidden; width:450px; height:26px\"><\/iframe><\/div>\n","protected":false},"excerpt":{"rendered":"<p>Pokud sledujete Davida Desrosierse na soci\u00e1ln\u00edch s\u00edt\u00edch, pak jist\u011b u\u017e n\u011bkolik m\u011bs\u00edc\u016f v\u00edte o tom,<\/p>\n","protected":false},"author":5,"featured_media":0,"comment_status":"open","ping_status":"open","sticky":false,"template":"","format":"standard","meta":{"footnotes":"","fifu_image_url":"","fifu_image_alt":""},"categories":[2,19],"tags":[1819,1925],"yoast_head":"<!-- This site is optimized with the Yoast SEO plugin v20.9 - https:\/\/yoast.com\/wordpress\/plugins\/seo\/ -->\n<title>David o sv\u00e9m veganstv\u00ed v nov\u00e9m rozhovoru | CZ: SimplePlan.cz<\/title>\n<meta name=\"robots\" content=\"index, follow, max-snippet:-1, max-image-preview:large, max-video-preview:-1\" \/>\n<link rel=\"canonical\" href=\"https:\/\/www.simpleplan.cz\/cz\/index.php\/david-o-svem-veganstvi-v-novem-rozhovoru\/\" \/>\n<meta property=\"og:locale\" content=\"cs_CZ\" \/>\n<meta property=\"og:type\" content=\"article\" \/>\n<meta property=\"og:title\" content=\"David o sv\u00e9m veganstv\u00ed v nov\u00e9m rozhovoru | CZ: SimplePlan.cz\" \/>\n<meta property=\"og:description\" content=\"Pokud sledujete Davida Desrosierse na soci\u00e1ln\u00edch s\u00edt\u00edch, pak jist\u011b u\u017e n\u011bkolik m\u011bs\u00edc\u016f v\u00edte o tom,\" \/>\n<meta property=\"og:url\" content=\"https:\/\/www.simpleplan.cz\/cz\/index.php\/david-o-svem-veganstvi-v-novem-rozhovoru\/\" \/>\n<meta property=\"og:site_name\" content=\"CZ: SimplePlan.cz\" \/>\n<meta property=\"article:publisher\" content=\"http:\/\/www.facebook.com\/simpleplancz\" \/>\n<meta property=\"article:published_time\" content=\"2015-10-31T14:00:02+00:00\" \/>\n<meta property=\"article:modified_time\" content=\"2023-06-26T05:20:45+00:00\" \/>\n<meta property=\"og:image\" content=\"http:\/\/www.simpleplan.cz\/gal\/4464.gif\" \/>\n<meta name=\"author\" content=\"Dominika\" \/>\n<meta name=\"twitter:card\" content=\"summary_large_image\" \/>\n<meta name=\"twitter:creator\" content=\"@simpleplancz\" \/>\n<meta name=\"twitter:site\" content=\"@simpleplancz\" \/>\n<meta name=\"twitter:label1\" content=\"Napsal(a)\" \/>\n\t<meta name=\"twitter:data1\" content=\"Dominika\" \/>\n\t<meta name=\"twitter:label2\" content=\"Odhadovan\u00e1 doba \u010dten\u00ed\" \/>\n\t<meta name=\"twitter:data2\" content=\"2 minuty\" \/>\n<script type=\"application\/ld+json\" class=\"yoast-schema-graph\">{\"@context\":\"https:\/\/schema.org\",\"@graph\":[{\"@type\":\"Article\",\"@id\":\"https:\/\/www.simpleplan.cz\/cz\/index.php\/david-o-svem-veganstvi-v-novem-rozhovoru\/#article\",\"isPartOf\":{\"@id\":\"https:\/\/www.simpleplan.cz\/cz\/index.php\/david-o-svem-veganstvi-v-novem-rozhovoru\/\"},\"author\":{\"name\":\"Dominika\",\"@id\":\"https:\/\/www.simpleplan.cz\/cz\/#\/schema\/person\/bb90dd25f4baab7793fc73ab0b783730\"},\"headline\":\"David o sv\u00e9m veganstv\u00ed v nov\u00e9m rozhovoru\",\"datePublished\":\"2015-10-31T14:00:02+00:00\",\"dateModified\":\"2023-06-26T05:20:45+00:00\",\"mainEntityOfPage\":{\"@id\":\"https:\/\/www.simpleplan.cz\/cz\/index.php\/david-o-svem-veganstvi-v-novem-rozhovoru\/\"},\"wordCount\":354,\"commentCount\":0,\"publisher\":{\"@id\":\"https:\/\/www.simpleplan.cz\/cz\/#organization\"},\"keywords\":[\"vegan\",\"veganstv\u00ed\"],\"articleSection\":[\"David\",\"rozhovory\"],\"inLanguage\":\"cs\",\"potentialAction\":[{\"@type\":\"CommentAction\",\"name\":\"Comment\",\"target\":[\"https:\/\/www.simpleplan.cz\/cz\/index.php\/david-o-svem-veganstvi-v-novem-rozhovoru\/#respond\"]}]},{\"@type\":\"WebPage\",\"@id\":\"https:\/\/www.simpleplan.cz\/cz\/index.php\/david-o-svem-veganstvi-v-novem-rozhovoru\/\",\"url\":\"https:\/\/www.simpleplan.cz\/cz\/index.php\/david-o-svem-veganstvi-v-novem-rozhovoru\/\",\"name\":\"David o sv\u00e9m veganstv\u00ed v nov\u00e9m rozhovoru | CZ: SimplePlan.cz\",\"isPartOf\":{\"@id\":\"https:\/\/www.simpleplan.cz\/cz\/#website\"},\"datePublished\":\"2015-10-31T14:00:02+00:00\",\"dateModified\":\"2023-06-26T05:20:45+00:00\",\"breadcrumb\":{\"@id\":\"https:\/\/www.simpleplan.cz\/cz\/index.php\/david-o-svem-veganstvi-v-novem-rozhovoru\/#breadcrumb\"},\"inLanguage\":\"cs\",\"potentialAction\":[{\"@type\":\"ReadAction\",\"target\":[\"https:\/\/www.simpleplan.cz\/cz\/index.php\/david-o-svem-veganstvi-v-novem-rozhovoru\/\"]}]},{\"@type\":\"BreadcrumbList\",\"@id\":\"https:\/\/www.simpleplan.cz\/cz\/index.php\/david-o-svem-veganstvi-v-novem-rozhovoru\/#breadcrumb\",\"itemListElement\":[{\"@type\":\"ListItem\",\"position\":1,\"name\":\"Dom\u016f\",\"item\":\"https:\/\/www.simpleplan.cz\/cz\/\"},{\"@type\":\"ListItem\",\"position\":2,\"name\":\"David\",\"item\":\"https:\/\/www.simpleplan.cz\/cz\/index.php\/category\/david\/\"},{\"@type\":\"ListItem\",\"position\":3,\"name\":\"David o sv\u00e9m veganstv\u00ed v nov\u00e9m rozhovoru\"}]},{\"@type\":\"WebSite\",\"@id\":\"https:\/\/www.simpleplan.cz\/cz\/#website\",\"url\":\"https:\/\/www.simpleplan.cz\/cz\/\",\"name\":\"CZ: SimplePlan.cz\",\"description\":\"Nejlep\u0161\u00ed zdroj informac\u00ed o kapele Simple Plan\",\"publisher\":{\"@id\":\"https:\/\/www.simpleplan.cz\/cz\/#organization\"},\"potentialAction\":[{\"@type\":\"SearchAction\",\"target\":{\"@type\":\"EntryPoint\",\"urlTemplate\":\"https:\/\/www.simpleplan.cz\/cz\/?s={search_term_string}\"},\"query-input\":\"required name=search_term_string\"}],\"inLanguage\":\"cs\"},{\"@type\":\"Organization\",\"@id\":\"https:\/\/www.simpleplan.cz\/cz\/#organization\",\"name\":\"CZ: SimplePlan.cz\",\"url\":\"https:\/\/www.simpleplan.cz\/cz\/\",\"logo\":{\"@type\":\"ImageObject\",\"inLanguage\":\"cs\",\"@id\":\"https:\/\/www.simpleplan.cz\/cz\/#\/schema\/logo\/image\/\",\"url\":\"https:\/\/www.simpleplan.cz\/cz\/wp-content\/uploads\/spczlogo.png\",\"contentUrl\":\"https:\/\/www.simpleplan.cz\/cz\/wp-content\/uploads\/spczlogo.png\",\"width\":250,\"height\":190,\"caption\":\"CZ: SimplePlan.cz\"},\"image\":{\"@id\":\"https:\/\/www.simpleplan.cz\/cz\/#\/schema\/logo\/image\/\"},\"sameAs\":[\"http:\/\/www.facebook.com\/simpleplancz\",\"https:\/\/twitter.com\/simpleplancz\",\"http:\/\/www.instagram.com\/simpleplancz\",\"http:\/\/www.youtube.com\/simpleplancz\"]},{\"@type\":\"Person\",\"@id\":\"https:\/\/www.simpleplan.cz\/cz\/#\/schema\/person\/bb90dd25f4baab7793fc73ab0b783730\",\"name\":\"Dominika\",\"image\":{\"@type\":\"ImageObject\",\"inLanguage\":\"cs\",\"@id\":\"https:\/\/www.simpleplan.cz\/cz\/#\/schema\/person\/image\/\",\"url\":\"https:\/\/secure.gravatar.com\/avatar\/de55cb16a8578d56e96c89d1a0af3db5?s=96&d=mm&r=g\",\"contentUrl\":\"https:\/\/secure.gravatar.com\/avatar\/de55cb16a8578d56e96c89d1a0af3db5?s=96&d=mm&r=g\",\"caption\":\"Dominika\"},\"sameAs\":[\"http:\/\/www.simpleplan.cz\"],\"url\":\"https:\/\/www.simpleplan.cz\/cz\/index.php\/author\/admin-2\/\"}]}<\/script>\n<!-- \/ Yoast SEO plugin. -->","yoast_head_json":{"title":"David o sv\u00e9m veganstv\u00ed v nov\u00e9m rozhovoru | CZ: SimplePlan.cz","robots":{"index":"index","follow":"follow","max-snippet":"max-snippet:-1","max-image-preview":"max-image-preview:large","max-video-preview":"max-video-preview:-1"},"canonical":"https:\/\/www.simpleplan.cz\/cz\/index.php\/david-o-svem-veganstvi-v-novem-rozhovoru\/","og_locale":"cs_CZ","og_type":"article","og_title":"David o sv\u00e9m veganstv\u00ed v nov\u00e9m rozhovoru | CZ: SimplePlan.cz","og_description":"Pokud sledujete Davida Desrosierse na soci\u00e1ln\u00edch s\u00edt\u00edch, pak jist\u011b u\u017e n\u011bkolik m\u011bs\u00edc\u016f v\u00edte o tom,","og_url":"https:\/\/www.simpleplan.cz\/cz\/index.php\/david-o-svem-veganstvi-v-novem-rozhovoru\/","og_site_name":"CZ: SimplePlan.cz","article_publisher":"http:\/\/www.facebook.com\/simpleplancz","article_published_time":"2015-10-31T14:00:02+00:00","article_modified_time":"2023-06-26T05:20:45+00:00","og_image":[{"url":"http:\/\/www.simpleplan.cz\/gal\/4464.gif"}],"author":"Dominika","twitter_card":"summary_large_image","twitter_creator":"@simpleplancz","twitter_site":"@simpleplancz","twitter_misc":{"Napsal(a)":"Dominika","Odhadovan\u00e1 doba \u010dten\u00ed":"2 minuty"},"schema":{"@context":"https:\/\/schema.org","@graph":[{"@type":"Article","@id":"https:\/\/www.simpleplan.cz\/cz\/index.php\/david-o-svem-veganstvi-v-novem-rozhovoru\/#article","isPartOf":{"@id":"https:\/\/www.simpleplan.cz\/cz\/index.php\/david-o-svem-veganstvi-v-novem-rozhovoru\/"},"author":{"name":"Dominika","@id":"https:\/\/www.simpleplan.cz\/cz\/#\/schema\/person\/bb90dd25f4baab7793fc73ab0b783730"},"headline":"David o sv\u00e9m veganstv\u00ed v nov\u00e9m rozhovoru","datePublished":"2015-10-31T14:00:02+00:00","dateModified":"2023-06-26T05:20:45+00:00","mainEntityOfPage":{"@id":"https:\/\/www.simpleplan.cz\/cz\/index.php\/david-o-svem-veganstvi-v-novem-rozhovoru\/"},"wordCount":354,"commentCount":0,"publisher":{"@id":"https:\/\/www.simpleplan.cz\/cz\/#organization"},"keywords":["vegan","veganstv\u00ed"],"articleSection":["David","rozhovory"],"inLanguage":"cs","potentialAction":[{"@type":"CommentAction","name":"Comment","target":["https:\/\/www.simpleplan.cz\/cz\/index.php\/david-o-svem-veganstvi-v-novem-rozhovoru\/#respond"]}]},{"@type":"WebPage","@id":"https:\/\/www.simpleplan.cz\/cz\/index.php\/david-o-svem-veganstvi-v-novem-rozhovoru\/","url":"https:\/\/www.simpleplan.cz\/cz\/index.php\/david-o-svem-veganstvi-v-novem-rozhovoru\/","name":"David o sv\u00e9m veganstv\u00ed v nov\u00e9m rozhovoru | CZ: SimplePlan.cz","isPartOf":{"@id":"https:\/\/www.simpleplan.cz\/cz\/#website"},"datePublished":"2015-10-31T14:00:02+00:00","dateModified":"2023-06-26T05:20:45+00:00","breadcrumb":{"@id":"https:\/\/www.simpleplan.cz\/cz\/index.php\/david-o-svem-veganstvi-v-novem-rozhovoru\/#breadcrumb"},"inLanguage":"cs","potentialAction":[{"@type":"ReadAction","target":["https:\/\/www.simpleplan.cz\/cz\/index.php\/david-o-svem-veganstvi-v-novem-rozhovoru\/"]}]},{"@type":"BreadcrumbList","@id":"https:\/\/www.simpleplan.cz\/cz\/index.php\/david-o-svem-veganstvi-v-novem-rozhovoru\/#breadcrumb","itemListElement":[{"@type":"ListItem","position":1,"name":"Dom\u016f","item":"https:\/\/www.simpleplan.cz\/cz\/"},{"@type":"ListItem","position":2,"name":"David","item":"https:\/\/www.simpleplan.cz\/cz\/index.php\/category\/david\/"},{"@type":"ListItem","position":3,"name":"David o sv\u00e9m veganstv\u00ed v nov\u00e9m rozhovoru"}]},{"@type":"WebSite","@id":"https:\/\/www.simpleplan.cz\/cz\/#website","url":"https:\/\/www.simpleplan.cz\/cz\/","name":"CZ: SimplePlan.cz","description":"Nejlep\u0161\u00ed zdroj informac\u00ed o kapele Simple Plan","publisher":{"@id":"https:\/\/www.simpleplan.cz\/cz\/#organization"},"potentialAction":[{"@type":"SearchAction","target":{"@type":"EntryPoint","urlTemplate":"https:\/\/www.simpleplan.cz\/cz\/?s={search_term_string}"},"query-input":"required name=search_term_string"}],"inLanguage":"cs"},{"@type":"Organization","@id":"https:\/\/www.simpleplan.cz\/cz\/#organization","name":"CZ: SimplePlan.cz","url":"https:\/\/www.simpleplan.cz\/cz\/","logo":{"@type":"ImageObject","inLanguage":"cs","@id":"https:\/\/www.simpleplan.cz\/cz\/#\/schema\/logo\/image\/","url":"https:\/\/www.simpleplan.cz\/cz\/wp-content\/uploads\/spczlogo.png","contentUrl":"https:\/\/www.simpleplan.cz\/cz\/wp-content\/uploads\/spczlogo.png","width":250,"height":190,"caption":"CZ: SimplePlan.cz"},"image":{"@id":"https:\/\/www.simpleplan.cz\/cz\/#\/schema\/logo\/image\/"},"sameAs":["http:\/\/www.facebook.com\/simpleplancz","https:\/\/twitter.com\/simpleplancz","http:\/\/www.instagram.com\/simpleplancz","http:\/\/www.youtube.com\/simpleplancz"]},{"@type":"Person","@id":"https:\/\/www.simpleplan.cz\/cz\/#\/schema\/person\/bb90dd25f4baab7793fc73ab0b783730","name":"Dominika","image":{"@type":"ImageObject","inLanguage":"cs","@id":"https:\/\/www.simpleplan.cz\/cz\/#\/schema\/person\/image\/","url":"https:\/\/secure.gravatar.com\/avatar\/de55cb16a8578d56e96c89d1a0af3db5?s=96&d=mm&r=g","contentUrl":"https:\/\/secure.gravatar.com\/avatar\/de55cb16a8578d56e96c89d1a0af3db5?s=96&d=mm&r=g","caption":"Dominika"},"sameAs":["http:\/\/www.simpleplan.cz"],"url":"https:\/\/www.simpleplan.cz\/cz\/index.php\/author\/admin-2\/"}]}},"featured_image_urls":{"full":"","thumbnail":"","medium":"","medium_large":"","large":"","1536x1536":"","2048x2048":"","elegant-magazine-featured":"","elegant-magazine-medium":"","elegant-magazine-medium-small":"","elegant-magazine-thumbnail-small":""},"author_info":{"display_name":"Dominika","author_link":"https:\/\/www.simpleplan.cz\/cz\/index.php\/author\/admin-2\/"},"category_info":"<a href=\"https:\/\/www.simpleplan.cz\/cz\/index.php\/category\/david\/\" rel=\"category tag\">David<\/a> <a href=\"https:\/\/www.simpleplan.cz\/cz\/index.php\/category\/rozhovory\/\" rel=\"category tag\">rozhovory<\/a>","tag_info":"rozhovory","comment_count":"0","_links":{"self":[{"href":"https:\/\/www.simpleplan.cz\/cz\/index.php\/wp-json\/wp\/v2\/posts\/17289"}],"collection":[{"href":"https:\/\/www.simpleplan.cz\/cz\/index.php\/wp-json\/wp\/v2\/posts"}],"about":[{"href":"https:\/\/www.simpleplan.cz\/cz\/index.php\/wp-json\/wp\/v2\/types\/post"}],"author":[{"embeddable":true,"href":"https:\/\/www.simpleplan.cz\/cz\/index.php\/wp-json\/wp\/v2\/users\/5"}],"replies":[{"embeddable":true,"href":"https:\/\/www.simpleplan.cz\/cz\/index.php\/wp-json\/wp\/v2\/comments?post=17289"}],"version-history":[{"count":4,"href":"https:\/\/www.simpleplan.cz\/cz\/index.php\/wp-json\/wp\/v2\/posts\/17289\/revisions"}],"predecessor-version":[{"id":30839,"href":"https:\/\/www.simpleplan.cz\/cz\/index.php\/wp-json\/wp\/v2\/posts\/17289\/revisions\/30839"}],"wp:attachment":[{"href":"https:\/\/www.simpleplan.cz\/cz\/index.php\/wp-json\/wp\/v2\/media?parent=17289"}],"wp:term":[{"taxonomy":"category","embeddable":true,"href":"https:\/\/www.simpleplan.cz\/cz\/index.php\/wp-json\/wp\/v2\/categories?post=17289"},{"taxonomy":"post_tag","embeddable":true,"href":"https:\/\/www.simpleplan.cz\/cz\/index.php\/wp-json\/wp\/v2\/tags?post=17289"}],"curies":[{"name":"wp","href":"https:\/\/api.w.org\/{rel}","templated":true}]}}