{"id":17331,"date":"2015-11-10T18:14:59","date_gmt":"2015-11-10T17:14:59","guid":{"rendered":"http:\/\/www.simpleplan.cz\/cz\/?p=17331"},"modified":"2023-06-26T07:20:43","modified_gmt":"2023-06-26T05:20:43","slug":"simple-plan-potvrzuji-delsi-navstevu-evropy-a-datum-vydani-alba-v-unoru-v-promo-rozhovorech","status":"publish","type":"post","link":"https:\/\/www.simpleplan.cz\/cz\/index.php\/simple-plan-potvrzuji-delsi-navstevu-evropy-a-datum-vydani-alba-v-unoru-v-promo-rozhovorech\/","title":{"rendered":"Simple Plan potvrzuj\u00ed del\u0161\u00ed n\u00e1v\u0161t\u011bvu Evropy a datum vyd\u00e1n\u00ed alba v \u00fanoru v promo rozhovorech"},"content":{"rendered":"<p>Je\u0161t\u011b p\u0159edt\u00edm, ne\u017e se Simple Plan vypravili do m\u00edsta kon\u00e1n\u00ed akce We Day (kde je dnes \u010dek\u00e1 kr\u00e1tk\u00e9 vystoupen\u00ed), bylo dne\u0161n\u00ed r\u00e1no pro n\u011bkter\u00e9 ze \u010dlen\u016f kapely op\u011bt pln\u00fdm promo rozhovor\u016f. V galerii nyn\u00ed najdete <b>fotografie \u010dlen\u016f Simple Plan z r\u016fzn\u00fdch televizn\u00edch a r\u00e1diov\u00fdch stanic z dne\u0161n\u00edho r\u00e1na<\/b>, jako nap\u0159\u00edklad z Hot 89.9 FM, MAJIC 100 FM nebo CTV:<\/p>\n<p><center><a href=\"http:\/\/www.simpleplan.cz\/gallery\/thumbnails.php?album=2130\" target=\"_blank\" rel=\"noopener\"><img decoding=\"async\" src=\"http:\/\/www.simpleplan.cz\/gal\/4473.gif\"\/><\/a> <a href=\"http:\/\/www.simpleplan.cz\/gallery\/thumbnails.php?album=2130\" target=\"_blank\" rel=\"noopener\"><img decoding=\"async\" src=\"http:\/\/www.simpleplan.cz\/gal\/4474.gif\"\/><\/a><\/center><\/p>\n<p>Jeden z t\u011bchto rozhovor\u016f je jich dostupn\u00fd ze shl\u00e9dnut\u00ed online. Ur\u010dit\u011b si nezapome\u0148te (kliknut\u00edm na obr\u00e1zek n\u00ed\u017ee) spustit <b>rozhovor ze CTV Morning Live<\/b>, kde Pierre s Jeffem prve hovo\u0159ili o nat\u00e1\u010den\u00ed klipu &#8222;I Don&#8217;t Wanna Go To Bed&#8220; a krom\u011b toho tak\u00e9 odhalili dv\u011b z\u00e1sadn\u00ed informace. Zaprv\u00e9, Simple Plan v Evrop\u011b p\u0159\u00ed\u0161t\u00ed t\u00fdden nestr\u00e1v\u00ed pouze jeden den ve Francii, ale podle jejich vlastn\u00edch slov je <b>z\u016fst\u00e1vaj\u00ed v Evrop\u011b cel\u00fd t\u00fdden a p\u016fl<\/b>. Co se t\u00fd\u010de toho, kde p\u0159esn\u011b je tato promo n\u00e1v\u0161t\u011bva star\u00e9ho kontinentu zavede v\u0161ak zat\u00edm nen\u00ed zn\u00e1mo (\u017e\u00e1dn\u00e9 ofici\u00e1ln\u00ed koncerty nejsou ozn\u00e1meny, pravd\u011bpodobn\u011b se bude jednat o n\u00e1v\u0161t\u011bvy r\u016fzn\u00fdch r\u00e1diov\u00fdch stanic). Druh\u00e1 informace, kter\u00e1 se opakuje ve v\u0161ech promo rozhovorech, se t\u00fdk\u00e1 <b>vyd\u00e1n\u00ed nov\u00e9ho alba, kter\u00e9 Simple Plan neust\u00e1le potvrzuj\u00ed v m\u011bs\u00edci \u00fanoru<\/b> &#8211; konkr\u00e9tn\u00ed datum ale zat\u00edm nen\u00ed zn\u00e1mo.<\/p>\n<p><center><a href=\"http:\/\/ottawa.ctvnews.ca\/video?clipId=746796&#038;binId=1.1164511&#038;playlistPageNum=1\" target=\"_blank\" rel=\"noopener\"><img decoding=\"async\" src=\"http:\/\/www.simpleplan.cz\/gal\/4472.gif\"\/><\/a><\/center><\/p>\n<div class=\"fblikebutton_button\" style=\"float: left; padding-top: 20px; margin-right: 20px; padding-bottom: 20px; padding-left: 20px;\"><iframe src=\"http:\/\/www.facebook.com\/plugins\/like.php?href=https%3A%2F%2Fwww.simpleplan.cz%2Fcz%2Findex.php%2Fsimple-plan-potvrzuji-delsi-navstevu-evropy-a-datum-vydani-alba-v-unoru-v-promo-rozhovorech%2F&amp;layout=standard&amp;show-faces=false&amp;width=450&amp;action=like&amp;colorscheme=light\" scrolling=\"no\" frameborder=\"0\" allowTransparency=\"true\" style=\"border:none; overflow:hidden; width:450px; height:26px\"><\/iframe><\/div>\n","protected":false},"excerpt":{"rendered":"<p>Je\u0161t\u011b p\u0159edt\u00edm, ne\u017e se Simple Plan vypravili do m\u00edsta kon\u00e1n\u00ed akce We Day (kde je<\/p>\n","protected":false},"author":5,"featured_media":0,"comment_status":"open","ping_status":"open","sticky":false,"template":"","format":"standard","meta":{"footnotes":"","fifu_image_url":"","fifu_image_alt":""},"categories":[848,9,4,5,19,10],"tags":[153,472,883],"yoast_head":"<!-- This site is optimized with the Yoast SEO plugin v20.9 - https:\/\/yoast.com\/wordpress\/plugins\/seo\/ -->\n<title>Simple Plan potvrzuj\u00ed del\u0161\u00ed n\u00e1v\u0161t\u011bvu Evropy a datum vyd\u00e1n\u00ed alba v \u00fanoru v promo rozhovorech | CZ: SimplePlan.cz<\/title>\n<meta name=\"robots\" content=\"index, follow, max-snippet:-1, max-image-preview:large, max-video-preview:-1\" \/>\n<link rel=\"canonical\" href=\"https:\/\/www.simpleplan.cz\/cz\/index.php\/simple-plan-potvrzuji-delsi-navstevu-evropy-a-datum-vydani-alba-v-unoru-v-promo-rozhovorech\/\" \/>\n<meta property=\"og:locale\" content=\"cs_CZ\" \/>\n<meta property=\"og:type\" content=\"article\" \/>\n<meta property=\"og:title\" content=\"Simple Plan potvrzuj\u00ed del\u0161\u00ed n\u00e1v\u0161t\u011bvu Evropy a datum vyd\u00e1n\u00ed alba v \u00fanoru v promo rozhovorech | CZ: SimplePlan.cz\" \/>\n<meta property=\"og:description\" content=\"Je\u0161t\u011b p\u0159edt\u00edm, ne\u017e se Simple Plan vypravili do m\u00edsta kon\u00e1n\u00ed akce We Day (kde je\" \/>\n<meta property=\"og:url\" content=\"https:\/\/www.simpleplan.cz\/cz\/index.php\/simple-plan-potvrzuji-delsi-navstevu-evropy-a-datum-vydani-alba-v-unoru-v-promo-rozhovorech\/\" \/>\n<meta property=\"og:site_name\" content=\"CZ: SimplePlan.cz\" \/>\n<meta property=\"article:publisher\" content=\"http:\/\/www.facebook.com\/simpleplancz\" \/>\n<meta property=\"article:published_time\" content=\"2015-11-10T17:14:59+00:00\" \/>\n<meta property=\"article:modified_time\" content=\"2023-06-26T05:20:43+00:00\" \/>\n<meta property=\"og:image\" content=\"http:\/\/www.simpleplan.cz\/gal\/4473.gif\" \/>\n<meta name=\"author\" content=\"Dominika\" \/>\n<meta name=\"twitter:card\" content=\"summary_large_image\" \/>\n<meta name=\"twitter:creator\" content=\"@simpleplancz\" \/>\n<meta name=\"twitter:site\" content=\"@simpleplancz\" \/>\n<meta name=\"twitter:label1\" content=\"Napsal(a)\" \/>\n\t<meta name=\"twitter:data1\" content=\"Dominika\" \/>\n\t<meta name=\"twitter:label2\" content=\"Odhadovan\u00e1 doba \u010dten\u00ed\" \/>\n\t<meta name=\"twitter:data2\" content=\"1 minuta\" \/>\n<script type=\"application\/ld+json\" class=\"yoast-schema-graph\">{\"@context\":\"https:\/\/schema.org\",\"@graph\":[{\"@type\":\"Article\",\"@id\":\"https:\/\/www.simpleplan.cz\/cz\/index.php\/simple-plan-potvrzuji-delsi-navstevu-evropy-a-datum-vydani-alba-v-unoru-v-promo-rozhovorech\/#article\",\"isPartOf\":{\"@id\":\"https:\/\/www.simpleplan.cz\/cz\/index.php\/simple-plan-potvrzuji-delsi-navstevu-evropy-a-datum-vydani-alba-v-unoru-v-promo-rozhovorech\/\"},\"author\":{\"name\":\"Dominika\",\"@id\":\"https:\/\/www.simpleplan.cz\/cz\/#\/schema\/person\/bb90dd25f4baab7793fc73ab0b783730\"},\"headline\":\"Simple Plan potvrzuj\u00ed del\u0161\u00ed n\u00e1v\u0161t\u011bvu Evropy a datum vyd\u00e1n\u00ed alba v \u00fanoru v promo rozhovorech\",\"datePublished\":\"2015-11-10T17:14:59+00:00\",\"dateModified\":\"2023-06-26T05:20:43+00:00\",\"mainEntityOfPage\":{\"@id\":\"https:\/\/www.simpleplan.cz\/cz\/index.php\/simple-plan-potvrzuji-delsi-navstevu-evropy-a-datum-vydani-alba-v-unoru-v-promo-rozhovorech\/\"},\"wordCount\":276,\"commentCount\":1,\"publisher\":{\"@id\":\"https:\/\/www.simpleplan.cz\/cz\/#organization\"},\"keywords\":[\"CTV\",\"Evropa\",\"promo\"],\"articleSection\":[\"5. album\",\"fotky\",\"Jeff\",\"Pierre\",\"rozhovory\",\"videa\"],\"inLanguage\":\"cs\",\"potentialAction\":[{\"@type\":\"CommentAction\",\"name\":\"Comment\",\"target\":[\"https:\/\/www.simpleplan.cz\/cz\/index.php\/simple-plan-potvrzuji-delsi-navstevu-evropy-a-datum-vydani-alba-v-unoru-v-promo-rozhovorech\/#respond\"]}]},{\"@type\":\"WebPage\",\"@id\":\"https:\/\/www.simpleplan.cz\/cz\/index.php\/simple-plan-potvrzuji-delsi-navstevu-evropy-a-datum-vydani-alba-v-unoru-v-promo-rozhovorech\/\",\"url\":\"https:\/\/www.simpleplan.cz\/cz\/index.php\/simple-plan-potvrzuji-delsi-navstevu-evropy-a-datum-vydani-alba-v-unoru-v-promo-rozhovorech\/\",\"name\":\"Simple Plan potvrzuj\u00ed del\u0161\u00ed n\u00e1v\u0161t\u011bvu Evropy a datum vyd\u00e1n\u00ed alba v \u00fanoru v promo rozhovorech | CZ: SimplePlan.cz\",\"isPartOf\":{\"@id\":\"https:\/\/www.simpleplan.cz\/cz\/#website\"},\"datePublished\":\"2015-11-10T17:14:59+00:00\",\"dateModified\":\"2023-06-26T05:20:43+00:00\",\"breadcrumb\":{\"@id\":\"https:\/\/www.simpleplan.cz\/cz\/index.php\/simple-plan-potvrzuji-delsi-navstevu-evropy-a-datum-vydani-alba-v-unoru-v-promo-rozhovorech\/#breadcrumb\"},\"inLanguage\":\"cs\",\"potentialAction\":[{\"@type\":\"ReadAction\",\"target\":[\"https:\/\/www.simpleplan.cz\/cz\/index.php\/simple-plan-potvrzuji-delsi-navstevu-evropy-a-datum-vydani-alba-v-unoru-v-promo-rozhovorech\/\"]}]},{\"@type\":\"BreadcrumbList\",\"@id\":\"https:\/\/www.simpleplan.cz\/cz\/index.php\/simple-plan-potvrzuji-delsi-navstevu-evropy-a-datum-vydani-alba-v-unoru-v-promo-rozhovorech\/#breadcrumb\",\"itemListElement\":[{\"@type\":\"ListItem\",\"position\":1,\"name\":\"Dom\u016f\",\"item\":\"https:\/\/www.simpleplan.cz\/cz\/\"},{\"@type\":\"ListItem\",\"position\":2,\"name\":\"5. album\",\"item\":\"https:\/\/www.simpleplan.cz\/cz\/index.php\/category\/5-album\/\"},{\"@type\":\"ListItem\",\"position\":3,\"name\":\"Simple Plan potvrzuj\u00ed del\u0161\u00ed n\u00e1v\u0161t\u011bvu Evropy a datum vyd\u00e1n\u00ed alba v \u00fanoru v promo rozhovorech\"}]},{\"@type\":\"WebSite\",\"@id\":\"https:\/\/www.simpleplan.cz\/cz\/#website\",\"url\":\"https:\/\/www.simpleplan.cz\/cz\/\",\"name\":\"CZ: SimplePlan.cz\",\"description\":\"Nejlep\u0161\u00ed zdroj informac\u00ed o kapele Simple Plan\",\"publisher\":{\"@id\":\"https:\/\/www.simpleplan.cz\/cz\/#organization\"},\"potentialAction\":[{\"@type\":\"SearchAction\",\"target\":{\"@type\":\"EntryPoint\",\"urlTemplate\":\"https:\/\/www.simpleplan.cz\/cz\/?s={search_term_string}\"},\"query-input\":\"required name=search_term_string\"}],\"inLanguage\":\"cs\"},{\"@type\":\"Organization\",\"@id\":\"https:\/\/www.simpleplan.cz\/cz\/#organization\",\"name\":\"CZ: SimplePlan.cz\",\"url\":\"https:\/\/www.simpleplan.cz\/cz\/\",\"logo\":{\"@type\":\"ImageObject\",\"inLanguage\":\"cs\",\"@id\":\"https:\/\/www.simpleplan.cz\/cz\/#\/schema\/logo\/image\/\",\"url\":\"https:\/\/www.simpleplan.cz\/cz\/wp-content\/uploads\/spczlogo.png\",\"contentUrl\":\"https:\/\/www.simpleplan.cz\/cz\/wp-content\/uploads\/spczlogo.png\",\"width\":250,\"height\":190,\"caption\":\"CZ: SimplePlan.cz\"},\"image\":{\"@id\":\"https:\/\/www.simpleplan.cz\/cz\/#\/schema\/logo\/image\/\"},\"sameAs\":[\"http:\/\/www.facebook.com\/simpleplancz\",\"https:\/\/twitter.com\/simpleplancz\",\"http:\/\/www.instagram.com\/simpleplancz\",\"http:\/\/www.youtube.com\/simpleplancz\"]},{\"@type\":\"Person\",\"@id\":\"https:\/\/www.simpleplan.cz\/cz\/#\/schema\/person\/bb90dd25f4baab7793fc73ab0b783730\",\"name\":\"Dominika\",\"image\":{\"@type\":\"ImageObject\",\"inLanguage\":\"cs\",\"@id\":\"https:\/\/www.simpleplan.cz\/cz\/#\/schema\/person\/image\/\",\"url\":\"https:\/\/secure.gravatar.com\/avatar\/de55cb16a8578d56e96c89d1a0af3db5?s=96&d=mm&r=g\",\"contentUrl\":\"https:\/\/secure.gravatar.com\/avatar\/de55cb16a8578d56e96c89d1a0af3db5?s=96&d=mm&r=g\",\"caption\":\"Dominika\"},\"sameAs\":[\"http:\/\/www.simpleplan.cz\"],\"url\":\"https:\/\/www.simpleplan.cz\/cz\/index.php\/author\/admin-2\/\"}]}<\/script>\n<!-- \/ Yoast SEO plugin. -->","yoast_head_json":{"title":"Simple Plan potvrzuj\u00ed del\u0161\u00ed n\u00e1v\u0161t\u011bvu Evropy a datum vyd\u00e1n\u00ed alba v \u00fanoru v promo rozhovorech | CZ: SimplePlan.cz","robots":{"index":"index","follow":"follow","max-snippet":"max-snippet:-1","max-image-preview":"max-image-preview:large","max-video-preview":"max-video-preview:-1"},"canonical":"https:\/\/www.simpleplan.cz\/cz\/index.php\/simple-plan-potvrzuji-delsi-navstevu-evropy-a-datum-vydani-alba-v-unoru-v-promo-rozhovorech\/","og_locale":"cs_CZ","og_type":"article","og_title":"Simple Plan potvrzuj\u00ed del\u0161\u00ed n\u00e1v\u0161t\u011bvu Evropy a datum vyd\u00e1n\u00ed alba v \u00fanoru v promo rozhovorech | CZ: SimplePlan.cz","og_description":"Je\u0161t\u011b p\u0159edt\u00edm, ne\u017e se Simple Plan vypravili do m\u00edsta kon\u00e1n\u00ed akce We Day (kde je","og_url":"https:\/\/www.simpleplan.cz\/cz\/index.php\/simple-plan-potvrzuji-delsi-navstevu-evropy-a-datum-vydani-alba-v-unoru-v-promo-rozhovorech\/","og_site_name":"CZ: SimplePlan.cz","article_publisher":"http:\/\/www.facebook.com\/simpleplancz","article_published_time":"2015-11-10T17:14:59+00:00","article_modified_time":"2023-06-26T05:20:43+00:00","og_image":[{"url":"http:\/\/www.simpleplan.cz\/gal\/4473.gif"}],"author":"Dominika","twitter_card":"summary_large_image","twitter_creator":"@simpleplancz","twitter_site":"@simpleplancz","twitter_misc":{"Napsal(a)":"Dominika","Odhadovan\u00e1 doba \u010dten\u00ed":"1 minuta"},"schema":{"@context":"https:\/\/schema.org","@graph":[{"@type":"Article","@id":"https:\/\/www.simpleplan.cz\/cz\/index.php\/simple-plan-potvrzuji-delsi-navstevu-evropy-a-datum-vydani-alba-v-unoru-v-promo-rozhovorech\/#article","isPartOf":{"@id":"https:\/\/www.simpleplan.cz\/cz\/index.php\/simple-plan-potvrzuji-delsi-navstevu-evropy-a-datum-vydani-alba-v-unoru-v-promo-rozhovorech\/"},"author":{"name":"Dominika","@id":"https:\/\/www.simpleplan.cz\/cz\/#\/schema\/person\/bb90dd25f4baab7793fc73ab0b783730"},"headline":"Simple Plan potvrzuj\u00ed del\u0161\u00ed n\u00e1v\u0161t\u011bvu Evropy a datum vyd\u00e1n\u00ed alba v \u00fanoru v promo rozhovorech","datePublished":"2015-11-10T17:14:59+00:00","dateModified":"2023-06-26T05:20:43+00:00","mainEntityOfPage":{"@id":"https:\/\/www.simpleplan.cz\/cz\/index.php\/simple-plan-potvrzuji-delsi-navstevu-evropy-a-datum-vydani-alba-v-unoru-v-promo-rozhovorech\/"},"wordCount":276,"commentCount":1,"publisher":{"@id":"https:\/\/www.simpleplan.cz\/cz\/#organization"},"keywords":["CTV","Evropa","promo"],"articleSection":["5. album","fotky","Jeff","Pierre","rozhovory","videa"],"inLanguage":"cs","potentialAction":[{"@type":"CommentAction","name":"Comment","target":["https:\/\/www.simpleplan.cz\/cz\/index.php\/simple-plan-potvrzuji-delsi-navstevu-evropy-a-datum-vydani-alba-v-unoru-v-promo-rozhovorech\/#respond"]}]},{"@type":"WebPage","@id":"https:\/\/www.simpleplan.cz\/cz\/index.php\/simple-plan-potvrzuji-delsi-navstevu-evropy-a-datum-vydani-alba-v-unoru-v-promo-rozhovorech\/","url":"https:\/\/www.simpleplan.cz\/cz\/index.php\/simple-plan-potvrzuji-delsi-navstevu-evropy-a-datum-vydani-alba-v-unoru-v-promo-rozhovorech\/","name":"Simple Plan potvrzuj\u00ed del\u0161\u00ed n\u00e1v\u0161t\u011bvu Evropy a datum vyd\u00e1n\u00ed alba v \u00fanoru v promo rozhovorech | CZ: SimplePlan.cz","isPartOf":{"@id":"https:\/\/www.simpleplan.cz\/cz\/#website"},"datePublished":"2015-11-10T17:14:59+00:00","dateModified":"2023-06-26T05:20:43+00:00","breadcrumb":{"@id":"https:\/\/www.simpleplan.cz\/cz\/index.php\/simple-plan-potvrzuji-delsi-navstevu-evropy-a-datum-vydani-alba-v-unoru-v-promo-rozhovorech\/#breadcrumb"},"inLanguage":"cs","potentialAction":[{"@type":"ReadAction","target":["https:\/\/www.simpleplan.cz\/cz\/index.php\/simple-plan-potvrzuji-delsi-navstevu-evropy-a-datum-vydani-alba-v-unoru-v-promo-rozhovorech\/"]}]},{"@type":"BreadcrumbList","@id":"https:\/\/www.simpleplan.cz\/cz\/index.php\/simple-plan-potvrzuji-delsi-navstevu-evropy-a-datum-vydani-alba-v-unoru-v-promo-rozhovorech\/#breadcrumb","itemListElement":[{"@type":"ListItem","position":1,"name":"Dom\u016f","item":"https:\/\/www.simpleplan.cz\/cz\/"},{"@type":"ListItem","position":2,"name":"5. album","item":"https:\/\/www.simpleplan.cz\/cz\/index.php\/category\/5-album\/"},{"@type":"ListItem","position":3,"name":"Simple Plan potvrzuj\u00ed del\u0161\u00ed n\u00e1v\u0161t\u011bvu Evropy a datum vyd\u00e1n\u00ed alba v \u00fanoru v promo rozhovorech"}]},{"@type":"WebSite","@id":"https:\/\/www.simpleplan.cz\/cz\/#website","url":"https:\/\/www.simpleplan.cz\/cz\/","name":"CZ: SimplePlan.cz","description":"Nejlep\u0161\u00ed zdroj informac\u00ed o kapele Simple Plan","publisher":{"@id":"https:\/\/www.simpleplan.cz\/cz\/#organization"},"potentialAction":[{"@type":"SearchAction","target":{"@type":"EntryPoint","urlTemplate":"https:\/\/www.simpleplan.cz\/cz\/?s={search_term_string}"},"query-input":"required name=search_term_string"}],"inLanguage":"cs"},{"@type":"Organization","@id":"https:\/\/www.simpleplan.cz\/cz\/#organization","name":"CZ: SimplePlan.cz","url":"https:\/\/www.simpleplan.cz\/cz\/","logo":{"@type":"ImageObject","inLanguage":"cs","@id":"https:\/\/www.simpleplan.cz\/cz\/#\/schema\/logo\/image\/","url":"https:\/\/www.simpleplan.cz\/cz\/wp-content\/uploads\/spczlogo.png","contentUrl":"https:\/\/www.simpleplan.cz\/cz\/wp-content\/uploads\/spczlogo.png","width":250,"height":190,"caption":"CZ: SimplePlan.cz"},"image":{"@id":"https:\/\/www.simpleplan.cz\/cz\/#\/schema\/logo\/image\/"},"sameAs":["http:\/\/www.facebook.com\/simpleplancz","https:\/\/twitter.com\/simpleplancz","http:\/\/www.instagram.com\/simpleplancz","http:\/\/www.youtube.com\/simpleplancz"]},{"@type":"Person","@id":"https:\/\/www.simpleplan.cz\/cz\/#\/schema\/person\/bb90dd25f4baab7793fc73ab0b783730","name":"Dominika","image":{"@type":"ImageObject","inLanguage":"cs","@id":"https:\/\/www.simpleplan.cz\/cz\/#\/schema\/person\/image\/","url":"https:\/\/secure.gravatar.com\/avatar\/de55cb16a8578d56e96c89d1a0af3db5?s=96&d=mm&r=g","contentUrl":"https:\/\/secure.gravatar.com\/avatar\/de55cb16a8578d56e96c89d1a0af3db5?s=96&d=mm&r=g","caption":"Dominika"},"sameAs":["http:\/\/www.simpleplan.cz"],"url":"https:\/\/www.simpleplan.cz\/cz\/index.php\/author\/admin-2\/"}]}},"featured_image_urls":{"full":"","thumbnail":"","medium":"","medium_large":"","large":"","1536x1536":"","2048x2048":"","elegant-magazine-featured":"","elegant-magazine-medium":"","elegant-magazine-medium-small":"","elegant-magazine-thumbnail-small":""},"author_info":{"display_name":"Dominika","author_link":"https:\/\/www.simpleplan.cz\/cz\/index.php\/author\/admin-2\/"},"category_info":"<a href=\"https:\/\/www.simpleplan.cz\/cz\/index.php\/category\/5-album\/\" rel=\"category tag\">5. album<\/a> <a href=\"https:\/\/www.simpleplan.cz\/cz\/index.php\/category\/fotky\/\" rel=\"category tag\">fotky<\/a> <a href=\"https:\/\/www.simpleplan.cz\/cz\/index.php\/category\/jeff\/\" rel=\"category tag\">Jeff<\/a> <a href=\"https:\/\/www.simpleplan.cz\/cz\/index.php\/category\/pierre\/\" rel=\"category tag\">Pierre<\/a> <a href=\"https:\/\/www.simpleplan.cz\/cz\/index.php\/category\/rozhovory\/\" rel=\"category tag\">rozhovory<\/a> <a href=\"https:\/\/www.simpleplan.cz\/cz\/index.php\/category\/videa\/\" rel=\"category tag\">videa<\/a>","tag_info":"videa","comment_count":"1","_links":{"self":[{"href":"https:\/\/www.simpleplan.cz\/cz\/index.php\/wp-json\/wp\/v2\/posts\/17331"}],"collection":[{"href":"https:\/\/www.simpleplan.cz\/cz\/index.php\/wp-json\/wp\/v2\/posts"}],"about":[{"href":"https:\/\/www.simpleplan.cz\/cz\/index.php\/wp-json\/wp\/v2\/types\/post"}],"author":[{"embeddable":true,"href":"https:\/\/www.simpleplan.cz\/cz\/index.php\/wp-json\/wp\/v2\/users\/5"}],"replies":[{"embeddable":true,"href":"https:\/\/www.simpleplan.cz\/cz\/index.php\/wp-json\/wp\/v2\/comments?post=17331"}],"version-history":[{"count":5,"href":"https:\/\/www.simpleplan.cz\/cz\/index.php\/wp-json\/wp\/v2\/posts\/17331\/revisions"}],"predecessor-version":[{"id":30828,"href":"https:\/\/www.simpleplan.cz\/cz\/index.php\/wp-json\/wp\/v2\/posts\/17331\/revisions\/30828"}],"wp:attachment":[{"href":"https:\/\/www.simpleplan.cz\/cz\/index.php\/wp-json\/wp\/v2\/media?parent=17331"}],"wp:term":[{"taxonomy":"category","embeddable":true,"href":"https:\/\/www.simpleplan.cz\/cz\/index.php\/wp-json\/wp\/v2\/categories?post=17331"},{"taxonomy":"post_tag","embeddable":true,"href":"https:\/\/www.simpleplan.cz\/cz\/index.php\/wp-json\/wp\/v2\/tags?post=17331"}],"curies":[{"name":"wp","href":"https:\/\/api.w.org\/{rel}","templated":true}]}}