{"id":17372,"date":"2015-11-17T07:57:33","date_gmt":"2015-11-17T06:57:33","guid":{"rendered":"http:\/\/www.simpleplan.cz\/cz\/?p=17372"},"modified":"2023-06-26T07:20:42","modified_gmt":"2023-06-26T05:20:42","slug":"simple-plan-se-vraceji-do-evropy-londyn-misto-parize","status":"publish","type":"post","link":"https:\/\/www.simpleplan.cz\/cz\/index.php\/simple-plan-se-vraceji-do-evropy-londyn-misto-parize\/","title":{"rendered":"Simple Plan se vracej\u00ed do Evropy: Lond\u00fdn m\u00edsto Pa\u0159\u00ed\u017ee"},"content":{"rendered":"<p><center><img decoding=\"async\" src=\"http:\/\/www.simpleplan.cz\/gal\/4485.gif\"\/><\/center><\/p>\n<p>Pot\u00e9, co byla kapela nucena v souvislosti s teroristick\u00fdmi \u00fatoky na Pa\u0159\u00ed\u017e <a href=\"http:\/\/www.simpleplan.cz\/cz\/index.php\/oficialni-prohlaseni-simple-plan-rusi-planovany-koncert-v-parizi-s-ohledem-na-tragicke-utoky\/\" target=\"_blank\" rel=\"noopener\">zru\u0161it<\/a> jejich pond\u011bln\u00ed koncert v tomto m\u011bst\u011b, nebylo z\u0159ejm\u00e9, jestli t\u00edm byl zru\u0161en i cel\u00fd jejich pl\u00e1novan\u00fd pobyt v Evrop\u011b. Nicm\u00e9n\u011b ve v\u010derej\u0161\u00edm tweetu Jeff Stinco potvrdil, \u017ee se <b>kapela skute\u010dn\u011b do Evropy vrac\u00ed &#8211; a to ji\u017e dnes do Lond\u00fdna<\/b>:<\/p>\n<p><center><\/p>\n<blockquote class=\"twitter-tweet\" lang=\"en\">\n<p lang=\"en\" dir=\"ltr\">Flying to London with the band. Made sure to kiss my little ones and told them how much I love them. It starts with us and the ones we love.<\/p>\n<p>&mdash; Jeff Stinco (@jeffstinco) <a href=\"https:\/\/twitter.com\/jeffstinco\/status\/666410938824859648\">November 17, 2015<\/a><\/p><\/blockquote>\n<p><script async src=\"\/\/platform.twitter.com\/widgets.js\" charset=\"utf-8\"><\/script><\/center><\/p>\n<blockquote><p>&#8222;S kapelou odl\u00e9t\u00e1me do Lond\u00fdna. P\u0159edt\u00edm jsem se ujistil, \u017ee jsem pol\u00edbil sv\u00e9 mali\u010dk\u00e9 dcerky a \u0159ekl jim, jak moc je miluji. Mus\u00edme za\u010d\u00edt sami se sebou a t\u011bmi, kter\u00e9 milujeme.&#8220;<\/p><\/blockquote>\n<p>To koresponduje s Jeffov\u00fdm <a href=\"http:\/\/www.simpleplan.cz\/cz\/index.php\/oficialni-prohlaseni-simple-plan-rusi-planovany-koncert-v-parizi-s-ohledem-na-tragicke-utoky\/\" target=\"_blank\" rel=\"noopener\">prohl\u00e1\u0161en\u00edm<\/a> z v\u00edkendu, ve kter\u00e9m \u0159ekl, \u017ee pokud to situace dovol\u00ed, <b>kapela je p\u0159ipravena p\u0159ijet podpo\u0159it sv\u00e9 francouzsk\u00e9 fanou\u0161ky je\u0161t\u011b do konce tohoto t\u00fddne<\/b>. Pop\u0159ejme jim tedy \u0161\u0165astnou a bezpe\u010dnou cestu.<\/p>\n<p>Mezit\u00edm n\u00e1m nezb\u00fdv\u00e1 ne\u017e p\u0159em\u00fd\u0161let, <b>co dal\u0161\u00edho hodlaj\u00ed Simple Plan v Evrop\u011b d\u011blat<\/b>, jeliko\u017e \u017e\u00e1dn\u00e9 dal\u0161\u00ed ofici\u00e1ln\u00ed (nebo soukrom\u00e9, jak tomu bylo v p\u0159\u00edpad\u011b Pa\u0159\u00ed\u017ee) koncerty nebyly ozn\u00e1meny. Nab\u00edz\u00ed se hned n\u011bkolik mo\u017enost\u00ed &#8211; tou prvn\u00ed je propagace nov\u00e9ho alba na r\u016fzn\u00fdch r\u00e1diov\u00fdch \u010di televizn\u00edch stanic\u00edch. Druh\u00e1 mo\u017enost je pak takov\u00e1, \u017ee by do Evropy kluci mohli p\u0159ijet kv\u016fli nahr\u00e1n\u00ed n\u011bjak\u00e9 dodate\u010dn\u00e9 kolaborace pro jejich novou desku. Pokud by to byla pravda a kluci by lovili v britsk\u00fdch um\u011bleck\u00fdch vod\u00e1ch, s jak\u00fdm zp\u011bv\u00e1kem \u010di kapelou byste r\u00e1di Simple Plan vid\u011bli spolupracovat?<\/p>\n<div class=\"fblikebutton_button\" style=\"float: left; padding-top: 20px; margin-right: 20px; padding-bottom: 20px; padding-left: 20px;\"><iframe src=\"http:\/\/www.facebook.com\/plugins\/like.php?href=https%3A%2F%2Fwww.simpleplan.cz%2Fcz%2Findex.php%2Fsimple-plan-se-vraceji-do-evropy-londyn-misto-parize%2F&amp;layout=standard&amp;show-faces=false&amp;width=450&amp;action=like&amp;colorscheme=light\" scrolling=\"no\" frameborder=\"0\" allowTransparency=\"true\" style=\"border:none; overflow:hidden; width:450px; height:26px\"><\/iframe><\/div>\n","protected":false},"excerpt":{"rendered":"<p>Pot\u00e9, co byla kapela nucena v souvislosti s teroristick\u00fdmi \u00fatoky na Pa\u0159\u00ed\u017e zru\u0161it jejich pond\u011bln\u00ed<\/p>\n","protected":false},"author":5,"featured_media":0,"comment_status":"open","ping_status":"open","sticky":false,"template":"","format":"standard","meta":{"footnotes":"","fifu_image_url":"","fifu_image_alt":""},"categories":[4,15],"tags":[472,404,343],"yoast_head":"<!-- This site is optimized with the Yoast SEO plugin v20.9 - https:\/\/yoast.com\/wordpress\/plugins\/seo\/ -->\n<title>Simple Plan se vracej\u00ed do Evropy: Lond\u00fdn m\u00edsto Pa\u0159\u00ed\u017ee | CZ: SimplePlan.cz<\/title>\n<meta name=\"robots\" content=\"index, follow, max-snippet:-1, max-image-preview:large, max-video-preview:-1\" \/>\n<link rel=\"canonical\" href=\"https:\/\/www.simpleplan.cz\/cz\/index.php\/simple-plan-se-vraceji-do-evropy-londyn-misto-parize\/\" \/>\n<meta property=\"og:locale\" content=\"cs_CZ\" \/>\n<meta property=\"og:type\" content=\"article\" \/>\n<meta property=\"og:title\" content=\"Simple Plan se vracej\u00ed do Evropy: Lond\u00fdn m\u00edsto Pa\u0159\u00ed\u017ee | CZ: SimplePlan.cz\" \/>\n<meta property=\"og:description\" content=\"Pot\u00e9, co byla kapela nucena v souvislosti s teroristick\u00fdmi \u00fatoky na Pa\u0159\u00ed\u017e zru\u0161it jejich pond\u011bln\u00ed\" \/>\n<meta property=\"og:url\" content=\"https:\/\/www.simpleplan.cz\/cz\/index.php\/simple-plan-se-vraceji-do-evropy-londyn-misto-parize\/\" \/>\n<meta property=\"og:site_name\" content=\"CZ: SimplePlan.cz\" \/>\n<meta property=\"article:publisher\" content=\"http:\/\/www.facebook.com\/simpleplancz\" \/>\n<meta property=\"article:published_time\" content=\"2015-11-17T06:57:33+00:00\" \/>\n<meta property=\"article:modified_time\" content=\"2023-06-26T05:20:42+00:00\" \/>\n<meta property=\"og:image\" content=\"http:\/\/www.simpleplan.cz\/gal\/4485.gif\" \/>\n<meta name=\"author\" content=\"Dominika\" \/>\n<meta name=\"twitter:card\" content=\"summary_large_image\" \/>\n<meta name=\"twitter:creator\" content=\"@simpleplancz\" \/>\n<meta name=\"twitter:site\" content=\"@simpleplancz\" \/>\n<meta name=\"twitter:label1\" content=\"Napsal(a)\" \/>\n\t<meta name=\"twitter:data1\" content=\"Dominika\" \/>\n\t<meta name=\"twitter:label2\" content=\"Odhadovan\u00e1 doba \u010dten\u00ed\" \/>\n\t<meta name=\"twitter:data2\" content=\"2 minuty\" \/>\n<script type=\"application\/ld+json\" class=\"yoast-schema-graph\">{\"@context\":\"https:\/\/schema.org\",\"@graph\":[{\"@type\":\"Article\",\"@id\":\"https:\/\/www.simpleplan.cz\/cz\/index.php\/simple-plan-se-vraceji-do-evropy-londyn-misto-parize\/#article\",\"isPartOf\":{\"@id\":\"https:\/\/www.simpleplan.cz\/cz\/index.php\/simple-plan-se-vraceji-do-evropy-londyn-misto-parize\/\"},\"author\":{\"name\":\"Dominika\",\"@id\":\"https:\/\/www.simpleplan.cz\/cz\/#\/schema\/person\/bb90dd25f4baab7793fc73ab0b783730\"},\"headline\":\"Simple Plan se vracej\u00ed do Evropy: Lond\u00fdn m\u00edsto Pa\u0159\u00ed\u017ee\",\"datePublished\":\"2015-11-17T06:57:33+00:00\",\"dateModified\":\"2023-06-26T05:20:42+00:00\",\"mainEntityOfPage\":{\"@id\":\"https:\/\/www.simpleplan.cz\/cz\/index.php\/simple-plan-se-vraceji-do-evropy-londyn-misto-parize\/\"},\"wordCount\":329,\"commentCount\":1,\"publisher\":{\"@id\":\"https:\/\/www.simpleplan.cz\/cz\/#organization\"},\"keywords\":[\"Evropa\",\"Lond\u00fdn\",\"Pa\u0159\u00ed\u017e\"],\"articleSection\":[\"Jeff\",\"novinky\"],\"inLanguage\":\"cs\",\"potentialAction\":[{\"@type\":\"CommentAction\",\"name\":\"Comment\",\"target\":[\"https:\/\/www.simpleplan.cz\/cz\/index.php\/simple-plan-se-vraceji-do-evropy-londyn-misto-parize\/#respond\"]}]},{\"@type\":\"WebPage\",\"@id\":\"https:\/\/www.simpleplan.cz\/cz\/index.php\/simple-plan-se-vraceji-do-evropy-londyn-misto-parize\/\",\"url\":\"https:\/\/www.simpleplan.cz\/cz\/index.php\/simple-plan-se-vraceji-do-evropy-londyn-misto-parize\/\",\"name\":\"Simple Plan se vracej\u00ed do Evropy: Lond\u00fdn m\u00edsto Pa\u0159\u00ed\u017ee | CZ: SimplePlan.cz\",\"isPartOf\":{\"@id\":\"https:\/\/www.simpleplan.cz\/cz\/#website\"},\"datePublished\":\"2015-11-17T06:57:33+00:00\",\"dateModified\":\"2023-06-26T05:20:42+00:00\",\"breadcrumb\":{\"@id\":\"https:\/\/www.simpleplan.cz\/cz\/index.php\/simple-plan-se-vraceji-do-evropy-londyn-misto-parize\/#breadcrumb\"},\"inLanguage\":\"cs\",\"potentialAction\":[{\"@type\":\"ReadAction\",\"target\":[\"https:\/\/www.simpleplan.cz\/cz\/index.php\/simple-plan-se-vraceji-do-evropy-londyn-misto-parize\/\"]}]},{\"@type\":\"BreadcrumbList\",\"@id\":\"https:\/\/www.simpleplan.cz\/cz\/index.php\/simple-plan-se-vraceji-do-evropy-londyn-misto-parize\/#breadcrumb\",\"itemListElement\":[{\"@type\":\"ListItem\",\"position\":1,\"name\":\"Dom\u016f\",\"item\":\"https:\/\/www.simpleplan.cz\/cz\/\"},{\"@type\":\"ListItem\",\"position\":2,\"name\":\"Jeff\",\"item\":\"https:\/\/www.simpleplan.cz\/cz\/index.php\/category\/jeff\/\"},{\"@type\":\"ListItem\",\"position\":3,\"name\":\"Simple Plan se vracej\u00ed do Evropy: Lond\u00fdn m\u00edsto Pa\u0159\u00ed\u017ee\"}]},{\"@type\":\"WebSite\",\"@id\":\"https:\/\/www.simpleplan.cz\/cz\/#website\",\"url\":\"https:\/\/www.simpleplan.cz\/cz\/\",\"name\":\"CZ: SimplePlan.cz\",\"description\":\"Nejlep\u0161\u00ed zdroj informac\u00ed o kapele Simple Plan\",\"publisher\":{\"@id\":\"https:\/\/www.simpleplan.cz\/cz\/#organization\"},\"potentialAction\":[{\"@type\":\"SearchAction\",\"target\":{\"@type\":\"EntryPoint\",\"urlTemplate\":\"https:\/\/www.simpleplan.cz\/cz\/?s={search_term_string}\"},\"query-input\":\"required name=search_term_string\"}],\"inLanguage\":\"cs\"},{\"@type\":\"Organization\",\"@id\":\"https:\/\/www.simpleplan.cz\/cz\/#organization\",\"name\":\"CZ: SimplePlan.cz\",\"url\":\"https:\/\/www.simpleplan.cz\/cz\/\",\"logo\":{\"@type\":\"ImageObject\",\"inLanguage\":\"cs\",\"@id\":\"https:\/\/www.simpleplan.cz\/cz\/#\/schema\/logo\/image\/\",\"url\":\"https:\/\/www.simpleplan.cz\/cz\/wp-content\/uploads\/spczlogo.png\",\"contentUrl\":\"https:\/\/www.simpleplan.cz\/cz\/wp-content\/uploads\/spczlogo.png\",\"width\":250,\"height\":190,\"caption\":\"CZ: SimplePlan.cz\"},\"image\":{\"@id\":\"https:\/\/www.simpleplan.cz\/cz\/#\/schema\/logo\/image\/\"},\"sameAs\":[\"http:\/\/www.facebook.com\/simpleplancz\",\"https:\/\/twitter.com\/simpleplancz\",\"http:\/\/www.instagram.com\/simpleplancz\",\"http:\/\/www.youtube.com\/simpleplancz\"]},{\"@type\":\"Person\",\"@id\":\"https:\/\/www.simpleplan.cz\/cz\/#\/schema\/person\/bb90dd25f4baab7793fc73ab0b783730\",\"name\":\"Dominika\",\"image\":{\"@type\":\"ImageObject\",\"inLanguage\":\"cs\",\"@id\":\"https:\/\/www.simpleplan.cz\/cz\/#\/schema\/person\/image\/\",\"url\":\"https:\/\/secure.gravatar.com\/avatar\/de55cb16a8578d56e96c89d1a0af3db5?s=96&d=mm&r=g\",\"contentUrl\":\"https:\/\/secure.gravatar.com\/avatar\/de55cb16a8578d56e96c89d1a0af3db5?s=96&d=mm&r=g\",\"caption\":\"Dominika\"},\"sameAs\":[\"http:\/\/www.simpleplan.cz\"],\"url\":\"https:\/\/www.simpleplan.cz\/cz\/index.php\/author\/admin-2\/\"}]}<\/script>\n<!-- \/ Yoast SEO plugin. -->","yoast_head_json":{"title":"Simple Plan se vracej\u00ed do Evropy: Lond\u00fdn m\u00edsto Pa\u0159\u00ed\u017ee | CZ: SimplePlan.cz","robots":{"index":"index","follow":"follow","max-snippet":"max-snippet:-1","max-image-preview":"max-image-preview:large","max-video-preview":"max-video-preview:-1"},"canonical":"https:\/\/www.simpleplan.cz\/cz\/index.php\/simple-plan-se-vraceji-do-evropy-londyn-misto-parize\/","og_locale":"cs_CZ","og_type":"article","og_title":"Simple Plan se vracej\u00ed do Evropy: Lond\u00fdn m\u00edsto Pa\u0159\u00ed\u017ee | CZ: SimplePlan.cz","og_description":"Pot\u00e9, co byla kapela nucena v souvislosti s teroristick\u00fdmi \u00fatoky na Pa\u0159\u00ed\u017e zru\u0161it jejich pond\u011bln\u00ed","og_url":"https:\/\/www.simpleplan.cz\/cz\/index.php\/simple-plan-se-vraceji-do-evropy-londyn-misto-parize\/","og_site_name":"CZ: SimplePlan.cz","article_publisher":"http:\/\/www.facebook.com\/simpleplancz","article_published_time":"2015-11-17T06:57:33+00:00","article_modified_time":"2023-06-26T05:20:42+00:00","og_image":[{"url":"http:\/\/www.simpleplan.cz\/gal\/4485.gif"}],"author":"Dominika","twitter_card":"summary_large_image","twitter_creator":"@simpleplancz","twitter_site":"@simpleplancz","twitter_misc":{"Napsal(a)":"Dominika","Odhadovan\u00e1 doba \u010dten\u00ed":"2 minuty"},"schema":{"@context":"https:\/\/schema.org","@graph":[{"@type":"Article","@id":"https:\/\/www.simpleplan.cz\/cz\/index.php\/simple-plan-se-vraceji-do-evropy-londyn-misto-parize\/#article","isPartOf":{"@id":"https:\/\/www.simpleplan.cz\/cz\/index.php\/simple-plan-se-vraceji-do-evropy-londyn-misto-parize\/"},"author":{"name":"Dominika","@id":"https:\/\/www.simpleplan.cz\/cz\/#\/schema\/person\/bb90dd25f4baab7793fc73ab0b783730"},"headline":"Simple Plan se vracej\u00ed do Evropy: Lond\u00fdn m\u00edsto Pa\u0159\u00ed\u017ee","datePublished":"2015-11-17T06:57:33+00:00","dateModified":"2023-06-26T05:20:42+00:00","mainEntityOfPage":{"@id":"https:\/\/www.simpleplan.cz\/cz\/index.php\/simple-plan-se-vraceji-do-evropy-londyn-misto-parize\/"},"wordCount":329,"commentCount":1,"publisher":{"@id":"https:\/\/www.simpleplan.cz\/cz\/#organization"},"keywords":["Evropa","Lond\u00fdn","Pa\u0159\u00ed\u017e"],"articleSection":["Jeff","novinky"],"inLanguage":"cs","potentialAction":[{"@type":"CommentAction","name":"Comment","target":["https:\/\/www.simpleplan.cz\/cz\/index.php\/simple-plan-se-vraceji-do-evropy-londyn-misto-parize\/#respond"]}]},{"@type":"WebPage","@id":"https:\/\/www.simpleplan.cz\/cz\/index.php\/simple-plan-se-vraceji-do-evropy-londyn-misto-parize\/","url":"https:\/\/www.simpleplan.cz\/cz\/index.php\/simple-plan-se-vraceji-do-evropy-londyn-misto-parize\/","name":"Simple Plan se vracej\u00ed do Evropy: Lond\u00fdn m\u00edsto Pa\u0159\u00ed\u017ee | CZ: SimplePlan.cz","isPartOf":{"@id":"https:\/\/www.simpleplan.cz\/cz\/#website"},"datePublished":"2015-11-17T06:57:33+00:00","dateModified":"2023-06-26T05:20:42+00:00","breadcrumb":{"@id":"https:\/\/www.simpleplan.cz\/cz\/index.php\/simple-plan-se-vraceji-do-evropy-londyn-misto-parize\/#breadcrumb"},"inLanguage":"cs","potentialAction":[{"@type":"ReadAction","target":["https:\/\/www.simpleplan.cz\/cz\/index.php\/simple-plan-se-vraceji-do-evropy-londyn-misto-parize\/"]}]},{"@type":"BreadcrumbList","@id":"https:\/\/www.simpleplan.cz\/cz\/index.php\/simple-plan-se-vraceji-do-evropy-londyn-misto-parize\/#breadcrumb","itemListElement":[{"@type":"ListItem","position":1,"name":"Dom\u016f","item":"https:\/\/www.simpleplan.cz\/cz\/"},{"@type":"ListItem","position":2,"name":"Jeff","item":"https:\/\/www.simpleplan.cz\/cz\/index.php\/category\/jeff\/"},{"@type":"ListItem","position":3,"name":"Simple Plan se vracej\u00ed do Evropy: Lond\u00fdn m\u00edsto Pa\u0159\u00ed\u017ee"}]},{"@type":"WebSite","@id":"https:\/\/www.simpleplan.cz\/cz\/#website","url":"https:\/\/www.simpleplan.cz\/cz\/","name":"CZ: SimplePlan.cz","description":"Nejlep\u0161\u00ed zdroj informac\u00ed o kapele Simple Plan","publisher":{"@id":"https:\/\/www.simpleplan.cz\/cz\/#organization"},"potentialAction":[{"@type":"SearchAction","target":{"@type":"EntryPoint","urlTemplate":"https:\/\/www.simpleplan.cz\/cz\/?s={search_term_string}"},"query-input":"required name=search_term_string"}],"inLanguage":"cs"},{"@type":"Organization","@id":"https:\/\/www.simpleplan.cz\/cz\/#organization","name":"CZ: SimplePlan.cz","url":"https:\/\/www.simpleplan.cz\/cz\/","logo":{"@type":"ImageObject","inLanguage":"cs","@id":"https:\/\/www.simpleplan.cz\/cz\/#\/schema\/logo\/image\/","url":"https:\/\/www.simpleplan.cz\/cz\/wp-content\/uploads\/spczlogo.png","contentUrl":"https:\/\/www.simpleplan.cz\/cz\/wp-content\/uploads\/spczlogo.png","width":250,"height":190,"caption":"CZ: SimplePlan.cz"},"image":{"@id":"https:\/\/www.simpleplan.cz\/cz\/#\/schema\/logo\/image\/"},"sameAs":["http:\/\/www.facebook.com\/simpleplancz","https:\/\/twitter.com\/simpleplancz","http:\/\/www.instagram.com\/simpleplancz","http:\/\/www.youtube.com\/simpleplancz"]},{"@type":"Person","@id":"https:\/\/www.simpleplan.cz\/cz\/#\/schema\/person\/bb90dd25f4baab7793fc73ab0b783730","name":"Dominika","image":{"@type":"ImageObject","inLanguage":"cs","@id":"https:\/\/www.simpleplan.cz\/cz\/#\/schema\/person\/image\/","url":"https:\/\/secure.gravatar.com\/avatar\/de55cb16a8578d56e96c89d1a0af3db5?s=96&d=mm&r=g","contentUrl":"https:\/\/secure.gravatar.com\/avatar\/de55cb16a8578d56e96c89d1a0af3db5?s=96&d=mm&r=g","caption":"Dominika"},"sameAs":["http:\/\/www.simpleplan.cz"],"url":"https:\/\/www.simpleplan.cz\/cz\/index.php\/author\/admin-2\/"}]}},"featured_image_urls":{"full":"","thumbnail":"","medium":"","medium_large":"","large":"","1536x1536":"","2048x2048":"","elegant-magazine-featured":"","elegant-magazine-medium":"","elegant-magazine-medium-small":"","elegant-magazine-thumbnail-small":""},"author_info":{"display_name":"Dominika","author_link":"https:\/\/www.simpleplan.cz\/cz\/index.php\/author\/admin-2\/"},"category_info":"<a href=\"https:\/\/www.simpleplan.cz\/cz\/index.php\/category\/jeff\/\" rel=\"category tag\">Jeff<\/a> <a href=\"https:\/\/www.simpleplan.cz\/cz\/index.php\/category\/novinky\/\" rel=\"category tag\">novinky<\/a>","tag_info":"novinky","comment_count":"1","_links":{"self":[{"href":"https:\/\/www.simpleplan.cz\/cz\/index.php\/wp-json\/wp\/v2\/posts\/17372"}],"collection":[{"href":"https:\/\/www.simpleplan.cz\/cz\/index.php\/wp-json\/wp\/v2\/posts"}],"about":[{"href":"https:\/\/www.simpleplan.cz\/cz\/index.php\/wp-json\/wp\/v2\/types\/post"}],"author":[{"embeddable":true,"href":"https:\/\/www.simpleplan.cz\/cz\/index.php\/wp-json\/wp\/v2\/users\/5"}],"replies":[{"embeddable":true,"href":"https:\/\/www.simpleplan.cz\/cz\/index.php\/wp-json\/wp\/v2\/comments?post=17372"}],"version-history":[{"count":3,"href":"https:\/\/www.simpleplan.cz\/cz\/index.php\/wp-json\/wp\/v2\/posts\/17372\/revisions"}],"predecessor-version":[{"id":30819,"href":"https:\/\/www.simpleplan.cz\/cz\/index.php\/wp-json\/wp\/v2\/posts\/17372\/revisions\/30819"}],"wp:attachment":[{"href":"https:\/\/www.simpleplan.cz\/cz\/index.php\/wp-json\/wp\/v2\/media?parent=17372"}],"wp:term":[{"taxonomy":"category","embeddable":true,"href":"https:\/\/www.simpleplan.cz\/cz\/index.php\/wp-json\/wp\/v2\/categories?post=17372"},{"taxonomy":"post_tag","embeddable":true,"href":"https:\/\/www.simpleplan.cz\/cz\/index.php\/wp-json\/wp\/v2\/tags?post=17372"}],"curies":[{"name":"wp","href":"https:\/\/api.w.org\/{rel}","templated":true}]}}