{"id":17568,"date":"2015-12-05T16:10:16","date_gmt":"2015-12-05T15:10:16","guid":{"rendered":"http:\/\/www.simpleplan.cz\/cz\/?p=17568"},"modified":"2023-06-26T07:20:39","modified_gmt":"2023-06-26T05:20:39","slug":"vstupenky-ke-stani-pred-podiem-pro-koncert-v-praze-jsou-vyprodany","status":"publish","type":"post","link":"https:\/\/www.simpleplan.cz\/cz\/index.php\/vstupenky-ke-stani-pred-podiem-pro-koncert-v-praze-jsou-vyprodany\/","title":{"rendered":"Vstupenky ke st\u00e1n\u00ed p\u0159ed p\u00f3diem pro koncert v Praze jsou VYPROD\u00c1NY!"},"content":{"rendered":"<p><img decoding=\"async\" style=\"margin: 20px;\" src=\"http:\/\/i66.tinypic.com\/j5jby8.gif\" alt=\"\" align=\"left\" \/>To byla rychlost! <\/p>\n<p>\u010ce\u0161t\u00ed fanou\u0161ci Simple Plan d\u00e1vaj\u00ed velmi siln\u011b kapele najevo, jak moc jim chyb\u011bli jejich koncerty v Praze (naposledy, co Simple Plan Prahu nav\u0161t\u00edvili se psal rok 2011; v roce 2012, kdy m\u011bli vystoupit na &#8222;Prague City Festivalu&#8220;, byl cel\u00fd festival zru\u0161en). <\/p>\n<p>Teprve p\u0159ed \u0161esti dny Simple Plan odhalili sv\u00e9 pl\u00e1ny ohledn\u011b vr\u00e1cen\u00ed se do <b>Prahy<\/b> po cel\u00fdch \u010dty\u0159 a p\u016fl letech a po zah\u00e1jen\u00ed p\u0159edprodeje ve st\u0159edu a prodeje v p\u00e1tek netrvalo dlouho a <b>dnes se ofici\u00e1ln\u011b vyprodaly vstupenky do sektoru st\u00e1n\u00ed p\u0159ed p\u00f3diem<\/b> (1 015 K\u010d)! <\/p>\n<p>Koncert v Praze, kter\u00fd se uskute\u010dn\u00ed <b>5. b\u0159ezna 2016<\/b> mezi zast\u00e1vkami kapely v Curychu a ve V\u00eddni, se bude op\u011bt konat v Mal\u00e9 sportovn\u00ed hale (Incheba ar\u00e9na) na pra\u017esk\u00e9m v\u00fdstavi\u0161ti. Bude to ale poprv\u00e9, co bude \u010desk\u00fd koncert SP rozd\u011blen do dvou sektor\u016f. Sektor &#8222;st\u00e1n\u00ed p\u0159ed p\u00f3diem&#8220; a &#8222;st\u00e1n\u00ed&#8220;, p\u0159i\u010dem\u017e druh\u00fd jmenovan\u00fd bude vzd\u00e1len p\u0159ibli\u017en\u011b 20 metr\u016f od p\u00f3dia. Do prodeje \u0161lo p\u0159ibli\u017en\u011b 1000 vstupenek do sektoru &#8222;st\u00e1n\u00ed p\u0159ed p\u00f3diem&#8220;, co\u017e \u010din\u00ed p\u0159ibli\u017en\u011b 1\/4 kapacity cel\u00e9 ar\u00e9ny (cca 4000 lid\u00ed).<\/p>\n<p><b>Vstupenky ke st\u00e1n\u00ed jsou st\u00e1le k dispozici (za 775 K\u010d).<\/b><\/p>\n<p>Pokud jste si nestihli koupit l\u00edstky do sektoru &#8222;st\u00e1n\u00ed p\u0159ed p\u00f3diem&#8220;, m\u00e1te je\u0161t\u011b mo\u017enost \u010d\u00edhat na ten spr\u00e1vn\u00fd moment na str\u00e1nk\u00e1ch <a href=\"https:\/\/shop.ticketpro.cz\/cs\/Event\/Detail\/678344\/simple-plan-stani-pred-podiem-front-of-stage\" target=\"_blank\" rel=\"noopener\">Ticketpro<\/a>, kde je\u0161t\u011b b\u011bhem dne\u0161n\u00edho \u010di z\u00edt\u0159ej\u0161\u00edho dne mohou b\u00fdt uvoln\u011bny l\u00edstky z pro\u0161l\u00fdch rezervac\u00ed. D\u00e1m v\u00e1m v\u011bd\u011bt, pokud se promot\u00e9\u0159i rozhodnou do sektoru &#8222;st\u00e1n\u00ed p\u0159ed p\u00f3diem&#8220; uvolnit je\u0161t\u011b n\u011bjak\u00e9 vstupenky.<\/p>\n<p>A je\u0161t\u011b jedna pozn\u00e1mka &#8211; pokud se na koncert v Praze chyst\u00e1te, bude v\u00e1s jist\u011b zaj\u00edmat <a href=\"http:\/\/www.simpleplan.cz\/cz\/index.php\/extra\/praha2016\/\" target=\"_blank\" rel=\"noopener\">nov\u00e1 sekce<\/a> na SimplePlan.cz, kter\u00e1 se v\u011bnuje jen a pouze informac\u00edm okolo koncertu SP v Praze. Nov\u011b zde nap\u0159\u00edklad naleznete detaily k p\u0159ekvapen\u00ed (n\u00e1pis\u016fm) pro SP, kter\u00e9 spole\u010dn\u011b chyst\u00e1me! Sekci k Praze 2016 naleznete v\u017edy v kategorii Extra v hlavn\u00edm menu a z\u00e1rove\u0148 je tak\u00e9 dostupn\u00e1 skrze obr\u00e1zkov\u00fd odkaz ve sloupci vpravo.<\/p>\n<div class=\"fblikebutton_button\" style=\"float: left; padding-top: 20px; margin-right: 20px; padding-bottom: 20px; padding-left: 20px;\"><iframe src=\"http:\/\/www.facebook.com\/plugins\/like.php?href=https%3A%2F%2Fwww.simpleplan.cz%2Fcz%2Findex.php%2Fvstupenky-ke-stani-pred-podiem-pro-koncert-v-praze-jsou-vyprodany%2F&amp;layout=standard&amp;show-faces=false&amp;width=450&amp;action=like&amp;colorscheme=light\" scrolling=\"no\" frameborder=\"0\" allowTransparency=\"true\" style=\"border:none; overflow:hidden; width:450px; height:26px\"><\/iframe><\/div>\n","protected":false},"excerpt":{"rendered":"<p>To byla rychlost! \u010ce\u0161t\u00ed fanou\u0161ci Simple Plan d\u00e1vaj\u00ed velmi siln\u011b kapele najevo, jak moc jim<\/p>\n","protected":false},"author":5,"featured_media":0,"comment_status":"open","ping_status":"open","sticky":false,"template":"","format":"standard","meta":{"footnotes":"","fifu_image_url":"","fifu_image_alt":""},"categories":[8],"tags":[54,157],"yoast_head":"<!-- This site is optimized with the Yoast SEO plugin v20.9 - https:\/\/yoast.com\/wordpress\/plugins\/seo\/ -->\n<title>Vstupenky ke st\u00e1n\u00ed p\u0159ed p\u00f3diem pro koncert v Praze jsou VYPROD\u00c1NY! | CZ: SimplePlan.cz<\/title>\n<meta name=\"robots\" content=\"index, follow, max-snippet:-1, max-image-preview:large, max-video-preview:-1\" \/>\n<link rel=\"canonical\" href=\"https:\/\/www.simpleplan.cz\/cz\/index.php\/vstupenky-ke-stani-pred-podiem-pro-koncert-v-praze-jsou-vyprodany\/\" \/>\n<meta property=\"og:locale\" content=\"cs_CZ\" \/>\n<meta property=\"og:type\" content=\"article\" \/>\n<meta property=\"og:title\" content=\"Vstupenky ke st\u00e1n\u00ed p\u0159ed p\u00f3diem pro koncert v Praze jsou VYPROD\u00c1NY! | CZ: SimplePlan.cz\" \/>\n<meta property=\"og:description\" content=\"To byla rychlost! \u010ce\u0161t\u00ed fanou\u0161ci Simple Plan d\u00e1vaj\u00ed velmi siln\u011b kapele najevo, jak moc jim\" \/>\n<meta property=\"og:url\" content=\"https:\/\/www.simpleplan.cz\/cz\/index.php\/vstupenky-ke-stani-pred-podiem-pro-koncert-v-praze-jsou-vyprodany\/\" \/>\n<meta property=\"og:site_name\" content=\"CZ: SimplePlan.cz\" \/>\n<meta property=\"article:publisher\" content=\"http:\/\/www.facebook.com\/simpleplancz\" \/>\n<meta property=\"article:published_time\" content=\"2015-12-05T15:10:16+00:00\" \/>\n<meta property=\"article:modified_time\" content=\"2023-06-26T05:20:39+00:00\" \/>\n<meta property=\"og:image\" content=\"http:\/\/i66.tinypic.com\/j5jby8.gif\" \/>\n<meta name=\"author\" content=\"Dominika\" \/>\n<meta name=\"twitter:card\" content=\"summary_large_image\" \/>\n<meta name=\"twitter:creator\" content=\"@simpleplancz\" \/>\n<meta name=\"twitter:site\" content=\"@simpleplancz\" \/>\n<meta name=\"twitter:label1\" content=\"Napsal(a)\" \/>\n\t<meta name=\"twitter:data1\" content=\"Dominika\" \/>\n\t<meta name=\"twitter:label2\" content=\"Odhadovan\u00e1 doba \u010dten\u00ed\" \/>\n\t<meta name=\"twitter:data2\" content=\"2 minuty\" \/>\n<script type=\"application\/ld+json\" class=\"yoast-schema-graph\">{\"@context\":\"https:\/\/schema.org\",\"@graph\":[{\"@type\":\"Article\",\"@id\":\"https:\/\/www.simpleplan.cz\/cz\/index.php\/vstupenky-ke-stani-pred-podiem-pro-koncert-v-praze-jsou-vyprodany\/#article\",\"isPartOf\":{\"@id\":\"https:\/\/www.simpleplan.cz\/cz\/index.php\/vstupenky-ke-stani-pred-podiem-pro-koncert-v-praze-jsou-vyprodany\/\"},\"author\":{\"name\":\"Dominika\",\"@id\":\"https:\/\/www.simpleplan.cz\/cz\/#\/schema\/person\/bb90dd25f4baab7793fc73ab0b783730\"},\"headline\":\"Vstupenky ke st\u00e1n\u00ed p\u0159ed p\u00f3diem pro koncert v Praze jsou VYPROD\u00c1NY!\",\"datePublished\":\"2015-12-05T15:10:16+00:00\",\"dateModified\":\"2023-06-26T05:20:39+00:00\",\"mainEntityOfPage\":{\"@id\":\"https:\/\/www.simpleplan.cz\/cz\/index.php\/vstupenky-ke-stani-pred-podiem-pro-koncert-v-praze-jsou-vyprodany\/\"},\"wordCount\":405,\"commentCount\":2,\"publisher\":{\"@id\":\"https:\/\/www.simpleplan.cz\/cz\/#organization\"},\"keywords\":[\"\u010cesk\u00e1 republika\",\"Praha\"],\"articleSection\":[\"koncerty\"],\"inLanguage\":\"cs\",\"potentialAction\":[{\"@type\":\"CommentAction\",\"name\":\"Comment\",\"target\":[\"https:\/\/www.simpleplan.cz\/cz\/index.php\/vstupenky-ke-stani-pred-podiem-pro-koncert-v-praze-jsou-vyprodany\/#respond\"]}]},{\"@type\":\"WebPage\",\"@id\":\"https:\/\/www.simpleplan.cz\/cz\/index.php\/vstupenky-ke-stani-pred-podiem-pro-koncert-v-praze-jsou-vyprodany\/\",\"url\":\"https:\/\/www.simpleplan.cz\/cz\/index.php\/vstupenky-ke-stani-pred-podiem-pro-koncert-v-praze-jsou-vyprodany\/\",\"name\":\"Vstupenky ke st\u00e1n\u00ed p\u0159ed p\u00f3diem pro koncert v Praze jsou VYPROD\u00c1NY! | CZ: SimplePlan.cz\",\"isPartOf\":{\"@id\":\"https:\/\/www.simpleplan.cz\/cz\/#website\"},\"datePublished\":\"2015-12-05T15:10:16+00:00\",\"dateModified\":\"2023-06-26T05:20:39+00:00\",\"breadcrumb\":{\"@id\":\"https:\/\/www.simpleplan.cz\/cz\/index.php\/vstupenky-ke-stani-pred-podiem-pro-koncert-v-praze-jsou-vyprodany\/#breadcrumb\"},\"inLanguage\":\"cs\",\"potentialAction\":[{\"@type\":\"ReadAction\",\"target\":[\"https:\/\/www.simpleplan.cz\/cz\/index.php\/vstupenky-ke-stani-pred-podiem-pro-koncert-v-praze-jsou-vyprodany\/\"]}]},{\"@type\":\"BreadcrumbList\",\"@id\":\"https:\/\/www.simpleplan.cz\/cz\/index.php\/vstupenky-ke-stani-pred-podiem-pro-koncert-v-praze-jsou-vyprodany\/#breadcrumb\",\"itemListElement\":[{\"@type\":\"ListItem\",\"position\":1,\"name\":\"Dom\u016f\",\"item\":\"https:\/\/www.simpleplan.cz\/cz\/\"},{\"@type\":\"ListItem\",\"position\":2,\"name\":\"koncerty\",\"item\":\"https:\/\/www.simpleplan.cz\/cz\/index.php\/category\/koncerty\/\"},{\"@type\":\"ListItem\",\"position\":3,\"name\":\"Vstupenky ke st\u00e1n\u00ed p\u0159ed p\u00f3diem pro koncert v Praze jsou VYPROD\u00c1NY!\"}]},{\"@type\":\"WebSite\",\"@id\":\"https:\/\/www.simpleplan.cz\/cz\/#website\",\"url\":\"https:\/\/www.simpleplan.cz\/cz\/\",\"name\":\"CZ: SimplePlan.cz\",\"description\":\"Nejlep\u0161\u00ed zdroj informac\u00ed o kapele Simple Plan\",\"publisher\":{\"@id\":\"https:\/\/www.simpleplan.cz\/cz\/#organization\"},\"potentialAction\":[{\"@type\":\"SearchAction\",\"target\":{\"@type\":\"EntryPoint\",\"urlTemplate\":\"https:\/\/www.simpleplan.cz\/cz\/?s={search_term_string}\"},\"query-input\":\"required name=search_term_string\"}],\"inLanguage\":\"cs\"},{\"@type\":\"Organization\",\"@id\":\"https:\/\/www.simpleplan.cz\/cz\/#organization\",\"name\":\"CZ: SimplePlan.cz\",\"url\":\"https:\/\/www.simpleplan.cz\/cz\/\",\"logo\":{\"@type\":\"ImageObject\",\"inLanguage\":\"cs\",\"@id\":\"https:\/\/www.simpleplan.cz\/cz\/#\/schema\/logo\/image\/\",\"url\":\"https:\/\/www.simpleplan.cz\/cz\/wp-content\/uploads\/spczlogo.png\",\"contentUrl\":\"https:\/\/www.simpleplan.cz\/cz\/wp-content\/uploads\/spczlogo.png\",\"width\":250,\"height\":190,\"caption\":\"CZ: SimplePlan.cz\"},\"image\":{\"@id\":\"https:\/\/www.simpleplan.cz\/cz\/#\/schema\/logo\/image\/\"},\"sameAs\":[\"http:\/\/www.facebook.com\/simpleplancz\",\"https:\/\/twitter.com\/simpleplancz\",\"http:\/\/www.instagram.com\/simpleplancz\",\"http:\/\/www.youtube.com\/simpleplancz\"]},{\"@type\":\"Person\",\"@id\":\"https:\/\/www.simpleplan.cz\/cz\/#\/schema\/person\/bb90dd25f4baab7793fc73ab0b783730\",\"name\":\"Dominika\",\"image\":{\"@type\":\"ImageObject\",\"inLanguage\":\"cs\",\"@id\":\"https:\/\/www.simpleplan.cz\/cz\/#\/schema\/person\/image\/\",\"url\":\"https:\/\/secure.gravatar.com\/avatar\/de55cb16a8578d56e96c89d1a0af3db5?s=96&d=mm&r=g\",\"contentUrl\":\"https:\/\/secure.gravatar.com\/avatar\/de55cb16a8578d56e96c89d1a0af3db5?s=96&d=mm&r=g\",\"caption\":\"Dominika\"},\"sameAs\":[\"http:\/\/www.simpleplan.cz\"],\"url\":\"https:\/\/www.simpleplan.cz\/cz\/index.php\/author\/admin-2\/\"}]}<\/script>\n<!-- \/ Yoast SEO plugin. -->","yoast_head_json":{"title":"Vstupenky ke st\u00e1n\u00ed p\u0159ed p\u00f3diem pro koncert v Praze jsou VYPROD\u00c1NY! | CZ: SimplePlan.cz","robots":{"index":"index","follow":"follow","max-snippet":"max-snippet:-1","max-image-preview":"max-image-preview:large","max-video-preview":"max-video-preview:-1"},"canonical":"https:\/\/www.simpleplan.cz\/cz\/index.php\/vstupenky-ke-stani-pred-podiem-pro-koncert-v-praze-jsou-vyprodany\/","og_locale":"cs_CZ","og_type":"article","og_title":"Vstupenky ke st\u00e1n\u00ed p\u0159ed p\u00f3diem pro koncert v Praze jsou VYPROD\u00c1NY! | CZ: SimplePlan.cz","og_description":"To byla rychlost! \u010ce\u0161t\u00ed fanou\u0161ci Simple Plan d\u00e1vaj\u00ed velmi siln\u011b kapele najevo, jak moc jim","og_url":"https:\/\/www.simpleplan.cz\/cz\/index.php\/vstupenky-ke-stani-pred-podiem-pro-koncert-v-praze-jsou-vyprodany\/","og_site_name":"CZ: SimplePlan.cz","article_publisher":"http:\/\/www.facebook.com\/simpleplancz","article_published_time":"2015-12-05T15:10:16+00:00","article_modified_time":"2023-06-26T05:20:39+00:00","og_image":[{"url":"http:\/\/i66.tinypic.com\/j5jby8.gif"}],"author":"Dominika","twitter_card":"summary_large_image","twitter_creator":"@simpleplancz","twitter_site":"@simpleplancz","twitter_misc":{"Napsal(a)":"Dominika","Odhadovan\u00e1 doba \u010dten\u00ed":"2 minuty"},"schema":{"@context":"https:\/\/schema.org","@graph":[{"@type":"Article","@id":"https:\/\/www.simpleplan.cz\/cz\/index.php\/vstupenky-ke-stani-pred-podiem-pro-koncert-v-praze-jsou-vyprodany\/#article","isPartOf":{"@id":"https:\/\/www.simpleplan.cz\/cz\/index.php\/vstupenky-ke-stani-pred-podiem-pro-koncert-v-praze-jsou-vyprodany\/"},"author":{"name":"Dominika","@id":"https:\/\/www.simpleplan.cz\/cz\/#\/schema\/person\/bb90dd25f4baab7793fc73ab0b783730"},"headline":"Vstupenky ke st\u00e1n\u00ed p\u0159ed p\u00f3diem pro koncert v Praze jsou VYPROD\u00c1NY!","datePublished":"2015-12-05T15:10:16+00:00","dateModified":"2023-06-26T05:20:39+00:00","mainEntityOfPage":{"@id":"https:\/\/www.simpleplan.cz\/cz\/index.php\/vstupenky-ke-stani-pred-podiem-pro-koncert-v-praze-jsou-vyprodany\/"},"wordCount":405,"commentCount":2,"publisher":{"@id":"https:\/\/www.simpleplan.cz\/cz\/#organization"},"keywords":["\u010cesk\u00e1 republika","Praha"],"articleSection":["koncerty"],"inLanguage":"cs","potentialAction":[{"@type":"CommentAction","name":"Comment","target":["https:\/\/www.simpleplan.cz\/cz\/index.php\/vstupenky-ke-stani-pred-podiem-pro-koncert-v-praze-jsou-vyprodany\/#respond"]}]},{"@type":"WebPage","@id":"https:\/\/www.simpleplan.cz\/cz\/index.php\/vstupenky-ke-stani-pred-podiem-pro-koncert-v-praze-jsou-vyprodany\/","url":"https:\/\/www.simpleplan.cz\/cz\/index.php\/vstupenky-ke-stani-pred-podiem-pro-koncert-v-praze-jsou-vyprodany\/","name":"Vstupenky ke st\u00e1n\u00ed p\u0159ed p\u00f3diem pro koncert v Praze jsou VYPROD\u00c1NY! | CZ: SimplePlan.cz","isPartOf":{"@id":"https:\/\/www.simpleplan.cz\/cz\/#website"},"datePublished":"2015-12-05T15:10:16+00:00","dateModified":"2023-06-26T05:20:39+00:00","breadcrumb":{"@id":"https:\/\/www.simpleplan.cz\/cz\/index.php\/vstupenky-ke-stani-pred-podiem-pro-koncert-v-praze-jsou-vyprodany\/#breadcrumb"},"inLanguage":"cs","potentialAction":[{"@type":"ReadAction","target":["https:\/\/www.simpleplan.cz\/cz\/index.php\/vstupenky-ke-stani-pred-podiem-pro-koncert-v-praze-jsou-vyprodany\/"]}]},{"@type":"BreadcrumbList","@id":"https:\/\/www.simpleplan.cz\/cz\/index.php\/vstupenky-ke-stani-pred-podiem-pro-koncert-v-praze-jsou-vyprodany\/#breadcrumb","itemListElement":[{"@type":"ListItem","position":1,"name":"Dom\u016f","item":"https:\/\/www.simpleplan.cz\/cz\/"},{"@type":"ListItem","position":2,"name":"koncerty","item":"https:\/\/www.simpleplan.cz\/cz\/index.php\/category\/koncerty\/"},{"@type":"ListItem","position":3,"name":"Vstupenky ke st\u00e1n\u00ed p\u0159ed p\u00f3diem pro koncert v Praze jsou VYPROD\u00c1NY!"}]},{"@type":"WebSite","@id":"https:\/\/www.simpleplan.cz\/cz\/#website","url":"https:\/\/www.simpleplan.cz\/cz\/","name":"CZ: SimplePlan.cz","description":"Nejlep\u0161\u00ed zdroj informac\u00ed o kapele Simple Plan","publisher":{"@id":"https:\/\/www.simpleplan.cz\/cz\/#organization"},"potentialAction":[{"@type":"SearchAction","target":{"@type":"EntryPoint","urlTemplate":"https:\/\/www.simpleplan.cz\/cz\/?s={search_term_string}"},"query-input":"required name=search_term_string"}],"inLanguage":"cs"},{"@type":"Organization","@id":"https:\/\/www.simpleplan.cz\/cz\/#organization","name":"CZ: SimplePlan.cz","url":"https:\/\/www.simpleplan.cz\/cz\/","logo":{"@type":"ImageObject","inLanguage":"cs","@id":"https:\/\/www.simpleplan.cz\/cz\/#\/schema\/logo\/image\/","url":"https:\/\/www.simpleplan.cz\/cz\/wp-content\/uploads\/spczlogo.png","contentUrl":"https:\/\/www.simpleplan.cz\/cz\/wp-content\/uploads\/spczlogo.png","width":250,"height":190,"caption":"CZ: SimplePlan.cz"},"image":{"@id":"https:\/\/www.simpleplan.cz\/cz\/#\/schema\/logo\/image\/"},"sameAs":["http:\/\/www.facebook.com\/simpleplancz","https:\/\/twitter.com\/simpleplancz","http:\/\/www.instagram.com\/simpleplancz","http:\/\/www.youtube.com\/simpleplancz"]},{"@type":"Person","@id":"https:\/\/www.simpleplan.cz\/cz\/#\/schema\/person\/bb90dd25f4baab7793fc73ab0b783730","name":"Dominika","image":{"@type":"ImageObject","inLanguage":"cs","@id":"https:\/\/www.simpleplan.cz\/cz\/#\/schema\/person\/image\/","url":"https:\/\/secure.gravatar.com\/avatar\/de55cb16a8578d56e96c89d1a0af3db5?s=96&d=mm&r=g","contentUrl":"https:\/\/secure.gravatar.com\/avatar\/de55cb16a8578d56e96c89d1a0af3db5?s=96&d=mm&r=g","caption":"Dominika"},"sameAs":["http:\/\/www.simpleplan.cz"],"url":"https:\/\/www.simpleplan.cz\/cz\/index.php\/author\/admin-2\/"}]}},"featured_image_urls":{"full":"","thumbnail":"","medium":"","medium_large":"","large":"","1536x1536":"","2048x2048":"","elegant-magazine-featured":"","elegant-magazine-medium":"","elegant-magazine-medium-small":"","elegant-magazine-thumbnail-small":""},"author_info":{"display_name":"Dominika","author_link":"https:\/\/www.simpleplan.cz\/cz\/index.php\/author\/admin-2\/"},"category_info":"<a href=\"https:\/\/www.simpleplan.cz\/cz\/index.php\/category\/koncerty\/\" rel=\"category tag\">koncerty<\/a>","tag_info":"koncerty","comment_count":"2","_links":{"self":[{"href":"https:\/\/www.simpleplan.cz\/cz\/index.php\/wp-json\/wp\/v2\/posts\/17568"}],"collection":[{"href":"https:\/\/www.simpleplan.cz\/cz\/index.php\/wp-json\/wp\/v2\/posts"}],"about":[{"href":"https:\/\/www.simpleplan.cz\/cz\/index.php\/wp-json\/wp\/v2\/types\/post"}],"author":[{"embeddable":true,"href":"https:\/\/www.simpleplan.cz\/cz\/index.php\/wp-json\/wp\/v2\/users\/5"}],"replies":[{"embeddable":true,"href":"https:\/\/www.simpleplan.cz\/cz\/index.php\/wp-json\/wp\/v2\/comments?post=17568"}],"version-history":[{"count":7,"href":"https:\/\/www.simpleplan.cz\/cz\/index.php\/wp-json\/wp\/v2\/posts\/17568\/revisions"}],"predecessor-version":[{"id":30793,"href":"https:\/\/www.simpleplan.cz\/cz\/index.php\/wp-json\/wp\/v2\/posts\/17568\/revisions\/30793"}],"wp:attachment":[{"href":"https:\/\/www.simpleplan.cz\/cz\/index.php\/wp-json\/wp\/v2\/media?parent=17568"}],"wp:term":[{"taxonomy":"category","embeddable":true,"href":"https:\/\/www.simpleplan.cz\/cz\/index.php\/wp-json\/wp\/v2\/categories?post=17568"},{"taxonomy":"post_tag","embeddable":true,"href":"https:\/\/www.simpleplan.cz\/cz\/index.php\/wp-json\/wp\/v2\/tags?post=17568"}],"curies":[{"name":"wp","href":"https:\/\/api.w.org\/{rel}","templated":true}]}}