{"id":17739,"date":"2016-01-07T18:19:22","date_gmt":"2016-01-07T17:19:22","guid":{"rendered":"http:\/\/www.simpleplan.cz\/cz\/?p=17739"},"modified":"2023-06-26T07:20:35","modified_gmt":"2023-06-26T05:20:35","slug":"scan-simple-plan-v-novem-cisle-alternative-press-o-nejocekavanejsich-albech-roku","status":"publish","type":"post","link":"https:\/\/www.simpleplan.cz\/cz\/index.php\/scan-simple-plan-v-novem-cisle-alternative-press-o-nejocekavanejsich-albech-roku\/","title":{"rendered":"SCAN: Simple Plan v nov\u00e9m \u010d\u00edsle Alternative Press o nejo\u010dek\u00e1van\u011bj\u0161\u00edch albech roku"},"content":{"rendered":"<p>Jak ji\u017e bylo d\u0159\u00edve ozn\u00e1meno, nov\u00e1 deska Simple Plan &#8222;Taking One For The Team&#8220; (vych\u00e1z\u00ed 19. \u00fanora) tuto kapelu u\u010dinila ide\u00e1ln\u00ed pro zahrnut\u00ed do nov\u00e9ho \u010d\u00edsla \u010dasopisu <b>Alternative Press<\/b>, kter\u00e9 dalo dohromady seznam nejv\u00edce o\u010dek\u00e1van\u00fdch alb roku 2016.<\/p>\n<p>N\u00ed\u017ee si nyn\u00ed m\u016f\u017eete cel\u00fd \u010dl\u00e1nek o SP, kter\u00fd se v tomto \u010d\u00edsle nach\u00e1z\u00ed, p\u0159e\u010d\u00edst v angli\u010dtin\u011b (\u010di n\u00ed\u017ee v m\u00e9m \u010desk\u00e9m p\u0159ekladu), a zjistit, co bylo nejv\u011bt\u0161\u00ed v\u00fdzvou p\u0159i tvorb\u011b tohoto alba, nebo co od n\u011bj m\u016f\u017eeme o\u010dek\u00e1vat:<\/p>\n<p><center><a href=\"http:\/\/www.simpleplan.cz\/gallery\/displayimage.php?pos=-35644\" target=\"_blank\" rel=\"noopener\"><img decoding=\"async\" src=\"http:\/\/www.simpleplan.cz\/gal\/4539.gif\"\/><\/a><\/center><\/p>\n<blockquote><p>[Zdroj: Alternative Press (Annie Zaleski) \/ P\u0159eklad: SimplePlan.cz]<\/p>\n<p><u><b>Co je jin\u00e9ho:<\/b><\/u><\/p>\n<p><b>Chuck Comeau:<\/b> Ta kolaborace s Nellym na p\u00edsni &#8218;I Don&#8217;t Wanna Go To Bed&#8216; je na desce asi t\u00edm nejv\u011bt\u0161\u00edm klackem, kter\u00fd sv\u00fdm fanou\u0161k\u016fm h\u00e1z\u00edme pod nohy. Jeden z d\u016fvod\u016f, pro\u010d m\u00e1me st\u00e1le mo\u017enost nat\u00e1\u010det desky je, \u017ee jsme se nikdy neb\u00e1li zkou\u0161et nov\u00e9 v\u011bci. \u017de jsme prost\u011b nenat\u00e1\u010deli tu samou desku po\u0159\u00e1d znovu a znovu. Ale z\u00e1rove\u0148 je po\u0159\u00e1d z\u00e1kladem toho, k\u00fdm jsme, a co st\u00e1le milujeme d\u011blat a hr\u00e1t na\u017eivo, jsou rychl\u00e9, chytlav\u00e9 a melodick\u00e9 pop-punkov\u00e9 p\u00edsn\u011b. Na t\u00e9to desce je jich hodn\u011b; m\u00e1me hold hodn\u011b extr\u00e9m\u016f. Popov\u00e9 p\u00edsn\u011b jsou p\u0159\u00edli\u0161 popov\u00e9, ale ty pop-punkov\u00e9 v\u011bci nebo ty rockov\u00e9 jsou v\u00edce rockov\u00e9, ne\u017e kdy p\u0159edt\u00edm. D\u00edky tomu je toto album tak zaj\u00edmav\u00e9, proto\u017ee nen\u00ed takov\u00e9, jak\u00e9 by se mohlo na prvn\u00ed pohled zd\u00e1t.<\/p>\n<p><u><b>Nejv\u011bt\u0161\u00ed v\u00fdzva:<\/b><\/u><\/p>\n<p><b>Pierre Bouvier:<\/b> Jsme kapelou u\u017e velmi dlouho. M\u00e1me d\u00edky tomu mezi sebou siln\u00e9 pouto, ale z\u00e1rove\u0148 to tak\u00e9 znamen\u00e1 ur\u010dit\u00e9 omezen\u00ed, proto\u017ee od n\u00e1s lid\u00e9 hodn\u011b o\u010dek\u00e1vaj\u00ed. Na\u0161e kapela m\u00e1 svou minulost. Pro n\u00e1s je vytv\u00e1\u0159en\u00ed alba, kter\u00e9 bude vy\u010dn\u00edvat, \u010d\u00edm d\u00e1l t\u011b\u017e\u0161\u00ed. Nejsme u\u017e tou novou, mladou kapelou, kterou nikdy nikdo p\u0159edt\u00edm nesly\u0161el. Na\u0161e tv\u00e1\u0159e jsou pov\u011bdom\u00e9, n\u00e1\u0161 zvuk je pov\u011bdom\u00fd a m\u016fj hlas u\u017e lid\u00e9 tak\u00e9 pozn\u00e1vaj\u00ed. Nejv\u011bt\u0161\u00ed v\u00fdzvou je pro n\u00e1s vytvo\u0159it album, kter\u00e9 bude vynikat. Z\u00e1rove\u0148 ale tak\u00e9 jako kapela, kter\u00e1 u\u017e je na tomto sv\u011bt\u011b hodnou chv\u00edli, u\u017e n\u00e1m t\u00e9m\u011b\u0159 nikdo nechce dovolit vych\u00fdlit se z na\u0161\u00ed oblasti, proto\u017ee pak si n\u011bkte\u0159\u00ed fanou\u0161ci mysl\u00ed: &#8222;Oh, takhle byste ale zn\u00edt nem\u011bli..&#8220;<\/p>\n<p><u><b>Co jste poslouchali, kdy\u017e jste toto album vytv\u00e1\u0159eli:<\/b><\/u><\/p>\n<p><b>Chuck Comeau:<\/b> Poslouchali jsme hodn\u011b old-school hudby, na kter\u00e9 jsme vyrostli, a kter\u00e1 pro n\u00e1s hodn\u011b znamenala. Poslouchali jsme Lagwagon, Strung Out, Face To Face nebo No Use For A Name, abychom se psychicky p\u0159em\u00edstili do \u010das\u016f, kdy\u017e n\u00e1m bylo 19, 20, 21 a za\u010d\u00ednali jsme s touto kapelou. To bylo velmi vzru\u0161uj\u00edc\u00ed. Ale tak\u00e9 jsme poslouchali hodn\u011b nov\u00fdch kapel, kter\u00e9 jsou na sou\u010dasn\u00e9 hudebn\u00ed sc\u00e9n\u011b, a kter\u00e9 m\u011bn\u00ed tv\u00e1\u0159 novodob\u00e9ho po-punku &#8211; od State Champs po Neck Deep. Je super vid\u011bt, co s hudbou dok\u00e1\u017eou ud\u011blat. Z\u00e1rove\u0148 je ale n\u00e1\u0161 hudebn\u00ed vkus velmi rozmanit\u00fd &#8211; poslouch\u00e1m t\u0159eba Eda Sheerana, kter\u00fd p\u00ed\u0161e fakt neuv\u011b\u0159teln\u00e9 songy.<\/p><\/blockquote>\n<div class=\"fblikebutton_button\" style=\"float: left; padding-top: 20px; margin-right: 20px; padding-bottom: 20px; padding-left: 20px;\"><iframe src=\"http:\/\/www.facebook.com\/plugins\/like.php?href=https%3A%2F%2Fwww.simpleplan.cz%2Fcz%2Findex.php%2Fscan-simple-plan-v-novem-cisle-alternative-press-o-nejocekavanejsich-albech-roku%2F&amp;layout=standard&amp;show-faces=false&amp;width=450&amp;action=like&amp;colorscheme=light\" scrolling=\"no\" frameborder=\"0\" allowTransparency=\"true\" style=\"border:none; overflow:hidden; width:450px; height:26px\"><\/iframe><\/div>\n","protected":false},"excerpt":{"rendered":"<p>Jak ji\u017e bylo d\u0159\u00edve ozn\u00e1meno, nov\u00e1 deska Simple Plan &#8222;Taking One For The Team&#8220; (vych\u00e1z\u00ed<\/p>\n","protected":false},"author":5,"featured_media":0,"comment_status":"open","ping_status":"open","sticky":false,"template":"","format":"standard","meta":{"footnotes":"","fifu_image_url":"","fifu_image_alt":""},"categories":[848,9,18],"tags":[255],"yoast_head":"<!-- This site is optimized with the Yoast SEO plugin v20.9 - https:\/\/yoast.com\/wordpress\/plugins\/seo\/ -->\n<title>SCAN: Simple Plan v nov\u00e9m \u010d\u00edsle Alternative Press o nejo\u010dek\u00e1van\u011bj\u0161\u00edch albech roku | CZ: SimplePlan.cz<\/title>\n<meta name=\"robots\" content=\"index, follow, max-snippet:-1, max-image-preview:large, max-video-preview:-1\" \/>\n<link rel=\"canonical\" href=\"https:\/\/www.simpleplan.cz\/cz\/index.php\/scan-simple-plan-v-novem-cisle-alternative-press-o-nejocekavanejsich-albech-roku\/\" \/>\n<meta property=\"og:locale\" content=\"cs_CZ\" \/>\n<meta property=\"og:type\" content=\"article\" \/>\n<meta property=\"og:title\" content=\"SCAN: Simple Plan v nov\u00e9m \u010d\u00edsle Alternative Press o nejo\u010dek\u00e1van\u011bj\u0161\u00edch albech roku | CZ: SimplePlan.cz\" \/>\n<meta property=\"og:description\" content=\"Jak ji\u017e bylo d\u0159\u00edve ozn\u00e1meno, nov\u00e1 deska Simple Plan &#8222;Taking One For The Team&#8220; (vych\u00e1z\u00ed\" \/>\n<meta property=\"og:url\" content=\"https:\/\/www.simpleplan.cz\/cz\/index.php\/scan-simple-plan-v-novem-cisle-alternative-press-o-nejocekavanejsich-albech-roku\/\" \/>\n<meta property=\"og:site_name\" content=\"CZ: SimplePlan.cz\" \/>\n<meta property=\"article:publisher\" content=\"http:\/\/www.facebook.com\/simpleplancz\" \/>\n<meta property=\"article:published_time\" content=\"2016-01-07T17:19:22+00:00\" \/>\n<meta property=\"article:modified_time\" content=\"2023-06-26T05:20:35+00:00\" \/>\n<meta property=\"og:image\" content=\"http:\/\/www.simpleplan.cz\/gal\/4539.gif\" \/>\n<meta name=\"author\" content=\"Dominika\" \/>\n<meta name=\"twitter:card\" content=\"summary_large_image\" \/>\n<meta name=\"twitter:creator\" content=\"@simpleplancz\" \/>\n<meta name=\"twitter:site\" content=\"@simpleplancz\" \/>\n<meta name=\"twitter:label1\" content=\"Napsal(a)\" \/>\n\t<meta name=\"twitter:data1\" content=\"Dominika\" \/>\n\t<meta name=\"twitter:label2\" content=\"Odhadovan\u00e1 doba \u010dten\u00ed\" \/>\n\t<meta name=\"twitter:data2\" content=\"3 minuty\" \/>\n<script type=\"application\/ld+json\" class=\"yoast-schema-graph\">{\"@context\":\"https:\/\/schema.org\",\"@graph\":[{\"@type\":\"Article\",\"@id\":\"https:\/\/www.simpleplan.cz\/cz\/index.php\/scan-simple-plan-v-novem-cisle-alternative-press-o-nejocekavanejsich-albech-roku\/#article\",\"isPartOf\":{\"@id\":\"https:\/\/www.simpleplan.cz\/cz\/index.php\/scan-simple-plan-v-novem-cisle-alternative-press-o-nejocekavanejsich-albech-roku\/\"},\"author\":{\"name\":\"Dominika\",\"@id\":\"https:\/\/www.simpleplan.cz\/cz\/#\/schema\/person\/bb90dd25f4baab7793fc73ab0b783730\"},\"headline\":\"SCAN: Simple Plan v nov\u00e9m \u010d\u00edsle Alternative Press o nejo\u010dek\u00e1van\u011bj\u0161\u00edch albech roku\",\"datePublished\":\"2016-01-07T17:19:22+00:00\",\"dateModified\":\"2023-06-26T05:20:35+00:00\",\"mainEntityOfPage\":{\"@id\":\"https:\/\/www.simpleplan.cz\/cz\/index.php\/scan-simple-plan-v-novem-cisle-alternative-press-o-nejocekavanejsich-albech-roku\/\"},\"wordCount\":588,\"commentCount\":0,\"publisher\":{\"@id\":\"https:\/\/www.simpleplan.cz\/cz\/#organization\"},\"keywords\":[\"Alternative Press\"],\"articleSection\":[\"5. album\",\"fotky\",\"m\u00e9dia\"],\"inLanguage\":\"cs\",\"potentialAction\":[{\"@type\":\"CommentAction\",\"name\":\"Comment\",\"target\":[\"https:\/\/www.simpleplan.cz\/cz\/index.php\/scan-simple-plan-v-novem-cisle-alternative-press-o-nejocekavanejsich-albech-roku\/#respond\"]}]},{\"@type\":\"WebPage\",\"@id\":\"https:\/\/www.simpleplan.cz\/cz\/index.php\/scan-simple-plan-v-novem-cisle-alternative-press-o-nejocekavanejsich-albech-roku\/\",\"url\":\"https:\/\/www.simpleplan.cz\/cz\/index.php\/scan-simple-plan-v-novem-cisle-alternative-press-o-nejocekavanejsich-albech-roku\/\",\"name\":\"SCAN: Simple Plan v nov\u00e9m \u010d\u00edsle Alternative Press o nejo\u010dek\u00e1van\u011bj\u0161\u00edch albech roku | CZ: SimplePlan.cz\",\"isPartOf\":{\"@id\":\"https:\/\/www.simpleplan.cz\/cz\/#website\"},\"datePublished\":\"2016-01-07T17:19:22+00:00\",\"dateModified\":\"2023-06-26T05:20:35+00:00\",\"breadcrumb\":{\"@id\":\"https:\/\/www.simpleplan.cz\/cz\/index.php\/scan-simple-plan-v-novem-cisle-alternative-press-o-nejocekavanejsich-albech-roku\/#breadcrumb\"},\"inLanguage\":\"cs\",\"potentialAction\":[{\"@type\":\"ReadAction\",\"target\":[\"https:\/\/www.simpleplan.cz\/cz\/index.php\/scan-simple-plan-v-novem-cisle-alternative-press-o-nejocekavanejsich-albech-roku\/\"]}]},{\"@type\":\"BreadcrumbList\",\"@id\":\"https:\/\/www.simpleplan.cz\/cz\/index.php\/scan-simple-plan-v-novem-cisle-alternative-press-o-nejocekavanejsich-albech-roku\/#breadcrumb\",\"itemListElement\":[{\"@type\":\"ListItem\",\"position\":1,\"name\":\"Dom\u016f\",\"item\":\"https:\/\/www.simpleplan.cz\/cz\/\"},{\"@type\":\"ListItem\",\"position\":2,\"name\":\"5. album\",\"item\":\"https:\/\/www.simpleplan.cz\/cz\/index.php\/category\/5-album\/\"},{\"@type\":\"ListItem\",\"position\":3,\"name\":\"SCAN: Simple Plan v nov\u00e9m \u010d\u00edsle Alternative Press o nejo\u010dek\u00e1van\u011bj\u0161\u00edch albech roku\"}]},{\"@type\":\"WebSite\",\"@id\":\"https:\/\/www.simpleplan.cz\/cz\/#website\",\"url\":\"https:\/\/www.simpleplan.cz\/cz\/\",\"name\":\"CZ: SimplePlan.cz\",\"description\":\"Nejlep\u0161\u00ed zdroj informac\u00ed o kapele Simple Plan\",\"publisher\":{\"@id\":\"https:\/\/www.simpleplan.cz\/cz\/#organization\"},\"potentialAction\":[{\"@type\":\"SearchAction\",\"target\":{\"@type\":\"EntryPoint\",\"urlTemplate\":\"https:\/\/www.simpleplan.cz\/cz\/?s={search_term_string}\"},\"query-input\":\"required name=search_term_string\"}],\"inLanguage\":\"cs\"},{\"@type\":\"Organization\",\"@id\":\"https:\/\/www.simpleplan.cz\/cz\/#organization\",\"name\":\"CZ: SimplePlan.cz\",\"url\":\"https:\/\/www.simpleplan.cz\/cz\/\",\"logo\":{\"@type\":\"ImageObject\",\"inLanguage\":\"cs\",\"@id\":\"https:\/\/www.simpleplan.cz\/cz\/#\/schema\/logo\/image\/\",\"url\":\"https:\/\/www.simpleplan.cz\/cz\/wp-content\/uploads\/spczlogo.png\",\"contentUrl\":\"https:\/\/www.simpleplan.cz\/cz\/wp-content\/uploads\/spczlogo.png\",\"width\":250,\"height\":190,\"caption\":\"CZ: SimplePlan.cz\"},\"image\":{\"@id\":\"https:\/\/www.simpleplan.cz\/cz\/#\/schema\/logo\/image\/\"},\"sameAs\":[\"http:\/\/www.facebook.com\/simpleplancz\",\"https:\/\/twitter.com\/simpleplancz\",\"http:\/\/www.instagram.com\/simpleplancz\",\"http:\/\/www.youtube.com\/simpleplancz\"]},{\"@type\":\"Person\",\"@id\":\"https:\/\/www.simpleplan.cz\/cz\/#\/schema\/person\/bb90dd25f4baab7793fc73ab0b783730\",\"name\":\"Dominika\",\"image\":{\"@type\":\"ImageObject\",\"inLanguage\":\"cs\",\"@id\":\"https:\/\/www.simpleplan.cz\/cz\/#\/schema\/person\/image\/\",\"url\":\"https:\/\/secure.gravatar.com\/avatar\/de55cb16a8578d56e96c89d1a0af3db5?s=96&d=mm&r=g\",\"contentUrl\":\"https:\/\/secure.gravatar.com\/avatar\/de55cb16a8578d56e96c89d1a0af3db5?s=96&d=mm&r=g\",\"caption\":\"Dominika\"},\"sameAs\":[\"http:\/\/www.simpleplan.cz\"],\"url\":\"https:\/\/www.simpleplan.cz\/cz\/index.php\/author\/admin-2\/\"}]}<\/script>\n<!-- \/ Yoast SEO plugin. -->","yoast_head_json":{"title":"SCAN: Simple Plan v nov\u00e9m \u010d\u00edsle Alternative Press o nejo\u010dek\u00e1van\u011bj\u0161\u00edch albech roku | CZ: SimplePlan.cz","robots":{"index":"index","follow":"follow","max-snippet":"max-snippet:-1","max-image-preview":"max-image-preview:large","max-video-preview":"max-video-preview:-1"},"canonical":"https:\/\/www.simpleplan.cz\/cz\/index.php\/scan-simple-plan-v-novem-cisle-alternative-press-o-nejocekavanejsich-albech-roku\/","og_locale":"cs_CZ","og_type":"article","og_title":"SCAN: Simple Plan v nov\u00e9m \u010d\u00edsle Alternative Press o nejo\u010dek\u00e1van\u011bj\u0161\u00edch albech roku | CZ: SimplePlan.cz","og_description":"Jak ji\u017e bylo d\u0159\u00edve ozn\u00e1meno, nov\u00e1 deska Simple Plan &#8222;Taking One For The Team&#8220; (vych\u00e1z\u00ed","og_url":"https:\/\/www.simpleplan.cz\/cz\/index.php\/scan-simple-plan-v-novem-cisle-alternative-press-o-nejocekavanejsich-albech-roku\/","og_site_name":"CZ: SimplePlan.cz","article_publisher":"http:\/\/www.facebook.com\/simpleplancz","article_published_time":"2016-01-07T17:19:22+00:00","article_modified_time":"2023-06-26T05:20:35+00:00","og_image":[{"url":"http:\/\/www.simpleplan.cz\/gal\/4539.gif"}],"author":"Dominika","twitter_card":"summary_large_image","twitter_creator":"@simpleplancz","twitter_site":"@simpleplancz","twitter_misc":{"Napsal(a)":"Dominika","Odhadovan\u00e1 doba \u010dten\u00ed":"3 minuty"},"schema":{"@context":"https:\/\/schema.org","@graph":[{"@type":"Article","@id":"https:\/\/www.simpleplan.cz\/cz\/index.php\/scan-simple-plan-v-novem-cisle-alternative-press-o-nejocekavanejsich-albech-roku\/#article","isPartOf":{"@id":"https:\/\/www.simpleplan.cz\/cz\/index.php\/scan-simple-plan-v-novem-cisle-alternative-press-o-nejocekavanejsich-albech-roku\/"},"author":{"name":"Dominika","@id":"https:\/\/www.simpleplan.cz\/cz\/#\/schema\/person\/bb90dd25f4baab7793fc73ab0b783730"},"headline":"SCAN: Simple Plan v nov\u00e9m \u010d\u00edsle Alternative Press o nejo\u010dek\u00e1van\u011bj\u0161\u00edch albech roku","datePublished":"2016-01-07T17:19:22+00:00","dateModified":"2023-06-26T05:20:35+00:00","mainEntityOfPage":{"@id":"https:\/\/www.simpleplan.cz\/cz\/index.php\/scan-simple-plan-v-novem-cisle-alternative-press-o-nejocekavanejsich-albech-roku\/"},"wordCount":588,"commentCount":0,"publisher":{"@id":"https:\/\/www.simpleplan.cz\/cz\/#organization"},"keywords":["Alternative Press"],"articleSection":["5. album","fotky","m\u00e9dia"],"inLanguage":"cs","potentialAction":[{"@type":"CommentAction","name":"Comment","target":["https:\/\/www.simpleplan.cz\/cz\/index.php\/scan-simple-plan-v-novem-cisle-alternative-press-o-nejocekavanejsich-albech-roku\/#respond"]}]},{"@type":"WebPage","@id":"https:\/\/www.simpleplan.cz\/cz\/index.php\/scan-simple-plan-v-novem-cisle-alternative-press-o-nejocekavanejsich-albech-roku\/","url":"https:\/\/www.simpleplan.cz\/cz\/index.php\/scan-simple-plan-v-novem-cisle-alternative-press-o-nejocekavanejsich-albech-roku\/","name":"SCAN: Simple Plan v nov\u00e9m \u010d\u00edsle Alternative Press o nejo\u010dek\u00e1van\u011bj\u0161\u00edch albech roku | CZ: SimplePlan.cz","isPartOf":{"@id":"https:\/\/www.simpleplan.cz\/cz\/#website"},"datePublished":"2016-01-07T17:19:22+00:00","dateModified":"2023-06-26T05:20:35+00:00","breadcrumb":{"@id":"https:\/\/www.simpleplan.cz\/cz\/index.php\/scan-simple-plan-v-novem-cisle-alternative-press-o-nejocekavanejsich-albech-roku\/#breadcrumb"},"inLanguage":"cs","potentialAction":[{"@type":"ReadAction","target":["https:\/\/www.simpleplan.cz\/cz\/index.php\/scan-simple-plan-v-novem-cisle-alternative-press-o-nejocekavanejsich-albech-roku\/"]}]},{"@type":"BreadcrumbList","@id":"https:\/\/www.simpleplan.cz\/cz\/index.php\/scan-simple-plan-v-novem-cisle-alternative-press-o-nejocekavanejsich-albech-roku\/#breadcrumb","itemListElement":[{"@type":"ListItem","position":1,"name":"Dom\u016f","item":"https:\/\/www.simpleplan.cz\/cz\/"},{"@type":"ListItem","position":2,"name":"5. album","item":"https:\/\/www.simpleplan.cz\/cz\/index.php\/category\/5-album\/"},{"@type":"ListItem","position":3,"name":"SCAN: Simple Plan v nov\u00e9m \u010d\u00edsle Alternative Press o nejo\u010dek\u00e1van\u011bj\u0161\u00edch albech roku"}]},{"@type":"WebSite","@id":"https:\/\/www.simpleplan.cz\/cz\/#website","url":"https:\/\/www.simpleplan.cz\/cz\/","name":"CZ: SimplePlan.cz","description":"Nejlep\u0161\u00ed zdroj informac\u00ed o kapele Simple Plan","publisher":{"@id":"https:\/\/www.simpleplan.cz\/cz\/#organization"},"potentialAction":[{"@type":"SearchAction","target":{"@type":"EntryPoint","urlTemplate":"https:\/\/www.simpleplan.cz\/cz\/?s={search_term_string}"},"query-input":"required name=search_term_string"}],"inLanguage":"cs"},{"@type":"Organization","@id":"https:\/\/www.simpleplan.cz\/cz\/#organization","name":"CZ: SimplePlan.cz","url":"https:\/\/www.simpleplan.cz\/cz\/","logo":{"@type":"ImageObject","inLanguage":"cs","@id":"https:\/\/www.simpleplan.cz\/cz\/#\/schema\/logo\/image\/","url":"https:\/\/www.simpleplan.cz\/cz\/wp-content\/uploads\/spczlogo.png","contentUrl":"https:\/\/www.simpleplan.cz\/cz\/wp-content\/uploads\/spczlogo.png","width":250,"height":190,"caption":"CZ: SimplePlan.cz"},"image":{"@id":"https:\/\/www.simpleplan.cz\/cz\/#\/schema\/logo\/image\/"},"sameAs":["http:\/\/www.facebook.com\/simpleplancz","https:\/\/twitter.com\/simpleplancz","http:\/\/www.instagram.com\/simpleplancz","http:\/\/www.youtube.com\/simpleplancz"]},{"@type":"Person","@id":"https:\/\/www.simpleplan.cz\/cz\/#\/schema\/person\/bb90dd25f4baab7793fc73ab0b783730","name":"Dominika","image":{"@type":"ImageObject","inLanguage":"cs","@id":"https:\/\/www.simpleplan.cz\/cz\/#\/schema\/person\/image\/","url":"https:\/\/secure.gravatar.com\/avatar\/de55cb16a8578d56e96c89d1a0af3db5?s=96&d=mm&r=g","contentUrl":"https:\/\/secure.gravatar.com\/avatar\/de55cb16a8578d56e96c89d1a0af3db5?s=96&d=mm&r=g","caption":"Dominika"},"sameAs":["http:\/\/www.simpleplan.cz"],"url":"https:\/\/www.simpleplan.cz\/cz\/index.php\/author\/admin-2\/"}]}},"featured_image_urls":{"full":"","thumbnail":"","medium":"","medium_large":"","large":"","1536x1536":"","2048x2048":"","elegant-magazine-featured":"","elegant-magazine-medium":"","elegant-magazine-medium-small":"","elegant-magazine-thumbnail-small":""},"author_info":{"display_name":"Dominika","author_link":"https:\/\/www.simpleplan.cz\/cz\/index.php\/author\/admin-2\/"},"category_info":"<a href=\"https:\/\/www.simpleplan.cz\/cz\/index.php\/category\/5-album\/\" rel=\"category tag\">5. album<\/a> <a href=\"https:\/\/www.simpleplan.cz\/cz\/index.php\/category\/fotky\/\" rel=\"category tag\">fotky<\/a> <a href=\"https:\/\/www.simpleplan.cz\/cz\/index.php\/category\/media\/\" rel=\"category tag\">m\u00e9dia<\/a>","tag_info":"m\u00e9dia","comment_count":"0","_links":{"self":[{"href":"https:\/\/www.simpleplan.cz\/cz\/index.php\/wp-json\/wp\/v2\/posts\/17739"}],"collection":[{"href":"https:\/\/www.simpleplan.cz\/cz\/index.php\/wp-json\/wp\/v2\/posts"}],"about":[{"href":"https:\/\/www.simpleplan.cz\/cz\/index.php\/wp-json\/wp\/v2\/types\/post"}],"author":[{"embeddable":true,"href":"https:\/\/www.simpleplan.cz\/cz\/index.php\/wp-json\/wp\/v2\/users\/5"}],"replies":[{"embeddable":true,"href":"https:\/\/www.simpleplan.cz\/cz\/index.php\/wp-json\/wp\/v2\/comments?post=17739"}],"version-history":[{"count":3,"href":"https:\/\/www.simpleplan.cz\/cz\/index.php\/wp-json\/wp\/v2\/posts\/17739\/revisions"}],"predecessor-version":[{"id":30772,"href":"https:\/\/www.simpleplan.cz\/cz\/index.php\/wp-json\/wp\/v2\/posts\/17739\/revisions\/30772"}],"wp:attachment":[{"href":"https:\/\/www.simpleplan.cz\/cz\/index.php\/wp-json\/wp\/v2\/media?parent=17739"}],"wp:term":[{"taxonomy":"category","embeddable":true,"href":"https:\/\/www.simpleplan.cz\/cz\/index.php\/wp-json\/wp\/v2\/categories?post=17739"},{"taxonomy":"post_tag","embeddable":true,"href":"https:\/\/www.simpleplan.cz\/cz\/index.php\/wp-json\/wp\/v2\/tags?post=17739"}],"curies":[{"name":"wp","href":"https:\/\/api.w.org\/{rel}","templated":true}]}}