{"id":18883,"date":"2016-05-07T19:22:32","date_gmt":"2016-05-07T17:22:32","guid":{"rendered":"http:\/\/www.simpleplan.cz\/cz\/?p=18883"},"modified":"2023-06-26T07:18:21","modified_gmt":"2023-06-26T05:18:21","slug":"chuck-o-svem-vztahu-k-hokejovemu-tymu-montreal-canadians-v-novem-rozhovoru","status":"publish","type":"post","link":"https:\/\/www.simpleplan.cz\/cz\/index.php\/chuck-o-svem-vztahu-k-hokejovemu-tymu-montreal-canadians-v-novem-rozhovoru\/","title":{"rendered":"Chuck o sv\u00e9m vztahu k hokejov\u00e9mu t\u00fdmu Montreal Canadiens v nov\u00e9m rozhovoru"},"content":{"rendered":"<p><img decoding=\"async\" style=\"margin: 15px;\" src=\"http:\/\/www.simpleplan.cz\/gal\/4657.png\" alt=\"\" align=\"right\" \/> Zbrusu <a href=\"http:\/\/canadiens.nhl.com\/club\/news.htm?id=881797\" target=\"_blank\" rel=\"noopener\">nov\u00fd rozhovor<\/a> s nik\u00fdm jin\u00fdm ne\u017e s na\u0161\u00edm Chuckem Comeau se dnes objevil na ofici\u00e1ln\u00edch str\u00e1nk\u00e1ch hokejov\u00e9ho t\u00fdmu <b>Montreal Canadiens<\/b> (neboli &#8218;Habs&#8216; &#8211; t\u00fdm, kde v sou\u010dasn\u00e9 dob\u011b hraje Tom\u00e1\u0161 Plekanec, kapit\u00e1n na\u0161eho hokejov\u00e9ho n\u00e1rodn\u00edho t\u00fdmu). V tomto rozhovoru se Chuck pod\u011blil hned o n\u011bkolik zaj\u00edmav\u00fdch informac\u00ed o sv\u00e9 minulosti, kdy vyr\u016fstal hran\u00edm hokeje a zbo\u017e\u0148ov\u00e1n\u00edm pr\u00e1v\u011b hokejov\u00e9ho t\u00fdmu sv\u00e9ho rodn\u00e9ho m\u011bsta. <\/p>\n<p>V\u00edce se ji\u017e dozv\u00edte v \u010desk\u00e9m p\u0159ekladu tohoto rozhovoru n\u00ed\u017ee [p\u016fvodn\u00ed \u010dl\u00e1nek &#8218;Hab at heart&#8216; naleznete <a href=\"http:\/\/canadiens.nhl.com\/club\/news.htm?id=881797\" target=\"_blank\" rel=\"noopener\">zde<\/a>]:<\/p>\n<blockquote><p><b>Jak dlouho jsi ji\u017e fanou\u0161kem Habs?<\/b><\/p>\n<p><b>Chuck:<\/b> U\u017e od mali\u010dka. M\u00ed rodi\u010de mi p\u0159edstavili hokej a velmi brzy jsem se stal fanou\u0161kem tohoto sportu a v d\u016fsledku toho taky fanou\u0161kem Canadiens. \u0158ekl bych, \u017ee m\u00e9 prvn\u00ed vzpom\u00ednky na m\u00e9 za\u010d\u00e1tky s hokejem jsou asi z let 1985-86.<\/p>\n<p><b>Kdo byl tv\u00fdm nejobl\u00edben\u011bj\u0161\u00edm hr\u00e1\u010dem, kdy\u017e jsi vyr\u016fstal?<\/b><\/p>\n<p><b>Chuck:<\/b> M\u00fdm nejobl\u00edben\u011bj\u0161\u00edm hr\u00e1\u010dem byl Mats Naslund. Byl to hr\u00e1\u010d, kter\u00fd m\u00e9 srdce pootev\u0159el t\u00fdmu Canadiens. Sledoval jsem celou jeho kari\u00e9ru a inspirovalo m\u011b to, jak\u00fd to byl profesion\u00e1l. Dokonce jsem m\u011bl i tu \u010dest se s n\u00edm setkat! Choval jsem se jako ta nej\u0161\u00edlen\u011bj\u0161\u00ed fanynka, kdy\u017e se setk\u00e1 se sv\u00fdm idolem [sm\u011bje se]. Byl to tak nadan\u00fd \u00fato\u010dn\u00edk, kter\u00fd tak\u00e9 dok\u00e1zal s velkou p\u0159esnost\u00ed nahodit puk. Byl jsem j\u00edm na olympi\u00e1d\u011b p\u0159ed n\u011bkolika lety \u00fapln\u011b posedl\u00fd. Fandil jsem kv\u016fli n\u011bmu \u0160v\u00e9dsku, ikdy\u017e bych m\u011bl samoz\u0159ejm\u011b fandit Kanad\u011b.<\/p>\n<p><b>Hr\u00e1val jsi hokej jako mlad\u00fd? P\u0159edst\u00edral jsi, \u017ee jsi Mats Naslund, kdy\u017e jsi byl na led\u011b?<\/b><\/p>\n<p><b>Chuck:<\/b> Tak ur\u010dit\u011b. D\u016fvodem, pro\u010d ho tak miluju jako hr\u00e1\u010de, je to, \u017ee jsem necht\u011bl b\u00fdt obr\u00e1ncem, kter\u00fd jen z\u016fst\u00e1v\u00e1 na m\u00edst\u011b nebo zastavovat puky jako g\u00f3lman; cht\u011bl jsem sk\u00f3rovat jako Naslund [sm\u011bje se]! Ale, stejn\u011b jako on, jsem byl jedn\u00edm z nejmen\u0161\u00edch hr\u00e1\u010d\u016f v m\u00e9m t\u00fdmu, tak\u017ee jsem se v n\u011bm tak trochu vid\u011bl. Dokonce jsem tak\u00e9 nos\u00edval \u010d\u00edslo 26 v ka\u017ed\u00e9m t\u00fdmu, za kter\u00fd jsem hr\u00e1l. A i nyn\u00ed toto \u010d\u00edslo nos\u00edm, kdykoliv si jdu zahr\u00e1t jen tak pro srandu. V\u017edycky si vol\u00edm 26ku. Je to m\u00e9 \u0161\u0165astn\u00e9 \u010d\u00edslo.<\/p>\n<p><b>Jak\u00e1 je tv\u00e1 nejlep\u0161\u00ed vzpom\u00ednka na t\u00fdm Canadiens?<\/b><\/p>\n<p><b>Chuck:<\/b> Nedok\u00e1\u017eu vybrat jednu jedinou, ale jednou z m\u00fdch nejobl\u00edben\u011bj\u0161\u00edch vzpom\u00ednek jsou brzk\u00e1 80. l\u00e9ta. M\u00e1m t\u00edm na mysli \u00e9ru Habs, kdy tam hr\u00e1l Naslund, Brian Skrudland, Mike McPhee, Patrick Roy, Gaston Gingras a St\u00e9phane Richer. Zn\u00e1val jsem jejich soupisku zpam\u011bti. Dokonce jsem si d\u00edky \u010d\u00edsl\u016fm na jejich dresech pamatov\u00e1val r\u016fzn\u00e1 telefonn\u00ed \u010d\u00edsla! Nap\u0159\u00edklad, pokud \u010d\u00edslo kon\u010dilo 2944, pamatoval jsem si to jako Gingras-Richer [sm\u011bje se]. <\/p>\n<p><b>M\u016f\u017ee Bell Centre po\u010d\u00edtat s tvoj\u00ed podporou?<\/b><\/p>\n<p><b>Chuck:<\/b> Kdykoliv m\u00e1m mo\u017enost se dostat na z\u00e1pas, tak ano. Ale asi p\u0159ed deseti lety jsem se rozhodl trochu upustit od sv\u00e9 z\u00e1vislosti na hokeji a koncentrovat se na 100% na muziku. Co m\u011b p\u0159ivedlo zp\u00e1tky k tomuto sportu na za\u010d\u00e1tku tohoto tis\u00edcilet\u00ed bylo vyd\u00e1n\u00ed na\u0161\u00ed druh\u00e9 desky. Byli jsme uprost\u0159ed promo turn\u00e9 a v\u0161echno bylo skv\u011bl\u00e9, a najednou jsme obdr\u017eeli telefon\u00e1t od agenta Jose Theodora, kdy\u017e je\u0161t\u011b hr\u00e1val za Canadiens. Bylo n\u00e1m \u0159e\u010deno, \u017ee Jose je velk\u00fdm fanou\u0161kem na\u0161\u00ed kapely, a \u017ee by si s n\u00e1mi moc r\u00e1d n\u011bkdy na p\u00f3diu zahr\u00e1l na kytaru. V tu dobu jsem t\u00fdm nesledoval tak podrobn\u011b, jak d\u0159\u00edv, ale samoz\u0159ejm\u011b jsem v\u011bd\u011bl, kdo Jose je. Byl n\u011bco jako David Beckham Montrealu! Bylo to super. Uspo\u0159\u00e1dali jsme to ve Spectru b\u011bhem lockoutu NHL v roce 2004. Pamatuju si, \u017ee Journal de Montreal hl\u00e1sal titulek na prvn\u00ed str\u00e1nce, kde bylo velk\u00fdmi p\u00edsmeny naps\u00e1no: &#8218;Jose Theodore bude dnes hr\u00e1t&#8216; a pod t\u00edm bylo mal\u00fdm p\u00edsmem &#8222;&#8230; se Simple Plan.&#8220; [sm\u011bje se] I pot\u00e9 jsme z\u016fstali v kontaktu a od t\u00e9 doby jsme dob\u0159\u00ed p\u0159\u00e1tel\u00e9. B\u011bhem lockoutu jednou, kdy\u017e hr\u00e1l za \u0160v\u00e9dsko, se za n\u00e1mi s n\u011bkolika hr\u00e1\u010di s t\u00fdmu p\u0159i\u0161el pod\u00edvat na koncert ve Stockholmu. A kdy\u017e zase za\u010dalo NHL, tak jsem se zase za\u010dal o hokej v\u00edc zaj\u00edmat, jeliko\u017e jsem m\u011bl v t\u00fdmu kamar\u00e1da. <\/p>\n<p><b>V\u00edm, \u017ee jsi hr\u00e1l hokej na led\u011b haly Bell Centre ji\u017e v minulosti, ale jak\u00e9 je to hr\u00e1t koncert ve stejn\u00e9 ar\u00e9n\u011b, ve kter\u00e9 hraj\u00ed Montreal Canadiens?<\/b><\/p>\n<p><b>Chuck:<\/b> Jedin\u00fdm probl\u00e9mem je, \u017ee na\u0161e hokejov\u00e9 hry, kter\u00fdch se \u00fa\u010dastn\u00edm v Bell Centre se v\u017edycky konaj\u00ed velmi brzy r\u00e1no [sm\u011bje se], tak\u017ee \u010dasto nejsem zrovna v nejlep\u0161\u00ed form\u011b. Ale jen b\u00fdt v jejich \u0161atn\u011b nebo na jejich led\u011b je neuv\u011b\u0159iteln\u00e1 zku\u0161enost. Jedn\u00edm z nejlep\u0161\u00edch moment\u016f m\u00e9 kapely bylo, kdy\u017e jsme poprv\u00e9 hr\u00e1li v Bell Centre jako headline\u0159i. Bylo vyprod\u00e1no, co\u017e byl triumf s\u00e1m o sob\u011b &#8211; kdy\u017e je to nejv\u011bt\u0161\u00ed ar\u00e9na na\u0161eho m\u011bsta. Byli tam v\u0161ichni \u010dlenov\u00e9 na\u0161ich rodin a tak\u00e9 na\u0161i p\u0159\u00e1tel\u00e9, a vlastn\u011b to bylo velmi t\u011b\u017ek\u00e9 ten koncert tehdy odehr\u00e1t, jeliko\u017e to v\u0161echno bylo tak dojemn\u00e9. Vid\u011bl jsem svou rodinu ze sv\u00e9ho m\u00edsta na p\u00f3diu a p\u0159ipadal jsem si jako hokejista, kter\u00fd hraje svou prvn\u00ed hru v NHL.<\/p>\n<p><b>B\u011bhem turn\u00e9 mus\u00ed b\u00fdt velice obt\u00e1\u017en\u00e9 z\u016fstat v obraze. Jak to d\u011bl\u00e1\u0161?<\/b><\/p>\n<p><b>Chuck:<\/b> \u010casto sledujeme z\u00e1pasy Habs, kdy\u017e jsme na turn\u00e9. N\u011bkdy jsme t\u0159eba uprost\u0159ed Evropy, tak\u017ee z\u00e1pasy za\u010d\u00ednaj\u00ed a\u017e hodn\u011b pozd\u011b v noci. Po na\u0161ich koncertech pak n\u011bkdy z\u016fst\u00e1v\u00e1me na parkovi\u0161ti v na\u0161em tourbuse, a kdy\u017e je dobr\u00e1 Wi-Fi, tak se d\u00edv\u00e1me na z\u00e1pas. A \u010dasto se n\u00e1m poda\u0159\u00ed z\u016fstat celkem hodn\u011b v obraze. Kdy\u017e jsme na turn\u00e9 v Severn\u00ed Americe, m\u00e1me satelitn\u00ed TV, d\u00edky \u010demu\u017e je o to jednodu\u0161\u0161\u00ed z\u00edskat p\u0159\u00edstup k p\u0159enos\u016fm jednotliv\u00fdch z\u00e1pas\u016f. Vzpom\u00edn\u00e1m si, \u017ee jsme jednou byli v Austr\u00e1lii, a i tak jsme si spolu v\u0161ichni sedli kolem na\u0161ich laptop\u016f, abychom se pod\u00edvali na z\u00e1pas v 9 hodin r\u00e1no.<\/p>\n<p><b>Jako n\u011bkdo, kdo se m\u016f\u017ee py\u0161nit mezin\u00e1rodn\u00edm \u00fasp\u011bchem po mnoho let, reprezentuje\u0161 n\u011bjak Canadiens i v zahrani\u010d\u00ed?<\/b><\/p>\n<p><b>Chuck:<\/b> \u010cas od \u010dasu. Pokud t\u0159eba hrajeme v Bell Centre, sna\u017e\u00edm se nosit modro-b\u00edlo-\u010dervenou. Ale d\u00edky tomu si t\u011b pak tak\u00e9 t\u0159eba hodn\u011b lid\u00ed v\u0161imne i v zahrani\u010d\u00ed. Zaj\u00edmav\u00e9 je, \u017ee jsme si cht\u011bli obl\u00e9ci na\u0161e dresy Canadiens na Winter Classic a m\u00edt je na sob\u011b, kdy\u017e jsme tam letos hr\u00e1li n\u00e1rodn\u00ed hymnu a b\u011bhem na\u0161eho vystoupen\u00ed o p\u0159est\u00e1vce. Ale NHL n\u00e1m d\u016frazn\u011b doporu\u010dilo, a\u0165 to ned\u011bl\u00e1me. Cht\u011bli jsme j\u00edt do toho, ale NHL z toho byli v rozpac\u00edch, tak jsme od toho upustili.<\/p>\n<p><b>A kdy\u017e u\u017e mluv\u00edme o Winter Classic &#8211; jak\u00e9 to bylo b\u00fdt sou\u010d\u00e1st\u00ed oslav na Gillette Stadium?<\/b><\/p>\n<p><b>Chuck:<\/b>  Bylo to super. Byla to skv\u011bl\u00e1 zku\u0161enost a m\u00e1me na n\u00ed jedine\u010dn\u00e9 vzpom\u00ednky. Nikdy jsem si nemyslel, \u017ee budeme m\u00edt tu p\u0159\u00edle\u017eitost b\u00fdt n\u011b\u010deho takov\u00e9ho sou\u010d\u00e1st\u00ed. Jako velk\u00fd fanou\u0161ek hokeje a Canadiens jsem velmi py\u0161n\u00fd na to, \u017ee jsem tam mohl b\u00fdt.  <\/p>\n<p><b>Na obale va\u0161eho nejnov\u011bj\u0161\u00edho alba jsi p\u0159evle\u010den za hokejistu. Jak k tomu do\u0161lo?<\/b><\/p>\n<p><b>Chuck:<\/b>  Pro m\u011b to byla p\u0159irozen\u00e1 v\u011bc, \u017ee ze v\u0161ech z nich budu hokejistou zrovna j\u00e1. Ostatn\u00ed kluci z kapely taky v\u011bd\u011bli, \u017ee to budu j\u00e1. Vlastn\u011b, byl cel\u00fd koncept tohoto photoshootu m\u016fj n\u00e1pad. Napadlo m\u011b, \u017ee b\u00fdt v kapele se podob\u00e1 tomu, kdy\u017e je \u010dlov\u011bk \u010dlenem sportovn\u00edho t\u00fdmu. Mus\u00ed\u0161 pochopit, \u017ee aby tv\u016fj t\u00fdm dos\u00e1hl \u00fasp\u011bchu, mus\u00ed\u0161 se pro dobro skupiny ob\u011btovat. Pokud jsi sobeck\u00fd, nebude to fungovat. A p\u0159esn\u011b to je d\u016fvod, pro\u010d jsme st\u00e1le po 17 letech v\u0161ichni spolu.<\/p>\n<p><b>Kter\u00fd z t\u00fdmu Habs by byl nejlep\u0161\u00edm n\u00e1hradn\u00edkem, kdyby jeden z \u010dlen\u016f va\u0161\u00ed kapely onemocn\u011bl?<\/b><\/p>\n<p><b>Chuck:<\/b> To je dobr\u00e1 ot\u00e1zka. Pokud by n\u00e1\u0161 zp\u011bv\u00e1k Pierre onemocn\u011bl, nev\u00edm jak dobr\u00fd m\u00e1 hlas, ale asi bych s\u00e1hl po Careym Priceovi. Zp\u011bv\u00e1k je nejd\u016fle\u017eit\u011bj\u0161\u00edm hr\u00e1\u010dem kapely a pokud nem\u00e1\u0161 zp\u011bv\u00e1ka, nedostane\u0161 se daleko. Kdyby David onemocn\u011bl, pot\u0159ebovali bychom n\u011bkoho se stylem, proto\u017ee on je t\u00edm nejv\u00fdrazn\u011bj\u0161\u00edm \u010dlenem kapely. Tak\u017ee u n\u011bj bych \u0159ekl P. K. Subbana, kter\u00fd m\u00e1 potenci\u00e1l b\u00fdt rock star. A pokud bych onemocn\u011bl j\u00e1, zvolil bych Maxe Paciorettyho. Je to takov\u00fd tich\u00fd v\u016fdce, p\u0159esn\u011b jako j\u00e1.<\/p>\n<p><b>A kdo by pak byl nejlep\u0161\u00edm roadiem?<\/b><\/p>\n<p><b>Chuck:<\/b> John Scott by byl dobrej. Nikdo by n\u00e1s nemohl jen tak zastra\u0161it, kdyby byl v na\u0161em crew [sm\u011bje se].<\/p>\n<p><b>Kdo zlomil v\u00edc kus\u016f d\u0159eva: ty na bic\u00edch nebo P. K. Subban na led\u011b?<\/b><\/p>\n<p><b>Chuck:<\/b> Velmi dobr\u00e1 ot\u00e1zka. J\u00e1 v\u011bt\u0161inou zlom\u00edm jednu a\u017e dv\u011b pali\u010dky za koncert, ale mysl\u00edm, \u017ee v tomhle m\u011b asi P. K. snadno poraz\u00ed. <\/p><\/blockquote>\n<div class=\"fblikebutton_button\" style=\"float: left; padding-top: 20px; margin-right: 20px; padding-bottom: 20px; padding-left: 20px;\"><iframe src=\"http:\/\/www.facebook.com\/plugins\/like.php?href=https%3A%2F%2Fwww.simpleplan.cz%2Fcz%2Findex.php%2Fchuck-o-svem-vztahu-k-hokejovemu-tymu-montreal-canadians-v-novem-rozhovoru%2F&amp;layout=standard&amp;show-faces=false&amp;width=450&amp;action=like&amp;colorscheme=light\" scrolling=\"no\" frameborder=\"0\" allowTransparency=\"true\" style=\"border:none; overflow:hidden; width:450px; height:26px\"><\/iframe><\/div>\n","protected":false},"excerpt":{"rendered":"<p>Zbrusu nov\u00fd rozhovor s nik\u00fdm jin\u00fdm ne\u017e s na\u0161\u00edm Chuckem Comeau se dnes objevil na<\/p>\n","protected":false},"author":5,"featured_media":0,"comment_status":"open","ping_status":"open","sticky":false,"template":"","format":"standard","meta":{"footnotes":"","fifu_image_url":"","fifu_image_alt":""},"categories":[1,19],"tags":[1601,137],"yoast_head":"<!-- This site is optimized with the Yoast SEO plugin v20.9 - https:\/\/yoast.com\/wordpress\/plugins\/seo\/ -->\n<title>Chuck o sv\u00e9m vztahu k hokejov\u00e9mu t\u00fdmu Montreal Canadiens v nov\u00e9m rozhovoru | CZ: SimplePlan.cz<\/title>\n<meta name=\"robots\" content=\"index, follow, max-snippet:-1, max-image-preview:large, max-video-preview:-1\" \/>\n<link rel=\"canonical\" href=\"https:\/\/www.simpleplan.cz\/cz\/index.php\/chuck-o-svem-vztahu-k-hokejovemu-tymu-montreal-canadians-v-novem-rozhovoru\/\" \/>\n<meta property=\"og:locale\" content=\"cs_CZ\" \/>\n<meta property=\"og:type\" content=\"article\" \/>\n<meta property=\"og:title\" content=\"Chuck o sv\u00e9m vztahu k hokejov\u00e9mu t\u00fdmu Montreal Canadiens v nov\u00e9m rozhovoru | CZ: SimplePlan.cz\" \/>\n<meta property=\"og:description\" content=\"Zbrusu nov\u00fd rozhovor s nik\u00fdm jin\u00fdm ne\u017e s na\u0161\u00edm Chuckem Comeau se dnes objevil na\" \/>\n<meta property=\"og:url\" content=\"https:\/\/www.simpleplan.cz\/cz\/index.php\/chuck-o-svem-vztahu-k-hokejovemu-tymu-montreal-canadians-v-novem-rozhovoru\/\" \/>\n<meta property=\"og:site_name\" content=\"CZ: SimplePlan.cz\" \/>\n<meta property=\"article:publisher\" content=\"http:\/\/www.facebook.com\/simpleplancz\" \/>\n<meta property=\"article:published_time\" content=\"2016-05-07T17:22:32+00:00\" \/>\n<meta property=\"article:modified_time\" content=\"2023-06-26T05:18:21+00:00\" \/>\n<meta property=\"og:image\" content=\"http:\/\/www.simpleplan.cz\/gal\/4657.png\" \/>\n<meta name=\"author\" content=\"Dominika\" \/>\n<meta name=\"twitter:card\" content=\"summary_large_image\" \/>\n<meta name=\"twitter:creator\" content=\"@simpleplancz\" \/>\n<meta name=\"twitter:site\" content=\"@simpleplancz\" \/>\n<meta name=\"twitter:label1\" content=\"Napsal(a)\" \/>\n\t<meta name=\"twitter:data1\" content=\"Dominika\" \/>\n\t<meta name=\"twitter:label2\" content=\"Odhadovan\u00e1 doba \u010dten\u00ed\" \/>\n\t<meta name=\"twitter:data2\" content=\"9 minut\" \/>\n<script type=\"application\/ld+json\" class=\"yoast-schema-graph\">{\"@context\":\"https:\/\/schema.org\",\"@graph\":[{\"@type\":\"Article\",\"@id\":\"https:\/\/www.simpleplan.cz\/cz\/index.php\/chuck-o-svem-vztahu-k-hokejovemu-tymu-montreal-canadians-v-novem-rozhovoru\/#article\",\"isPartOf\":{\"@id\":\"https:\/\/www.simpleplan.cz\/cz\/index.php\/chuck-o-svem-vztahu-k-hokejovemu-tymu-montreal-canadians-v-novem-rozhovoru\/\"},\"author\":{\"name\":\"Dominika\",\"@id\":\"https:\/\/www.simpleplan.cz\/cz\/#\/schema\/person\/bb90dd25f4baab7793fc73ab0b783730\"},\"headline\":\"Chuck o sv\u00e9m vztahu k hokejov\u00e9mu t\u00fdmu Montreal Canadiens v nov\u00e9m rozhovoru\",\"datePublished\":\"2016-05-07T17:22:32+00:00\",\"dateModified\":\"2023-06-26T05:18:21+00:00\",\"mainEntityOfPage\":{\"@id\":\"https:\/\/www.simpleplan.cz\/cz\/index.php\/chuck-o-svem-vztahu-k-hokejovemu-tymu-montreal-canadians-v-novem-rozhovoru\/\"},\"wordCount\":1724,\"commentCount\":0,\"publisher\":{\"@id\":\"https:\/\/www.simpleplan.cz\/cz\/#organization\"},\"keywords\":[\"Habs\",\"Montreal Canadiens\"],\"articleSection\":[\"Chuck\",\"rozhovory\"],\"inLanguage\":\"cs\",\"potentialAction\":[{\"@type\":\"CommentAction\",\"name\":\"Comment\",\"target\":[\"https:\/\/www.simpleplan.cz\/cz\/index.php\/chuck-o-svem-vztahu-k-hokejovemu-tymu-montreal-canadians-v-novem-rozhovoru\/#respond\"]}]},{\"@type\":\"WebPage\",\"@id\":\"https:\/\/www.simpleplan.cz\/cz\/index.php\/chuck-o-svem-vztahu-k-hokejovemu-tymu-montreal-canadians-v-novem-rozhovoru\/\",\"url\":\"https:\/\/www.simpleplan.cz\/cz\/index.php\/chuck-o-svem-vztahu-k-hokejovemu-tymu-montreal-canadians-v-novem-rozhovoru\/\",\"name\":\"Chuck o sv\u00e9m vztahu k hokejov\u00e9mu t\u00fdmu Montreal Canadiens v nov\u00e9m rozhovoru | CZ: SimplePlan.cz\",\"isPartOf\":{\"@id\":\"https:\/\/www.simpleplan.cz\/cz\/#website\"},\"datePublished\":\"2016-05-07T17:22:32+00:00\",\"dateModified\":\"2023-06-26T05:18:21+00:00\",\"breadcrumb\":{\"@id\":\"https:\/\/www.simpleplan.cz\/cz\/index.php\/chuck-o-svem-vztahu-k-hokejovemu-tymu-montreal-canadians-v-novem-rozhovoru\/#breadcrumb\"},\"inLanguage\":\"cs\",\"potentialAction\":[{\"@type\":\"ReadAction\",\"target\":[\"https:\/\/www.simpleplan.cz\/cz\/index.php\/chuck-o-svem-vztahu-k-hokejovemu-tymu-montreal-canadians-v-novem-rozhovoru\/\"]}]},{\"@type\":\"BreadcrumbList\",\"@id\":\"https:\/\/www.simpleplan.cz\/cz\/index.php\/chuck-o-svem-vztahu-k-hokejovemu-tymu-montreal-canadians-v-novem-rozhovoru\/#breadcrumb\",\"itemListElement\":[{\"@type\":\"ListItem\",\"position\":1,\"name\":\"Dom\u016f\",\"item\":\"https:\/\/www.simpleplan.cz\/cz\/\"},{\"@type\":\"ListItem\",\"position\":2,\"name\":\"Chuck\",\"item\":\"https:\/\/www.simpleplan.cz\/cz\/index.php\/category\/chuck\/\"},{\"@type\":\"ListItem\",\"position\":3,\"name\":\"Chuck o sv\u00e9m vztahu k hokejov\u00e9mu t\u00fdmu Montreal Canadiens v nov\u00e9m rozhovoru\"}]},{\"@type\":\"WebSite\",\"@id\":\"https:\/\/www.simpleplan.cz\/cz\/#website\",\"url\":\"https:\/\/www.simpleplan.cz\/cz\/\",\"name\":\"CZ: SimplePlan.cz\",\"description\":\"Nejlep\u0161\u00ed zdroj informac\u00ed o kapele Simple Plan\",\"publisher\":{\"@id\":\"https:\/\/www.simpleplan.cz\/cz\/#organization\"},\"potentialAction\":[{\"@type\":\"SearchAction\",\"target\":{\"@type\":\"EntryPoint\",\"urlTemplate\":\"https:\/\/www.simpleplan.cz\/cz\/?s={search_term_string}\"},\"query-input\":\"required name=search_term_string\"}],\"inLanguage\":\"cs\"},{\"@type\":\"Organization\",\"@id\":\"https:\/\/www.simpleplan.cz\/cz\/#organization\",\"name\":\"CZ: SimplePlan.cz\",\"url\":\"https:\/\/www.simpleplan.cz\/cz\/\",\"logo\":{\"@type\":\"ImageObject\",\"inLanguage\":\"cs\",\"@id\":\"https:\/\/www.simpleplan.cz\/cz\/#\/schema\/logo\/image\/\",\"url\":\"https:\/\/www.simpleplan.cz\/cz\/wp-content\/uploads\/spczlogo.png\",\"contentUrl\":\"https:\/\/www.simpleplan.cz\/cz\/wp-content\/uploads\/spczlogo.png\",\"width\":250,\"height\":190,\"caption\":\"CZ: SimplePlan.cz\"},\"image\":{\"@id\":\"https:\/\/www.simpleplan.cz\/cz\/#\/schema\/logo\/image\/\"},\"sameAs\":[\"http:\/\/www.facebook.com\/simpleplancz\",\"https:\/\/twitter.com\/simpleplancz\",\"http:\/\/www.instagram.com\/simpleplancz\",\"http:\/\/www.youtube.com\/simpleplancz\"]},{\"@type\":\"Person\",\"@id\":\"https:\/\/www.simpleplan.cz\/cz\/#\/schema\/person\/bb90dd25f4baab7793fc73ab0b783730\",\"name\":\"Dominika\",\"image\":{\"@type\":\"ImageObject\",\"inLanguage\":\"cs\",\"@id\":\"https:\/\/www.simpleplan.cz\/cz\/#\/schema\/person\/image\/\",\"url\":\"https:\/\/secure.gravatar.com\/avatar\/de55cb16a8578d56e96c89d1a0af3db5?s=96&d=mm&r=g\",\"contentUrl\":\"https:\/\/secure.gravatar.com\/avatar\/de55cb16a8578d56e96c89d1a0af3db5?s=96&d=mm&r=g\",\"caption\":\"Dominika\"},\"sameAs\":[\"http:\/\/www.simpleplan.cz\"],\"url\":\"https:\/\/www.simpleplan.cz\/cz\/index.php\/author\/admin-2\/\"}]}<\/script>\n<!-- \/ Yoast SEO plugin. -->","yoast_head_json":{"title":"Chuck o sv\u00e9m vztahu k hokejov\u00e9mu t\u00fdmu Montreal Canadiens v nov\u00e9m rozhovoru | CZ: SimplePlan.cz","robots":{"index":"index","follow":"follow","max-snippet":"max-snippet:-1","max-image-preview":"max-image-preview:large","max-video-preview":"max-video-preview:-1"},"canonical":"https:\/\/www.simpleplan.cz\/cz\/index.php\/chuck-o-svem-vztahu-k-hokejovemu-tymu-montreal-canadians-v-novem-rozhovoru\/","og_locale":"cs_CZ","og_type":"article","og_title":"Chuck o sv\u00e9m vztahu k hokejov\u00e9mu t\u00fdmu Montreal Canadiens v nov\u00e9m rozhovoru | CZ: SimplePlan.cz","og_description":"Zbrusu nov\u00fd rozhovor s nik\u00fdm jin\u00fdm ne\u017e s na\u0161\u00edm Chuckem Comeau se dnes objevil na","og_url":"https:\/\/www.simpleplan.cz\/cz\/index.php\/chuck-o-svem-vztahu-k-hokejovemu-tymu-montreal-canadians-v-novem-rozhovoru\/","og_site_name":"CZ: SimplePlan.cz","article_publisher":"http:\/\/www.facebook.com\/simpleplancz","article_published_time":"2016-05-07T17:22:32+00:00","article_modified_time":"2023-06-26T05:18:21+00:00","og_image":[{"url":"http:\/\/www.simpleplan.cz\/gal\/4657.png"}],"author":"Dominika","twitter_card":"summary_large_image","twitter_creator":"@simpleplancz","twitter_site":"@simpleplancz","twitter_misc":{"Napsal(a)":"Dominika","Odhadovan\u00e1 doba \u010dten\u00ed":"9 minut"},"schema":{"@context":"https:\/\/schema.org","@graph":[{"@type":"Article","@id":"https:\/\/www.simpleplan.cz\/cz\/index.php\/chuck-o-svem-vztahu-k-hokejovemu-tymu-montreal-canadians-v-novem-rozhovoru\/#article","isPartOf":{"@id":"https:\/\/www.simpleplan.cz\/cz\/index.php\/chuck-o-svem-vztahu-k-hokejovemu-tymu-montreal-canadians-v-novem-rozhovoru\/"},"author":{"name":"Dominika","@id":"https:\/\/www.simpleplan.cz\/cz\/#\/schema\/person\/bb90dd25f4baab7793fc73ab0b783730"},"headline":"Chuck o sv\u00e9m vztahu k hokejov\u00e9mu t\u00fdmu Montreal Canadiens v nov\u00e9m rozhovoru","datePublished":"2016-05-07T17:22:32+00:00","dateModified":"2023-06-26T05:18:21+00:00","mainEntityOfPage":{"@id":"https:\/\/www.simpleplan.cz\/cz\/index.php\/chuck-o-svem-vztahu-k-hokejovemu-tymu-montreal-canadians-v-novem-rozhovoru\/"},"wordCount":1724,"commentCount":0,"publisher":{"@id":"https:\/\/www.simpleplan.cz\/cz\/#organization"},"keywords":["Habs","Montreal Canadiens"],"articleSection":["Chuck","rozhovory"],"inLanguage":"cs","potentialAction":[{"@type":"CommentAction","name":"Comment","target":["https:\/\/www.simpleplan.cz\/cz\/index.php\/chuck-o-svem-vztahu-k-hokejovemu-tymu-montreal-canadians-v-novem-rozhovoru\/#respond"]}]},{"@type":"WebPage","@id":"https:\/\/www.simpleplan.cz\/cz\/index.php\/chuck-o-svem-vztahu-k-hokejovemu-tymu-montreal-canadians-v-novem-rozhovoru\/","url":"https:\/\/www.simpleplan.cz\/cz\/index.php\/chuck-o-svem-vztahu-k-hokejovemu-tymu-montreal-canadians-v-novem-rozhovoru\/","name":"Chuck o sv\u00e9m vztahu k hokejov\u00e9mu t\u00fdmu Montreal Canadiens v nov\u00e9m rozhovoru | CZ: SimplePlan.cz","isPartOf":{"@id":"https:\/\/www.simpleplan.cz\/cz\/#website"},"datePublished":"2016-05-07T17:22:32+00:00","dateModified":"2023-06-26T05:18:21+00:00","breadcrumb":{"@id":"https:\/\/www.simpleplan.cz\/cz\/index.php\/chuck-o-svem-vztahu-k-hokejovemu-tymu-montreal-canadians-v-novem-rozhovoru\/#breadcrumb"},"inLanguage":"cs","potentialAction":[{"@type":"ReadAction","target":["https:\/\/www.simpleplan.cz\/cz\/index.php\/chuck-o-svem-vztahu-k-hokejovemu-tymu-montreal-canadians-v-novem-rozhovoru\/"]}]},{"@type":"BreadcrumbList","@id":"https:\/\/www.simpleplan.cz\/cz\/index.php\/chuck-o-svem-vztahu-k-hokejovemu-tymu-montreal-canadians-v-novem-rozhovoru\/#breadcrumb","itemListElement":[{"@type":"ListItem","position":1,"name":"Dom\u016f","item":"https:\/\/www.simpleplan.cz\/cz\/"},{"@type":"ListItem","position":2,"name":"Chuck","item":"https:\/\/www.simpleplan.cz\/cz\/index.php\/category\/chuck\/"},{"@type":"ListItem","position":3,"name":"Chuck o sv\u00e9m vztahu k hokejov\u00e9mu t\u00fdmu Montreal Canadiens v nov\u00e9m rozhovoru"}]},{"@type":"WebSite","@id":"https:\/\/www.simpleplan.cz\/cz\/#website","url":"https:\/\/www.simpleplan.cz\/cz\/","name":"CZ: SimplePlan.cz","description":"Nejlep\u0161\u00ed zdroj informac\u00ed o kapele Simple Plan","publisher":{"@id":"https:\/\/www.simpleplan.cz\/cz\/#organization"},"potentialAction":[{"@type":"SearchAction","target":{"@type":"EntryPoint","urlTemplate":"https:\/\/www.simpleplan.cz\/cz\/?s={search_term_string}"},"query-input":"required name=search_term_string"}],"inLanguage":"cs"},{"@type":"Organization","@id":"https:\/\/www.simpleplan.cz\/cz\/#organization","name":"CZ: SimplePlan.cz","url":"https:\/\/www.simpleplan.cz\/cz\/","logo":{"@type":"ImageObject","inLanguage":"cs","@id":"https:\/\/www.simpleplan.cz\/cz\/#\/schema\/logo\/image\/","url":"https:\/\/www.simpleplan.cz\/cz\/wp-content\/uploads\/spczlogo.png","contentUrl":"https:\/\/www.simpleplan.cz\/cz\/wp-content\/uploads\/spczlogo.png","width":250,"height":190,"caption":"CZ: SimplePlan.cz"},"image":{"@id":"https:\/\/www.simpleplan.cz\/cz\/#\/schema\/logo\/image\/"},"sameAs":["http:\/\/www.facebook.com\/simpleplancz","https:\/\/twitter.com\/simpleplancz","http:\/\/www.instagram.com\/simpleplancz","http:\/\/www.youtube.com\/simpleplancz"]},{"@type":"Person","@id":"https:\/\/www.simpleplan.cz\/cz\/#\/schema\/person\/bb90dd25f4baab7793fc73ab0b783730","name":"Dominika","image":{"@type":"ImageObject","inLanguage":"cs","@id":"https:\/\/www.simpleplan.cz\/cz\/#\/schema\/person\/image\/","url":"https:\/\/secure.gravatar.com\/avatar\/de55cb16a8578d56e96c89d1a0af3db5?s=96&d=mm&r=g","contentUrl":"https:\/\/secure.gravatar.com\/avatar\/de55cb16a8578d56e96c89d1a0af3db5?s=96&d=mm&r=g","caption":"Dominika"},"sameAs":["http:\/\/www.simpleplan.cz"],"url":"https:\/\/www.simpleplan.cz\/cz\/index.php\/author\/admin-2\/"}]}},"featured_image_urls":{"full":"","thumbnail":"","medium":"","medium_large":"","large":"","1536x1536":"","2048x2048":"","elegant-magazine-featured":"","elegant-magazine-medium":"","elegant-magazine-medium-small":"","elegant-magazine-thumbnail-small":""},"author_info":{"display_name":"Dominika","author_link":"https:\/\/www.simpleplan.cz\/cz\/index.php\/author\/admin-2\/"},"category_info":"<a href=\"https:\/\/www.simpleplan.cz\/cz\/index.php\/category\/chuck\/\" rel=\"category tag\">Chuck<\/a> <a href=\"https:\/\/www.simpleplan.cz\/cz\/index.php\/category\/rozhovory\/\" rel=\"category tag\">rozhovory<\/a>","tag_info":"rozhovory","comment_count":"0","_links":{"self":[{"href":"https:\/\/www.simpleplan.cz\/cz\/index.php\/wp-json\/wp\/v2\/posts\/18883"}],"collection":[{"href":"https:\/\/www.simpleplan.cz\/cz\/index.php\/wp-json\/wp\/v2\/posts"}],"about":[{"href":"https:\/\/www.simpleplan.cz\/cz\/index.php\/wp-json\/wp\/v2\/types\/post"}],"author":[{"embeddable":true,"href":"https:\/\/www.simpleplan.cz\/cz\/index.php\/wp-json\/wp\/v2\/users\/5"}],"replies":[{"embeddable":true,"href":"https:\/\/www.simpleplan.cz\/cz\/index.php\/wp-json\/wp\/v2\/comments?post=18883"}],"version-history":[{"count":6,"href":"https:\/\/www.simpleplan.cz\/cz\/index.php\/wp-json\/wp\/v2\/posts\/18883\/revisions"}],"predecessor-version":[{"id":30599,"href":"https:\/\/www.simpleplan.cz\/cz\/index.php\/wp-json\/wp\/v2\/posts\/18883\/revisions\/30599"}],"wp:attachment":[{"href":"https:\/\/www.simpleplan.cz\/cz\/index.php\/wp-json\/wp\/v2\/media?parent=18883"}],"wp:term":[{"taxonomy":"category","embeddable":true,"href":"https:\/\/www.simpleplan.cz\/cz\/index.php\/wp-json\/wp\/v2\/categories?post=18883"},{"taxonomy":"post_tag","embeddable":true,"href":"https:\/\/www.simpleplan.cz\/cz\/index.php\/wp-json\/wp\/v2\/tags?post=18883"}],"curies":[{"name":"wp","href":"https:\/\/api.w.org\/{rel}","templated":true}]}}