{"id":19062,"date":"2016-05-30T08:08:35","date_gmt":"2016-05-30T06:08:35","guid":{"rendered":"http:\/\/www.simpleplan.cz\/cz\/?p=19062"},"modified":"2023-06-26T07:18:16","modified_gmt":"2023-06-26T05:18:16","slug":"simpleplancz-porada-13-sraz-fanousku-simple-plan-v-praze","status":"publish","type":"post","link":"https:\/\/www.simpleplan.cz\/cz\/index.php\/simpleplancz-porada-13-sraz-fanousku-simple-plan-v-praze\/","title":{"rendered":"SimplePlan.cz po\u0159\u00e1d\u00e1 13. sraz fanou\u0161k\u016f Simple Plan \u2013 v Praze!"},"content":{"rendered":"<p>Nem\u00e1me ani p\u016flku roku za sebou, a ji\u017e nyn\u00ed m\u016f\u017eeme \u0159\u00edct, \u017ee je rok 2016 co se t\u00fd\u010de Simple Plan velice nabit\u00fd &#8211; kapele vy\u0161lo nov\u00e9 album, pot\u0159et\u00ed se p\u0159edstavila v \u010cesk\u00e9 republice, kde koncert zaznamenal ohromn\u00fd \u00fasp\u011bch, a ka\u017ed\u00fd den n\u00e1m tu proud\u00ed dal\u0161\u00ed a dal\u0161\u00ed novinky o SP, kte\u0159\u00ed ani nesta\u010d\u00ed nabrat dech. A proto je mi ct\u00ed ji\u017e <b>10. rokem v \u0159ad\u011b uspo\u0159\u00e1dat dal\u0161\u00ed sraz fanou\u0161k\u016f Simple Plan v \u010cesk\u00e9 republice<\/b>, kde m\u016f\u017eeme v\u0161echny tyto novinky spole\u010dn\u011b probrat, pobavit se o tom, co kluci pl\u00e1nuj\u00ed, jak\u00e9 jsou na\u0161e dojmy z nov\u00e9ho alba, z koncertu [\u010di koncert\u016f!] atd.<\/p>\n<p>Leto\u0161n\u00ed sraz fanou\u0161k\u016f, s <b>po\u0159adov\u00fdm \u010d\u00edslem 13<\/b>, se bude konat v sobotu <b>13. srpna 2016 v Praze<\/b>, co\u017e je shodou okolnost\u00ed tak\u00e9 den, kdy <b>SimplePlan.cz oslav\u00ed sv\u00e9 9. narozeniny<\/b>. Tak\u017ee kdo v\u00ed, mo\u017en\u00e1 v\u00e1s \u010dek\u00e1 i n\u011bjak\u00e9 to <i>p\u0159ekvapen\u00ed<\/i> :)  <\/p>\n<p>Co se t\u00fd\u010de programu, ur\u010dit\u011b bude v jedn\u00e1n\u00ed je\u0161t\u011b v p\u0159\u00ed\u0161t\u00edch m\u011bs\u00edc\u00edch, a budu r\u00e1da za ka\u017ed\u00fd n\u00e1pad. Pokud zva\u017eujete svou prvn\u00ed \u00fa\u010dast na srazu fanou\u0161k\u016f SP a nev\u00edte, co \u010dekat, jak to vypadalo na p\u0159ede\u0161l\u00fdch dvan\u00e1cti srazech se m\u016f\u017eete pod\u00edvat v <a href=\"http:\/\/www.simpleplan.cz\/cz\/index.php\/simpleplan-cz-porada-12-sraz-fanousku-v-brne\/\" target=\"_blank\" rel=\"noopener\">t\u00e9to sekci<\/a>. V\u00edt\u00e1ni jsou jak nov\u00e1\u010dci, tak i star\u00e9 zn\u00e1m\u00e9 firmy! :)<\/p>\n<p>Svou \u00fa\u010dast na srazu pros\u00edm potvr\u010fte v t\u00e9to ud\u00e1losti na Facebooku, kde tak\u00e9 naleznete v\u00edce podrobnost\u00ed:<\/p>\n<p><center><a href=\"https:\/\/www.facebook.com\/events\/987224888060302\/\"><img decoding=\"async\" src=\"http:\/\/i.imgur.com\/Y3prH0b.png\"><\/center><\/p>\n<div class=\"fblikebutton_button\" style=\"float: left; padding-top: 20px; margin-right: 20px; padding-bottom: 20px; padding-left: 20px;\"><iframe src=\"http:\/\/www.facebook.com\/plugins\/like.php?href=https%3A%2F%2Fwww.simpleplan.cz%2Fcz%2Findex.php%2Fsimpleplancz-porada-13-sraz-fanousku-simple-plan-v-praze%2F&amp;layout=standard&amp;show-faces=false&amp;width=450&amp;action=like&amp;colorscheme=light\" scrolling=\"no\" frameborder=\"0\" allowTransparency=\"true\" style=\"border:none; overflow:hidden; width:450px; height:26px\"><\/iframe><\/div>\n","protected":false},"excerpt":{"rendered":"<p>Nem\u00e1me ani p\u016flku roku za sebou, a ji\u017e nyn\u00ed m\u016f\u017eeme \u0159\u00edct, \u017ee je rok 2016<\/p>\n","protected":false},"author":5,"featured_media":0,"comment_status":"open","ping_status":"open","sticky":false,"template":"","format":"standard","meta":{"footnotes":"","fifu_image_url":"","fifu_image_alt":""},"categories":[20],"tags":[524,1852],"yoast_head":"<!-- This site is optimized with the Yoast SEO plugin v20.9 - https:\/\/yoast.com\/wordpress\/plugins\/seo\/ -->\n<title>SimplePlan.cz po\u0159\u00e1d\u00e1 13. sraz fanou\u0161k\u016f Simple Plan \u2013 v Praze! | CZ: SimplePlan.cz<\/title>\n<meta name=\"robots\" content=\"index, follow, max-snippet:-1, max-image-preview:large, max-video-preview:-1\" \/>\n<link rel=\"canonical\" href=\"https:\/\/www.simpleplan.cz\/cz\/index.php\/simpleplancz-porada-13-sraz-fanousku-simple-plan-v-praze\/\" \/>\n<meta property=\"og:locale\" content=\"cs_CZ\" \/>\n<meta property=\"og:type\" content=\"article\" \/>\n<meta property=\"og:title\" content=\"SimplePlan.cz po\u0159\u00e1d\u00e1 13. sraz fanou\u0161k\u016f Simple Plan \u2013 v Praze! | CZ: SimplePlan.cz\" \/>\n<meta property=\"og:description\" content=\"Nem\u00e1me ani p\u016flku roku za sebou, a ji\u017e nyn\u00ed m\u016f\u017eeme \u0159\u00edct, \u017ee je rok 2016\" \/>\n<meta property=\"og:url\" content=\"https:\/\/www.simpleplan.cz\/cz\/index.php\/simpleplancz-porada-13-sraz-fanousku-simple-plan-v-praze\/\" \/>\n<meta property=\"og:site_name\" content=\"CZ: SimplePlan.cz\" \/>\n<meta property=\"article:publisher\" content=\"http:\/\/www.facebook.com\/simpleplancz\" \/>\n<meta property=\"article:published_time\" content=\"2016-05-30T06:08:35+00:00\" \/>\n<meta property=\"article:modified_time\" content=\"2023-06-26T05:18:16+00:00\" \/>\n<meta property=\"og:image\" content=\"http:\/\/i.imgur.com\/Y3prH0b.png\" \/>\n<meta name=\"author\" content=\"Dominika\" \/>\n<meta name=\"twitter:card\" content=\"summary_large_image\" \/>\n<meta name=\"twitter:creator\" content=\"@simpleplancz\" \/>\n<meta name=\"twitter:site\" content=\"@simpleplancz\" \/>\n<meta name=\"twitter:label1\" content=\"Napsal(a)\" \/>\n\t<meta name=\"twitter:data1\" content=\"Dominika\" \/>\n\t<meta name=\"twitter:label2\" content=\"Odhadovan\u00e1 doba \u010dten\u00ed\" \/>\n\t<meta name=\"twitter:data2\" content=\"1 minuta\" \/>\n<script type=\"application\/ld+json\" class=\"yoast-schema-graph\">{\"@context\":\"https:\/\/schema.org\",\"@graph\":[{\"@type\":\"Article\",\"@id\":\"https:\/\/www.simpleplan.cz\/cz\/index.php\/simpleplancz-porada-13-sraz-fanousku-simple-plan-v-praze\/#article\",\"isPartOf\":{\"@id\":\"https:\/\/www.simpleplan.cz\/cz\/index.php\/simpleplancz-porada-13-sraz-fanousku-simple-plan-v-praze\/\"},\"author\":{\"name\":\"Dominika\",\"@id\":\"https:\/\/www.simpleplan.cz\/cz\/#\/schema\/person\/bb90dd25f4baab7793fc73ab0b783730\"},\"headline\":\"SimplePlan.cz po\u0159\u00e1d\u00e1 13. sraz fanou\u0161k\u016f Simple Plan \u2013 v Praze!\",\"datePublished\":\"2016-05-30T06:08:35+00:00\",\"dateModified\":\"2023-06-26T05:18:16+00:00\",\"mainEntityOfPage\":{\"@id\":\"https:\/\/www.simpleplan.cz\/cz\/index.php\/simpleplancz-porada-13-sraz-fanousku-simple-plan-v-praze\/\"},\"wordCount\":272,\"commentCount\":0,\"publisher\":{\"@id\":\"https:\/\/www.simpleplan.cz\/cz\/#organization\"},\"keywords\":[\"SimplePlan.cz\",\"sraz fanou\u0161k\u016f\"],\"articleSection\":[\"SimplePlan.cz\"],\"inLanguage\":\"cs\",\"potentialAction\":[{\"@type\":\"CommentAction\",\"name\":\"Comment\",\"target\":[\"https:\/\/www.simpleplan.cz\/cz\/index.php\/simpleplancz-porada-13-sraz-fanousku-simple-plan-v-praze\/#respond\"]}]},{\"@type\":\"WebPage\",\"@id\":\"https:\/\/www.simpleplan.cz\/cz\/index.php\/simpleplancz-porada-13-sraz-fanousku-simple-plan-v-praze\/\",\"url\":\"https:\/\/www.simpleplan.cz\/cz\/index.php\/simpleplancz-porada-13-sraz-fanousku-simple-plan-v-praze\/\",\"name\":\"SimplePlan.cz po\u0159\u00e1d\u00e1 13. sraz fanou\u0161k\u016f Simple Plan \u2013 v Praze! | CZ: SimplePlan.cz\",\"isPartOf\":{\"@id\":\"https:\/\/www.simpleplan.cz\/cz\/#website\"},\"datePublished\":\"2016-05-30T06:08:35+00:00\",\"dateModified\":\"2023-06-26T05:18:16+00:00\",\"breadcrumb\":{\"@id\":\"https:\/\/www.simpleplan.cz\/cz\/index.php\/simpleplancz-porada-13-sraz-fanousku-simple-plan-v-praze\/#breadcrumb\"},\"inLanguage\":\"cs\",\"potentialAction\":[{\"@type\":\"ReadAction\",\"target\":[\"https:\/\/www.simpleplan.cz\/cz\/index.php\/simpleplancz-porada-13-sraz-fanousku-simple-plan-v-praze\/\"]}]},{\"@type\":\"BreadcrumbList\",\"@id\":\"https:\/\/www.simpleplan.cz\/cz\/index.php\/simpleplancz-porada-13-sraz-fanousku-simple-plan-v-praze\/#breadcrumb\",\"itemListElement\":[{\"@type\":\"ListItem\",\"position\":1,\"name\":\"Dom\u016f\",\"item\":\"https:\/\/www.simpleplan.cz\/cz\/\"},{\"@type\":\"ListItem\",\"position\":2,\"name\":\"SimplePlan.cz\",\"item\":\"https:\/\/www.simpleplan.cz\/cz\/index.php\/category\/simpleplancz\/\"},{\"@type\":\"ListItem\",\"position\":3,\"name\":\"SimplePlan.cz po\u0159\u00e1d\u00e1 13. sraz fanou\u0161k\u016f Simple Plan \u2013 v Praze!\"}]},{\"@type\":\"WebSite\",\"@id\":\"https:\/\/www.simpleplan.cz\/cz\/#website\",\"url\":\"https:\/\/www.simpleplan.cz\/cz\/\",\"name\":\"CZ: SimplePlan.cz\",\"description\":\"Nejlep\u0161\u00ed zdroj informac\u00ed o kapele Simple Plan\",\"publisher\":{\"@id\":\"https:\/\/www.simpleplan.cz\/cz\/#organization\"},\"potentialAction\":[{\"@type\":\"SearchAction\",\"target\":{\"@type\":\"EntryPoint\",\"urlTemplate\":\"https:\/\/www.simpleplan.cz\/cz\/?s={search_term_string}\"},\"query-input\":\"required name=search_term_string\"}],\"inLanguage\":\"cs\"},{\"@type\":\"Organization\",\"@id\":\"https:\/\/www.simpleplan.cz\/cz\/#organization\",\"name\":\"CZ: SimplePlan.cz\",\"url\":\"https:\/\/www.simpleplan.cz\/cz\/\",\"logo\":{\"@type\":\"ImageObject\",\"inLanguage\":\"cs\",\"@id\":\"https:\/\/www.simpleplan.cz\/cz\/#\/schema\/logo\/image\/\",\"url\":\"https:\/\/www.simpleplan.cz\/cz\/wp-content\/uploads\/spczlogo.png\",\"contentUrl\":\"https:\/\/www.simpleplan.cz\/cz\/wp-content\/uploads\/spczlogo.png\",\"width\":250,\"height\":190,\"caption\":\"CZ: SimplePlan.cz\"},\"image\":{\"@id\":\"https:\/\/www.simpleplan.cz\/cz\/#\/schema\/logo\/image\/\"},\"sameAs\":[\"http:\/\/www.facebook.com\/simpleplancz\",\"https:\/\/twitter.com\/simpleplancz\",\"http:\/\/www.instagram.com\/simpleplancz\",\"http:\/\/www.youtube.com\/simpleplancz\"]},{\"@type\":\"Person\",\"@id\":\"https:\/\/www.simpleplan.cz\/cz\/#\/schema\/person\/bb90dd25f4baab7793fc73ab0b783730\",\"name\":\"Dominika\",\"image\":{\"@type\":\"ImageObject\",\"inLanguage\":\"cs\",\"@id\":\"https:\/\/www.simpleplan.cz\/cz\/#\/schema\/person\/image\/\",\"url\":\"https:\/\/secure.gravatar.com\/avatar\/de55cb16a8578d56e96c89d1a0af3db5?s=96&d=mm&r=g\",\"contentUrl\":\"https:\/\/secure.gravatar.com\/avatar\/de55cb16a8578d56e96c89d1a0af3db5?s=96&d=mm&r=g\",\"caption\":\"Dominika\"},\"sameAs\":[\"http:\/\/www.simpleplan.cz\"],\"url\":\"https:\/\/www.simpleplan.cz\/cz\/index.php\/author\/admin-2\/\"}]}<\/script>\n<!-- \/ Yoast SEO plugin. -->","yoast_head_json":{"title":"SimplePlan.cz po\u0159\u00e1d\u00e1 13. sraz fanou\u0161k\u016f Simple Plan \u2013 v Praze! | CZ: SimplePlan.cz","robots":{"index":"index","follow":"follow","max-snippet":"max-snippet:-1","max-image-preview":"max-image-preview:large","max-video-preview":"max-video-preview:-1"},"canonical":"https:\/\/www.simpleplan.cz\/cz\/index.php\/simpleplancz-porada-13-sraz-fanousku-simple-plan-v-praze\/","og_locale":"cs_CZ","og_type":"article","og_title":"SimplePlan.cz po\u0159\u00e1d\u00e1 13. sraz fanou\u0161k\u016f Simple Plan \u2013 v Praze! | CZ: SimplePlan.cz","og_description":"Nem\u00e1me ani p\u016flku roku za sebou, a ji\u017e nyn\u00ed m\u016f\u017eeme \u0159\u00edct, \u017ee je rok 2016","og_url":"https:\/\/www.simpleplan.cz\/cz\/index.php\/simpleplancz-porada-13-sraz-fanousku-simple-plan-v-praze\/","og_site_name":"CZ: SimplePlan.cz","article_publisher":"http:\/\/www.facebook.com\/simpleplancz","article_published_time":"2016-05-30T06:08:35+00:00","article_modified_time":"2023-06-26T05:18:16+00:00","og_image":[{"url":"http:\/\/i.imgur.com\/Y3prH0b.png"}],"author":"Dominika","twitter_card":"summary_large_image","twitter_creator":"@simpleplancz","twitter_site":"@simpleplancz","twitter_misc":{"Napsal(a)":"Dominika","Odhadovan\u00e1 doba \u010dten\u00ed":"1 minuta"},"schema":{"@context":"https:\/\/schema.org","@graph":[{"@type":"Article","@id":"https:\/\/www.simpleplan.cz\/cz\/index.php\/simpleplancz-porada-13-sraz-fanousku-simple-plan-v-praze\/#article","isPartOf":{"@id":"https:\/\/www.simpleplan.cz\/cz\/index.php\/simpleplancz-porada-13-sraz-fanousku-simple-plan-v-praze\/"},"author":{"name":"Dominika","@id":"https:\/\/www.simpleplan.cz\/cz\/#\/schema\/person\/bb90dd25f4baab7793fc73ab0b783730"},"headline":"SimplePlan.cz po\u0159\u00e1d\u00e1 13. sraz fanou\u0161k\u016f Simple Plan \u2013 v Praze!","datePublished":"2016-05-30T06:08:35+00:00","dateModified":"2023-06-26T05:18:16+00:00","mainEntityOfPage":{"@id":"https:\/\/www.simpleplan.cz\/cz\/index.php\/simpleplancz-porada-13-sraz-fanousku-simple-plan-v-praze\/"},"wordCount":272,"commentCount":0,"publisher":{"@id":"https:\/\/www.simpleplan.cz\/cz\/#organization"},"keywords":["SimplePlan.cz","sraz fanou\u0161k\u016f"],"articleSection":["SimplePlan.cz"],"inLanguage":"cs","potentialAction":[{"@type":"CommentAction","name":"Comment","target":["https:\/\/www.simpleplan.cz\/cz\/index.php\/simpleplancz-porada-13-sraz-fanousku-simple-plan-v-praze\/#respond"]}]},{"@type":"WebPage","@id":"https:\/\/www.simpleplan.cz\/cz\/index.php\/simpleplancz-porada-13-sraz-fanousku-simple-plan-v-praze\/","url":"https:\/\/www.simpleplan.cz\/cz\/index.php\/simpleplancz-porada-13-sraz-fanousku-simple-plan-v-praze\/","name":"SimplePlan.cz po\u0159\u00e1d\u00e1 13. sraz fanou\u0161k\u016f Simple Plan \u2013 v Praze! | CZ: SimplePlan.cz","isPartOf":{"@id":"https:\/\/www.simpleplan.cz\/cz\/#website"},"datePublished":"2016-05-30T06:08:35+00:00","dateModified":"2023-06-26T05:18:16+00:00","breadcrumb":{"@id":"https:\/\/www.simpleplan.cz\/cz\/index.php\/simpleplancz-porada-13-sraz-fanousku-simple-plan-v-praze\/#breadcrumb"},"inLanguage":"cs","potentialAction":[{"@type":"ReadAction","target":["https:\/\/www.simpleplan.cz\/cz\/index.php\/simpleplancz-porada-13-sraz-fanousku-simple-plan-v-praze\/"]}]},{"@type":"BreadcrumbList","@id":"https:\/\/www.simpleplan.cz\/cz\/index.php\/simpleplancz-porada-13-sraz-fanousku-simple-plan-v-praze\/#breadcrumb","itemListElement":[{"@type":"ListItem","position":1,"name":"Dom\u016f","item":"https:\/\/www.simpleplan.cz\/cz\/"},{"@type":"ListItem","position":2,"name":"SimplePlan.cz","item":"https:\/\/www.simpleplan.cz\/cz\/index.php\/category\/simpleplancz\/"},{"@type":"ListItem","position":3,"name":"SimplePlan.cz po\u0159\u00e1d\u00e1 13. sraz fanou\u0161k\u016f Simple Plan \u2013 v Praze!"}]},{"@type":"WebSite","@id":"https:\/\/www.simpleplan.cz\/cz\/#website","url":"https:\/\/www.simpleplan.cz\/cz\/","name":"CZ: SimplePlan.cz","description":"Nejlep\u0161\u00ed zdroj informac\u00ed o kapele Simple Plan","publisher":{"@id":"https:\/\/www.simpleplan.cz\/cz\/#organization"},"potentialAction":[{"@type":"SearchAction","target":{"@type":"EntryPoint","urlTemplate":"https:\/\/www.simpleplan.cz\/cz\/?s={search_term_string}"},"query-input":"required name=search_term_string"}],"inLanguage":"cs"},{"@type":"Organization","@id":"https:\/\/www.simpleplan.cz\/cz\/#organization","name":"CZ: SimplePlan.cz","url":"https:\/\/www.simpleplan.cz\/cz\/","logo":{"@type":"ImageObject","inLanguage":"cs","@id":"https:\/\/www.simpleplan.cz\/cz\/#\/schema\/logo\/image\/","url":"https:\/\/www.simpleplan.cz\/cz\/wp-content\/uploads\/spczlogo.png","contentUrl":"https:\/\/www.simpleplan.cz\/cz\/wp-content\/uploads\/spczlogo.png","width":250,"height":190,"caption":"CZ: SimplePlan.cz"},"image":{"@id":"https:\/\/www.simpleplan.cz\/cz\/#\/schema\/logo\/image\/"},"sameAs":["http:\/\/www.facebook.com\/simpleplancz","https:\/\/twitter.com\/simpleplancz","http:\/\/www.instagram.com\/simpleplancz","http:\/\/www.youtube.com\/simpleplancz"]},{"@type":"Person","@id":"https:\/\/www.simpleplan.cz\/cz\/#\/schema\/person\/bb90dd25f4baab7793fc73ab0b783730","name":"Dominika","image":{"@type":"ImageObject","inLanguage":"cs","@id":"https:\/\/www.simpleplan.cz\/cz\/#\/schema\/person\/image\/","url":"https:\/\/secure.gravatar.com\/avatar\/de55cb16a8578d56e96c89d1a0af3db5?s=96&d=mm&r=g","contentUrl":"https:\/\/secure.gravatar.com\/avatar\/de55cb16a8578d56e96c89d1a0af3db5?s=96&d=mm&r=g","caption":"Dominika"},"sameAs":["http:\/\/www.simpleplan.cz"],"url":"https:\/\/www.simpleplan.cz\/cz\/index.php\/author\/admin-2\/"}]}},"featured_image_urls":{"full":"","thumbnail":"","medium":"","medium_large":"","large":"","1536x1536":"","2048x2048":"","elegant-magazine-featured":"","elegant-magazine-medium":"","elegant-magazine-medium-small":"","elegant-magazine-thumbnail-small":""},"author_info":{"display_name":"Dominika","author_link":"https:\/\/www.simpleplan.cz\/cz\/index.php\/author\/admin-2\/"},"category_info":"<a href=\"https:\/\/www.simpleplan.cz\/cz\/index.php\/category\/simpleplancz\/\" rel=\"category tag\">SimplePlan.cz<\/a>","tag_info":"SimplePlan.cz","comment_count":"0","_links":{"self":[{"href":"https:\/\/www.simpleplan.cz\/cz\/index.php\/wp-json\/wp\/v2\/posts\/19062"}],"collection":[{"href":"https:\/\/www.simpleplan.cz\/cz\/index.php\/wp-json\/wp\/v2\/posts"}],"about":[{"href":"https:\/\/www.simpleplan.cz\/cz\/index.php\/wp-json\/wp\/v2\/types\/post"}],"author":[{"embeddable":true,"href":"https:\/\/www.simpleplan.cz\/cz\/index.php\/wp-json\/wp\/v2\/users\/5"}],"replies":[{"embeddable":true,"href":"https:\/\/www.simpleplan.cz\/cz\/index.php\/wp-json\/wp\/v2\/comments?post=19062"}],"version-history":[{"count":6,"href":"https:\/\/www.simpleplan.cz\/cz\/index.php\/wp-json\/wp\/v2\/posts\/19062\/revisions"}],"predecessor-version":[{"id":30559,"href":"https:\/\/www.simpleplan.cz\/cz\/index.php\/wp-json\/wp\/v2\/posts\/19062\/revisions\/30559"}],"wp:attachment":[{"href":"https:\/\/www.simpleplan.cz\/cz\/index.php\/wp-json\/wp\/v2\/media?parent=19062"}],"wp:term":[{"taxonomy":"category","embeddable":true,"href":"https:\/\/www.simpleplan.cz\/cz\/index.php\/wp-json\/wp\/v2\/categories?post=19062"},{"taxonomy":"post_tag","embeddable":true,"href":"https:\/\/www.simpleplan.cz\/cz\/index.php\/wp-json\/wp\/v2\/tags?post=19062"}],"curies":[{"name":"wp","href":"https:\/\/api.w.org\/{rel}","templated":true}]}}