{"id":19257,"date":"2016-06-17T08:09:44","date_gmt":"2016-06-17T06:09:44","guid":{"rendered":"http:\/\/www.simpleplan.cz\/cz\/?p=19257"},"modified":"2023-06-26T07:18:13","modified_gmt":"2023-06-26T05:18:13","slug":"vytezky-z-akustickeho-vystoupeni-simple-plan-v-orlandu-budou-venovany-na-pomoc-tragedii-v-pulse","status":"publish","type":"post","link":"https:\/\/www.simpleplan.cz\/cz\/index.php\/vytezky-z-akustickeho-vystoupeni-simple-plan-v-orlandu-budou-venovany-na-pomoc-tragedii-v-pulse\/","title":{"rendered":"V\u00fdt\u011b\u017eky z akustick\u00e9ho vystoupen\u00ed Simple Plan v Orlandu budou v\u011bnov\u00e1ny na pomoc trag\u00e9dii v Pulse"},"content":{"rendered":"<p><center><img decoding=\"async\" src=\"http:\/\/i.imgur.com\/4jtw8l8.png\"\/><\/center><\/p>\n<p>S ohledem na <b>trag\u00e9dii v Orlandu, na Florid\u011b<\/b>, p\u0159i kter\u00e9 minul\u00fd v\u00edkend b\u011bhem st\u0159elby v gay klubu Pulse ztratilo \u017eivot 49 osob, se <i>Mix 105.1<\/i> &#8211; r\u00e1diov\u00e1 stanice organizuj\u00edc\u00ed akustick\u00e9 vystoupen\u00ed Simple Plan, MAGIC! a Ingrid Michaelson p\u0159\u00ed\u0161t\u00ed t\u00fdden &#8211; rozhodla touto akc\u00ed pomoci n\u00e1sledk\u016fm t\u00e9to trag\u00e9die.<\/p>\n<p>Bylo <a href=\"http:\/\/mix1051.cbslocal.com\/2016\/06\/15\/mix-105-1s-acoustic-summer-benefits-one-orlando\/#.V2F-hRGVRSI.twitter\" target=\"_blank\" rel=\"noopener\">ozn\u00e1meno<\/a>, \u017ee \u010d\u00e1st v\u00fdt\u011b\u017ek\u016f z ka\u017ed\u00e9 prodan\u00e9 vstupenky na akci <b><a href=\"http:\/\/www.simpleplan.cz\/cz\/index.php\/simple-plan-vystoupi-na-mix1051-acoustic-summer-na-floride\/\" target=\"_blank\" rel=\"noopener\">Mix 105.1&#8217;s Acoustic Summer<\/a><\/b>, kter\u00e1 se bude konat 23. \u010dervna v House of Blues pr\u00e1v\u011b v Orlandu, bude v\u011bnov\u00e1na do nadace <b>One Orlando<\/b>. Tato nadace byla zalo\u017eena starostou Orlanda Buddym Dyerem v n\u00e1vaznosti na v\u00edkendovou st\u0159elbu v Pulse. C\u00edlem One Orlando je poskytnout pomoc a podporu neprofitov\u00fdm organizac\u00edm pom\u00e1haj\u00edc\u00edm ob\u011btem a rodin\u00e1m ob\u011bt\u00ed, LGBTQ, hisp\u00e1nsk\u00e9, n\u00e1bo\u017eensk\u00e9 komunit\u011b a dal\u0161\u00edm zasa\u017een\u00fdm komunit\u00e1m, d\u00e1le na pomoc v \u0159e\u0161en\u00ed z\u00e1sadn\u00edch p\u0159\u00ed\u010din t\u00e9to tragick\u00e9 ud\u00e1losti a dal\u0161\u00edm souvisej\u00edc\u00edm pot\u0159eb\u00e1m. <\/p>\n<p>Pokud v\u00e1m unikl ned\u00e1vn\u00fd p\u0159\u00edsp\u011bvek, <a href=\"http:\/\/www.simpleplan.cz\/cz\/index.php\/clenove-simple-plan-reaguji-na-utoky-v-orlandu\/\" target=\"_blank\" rel=\"noopener\">zde<\/a> si m\u016f\u017eete p\u0159e\u010d\u00edst souhrn reakc\u00ed \u010dlen\u016f Simple Plan na trag\u00e9dii v Orlandu. <\/p>\n<div class=\"fblikebutton_button\" style=\"float: left; padding-top: 20px; margin-right: 20px; padding-bottom: 20px; padding-left: 20px;\"><iframe src=\"http:\/\/www.facebook.com\/plugins\/like.php?href=https%3A%2F%2Fwww.simpleplan.cz%2Fcz%2Findex.php%2Fvytezky-z-akustickeho-vystoupeni-simple-plan-v-orlandu-budou-venovany-na-pomoc-tragedii-v-pulse%2F&amp;layout=standard&amp;show-faces=false&amp;width=450&amp;action=like&amp;colorscheme=light\" scrolling=\"no\" frameborder=\"0\" allowTransparency=\"true\" style=\"border:none; overflow:hidden; width:450px; height:26px\"><\/iframe><\/div>\n","protected":false},"excerpt":{"rendered":"<p>S ohledem na trag\u00e9dii v Orlandu, na Florid\u011b, p\u0159i kter\u00e9 minul\u00fd v\u00edkend b\u011bhem st\u0159elby v<\/p>\n","protected":false},"author":5,"featured_media":0,"comment_status":"open","ping_status":"open","sticky":false,"template":"","format":"standard","meta":{"footnotes":"","fifu_image_url":"","fifu_image_alt":""},"categories":[8,15],"tags":[2088,2152,2146],"yoast_head":"<!-- This site is optimized with the Yoast SEO plugin v20.9 - https:\/\/yoast.com\/wordpress\/plugins\/seo\/ -->\n<title>V\u00fdt\u011b\u017eky z akustick\u00e9ho vystoupen\u00ed Simple Plan v Orlandu budou v\u011bnov\u00e1ny na pomoc trag\u00e9dii v Pulse | CZ: SimplePlan.cz<\/title>\n<meta name=\"robots\" content=\"index, follow, max-snippet:-1, max-image-preview:large, max-video-preview:-1\" \/>\n<link rel=\"canonical\" href=\"https:\/\/www.simpleplan.cz\/cz\/index.php\/vytezky-z-akustickeho-vystoupeni-simple-plan-v-orlandu-budou-venovany-na-pomoc-tragedii-v-pulse\/\" \/>\n<meta property=\"og:locale\" content=\"cs_CZ\" \/>\n<meta property=\"og:type\" content=\"article\" \/>\n<meta property=\"og:title\" content=\"V\u00fdt\u011b\u017eky z akustick\u00e9ho vystoupen\u00ed Simple Plan v Orlandu budou v\u011bnov\u00e1ny na pomoc trag\u00e9dii v Pulse | CZ: SimplePlan.cz\" \/>\n<meta property=\"og:description\" content=\"S ohledem na trag\u00e9dii v Orlandu, na Florid\u011b, p\u0159i kter\u00e9 minul\u00fd v\u00edkend b\u011bhem st\u0159elby v\" \/>\n<meta property=\"og:url\" content=\"https:\/\/www.simpleplan.cz\/cz\/index.php\/vytezky-z-akustickeho-vystoupeni-simple-plan-v-orlandu-budou-venovany-na-pomoc-tragedii-v-pulse\/\" \/>\n<meta property=\"og:site_name\" content=\"CZ: SimplePlan.cz\" \/>\n<meta property=\"article:publisher\" content=\"http:\/\/www.facebook.com\/simpleplancz\" \/>\n<meta property=\"article:published_time\" content=\"2016-06-17T06:09:44+00:00\" \/>\n<meta property=\"article:modified_time\" content=\"2023-06-26T05:18:13+00:00\" \/>\n<meta property=\"og:image\" content=\"http:\/\/i.imgur.com\/4jtw8l8.png\" \/>\n<meta name=\"author\" content=\"Dominika\" \/>\n<meta name=\"twitter:card\" content=\"summary_large_image\" \/>\n<meta name=\"twitter:creator\" content=\"@simpleplancz\" \/>\n<meta name=\"twitter:site\" content=\"@simpleplancz\" \/>\n<meta name=\"twitter:label1\" content=\"Napsal(a)\" \/>\n\t<meta name=\"twitter:data1\" content=\"Dominika\" \/>\n\t<meta name=\"twitter:label2\" content=\"Odhadovan\u00e1 doba \u010dten\u00ed\" \/>\n\t<meta name=\"twitter:data2\" content=\"1 minuta\" \/>\n<script type=\"application\/ld+json\" class=\"yoast-schema-graph\">{\"@context\":\"https:\/\/schema.org\",\"@graph\":[{\"@type\":\"Article\",\"@id\":\"https:\/\/www.simpleplan.cz\/cz\/index.php\/vytezky-z-akustickeho-vystoupeni-simple-plan-v-orlandu-budou-venovany-na-pomoc-tragedii-v-pulse\/#article\",\"isPartOf\":{\"@id\":\"https:\/\/www.simpleplan.cz\/cz\/index.php\/vytezky-z-akustickeho-vystoupeni-simple-plan-v-orlandu-budou-venovany-na-pomoc-tragedii-v-pulse\/\"},\"author\":{\"name\":\"Dominika\",\"@id\":\"https:\/\/www.simpleplan.cz\/cz\/#\/schema\/person\/bb90dd25f4baab7793fc73ab0b783730\"},\"headline\":\"V\u00fdt\u011b\u017eky z akustick\u00e9ho vystoupen\u00ed Simple Plan v Orlandu budou v\u011bnov\u00e1ny na pomoc trag\u00e9dii v Pulse\",\"datePublished\":\"2016-06-17T06:09:44+00:00\",\"dateModified\":\"2023-06-26T05:18:13+00:00\",\"mainEntityOfPage\":{\"@id\":\"https:\/\/www.simpleplan.cz\/cz\/index.php\/vytezky-z-akustickeho-vystoupeni-simple-plan-v-orlandu-budou-venovany-na-pomoc-tragedii-v-pulse\/\"},\"wordCount\":229,\"commentCount\":1,\"publisher\":{\"@id\":\"https:\/\/www.simpleplan.cz\/cz\/#organization\"},\"keywords\":[\"Florida\",\"Mix 105.1's Acoustic Summer\",\"Orlando\"],\"articleSection\":[\"koncerty\",\"novinky\"],\"inLanguage\":\"cs\",\"potentialAction\":[{\"@type\":\"CommentAction\",\"name\":\"Comment\",\"target\":[\"https:\/\/www.simpleplan.cz\/cz\/index.php\/vytezky-z-akustickeho-vystoupeni-simple-plan-v-orlandu-budou-venovany-na-pomoc-tragedii-v-pulse\/#respond\"]}]},{\"@type\":\"WebPage\",\"@id\":\"https:\/\/www.simpleplan.cz\/cz\/index.php\/vytezky-z-akustickeho-vystoupeni-simple-plan-v-orlandu-budou-venovany-na-pomoc-tragedii-v-pulse\/\",\"url\":\"https:\/\/www.simpleplan.cz\/cz\/index.php\/vytezky-z-akustickeho-vystoupeni-simple-plan-v-orlandu-budou-venovany-na-pomoc-tragedii-v-pulse\/\",\"name\":\"V\u00fdt\u011b\u017eky z akustick\u00e9ho vystoupen\u00ed Simple Plan v Orlandu budou v\u011bnov\u00e1ny na pomoc trag\u00e9dii v Pulse | CZ: SimplePlan.cz\",\"isPartOf\":{\"@id\":\"https:\/\/www.simpleplan.cz\/cz\/#website\"},\"datePublished\":\"2016-06-17T06:09:44+00:00\",\"dateModified\":\"2023-06-26T05:18:13+00:00\",\"breadcrumb\":{\"@id\":\"https:\/\/www.simpleplan.cz\/cz\/index.php\/vytezky-z-akustickeho-vystoupeni-simple-plan-v-orlandu-budou-venovany-na-pomoc-tragedii-v-pulse\/#breadcrumb\"},\"inLanguage\":\"cs\",\"potentialAction\":[{\"@type\":\"ReadAction\",\"target\":[\"https:\/\/www.simpleplan.cz\/cz\/index.php\/vytezky-z-akustickeho-vystoupeni-simple-plan-v-orlandu-budou-venovany-na-pomoc-tragedii-v-pulse\/\"]}]},{\"@type\":\"BreadcrumbList\",\"@id\":\"https:\/\/www.simpleplan.cz\/cz\/index.php\/vytezky-z-akustickeho-vystoupeni-simple-plan-v-orlandu-budou-venovany-na-pomoc-tragedii-v-pulse\/#breadcrumb\",\"itemListElement\":[{\"@type\":\"ListItem\",\"position\":1,\"name\":\"Dom\u016f\",\"item\":\"https:\/\/www.simpleplan.cz\/cz\/\"},{\"@type\":\"ListItem\",\"position\":2,\"name\":\"koncerty\",\"item\":\"https:\/\/www.simpleplan.cz\/cz\/index.php\/category\/koncerty\/\"},{\"@type\":\"ListItem\",\"position\":3,\"name\":\"V\u00fdt\u011b\u017eky z akustick\u00e9ho vystoupen\u00ed Simple Plan v Orlandu budou v\u011bnov\u00e1ny na pomoc trag\u00e9dii v Pulse\"}]},{\"@type\":\"WebSite\",\"@id\":\"https:\/\/www.simpleplan.cz\/cz\/#website\",\"url\":\"https:\/\/www.simpleplan.cz\/cz\/\",\"name\":\"CZ: SimplePlan.cz\",\"description\":\"Nejlep\u0161\u00ed zdroj informac\u00ed o kapele Simple Plan\",\"publisher\":{\"@id\":\"https:\/\/www.simpleplan.cz\/cz\/#organization\"},\"potentialAction\":[{\"@type\":\"SearchAction\",\"target\":{\"@type\":\"EntryPoint\",\"urlTemplate\":\"https:\/\/www.simpleplan.cz\/cz\/?s={search_term_string}\"},\"query-input\":\"required name=search_term_string\"}],\"inLanguage\":\"cs\"},{\"@type\":\"Organization\",\"@id\":\"https:\/\/www.simpleplan.cz\/cz\/#organization\",\"name\":\"CZ: SimplePlan.cz\",\"url\":\"https:\/\/www.simpleplan.cz\/cz\/\",\"logo\":{\"@type\":\"ImageObject\",\"inLanguage\":\"cs\",\"@id\":\"https:\/\/www.simpleplan.cz\/cz\/#\/schema\/logo\/image\/\",\"url\":\"https:\/\/www.simpleplan.cz\/cz\/wp-content\/uploads\/spczlogo.png\",\"contentUrl\":\"https:\/\/www.simpleplan.cz\/cz\/wp-content\/uploads\/spczlogo.png\",\"width\":250,\"height\":190,\"caption\":\"CZ: SimplePlan.cz\"},\"image\":{\"@id\":\"https:\/\/www.simpleplan.cz\/cz\/#\/schema\/logo\/image\/\"},\"sameAs\":[\"http:\/\/www.facebook.com\/simpleplancz\",\"https:\/\/twitter.com\/simpleplancz\",\"http:\/\/www.instagram.com\/simpleplancz\",\"http:\/\/www.youtube.com\/simpleplancz\"]},{\"@type\":\"Person\",\"@id\":\"https:\/\/www.simpleplan.cz\/cz\/#\/schema\/person\/bb90dd25f4baab7793fc73ab0b783730\",\"name\":\"Dominika\",\"image\":{\"@type\":\"ImageObject\",\"inLanguage\":\"cs\",\"@id\":\"https:\/\/www.simpleplan.cz\/cz\/#\/schema\/person\/image\/\",\"url\":\"https:\/\/secure.gravatar.com\/avatar\/de55cb16a8578d56e96c89d1a0af3db5?s=96&d=mm&r=g\",\"contentUrl\":\"https:\/\/secure.gravatar.com\/avatar\/de55cb16a8578d56e96c89d1a0af3db5?s=96&d=mm&r=g\",\"caption\":\"Dominika\"},\"sameAs\":[\"http:\/\/www.simpleplan.cz\"],\"url\":\"https:\/\/www.simpleplan.cz\/cz\/index.php\/author\/admin-2\/\"}]}<\/script>\n<!-- \/ Yoast SEO plugin. -->","yoast_head_json":{"title":"V\u00fdt\u011b\u017eky z akustick\u00e9ho vystoupen\u00ed Simple Plan v Orlandu budou v\u011bnov\u00e1ny na pomoc trag\u00e9dii v Pulse | CZ: SimplePlan.cz","robots":{"index":"index","follow":"follow","max-snippet":"max-snippet:-1","max-image-preview":"max-image-preview:large","max-video-preview":"max-video-preview:-1"},"canonical":"https:\/\/www.simpleplan.cz\/cz\/index.php\/vytezky-z-akustickeho-vystoupeni-simple-plan-v-orlandu-budou-venovany-na-pomoc-tragedii-v-pulse\/","og_locale":"cs_CZ","og_type":"article","og_title":"V\u00fdt\u011b\u017eky z akustick\u00e9ho vystoupen\u00ed Simple Plan v Orlandu budou v\u011bnov\u00e1ny na pomoc trag\u00e9dii v Pulse | CZ: SimplePlan.cz","og_description":"S ohledem na trag\u00e9dii v Orlandu, na Florid\u011b, p\u0159i kter\u00e9 minul\u00fd v\u00edkend b\u011bhem st\u0159elby v","og_url":"https:\/\/www.simpleplan.cz\/cz\/index.php\/vytezky-z-akustickeho-vystoupeni-simple-plan-v-orlandu-budou-venovany-na-pomoc-tragedii-v-pulse\/","og_site_name":"CZ: SimplePlan.cz","article_publisher":"http:\/\/www.facebook.com\/simpleplancz","article_published_time":"2016-06-17T06:09:44+00:00","article_modified_time":"2023-06-26T05:18:13+00:00","og_image":[{"url":"http:\/\/i.imgur.com\/4jtw8l8.png"}],"author":"Dominika","twitter_card":"summary_large_image","twitter_creator":"@simpleplancz","twitter_site":"@simpleplancz","twitter_misc":{"Napsal(a)":"Dominika","Odhadovan\u00e1 doba \u010dten\u00ed":"1 minuta"},"schema":{"@context":"https:\/\/schema.org","@graph":[{"@type":"Article","@id":"https:\/\/www.simpleplan.cz\/cz\/index.php\/vytezky-z-akustickeho-vystoupeni-simple-plan-v-orlandu-budou-venovany-na-pomoc-tragedii-v-pulse\/#article","isPartOf":{"@id":"https:\/\/www.simpleplan.cz\/cz\/index.php\/vytezky-z-akustickeho-vystoupeni-simple-plan-v-orlandu-budou-venovany-na-pomoc-tragedii-v-pulse\/"},"author":{"name":"Dominika","@id":"https:\/\/www.simpleplan.cz\/cz\/#\/schema\/person\/bb90dd25f4baab7793fc73ab0b783730"},"headline":"V\u00fdt\u011b\u017eky z akustick\u00e9ho vystoupen\u00ed Simple Plan v Orlandu budou v\u011bnov\u00e1ny na pomoc trag\u00e9dii v Pulse","datePublished":"2016-06-17T06:09:44+00:00","dateModified":"2023-06-26T05:18:13+00:00","mainEntityOfPage":{"@id":"https:\/\/www.simpleplan.cz\/cz\/index.php\/vytezky-z-akustickeho-vystoupeni-simple-plan-v-orlandu-budou-venovany-na-pomoc-tragedii-v-pulse\/"},"wordCount":229,"commentCount":1,"publisher":{"@id":"https:\/\/www.simpleplan.cz\/cz\/#organization"},"keywords":["Florida","Mix 105.1's Acoustic Summer","Orlando"],"articleSection":["koncerty","novinky"],"inLanguage":"cs","potentialAction":[{"@type":"CommentAction","name":"Comment","target":["https:\/\/www.simpleplan.cz\/cz\/index.php\/vytezky-z-akustickeho-vystoupeni-simple-plan-v-orlandu-budou-venovany-na-pomoc-tragedii-v-pulse\/#respond"]}]},{"@type":"WebPage","@id":"https:\/\/www.simpleplan.cz\/cz\/index.php\/vytezky-z-akustickeho-vystoupeni-simple-plan-v-orlandu-budou-venovany-na-pomoc-tragedii-v-pulse\/","url":"https:\/\/www.simpleplan.cz\/cz\/index.php\/vytezky-z-akustickeho-vystoupeni-simple-plan-v-orlandu-budou-venovany-na-pomoc-tragedii-v-pulse\/","name":"V\u00fdt\u011b\u017eky z akustick\u00e9ho vystoupen\u00ed Simple Plan v Orlandu budou v\u011bnov\u00e1ny na pomoc trag\u00e9dii v Pulse | CZ: SimplePlan.cz","isPartOf":{"@id":"https:\/\/www.simpleplan.cz\/cz\/#website"},"datePublished":"2016-06-17T06:09:44+00:00","dateModified":"2023-06-26T05:18:13+00:00","breadcrumb":{"@id":"https:\/\/www.simpleplan.cz\/cz\/index.php\/vytezky-z-akustickeho-vystoupeni-simple-plan-v-orlandu-budou-venovany-na-pomoc-tragedii-v-pulse\/#breadcrumb"},"inLanguage":"cs","potentialAction":[{"@type":"ReadAction","target":["https:\/\/www.simpleplan.cz\/cz\/index.php\/vytezky-z-akustickeho-vystoupeni-simple-plan-v-orlandu-budou-venovany-na-pomoc-tragedii-v-pulse\/"]}]},{"@type":"BreadcrumbList","@id":"https:\/\/www.simpleplan.cz\/cz\/index.php\/vytezky-z-akustickeho-vystoupeni-simple-plan-v-orlandu-budou-venovany-na-pomoc-tragedii-v-pulse\/#breadcrumb","itemListElement":[{"@type":"ListItem","position":1,"name":"Dom\u016f","item":"https:\/\/www.simpleplan.cz\/cz\/"},{"@type":"ListItem","position":2,"name":"koncerty","item":"https:\/\/www.simpleplan.cz\/cz\/index.php\/category\/koncerty\/"},{"@type":"ListItem","position":3,"name":"V\u00fdt\u011b\u017eky z akustick\u00e9ho vystoupen\u00ed Simple Plan v Orlandu budou v\u011bnov\u00e1ny na pomoc trag\u00e9dii v Pulse"}]},{"@type":"WebSite","@id":"https:\/\/www.simpleplan.cz\/cz\/#website","url":"https:\/\/www.simpleplan.cz\/cz\/","name":"CZ: SimplePlan.cz","description":"Nejlep\u0161\u00ed zdroj informac\u00ed o kapele Simple Plan","publisher":{"@id":"https:\/\/www.simpleplan.cz\/cz\/#organization"},"potentialAction":[{"@type":"SearchAction","target":{"@type":"EntryPoint","urlTemplate":"https:\/\/www.simpleplan.cz\/cz\/?s={search_term_string}"},"query-input":"required name=search_term_string"}],"inLanguage":"cs"},{"@type":"Organization","@id":"https:\/\/www.simpleplan.cz\/cz\/#organization","name":"CZ: SimplePlan.cz","url":"https:\/\/www.simpleplan.cz\/cz\/","logo":{"@type":"ImageObject","inLanguage":"cs","@id":"https:\/\/www.simpleplan.cz\/cz\/#\/schema\/logo\/image\/","url":"https:\/\/www.simpleplan.cz\/cz\/wp-content\/uploads\/spczlogo.png","contentUrl":"https:\/\/www.simpleplan.cz\/cz\/wp-content\/uploads\/spczlogo.png","width":250,"height":190,"caption":"CZ: SimplePlan.cz"},"image":{"@id":"https:\/\/www.simpleplan.cz\/cz\/#\/schema\/logo\/image\/"},"sameAs":["http:\/\/www.facebook.com\/simpleplancz","https:\/\/twitter.com\/simpleplancz","http:\/\/www.instagram.com\/simpleplancz","http:\/\/www.youtube.com\/simpleplancz"]},{"@type":"Person","@id":"https:\/\/www.simpleplan.cz\/cz\/#\/schema\/person\/bb90dd25f4baab7793fc73ab0b783730","name":"Dominika","image":{"@type":"ImageObject","inLanguage":"cs","@id":"https:\/\/www.simpleplan.cz\/cz\/#\/schema\/person\/image\/","url":"https:\/\/secure.gravatar.com\/avatar\/de55cb16a8578d56e96c89d1a0af3db5?s=96&d=mm&r=g","contentUrl":"https:\/\/secure.gravatar.com\/avatar\/de55cb16a8578d56e96c89d1a0af3db5?s=96&d=mm&r=g","caption":"Dominika"},"sameAs":["http:\/\/www.simpleplan.cz"],"url":"https:\/\/www.simpleplan.cz\/cz\/index.php\/author\/admin-2\/"}]}},"featured_image_urls":{"full":"","thumbnail":"","medium":"","medium_large":"","large":"","1536x1536":"","2048x2048":"","elegant-magazine-featured":"","elegant-magazine-medium":"","elegant-magazine-medium-small":"","elegant-magazine-thumbnail-small":""},"author_info":{"display_name":"Dominika","author_link":"https:\/\/www.simpleplan.cz\/cz\/index.php\/author\/admin-2\/"},"category_info":"<a href=\"https:\/\/www.simpleplan.cz\/cz\/index.php\/category\/koncerty\/\" rel=\"category tag\">koncerty<\/a> <a href=\"https:\/\/www.simpleplan.cz\/cz\/index.php\/category\/novinky\/\" rel=\"category tag\">novinky<\/a>","tag_info":"novinky","comment_count":"1","_links":{"self":[{"href":"https:\/\/www.simpleplan.cz\/cz\/index.php\/wp-json\/wp\/v2\/posts\/19257"}],"collection":[{"href":"https:\/\/www.simpleplan.cz\/cz\/index.php\/wp-json\/wp\/v2\/posts"}],"about":[{"href":"https:\/\/www.simpleplan.cz\/cz\/index.php\/wp-json\/wp\/v2\/types\/post"}],"author":[{"embeddable":true,"href":"https:\/\/www.simpleplan.cz\/cz\/index.php\/wp-json\/wp\/v2\/users\/5"}],"replies":[{"embeddable":true,"href":"https:\/\/www.simpleplan.cz\/cz\/index.php\/wp-json\/wp\/v2\/comments?post=19257"}],"version-history":[{"count":4,"href":"https:\/\/www.simpleplan.cz\/cz\/index.php\/wp-json\/wp\/v2\/posts\/19257\/revisions"}],"predecessor-version":[{"id":30524,"href":"https:\/\/www.simpleplan.cz\/cz\/index.php\/wp-json\/wp\/v2\/posts\/19257\/revisions\/30524"}],"wp:attachment":[{"href":"https:\/\/www.simpleplan.cz\/cz\/index.php\/wp-json\/wp\/v2\/media?parent=19257"}],"wp:term":[{"taxonomy":"category","embeddable":true,"href":"https:\/\/www.simpleplan.cz\/cz\/index.php\/wp-json\/wp\/v2\/categories?post=19257"},{"taxonomy":"post_tag","embeddable":true,"href":"https:\/\/www.simpleplan.cz\/cz\/index.php\/wp-json\/wp\/v2\/tags?post=19257"}],"curies":[{"name":"wp","href":"https:\/\/api.w.org\/{rel}","templated":true}]}}