{"id":19851,"date":"2016-08-06T22:54:39","date_gmt":"2016-08-06T20:54:39","guid":{"rendered":"http:\/\/www.simpleplan.cz\/cz\/?p=19851"},"modified":"2023-06-26T07:18:06","modified_gmt":"2023-06-26T05:18:06","slug":"zvest-vrati-se-simple-plan-zpatky-studia-jiz-v-roce-2017","status":"publish","type":"post","link":"https:\/\/www.simpleplan.cz\/cz\/index.php\/zvest-vrati-se-simple-plan-zpatky-studia-jiz-v-roce-2017\/","title":{"rendered":"ZV\u011aST: Vr\u00e1t\u00ed se Simple Plan zp\u00e1tky do studia ji\u017e v roce 2017?"},"content":{"rendered":"<p><center><img decoding=\"async\" src=\"http:\/\/www.simpleplan.cz\/gal\/4287.gif\"\/><\/center><\/p>\n<p>V ned\u00e1vn\u00e9m rozhovoru pro <a href=\"http:\/\/www.lapresse.ca\/la-voix-de-lest\/arts\/201607\/29\/01-5005715-simple-plan-pret-pour-acton-vale.php\" target=\"_blank\" rel=\"noopener\">La Presse<\/a>, Jeff Stinco op\u011bt hovo\u0159il o nadch\u00e1zej\u00edc\u00edch pl\u00e1nech kapely, t\u00fdkaj\u00edc\u00edch se tourov\u00e1n\u00ed a p\u0159\u00edpravy \u0161est\u00e9ho alba. Jeff <a href=\"http:\/\/www.simpleplan.cz\/cz\/index.php\/simple-plan-planuji-zacit-pracovat-na-6-albu-ihned-po-18-mesicich-tourovani\/\" target=\"_blank\" rel=\"noopener\">op\u011bt<\/a> potvrdil, \u017ee <b>kapela pl\u00e1nuje p\u0159esko\u010dit jejich tradi\u010dn\u00ed pauzu mezi deskami, a p\u0159ej\u00edt rovnou k pracem na dal\u0161\u00edm albu<\/b>. V tomto rozhovoru Jeff tak\u00e9 zm\u00ednil, \u017ee by jejich Taking One For The Team turn\u00e9 m\u011blo skon\u010dit okolo kv\u011btna 2017, po \u010dem\u017e \u010dl\u00e1nek zmi\u0148uje, \u017ee by kapela cht\u011bla j\u00edt hned &#8222;zp\u00e1tky do studia&#8220; &#8211; st\u00e1le je\u0161t\u011b v roce 2017. Tady je p\u0159esn\u00fd p\u0159eklad t\u00e9to \u010d\u00e1sti \u010dl\u00e1nku z La Presse:<\/p>\n<blockquote><p>I p\u0159esto, \u017ee album Taking One For The Team vy\u0161lo v roce 2016, <b>Simple Plan pl\u00e1nuj\u00ed vr\u00e1tit se do studia ji\u017e p\u0159\u00ed\u0161t\u00ed rok<\/b>. &#8222;Na\u0161im c\u00edlem je tentokr\u00e1t nem\u00edt \u0159\u00e1dnou p\u0159est\u00e1vku.&#8220;<\/p><\/blockquote>\n<p>Ale je\u0161t\u011b se p\u0159\u00edli\u0161 neradujte &#8211; i p\u0159esto, \u017ee toto v\u0161e zn\u00ed velmi p\u011bkn\u011b, m\u011bli bychom b\u00fdt ohledn\u011b t\u00e9to zv\u011bsti dost obez\u0159etn\u00ed. <b>Vzhledem k tomu, \u017ee tato informace nepoch\u00e1z\u00ed z p\u0159\u00edm\u00e9 citace, je zde velk\u00e1 pravd\u011bpodobnost, \u017ee zde do\u0161lo pouze k nedorozum\u011bn\u00ed ze strany La Presse<\/b>, jeho\u017e report\u00e9r nemus\u00ed b\u00fdt obezn\u00e1men s t\u00edm, \u017ee Simple Plan nikdy neskl\u00e1daj\u00ed p\u00edsn\u011b v pr\u016fb\u011bhu turn\u00e9, ale jejich skl\u00e1dac\u00ed proces zah\u00e1j\u00ed v\u017edy a\u017e <b>po<\/b> zm\u00edn\u011bn\u00e9 &#8222;pr\u00e1zdninov\u00e9&#8220; pauze, kterou by kluci tentokr\u00e1t cht\u011bli vynechat. Pokud by toti\u017e Simple Plan skute\u010dn\u011b skon\u010dili turn\u00e9 v kv\u011btnu 2017 a zam\u00ed\u0159ili p\u0159\u00edmo ke skl\u00e1d\u00e1n\u00ed, je v\u00edce ne\u017e pravd\u011bpodobn\u00e9, \u017ee tento skl\u00e1dac\u00ed proces bude trvat minim\u00e1ln\u011b do za\u010d\u00e1tku roku 2018. Teprve pot\u00e9 by pak mohli skute\u010dn\u011b vstoupit do studia, kde by desku nahr\u00e1li. Je velice nerealistick\u00e9, \u017ee by Simple Plan skute\u010dn\u011b pl\u00e1novali vstoupit do nahr\u00e1vac\u00edho studia ji\u017e v p\u0159\u00ed\u0161t\u00edm roce, jeliko\u017e to je a\u017e t\u00e9m\u011b\u0159 posledn\u00ed \u010d\u00e1st tvorby jejich desek, nebo\u0165 skl\u00e1dac\u00ed proces \u010dasto zabere tu nejv\u011bt\u0161\u00ed \u010d\u00e1st tohoto procesu. Nehled\u011b na to, \u017ee je t\u0159eba v\u017edy vz\u00edt v potaz je\u0161t\u011b post-produkci, kter\u00e1 by po nahr\u00e1n\u00ed alba mohla trvat je\u0161t\u011b minim\u00e1ln\u011b dal\u0161\u00edho p\u016fl roku.<\/p>\n<p>Pozitivn\u00ed na t\u00e9to zpr\u00e1v\u011b v\u0161ak je, \u017ee nyn\u00ed m\u00e1me ji\u017e dv\u011b potvrzen\u00ed ze strany kapely, \u017ee kluci skute\u010dn\u011b pl\u00e1nuj\u00ed za\u010d\u00edt na nov\u00e9m albu pracovat ji\u017e v p\u0159\u00ed\u0161t\u00edm roce, ihned pot\u00e9, co jim skon\u010d\u00ed jejich turn\u00e9. <b>To by mohlo znamenat daleko krat\u0161\u00ed \u010das mezi p\u00e1t\u00fdm a \u0161est\u00fdm albem<\/b>, co\u017e by v dne\u0161n\u00edm tak rychle se m\u011bn\u00edc\u00edm hudebn\u00edm pr\u016fmyslu bylo pro kluky v\u00edce ne\u017e doporu\u010den\u00edhodn\u00e9.<\/p>\n<div class=\"fblikebutton_button\" style=\"float: left; padding-top: 20px; margin-right: 20px; padding-bottom: 20px; padding-left: 20px;\"><iframe src=\"http:\/\/www.facebook.com\/plugins\/like.php?href=https%3A%2F%2Fwww.simpleplan.cz%2Fcz%2Findex.php%2Fzvest-vrati-se-simple-plan-zpatky-studia-jiz-v-roce-2017%2F&amp;layout=standard&amp;show-faces=false&amp;width=450&amp;action=like&amp;colorscheme=light\" scrolling=\"no\" frameborder=\"0\" allowTransparency=\"true\" style=\"border:none; overflow:hidden; width:450px; height:26px\"><\/iframe><\/div>\n","protected":false},"excerpt":{"rendered":"<p>V ned\u00e1vn\u00e9m rozhovoru pro La Presse, Jeff Stinco op\u011bt hovo\u0159il o nadch\u00e1zej\u00edc\u00edch pl\u00e1nech kapely, t\u00fdkaj\u00edc\u00edch<\/p>\n","protected":false},"author":5,"featured_media":0,"comment_status":"open","ping_status":"open","sticky":false,"template":"","format":"standard","meta":{"footnotes":"","fifu_image_url":"","fifu_image_alt":""},"categories":[2277,4,18],"tags":[1256],"yoast_head":"<!-- This site is optimized with the Yoast SEO plugin v20.9 - https:\/\/yoast.com\/wordpress\/plugins\/seo\/ -->\n<title>ZV\u011aST: Vr\u00e1t\u00ed se Simple Plan zp\u00e1tky do studia ji\u017e v roce 2017? | CZ: SimplePlan.cz<\/title>\n<meta name=\"robots\" content=\"index, follow, max-snippet:-1, max-image-preview:large, max-video-preview:-1\" \/>\n<link rel=\"canonical\" href=\"https:\/\/www.simpleplan.cz\/cz\/index.php\/zvest-vrati-se-simple-plan-zpatky-studia-jiz-v-roce-2017\/\" \/>\n<meta property=\"og:locale\" content=\"cs_CZ\" \/>\n<meta property=\"og:type\" content=\"article\" \/>\n<meta property=\"og:title\" content=\"ZV\u011aST: Vr\u00e1t\u00ed se Simple Plan zp\u00e1tky do studia ji\u017e v roce 2017? | CZ: SimplePlan.cz\" \/>\n<meta property=\"og:description\" content=\"V ned\u00e1vn\u00e9m rozhovoru pro La Presse, Jeff Stinco op\u011bt hovo\u0159il o nadch\u00e1zej\u00edc\u00edch pl\u00e1nech kapely, t\u00fdkaj\u00edc\u00edch\" \/>\n<meta property=\"og:url\" content=\"https:\/\/www.simpleplan.cz\/cz\/index.php\/zvest-vrati-se-simple-plan-zpatky-studia-jiz-v-roce-2017\/\" \/>\n<meta property=\"og:site_name\" content=\"CZ: SimplePlan.cz\" \/>\n<meta property=\"article:publisher\" content=\"http:\/\/www.facebook.com\/simpleplancz\" \/>\n<meta property=\"article:published_time\" content=\"2016-08-06T20:54:39+00:00\" \/>\n<meta property=\"article:modified_time\" content=\"2023-06-26T05:18:06+00:00\" \/>\n<meta property=\"og:image\" content=\"http:\/\/www.simpleplan.cz\/gal\/4287.gif\" \/>\n<meta name=\"author\" content=\"Dominika\" \/>\n<meta name=\"twitter:card\" content=\"summary_large_image\" \/>\n<meta name=\"twitter:creator\" content=\"@simpleplancz\" \/>\n<meta name=\"twitter:site\" content=\"@simpleplancz\" \/>\n<meta name=\"twitter:label1\" content=\"Napsal(a)\" \/>\n\t<meta name=\"twitter:data1\" content=\"Dominika\" \/>\n\t<meta name=\"twitter:label2\" content=\"Odhadovan\u00e1 doba \u010dten\u00ed\" \/>\n\t<meta name=\"twitter:data2\" content=\"2 minuty\" \/>\n<script type=\"application\/ld+json\" class=\"yoast-schema-graph\">{\"@context\":\"https:\/\/schema.org\",\"@graph\":[{\"@type\":\"Article\",\"@id\":\"https:\/\/www.simpleplan.cz\/cz\/index.php\/zvest-vrati-se-simple-plan-zpatky-studia-jiz-v-roce-2017\/#article\",\"isPartOf\":{\"@id\":\"https:\/\/www.simpleplan.cz\/cz\/index.php\/zvest-vrati-se-simple-plan-zpatky-studia-jiz-v-roce-2017\/\"},\"author\":{\"name\":\"Dominika\",\"@id\":\"https:\/\/www.simpleplan.cz\/cz\/#\/schema\/person\/bb90dd25f4baab7793fc73ab0b783730\"},\"headline\":\"ZV\u011aST: Vr\u00e1t\u00ed se Simple Plan zp\u00e1tky do studia ji\u017e v roce 2017?\",\"datePublished\":\"2016-08-06T20:54:39+00:00\",\"dateModified\":\"2023-06-26T05:18:06+00:00\",\"mainEntityOfPage\":{\"@id\":\"https:\/\/www.simpleplan.cz\/cz\/index.php\/zvest-vrati-se-simple-plan-zpatky-studia-jiz-v-roce-2017\/\"},\"wordCount\":510,\"commentCount\":1,\"publisher\":{\"@id\":\"https:\/\/www.simpleplan.cz\/cz\/#organization\"},\"keywords\":[\"La Presse\"],\"articleSection\":[\"6. album\",\"Jeff\",\"m\u00e9dia\"],\"inLanguage\":\"cs\",\"potentialAction\":[{\"@type\":\"CommentAction\",\"name\":\"Comment\",\"target\":[\"https:\/\/www.simpleplan.cz\/cz\/index.php\/zvest-vrati-se-simple-plan-zpatky-studia-jiz-v-roce-2017\/#respond\"]}]},{\"@type\":\"WebPage\",\"@id\":\"https:\/\/www.simpleplan.cz\/cz\/index.php\/zvest-vrati-se-simple-plan-zpatky-studia-jiz-v-roce-2017\/\",\"url\":\"https:\/\/www.simpleplan.cz\/cz\/index.php\/zvest-vrati-se-simple-plan-zpatky-studia-jiz-v-roce-2017\/\",\"name\":\"ZV\u011aST: Vr\u00e1t\u00ed se Simple Plan zp\u00e1tky do studia ji\u017e v roce 2017? | CZ: SimplePlan.cz\",\"isPartOf\":{\"@id\":\"https:\/\/www.simpleplan.cz\/cz\/#website\"},\"datePublished\":\"2016-08-06T20:54:39+00:00\",\"dateModified\":\"2023-06-26T05:18:06+00:00\",\"breadcrumb\":{\"@id\":\"https:\/\/www.simpleplan.cz\/cz\/index.php\/zvest-vrati-se-simple-plan-zpatky-studia-jiz-v-roce-2017\/#breadcrumb\"},\"inLanguage\":\"cs\",\"potentialAction\":[{\"@type\":\"ReadAction\",\"target\":[\"https:\/\/www.simpleplan.cz\/cz\/index.php\/zvest-vrati-se-simple-plan-zpatky-studia-jiz-v-roce-2017\/\"]}]},{\"@type\":\"BreadcrumbList\",\"@id\":\"https:\/\/www.simpleplan.cz\/cz\/index.php\/zvest-vrati-se-simple-plan-zpatky-studia-jiz-v-roce-2017\/#breadcrumb\",\"itemListElement\":[{\"@type\":\"ListItem\",\"position\":1,\"name\":\"Dom\u016f\",\"item\":\"https:\/\/www.simpleplan.cz\/cz\/\"},{\"@type\":\"ListItem\",\"position\":2,\"name\":\"6. album\",\"item\":\"https:\/\/www.simpleplan.cz\/cz\/index.php\/category\/6-album\/\"},{\"@type\":\"ListItem\",\"position\":3,\"name\":\"ZV\u011aST: Vr\u00e1t\u00ed se Simple Plan zp\u00e1tky do studia ji\u017e v roce 2017?\"}]},{\"@type\":\"WebSite\",\"@id\":\"https:\/\/www.simpleplan.cz\/cz\/#website\",\"url\":\"https:\/\/www.simpleplan.cz\/cz\/\",\"name\":\"CZ: SimplePlan.cz\",\"description\":\"Nejlep\u0161\u00ed zdroj informac\u00ed o kapele Simple Plan\",\"publisher\":{\"@id\":\"https:\/\/www.simpleplan.cz\/cz\/#organization\"},\"potentialAction\":[{\"@type\":\"SearchAction\",\"target\":{\"@type\":\"EntryPoint\",\"urlTemplate\":\"https:\/\/www.simpleplan.cz\/cz\/?s={search_term_string}\"},\"query-input\":\"required name=search_term_string\"}],\"inLanguage\":\"cs\"},{\"@type\":\"Organization\",\"@id\":\"https:\/\/www.simpleplan.cz\/cz\/#organization\",\"name\":\"CZ: SimplePlan.cz\",\"url\":\"https:\/\/www.simpleplan.cz\/cz\/\",\"logo\":{\"@type\":\"ImageObject\",\"inLanguage\":\"cs\",\"@id\":\"https:\/\/www.simpleplan.cz\/cz\/#\/schema\/logo\/image\/\",\"url\":\"https:\/\/www.simpleplan.cz\/cz\/wp-content\/uploads\/spczlogo.png\",\"contentUrl\":\"https:\/\/www.simpleplan.cz\/cz\/wp-content\/uploads\/spczlogo.png\",\"width\":250,\"height\":190,\"caption\":\"CZ: SimplePlan.cz\"},\"image\":{\"@id\":\"https:\/\/www.simpleplan.cz\/cz\/#\/schema\/logo\/image\/\"},\"sameAs\":[\"http:\/\/www.facebook.com\/simpleplancz\",\"https:\/\/twitter.com\/simpleplancz\",\"http:\/\/www.instagram.com\/simpleplancz\",\"http:\/\/www.youtube.com\/simpleplancz\"]},{\"@type\":\"Person\",\"@id\":\"https:\/\/www.simpleplan.cz\/cz\/#\/schema\/person\/bb90dd25f4baab7793fc73ab0b783730\",\"name\":\"Dominika\",\"image\":{\"@type\":\"ImageObject\",\"inLanguage\":\"cs\",\"@id\":\"https:\/\/www.simpleplan.cz\/cz\/#\/schema\/person\/image\/\",\"url\":\"https:\/\/secure.gravatar.com\/avatar\/de55cb16a8578d56e96c89d1a0af3db5?s=96&d=mm&r=g\",\"contentUrl\":\"https:\/\/secure.gravatar.com\/avatar\/de55cb16a8578d56e96c89d1a0af3db5?s=96&d=mm&r=g\",\"caption\":\"Dominika\"},\"sameAs\":[\"http:\/\/www.simpleplan.cz\"],\"url\":\"https:\/\/www.simpleplan.cz\/cz\/index.php\/author\/admin-2\/\"}]}<\/script>\n<!-- \/ Yoast SEO plugin. -->","yoast_head_json":{"title":"ZV\u011aST: Vr\u00e1t\u00ed se Simple Plan zp\u00e1tky do studia ji\u017e v roce 2017? | CZ: SimplePlan.cz","robots":{"index":"index","follow":"follow","max-snippet":"max-snippet:-1","max-image-preview":"max-image-preview:large","max-video-preview":"max-video-preview:-1"},"canonical":"https:\/\/www.simpleplan.cz\/cz\/index.php\/zvest-vrati-se-simple-plan-zpatky-studia-jiz-v-roce-2017\/","og_locale":"cs_CZ","og_type":"article","og_title":"ZV\u011aST: Vr\u00e1t\u00ed se Simple Plan zp\u00e1tky do studia ji\u017e v roce 2017? | CZ: SimplePlan.cz","og_description":"V ned\u00e1vn\u00e9m rozhovoru pro La Presse, Jeff Stinco op\u011bt hovo\u0159il o nadch\u00e1zej\u00edc\u00edch pl\u00e1nech kapely, t\u00fdkaj\u00edc\u00edch","og_url":"https:\/\/www.simpleplan.cz\/cz\/index.php\/zvest-vrati-se-simple-plan-zpatky-studia-jiz-v-roce-2017\/","og_site_name":"CZ: SimplePlan.cz","article_publisher":"http:\/\/www.facebook.com\/simpleplancz","article_published_time":"2016-08-06T20:54:39+00:00","article_modified_time":"2023-06-26T05:18:06+00:00","og_image":[{"url":"http:\/\/www.simpleplan.cz\/gal\/4287.gif"}],"author":"Dominika","twitter_card":"summary_large_image","twitter_creator":"@simpleplancz","twitter_site":"@simpleplancz","twitter_misc":{"Napsal(a)":"Dominika","Odhadovan\u00e1 doba \u010dten\u00ed":"2 minuty"},"schema":{"@context":"https:\/\/schema.org","@graph":[{"@type":"Article","@id":"https:\/\/www.simpleplan.cz\/cz\/index.php\/zvest-vrati-se-simple-plan-zpatky-studia-jiz-v-roce-2017\/#article","isPartOf":{"@id":"https:\/\/www.simpleplan.cz\/cz\/index.php\/zvest-vrati-se-simple-plan-zpatky-studia-jiz-v-roce-2017\/"},"author":{"name":"Dominika","@id":"https:\/\/www.simpleplan.cz\/cz\/#\/schema\/person\/bb90dd25f4baab7793fc73ab0b783730"},"headline":"ZV\u011aST: Vr\u00e1t\u00ed se Simple Plan zp\u00e1tky do studia ji\u017e v roce 2017?","datePublished":"2016-08-06T20:54:39+00:00","dateModified":"2023-06-26T05:18:06+00:00","mainEntityOfPage":{"@id":"https:\/\/www.simpleplan.cz\/cz\/index.php\/zvest-vrati-se-simple-plan-zpatky-studia-jiz-v-roce-2017\/"},"wordCount":510,"commentCount":1,"publisher":{"@id":"https:\/\/www.simpleplan.cz\/cz\/#organization"},"keywords":["La Presse"],"articleSection":["6. album","Jeff","m\u00e9dia"],"inLanguage":"cs","potentialAction":[{"@type":"CommentAction","name":"Comment","target":["https:\/\/www.simpleplan.cz\/cz\/index.php\/zvest-vrati-se-simple-plan-zpatky-studia-jiz-v-roce-2017\/#respond"]}]},{"@type":"WebPage","@id":"https:\/\/www.simpleplan.cz\/cz\/index.php\/zvest-vrati-se-simple-plan-zpatky-studia-jiz-v-roce-2017\/","url":"https:\/\/www.simpleplan.cz\/cz\/index.php\/zvest-vrati-se-simple-plan-zpatky-studia-jiz-v-roce-2017\/","name":"ZV\u011aST: Vr\u00e1t\u00ed se Simple Plan zp\u00e1tky do studia ji\u017e v roce 2017? | CZ: SimplePlan.cz","isPartOf":{"@id":"https:\/\/www.simpleplan.cz\/cz\/#website"},"datePublished":"2016-08-06T20:54:39+00:00","dateModified":"2023-06-26T05:18:06+00:00","breadcrumb":{"@id":"https:\/\/www.simpleplan.cz\/cz\/index.php\/zvest-vrati-se-simple-plan-zpatky-studia-jiz-v-roce-2017\/#breadcrumb"},"inLanguage":"cs","potentialAction":[{"@type":"ReadAction","target":["https:\/\/www.simpleplan.cz\/cz\/index.php\/zvest-vrati-se-simple-plan-zpatky-studia-jiz-v-roce-2017\/"]}]},{"@type":"BreadcrumbList","@id":"https:\/\/www.simpleplan.cz\/cz\/index.php\/zvest-vrati-se-simple-plan-zpatky-studia-jiz-v-roce-2017\/#breadcrumb","itemListElement":[{"@type":"ListItem","position":1,"name":"Dom\u016f","item":"https:\/\/www.simpleplan.cz\/cz\/"},{"@type":"ListItem","position":2,"name":"6. album","item":"https:\/\/www.simpleplan.cz\/cz\/index.php\/category\/6-album\/"},{"@type":"ListItem","position":3,"name":"ZV\u011aST: Vr\u00e1t\u00ed se Simple Plan zp\u00e1tky do studia ji\u017e v roce 2017?"}]},{"@type":"WebSite","@id":"https:\/\/www.simpleplan.cz\/cz\/#website","url":"https:\/\/www.simpleplan.cz\/cz\/","name":"CZ: SimplePlan.cz","description":"Nejlep\u0161\u00ed zdroj informac\u00ed o kapele Simple Plan","publisher":{"@id":"https:\/\/www.simpleplan.cz\/cz\/#organization"},"potentialAction":[{"@type":"SearchAction","target":{"@type":"EntryPoint","urlTemplate":"https:\/\/www.simpleplan.cz\/cz\/?s={search_term_string}"},"query-input":"required name=search_term_string"}],"inLanguage":"cs"},{"@type":"Organization","@id":"https:\/\/www.simpleplan.cz\/cz\/#organization","name":"CZ: SimplePlan.cz","url":"https:\/\/www.simpleplan.cz\/cz\/","logo":{"@type":"ImageObject","inLanguage":"cs","@id":"https:\/\/www.simpleplan.cz\/cz\/#\/schema\/logo\/image\/","url":"https:\/\/www.simpleplan.cz\/cz\/wp-content\/uploads\/spczlogo.png","contentUrl":"https:\/\/www.simpleplan.cz\/cz\/wp-content\/uploads\/spczlogo.png","width":250,"height":190,"caption":"CZ: SimplePlan.cz"},"image":{"@id":"https:\/\/www.simpleplan.cz\/cz\/#\/schema\/logo\/image\/"},"sameAs":["http:\/\/www.facebook.com\/simpleplancz","https:\/\/twitter.com\/simpleplancz","http:\/\/www.instagram.com\/simpleplancz","http:\/\/www.youtube.com\/simpleplancz"]},{"@type":"Person","@id":"https:\/\/www.simpleplan.cz\/cz\/#\/schema\/person\/bb90dd25f4baab7793fc73ab0b783730","name":"Dominika","image":{"@type":"ImageObject","inLanguage":"cs","@id":"https:\/\/www.simpleplan.cz\/cz\/#\/schema\/person\/image\/","url":"https:\/\/secure.gravatar.com\/avatar\/de55cb16a8578d56e96c89d1a0af3db5?s=96&d=mm&r=g","contentUrl":"https:\/\/secure.gravatar.com\/avatar\/de55cb16a8578d56e96c89d1a0af3db5?s=96&d=mm&r=g","caption":"Dominika"},"sameAs":["http:\/\/www.simpleplan.cz"],"url":"https:\/\/www.simpleplan.cz\/cz\/index.php\/author\/admin-2\/"}]}},"featured_image_urls":{"full":"","thumbnail":"","medium":"","medium_large":"","large":"","1536x1536":"","2048x2048":"","elegant-magazine-featured":"","elegant-magazine-medium":"","elegant-magazine-medium-small":"","elegant-magazine-thumbnail-small":""},"author_info":{"display_name":"Dominika","author_link":"https:\/\/www.simpleplan.cz\/cz\/index.php\/author\/admin-2\/"},"category_info":"<a href=\"https:\/\/www.simpleplan.cz\/cz\/index.php\/category\/6-album\/\" rel=\"category tag\">6. album<\/a> <a href=\"https:\/\/www.simpleplan.cz\/cz\/index.php\/category\/jeff\/\" rel=\"category tag\">Jeff<\/a> <a href=\"https:\/\/www.simpleplan.cz\/cz\/index.php\/category\/media\/\" rel=\"category tag\">m\u00e9dia<\/a>","tag_info":"m\u00e9dia","comment_count":"1","_links":{"self":[{"href":"https:\/\/www.simpleplan.cz\/cz\/index.php\/wp-json\/wp\/v2\/posts\/19851"}],"collection":[{"href":"https:\/\/www.simpleplan.cz\/cz\/index.php\/wp-json\/wp\/v2\/posts"}],"about":[{"href":"https:\/\/www.simpleplan.cz\/cz\/index.php\/wp-json\/wp\/v2\/types\/post"}],"author":[{"embeddable":true,"href":"https:\/\/www.simpleplan.cz\/cz\/index.php\/wp-json\/wp\/v2\/users\/5"}],"replies":[{"embeddable":true,"href":"https:\/\/www.simpleplan.cz\/cz\/index.php\/wp-json\/wp\/v2\/comments?post=19851"}],"version-history":[{"count":11,"href":"https:\/\/www.simpleplan.cz\/cz\/index.php\/wp-json\/wp\/v2\/posts\/19851\/revisions"}],"predecessor-version":[{"id":30453,"href":"https:\/\/www.simpleplan.cz\/cz\/index.php\/wp-json\/wp\/v2\/posts\/19851\/revisions\/30453"}],"wp:attachment":[{"href":"https:\/\/www.simpleplan.cz\/cz\/index.php\/wp-json\/wp\/v2\/media?parent=19851"}],"wp:term":[{"taxonomy":"category","embeddable":true,"href":"https:\/\/www.simpleplan.cz\/cz\/index.php\/wp-json\/wp\/v2\/categories?post=19851"},{"taxonomy":"post_tag","embeddable":true,"href":"https:\/\/www.simpleplan.cz\/cz\/index.php\/wp-json\/wp\/v2\/tags?post=19851"}],"curies":[{"name":"wp","href":"https:\/\/api.w.org\/{rel}","templated":true}]}}