{"id":19979,"date":"2016-08-22T15:31:05","date_gmt":"2016-08-22T13:31:05","guid":{"rendered":"http:\/\/www.simpleplan.cz\/cz\/?p=19979"},"modified":"2023-06-26T07:07:31","modified_gmt":"2023-06-26T05:07:31","slug":"simple-plan-o-vinylu-planech-na-turne-v-2017-akustickem-albu-dvd-v-novem-rozhovoru","status":"publish","type":"post","link":"https:\/\/www.simpleplan.cz\/cz\/index.php\/simple-plan-o-vinylu-planech-na-turne-v-2017-akustickem-albu-dvd-v-novem-rozhovoru\/","title":{"rendered":"Simple Plan o vinylu, pl\u00e1nech na turn\u00e9 v 2017, akustick\u00e9m albu a DVD v nov\u00e9m rozhovoru"},"content":{"rendered":"<p><center><img decoding=\"async\" src=\"https:\/\/s10.postimg.org\/a0zgfr0s9\/1111.png\"\/><\/center><\/p>\n<p>Je\u0161t\u011b p\u0159ed p\u00e1te\u010dn\u00edm koncertem v Acton Vale, v Quebecu, m\u011bli na\u0161i kolegov\u00e9 ze serveru <a href=\"http:\/\/www.tempo-mag.com\" target=\"_blank\" rel=\"noopener\">Tempo-Mag.com<\/a> p\u0159\u00edle\u017eitost <b>vyzpov\u00eddat Sebastiena s Jeffem<\/b> ze Simple Plan a poda\u0159ilo se jim z\u00edskat hned n\u011bkolik velmi zaj\u00edmav\u00fdch informac\u00ed. Anglickou verzi cel\u00e9ho rozhovoru si m\u016f\u017eete p\u0159e\u010d\u00edst <a href=\"https:\/\/tempo-mag.com\/english-version\/\" target=\"_blank\" rel=\"noopener\">zde<\/a>, ale n\u00ed\u017ee v\u00e1m nab\u00edz\u00edm shrnut\u00ed toho nejd\u016fle\u017eit\u011bj\u0161\u00edho i s pat\u0159i\u010dn\u00fdm koment\u00e1\u0159e.<\/p>\n<div class=\"musichead\">Vyd\u00e1n\u00ed vinylu<\/div>\n<p>Jak jste mohli na SimplePlan.cz \u010d\u00edst ji\u017e <a href=\"http:\/\/www.simpleplan.cz\/cz\/index.php\/album-taking-one-for-the-team-od-simple-plan-bude-vydano-na-vinylovych-deskach\/\" target=\"_blank\" rel=\"noopener\">p\u0159ed ned\u00e1vnem<\/a>, <b>deska Taking One For The Team by m\u011bla b\u00fdt vyd\u00e1na tak\u00e9 ve form\u011b vinylu<\/b>, a to ji\u017e 2. z\u00e1\u0159\u00ed &#8211; podle n\u011bkolika evropsk\u00fdch internetov\u00fdch prodejc\u016f hudebnin. <b>Kapela v tomto rozhovoru vyd\u00e1n\u00ed vinylu TOFTT kone\u010dn\u011b potvrdila<\/b>, kdy\u017e Sebastien prozradil: <i>&#8222;Ano, vinylov\u00e1 verze by m\u011bla vyj\u00edt hned na n\u011bkolika m\u00edstech. Vinyly jsou hrozn\u011b cool! V sou\u010dasn\u00e9 chv\u00edli je z tov\u00e1rny doobjedn\u00e1v\u00e1me, proto\u017ee nebyly k dispozici. Tak\u017ee si mysl\u00edm, \u017ee to bude trvat bu\u010f u\u017e jen p\u00e1r m\u011bs\u00edc\u016f, nebo \u0159eba jen p\u00e1r t\u00fddn\u016f.&#8220;<\/i> Zat\u00edm nen\u00ed zn\u00e1mo, jestli zde Sebastien u\u017e bral v potaz n\u00e1m ji\u017e zn\u00e1m\u00e9 posunut\u00ed data vyd\u00e1n\u00ed tohoto vinylu (p\u016fvodn\u00ed datum vyd\u00e1n\u00ed m\u011blo b\u00fdt 5. srpna), nebo jestli mluv\u00ed o jeho dal\u0161\u00edm odlo\u017een\u00ed. A\u0165 tak, \u010di tak, nyn\u00ed je alespo\u0148 jist\u00e9, \u017ee Simple Plan v bl\u00edzk\u00e9 budoucnosti vyd\u00e1vat TOFTT na vinylu skute\u010dn\u011b pl\u00e1nuj\u00ed.<\/p>\n<div class=\"musichead\">Pl\u00e1ny na turn\u00e9 pro rok 2017<\/div>\n<p>Kluci se tak\u00e9 op\u011bt rozhovo\u0159ili o sv\u00fdch <b>tourovac\u00edch pl\u00e1nech pro rok 2017<\/b>. Jak Jeff ji\u017e <a href=\"http:\/\/www.simpleplan.cz\/cz\/index.php\/simple-plan-planuji-zacit-pracovat-na-6-albu-ihned-po-18-mesicich-tourovani\/\" target=\"_blank\" rel=\"noopener\">d\u0159\u00edve<\/a> zm\u00ednil, kapela pl\u00e1nuje zah\u00e1jit pr\u00e1ce na dal\u0161\u00ed studiov\u00e9 desce ihned po n\u00e1vratu z turn\u00e9 pro Taking One For The Team (\u0159e\u010d byla o ukon\u010den\u00ed turn\u00e9 okolo kv\u011btna 2017). Kam je ale turn\u00e9 v p\u0159\u00ed\u0161t\u00edm roce zavede? Vypad\u00e1 to, \u017ee si <b>kluci st\u00e1le stoj\u00ed za sv\u00fdmi pl\u00e1ny, mezi kter\u00e9 pat\u0159\u00ed Evropa a Kanada<\/b> &#8211; a ve h\u0159e z\u016fst\u00e1vaj\u00ed mo\u017en\u00e1 i letn\u00ed festivaly na obou t\u011bchto m\u00edstech, co\u017e by znamenalo, \u017ee term\u00edn &#8222;kv\u011bten 2017&#8220; by nemusel b\u00fdt je\u0161t\u011b tak \u00fapln\u011b vytes\u00e1n do kamene. Pokud budeme op\u011bt citovat Sebastiena: <i>&#8222;Samoz\u0159ejm\u011b, \u017ee chceme jet na turn\u00e9 i na ja\u0159e. A tak\u00e9 si mysl\u00edm, \u017ee ob\u010das n\u011bco pl\u00e1cneme jen aby se ne\u0159eklo, ale zat\u00edm nen\u00ed nic potvrzen\u00e9. Ale <b>jsme otev\u0159en\u00ed tomu, \u017ee bychom se z\u00fa\u010dasnili i n\u011bjak\u00fdch letn\u00edch festival\u016f. Mo\u017en\u00e1 tady v Kanad\u011b, mo\u017en\u00e1 v Evrop\u011b.<\/b> Jedno je ale jist\u00e9: chceme vydat album co nejd\u0159\u00edve to bude mo\u017en\u00e9. To je pravda. Bude to tak, ale chceme to ud\u011blat spr\u00e1vn\u011b, a s dobr\u00fdmi \u00famysly.&#8220;<\/i><\/p>\n<div class=\"musichead\">Akustick\u00e9 album \/ DVD?<\/div>\n<p>A kone\u010dn\u011b, jedny z nej\u010dast\u011bji opakuj\u00edc\u00edch se ot\u00e1zek ohledn\u011b doprovodn\u00fdch medi\u00e1ln\u00edch vyd\u00e1n\u00ed ze strany Simple Plan. U\u017e od roku 2003, kdy kapele vy\u0161lo jejich DVD &#8218;A Big Package For You&#8216; se fanou\u0161ci SP dnes a denn\u011b dom\u00e1haj\u00ed dal\u0161\u00edho <b>DVD Simple Plan ve stylu ABPFY<\/b>. Podobn\u011b se tak\u00e9 s ned\u00e1vn\u00fdm n\u00e1r\u016fstem akustick\u00fdch koncert\u016f za\u0161ali fanou\u0161ci do\u017eadovat i vyd\u00e1n\u00ed <b>akustick\u00e9ho alba<\/b>, kter\u00e9 by obsahovalo akustick\u00e9 verze ji\u017e vydan\u00fdch p\u00edsn\u00ed. Nane\u0161t\u011bst\u00ed ale to v sou\u010dasn\u00e9 chv\u00edli vypad\u00e1 tak, \u017ee odpov\u011b\u010f na vyd\u00e1n\u00ed obou t\u011bchto m\u00e9di\u00ed zn\u00ed &#8222;ne&#8220;.<\/p>\n<p>Nen\u00ed to dlouho, co n\u011bkte\u0159\u00ed \u010dlenov\u00e9 kapely v ned\u00e1vn\u00e9m webchatu <a href=\"http:\/\/www.simpleplan.cz\/cz\/index.php\/rekapitulace-webchat-se-simple-plan-na-fuse\/\" target=\"_blank\" rel=\"noopener\">zm\u00ednili<\/a>, \u017ee k vyd\u00e1n\u00ed <b>akustick\u00e9ho alba<\/b> &#8222;mo\u017en\u00e1 dojde&#8220;, bylo by f\u00e9r tak\u00e9 dodat, \u017ee kapele by vyd\u00e1n\u00ed takov\u00e9ho alba zabralo velkou spoustu \u010dasu, kter\u00fdm by bylo daleko l\u00e9pe vynalo\u017eeno, pokud by se investoval do prac\u00ed na dal\u0161\u00edm skute\u010dn\u00e9m albu, narozd\u00edl od &#8222;recyklov\u00e1n\u00ed&#8220; star\u00fdch song\u016f. Jak pravil Sebastien: <i><b>&#8222;Opravdu bychom nem\u011bli vyd\u00e1vat akustick\u00e9 album. Zabralo by to p\u0159\u00edli\u0161 mnoho \u010dasu,&#8220;<\/b><\/i> a Jeff dodal: <i>&#8222;Nemysl\u00edm si, \u017ee je to dobr\u00fd n\u00e1pad. Mysl\u00edm si, \u017ee by bylo super tento n\u00e1pad v\u00edce prozkoumat, ale nemysl\u00edm si, \u017ee k tomu dojde na t\u00e9to desce.&#8220;<\/i><\/p>\n<p>Co se t\u00fd\u010de <b>DVD<\/b>, tady se jedn\u00e1 o trochu jin\u00fd probl\u00e9m, ne\u017e jak\u00fdm je &#8222;nedostatek \u010dasu&#8220; &#8211; probl\u00e9m spo\u010d\u00edv\u00e1 v nedostatku materi\u00e1lu a zastaral\u00e9m m\u00e9diu. Na za\u010d\u00e1tku 21. stolet\u00ed, kdy \u00e9ra internetu teprve za\u010d\u00ednala, nebyl internet jako takov\u00fd je\u0161t\u011b tak velkou hrozbou pro filmov\u00fd pr\u016fmysl. Nicm\u00e9n\u011b s roz\u0161\u00ed\u0159en\u00edm soci\u00e1ln\u00edch s\u00edt\u00ed zalo\u017een\u00fdch na vizu\u00e1ln\u00edm materi\u00e1lu, jak\u00fdmi jsou YouTube, Instagram \u010di Snapchat, nyn\u00ed Simple Plan sv\u00fdm fanou\u0161k\u016fm ka\u017ed\u00fd den poskytuj\u00ed nejnov\u011bj\u0161\u00ed vizu\u00e1ln\u00ed materi\u00e1ly pr\u00e1v\u011b skrze tato m\u00e9dia, \u010d\u00edm\u017e jim proto nez\u016fst\u00e1v\u00e1 t\u00e9m\u011b\u0159 nic na plnohodnotn\u00e9 DVD. Podle kapely by bylo v budoucnosti mo\u017en\u00e9 vytvo\u0159it z t\u011bchto ji\u017e zve\u0159ejn\u011bn\u00fdch z\u00e1b\u011br\u016f jednu velkou kompilaci &#8211; jak to podal v rozhovoru Jeff: <i>&#8222;Ano, kompilace by to mohla b\u00fdt. Ani si nejsem jist\u00fd, jestli m\u00e1me v\u016fbec n\u011bjak\u00e9 nov\u00e9 materi\u00e1ly, proto\u017ee stejn\u011b v\u017edycky v\u0161echno skon\u010d\u00ed na internetu. P\u0159ijde mi, \u017ee m\u00e1me skoro za povinnost m\u00edt na internetu svou neust\u00e1lou prezenci.  Tak\u017ee u\u017e nem\u00e1me skoro nic, co bychom uk\u00e1zali.<\/i><\/p>\n<div class=\"fblikebutton_button\" style=\"float: left; padding-top: 20px; margin-right: 20px; padding-bottom: 20px; padding-left: 20px;\"><iframe src=\"http:\/\/www.facebook.com\/plugins\/like.php?href=https%3A%2F%2Fwww.simpleplan.cz%2Fcz%2Findex.php%2Fsimple-plan-o-vinylu-planech-na-turne-v-2017-akustickem-albu-dvd-v-novem-rozhovoru%2F&amp;layout=standard&amp;show-faces=false&amp;width=450&amp;action=like&amp;colorscheme=light\" scrolling=\"no\" frameborder=\"0\" allowTransparency=\"true\" style=\"border:none; overflow:hidden; width:450px; height:26px\"><\/iframe><\/div>\n","protected":false},"excerpt":{"rendered":"<p>Je\u0161t\u011b p\u0159ed p\u00e1te\u010dn\u00edm koncertem v Acton Vale, v Quebecu, m\u011bli na\u0161i kolegov\u00e9 ze serveru Tempo-Mag.com<\/p>\n","protected":false},"author":5,"featured_media":0,"comment_status":"open","ping_status":"open","sticky":false,"template":"","format":"standard","meta":{"footnotes":"","fifu_image_url":"","fifu_image_alt":""},"categories":[848,2277,229,19],"tags":[2301,1996,551,77,2136],"yoast_head":"<!-- This site is optimized with the Yoast SEO plugin v20.9 - https:\/\/yoast.com\/wordpress\/plugins\/seo\/ -->\n<title>Simple Plan o vinylu, pl\u00e1nech na turn\u00e9 v 2017, akustick\u00e9m albu a DVD v nov\u00e9m rozhovoru | CZ: SimplePlan.cz<\/title>\n<meta name=\"robots\" content=\"index, follow, max-snippet:-1, max-image-preview:large, max-video-preview:-1\" \/>\n<link rel=\"canonical\" href=\"https:\/\/www.simpleplan.cz\/cz\/index.php\/simple-plan-o-vinylu-planech-na-turne-v-2017-akustickem-albu-dvd-v-novem-rozhovoru\/\" \/>\n<meta property=\"og:locale\" content=\"cs_CZ\" \/>\n<meta property=\"og:type\" content=\"article\" \/>\n<meta property=\"og:title\" content=\"Simple Plan o vinylu, pl\u00e1nech na turn\u00e9 v 2017, akustick\u00e9m albu a DVD v nov\u00e9m rozhovoru | CZ: SimplePlan.cz\" \/>\n<meta property=\"og:description\" content=\"Je\u0161t\u011b p\u0159ed p\u00e1te\u010dn\u00edm koncertem v Acton Vale, v Quebecu, m\u011bli na\u0161i kolegov\u00e9 ze serveru Tempo-Mag.com\" \/>\n<meta property=\"og:url\" content=\"https:\/\/www.simpleplan.cz\/cz\/index.php\/simple-plan-o-vinylu-planech-na-turne-v-2017-akustickem-albu-dvd-v-novem-rozhovoru\/\" \/>\n<meta property=\"og:site_name\" content=\"CZ: SimplePlan.cz\" \/>\n<meta property=\"article:publisher\" content=\"http:\/\/www.facebook.com\/simpleplancz\" \/>\n<meta property=\"article:published_time\" content=\"2016-08-22T13:31:05+00:00\" \/>\n<meta property=\"article:modified_time\" content=\"2023-06-26T05:07:31+00:00\" \/>\n<meta property=\"og:image\" content=\"https:\/\/s10.postimg.org\/a0zgfr0s9\/1111.png\" \/>\n<meta name=\"author\" content=\"Dominika\" \/>\n<meta name=\"twitter:card\" content=\"summary_large_image\" \/>\n<meta name=\"twitter:creator\" content=\"@simpleplancz\" \/>\n<meta name=\"twitter:site\" content=\"@simpleplancz\" \/>\n<meta name=\"twitter:label1\" content=\"Napsal(a)\" \/>\n\t<meta name=\"twitter:data1\" content=\"Dominika\" \/>\n\t<meta name=\"twitter:label2\" content=\"Odhadovan\u00e1 doba \u010dten\u00ed\" \/>\n\t<meta name=\"twitter:data2\" content=\"5 minut\" \/>\n<script type=\"application\/ld+json\" class=\"yoast-schema-graph\">{\"@context\":\"https:\/\/schema.org\",\"@graph\":[{\"@type\":\"Article\",\"@id\":\"https:\/\/www.simpleplan.cz\/cz\/index.php\/simple-plan-o-vinylu-planech-na-turne-v-2017-akustickem-albu-dvd-v-novem-rozhovoru\/#article\",\"isPartOf\":{\"@id\":\"https:\/\/www.simpleplan.cz\/cz\/index.php\/simple-plan-o-vinylu-planech-na-turne-v-2017-akustickem-albu-dvd-v-novem-rozhovoru\/\"},\"author\":{\"name\":\"Dominika\",\"@id\":\"https:\/\/www.simpleplan.cz\/cz\/#\/schema\/person\/bb90dd25f4baab7793fc73ab0b783730\"},\"headline\":\"Simple Plan o vinylu, pl\u00e1nech na turn\u00e9 v 2017, akustick\u00e9m albu a DVD v nov\u00e9m rozhovoru\",\"datePublished\":\"2016-08-22T13:31:05+00:00\",\"dateModified\":\"2023-06-26T05:07:31+00:00\",\"mainEntityOfPage\":{\"@id\":\"https:\/\/www.simpleplan.cz\/cz\/index.php\/simple-plan-o-vinylu-planech-na-turne-v-2017-akustickem-albu-dvd-v-novem-rozhovoru\/\"},\"wordCount\":970,\"commentCount\":0,\"publisher\":{\"@id\":\"https:\/\/www.simpleplan.cz\/cz\/#organization\"},\"keywords\":[\"akustick\u00e9 album\",\"DVD\",\"Evropsk\u00e9 turn\u00e9\",\"turn\u00e9\",\"vinyl\"],\"articleSection\":[\"5. album\",\"6. album\",\"DVD\",\"rozhovory\"],\"inLanguage\":\"cs\",\"potentialAction\":[{\"@type\":\"CommentAction\",\"name\":\"Comment\",\"target\":[\"https:\/\/www.simpleplan.cz\/cz\/index.php\/simple-plan-o-vinylu-planech-na-turne-v-2017-akustickem-albu-dvd-v-novem-rozhovoru\/#respond\"]}]},{\"@type\":\"WebPage\",\"@id\":\"https:\/\/www.simpleplan.cz\/cz\/index.php\/simple-plan-o-vinylu-planech-na-turne-v-2017-akustickem-albu-dvd-v-novem-rozhovoru\/\",\"url\":\"https:\/\/www.simpleplan.cz\/cz\/index.php\/simple-plan-o-vinylu-planech-na-turne-v-2017-akustickem-albu-dvd-v-novem-rozhovoru\/\",\"name\":\"Simple Plan o vinylu, pl\u00e1nech na turn\u00e9 v 2017, akustick\u00e9m albu a DVD v nov\u00e9m rozhovoru | CZ: SimplePlan.cz\",\"isPartOf\":{\"@id\":\"https:\/\/www.simpleplan.cz\/cz\/#website\"},\"datePublished\":\"2016-08-22T13:31:05+00:00\",\"dateModified\":\"2023-06-26T05:07:31+00:00\",\"breadcrumb\":{\"@id\":\"https:\/\/www.simpleplan.cz\/cz\/index.php\/simple-plan-o-vinylu-planech-na-turne-v-2017-akustickem-albu-dvd-v-novem-rozhovoru\/#breadcrumb\"},\"inLanguage\":\"cs\",\"potentialAction\":[{\"@type\":\"ReadAction\",\"target\":[\"https:\/\/www.simpleplan.cz\/cz\/index.php\/simple-plan-o-vinylu-planech-na-turne-v-2017-akustickem-albu-dvd-v-novem-rozhovoru\/\"]}]},{\"@type\":\"BreadcrumbList\",\"@id\":\"https:\/\/www.simpleplan.cz\/cz\/index.php\/simple-plan-o-vinylu-planech-na-turne-v-2017-akustickem-albu-dvd-v-novem-rozhovoru\/#breadcrumb\",\"itemListElement\":[{\"@type\":\"ListItem\",\"position\":1,\"name\":\"Dom\u016f\",\"item\":\"https:\/\/www.simpleplan.cz\/cz\/\"},{\"@type\":\"ListItem\",\"position\":2,\"name\":\"5. album\",\"item\":\"https:\/\/www.simpleplan.cz\/cz\/index.php\/category\/5-album\/\"},{\"@type\":\"ListItem\",\"position\":3,\"name\":\"Simple Plan o vinylu, pl\u00e1nech na turn\u00e9 v 2017, akustick\u00e9m albu a DVD v nov\u00e9m rozhovoru\"}]},{\"@type\":\"WebSite\",\"@id\":\"https:\/\/www.simpleplan.cz\/cz\/#website\",\"url\":\"https:\/\/www.simpleplan.cz\/cz\/\",\"name\":\"CZ: SimplePlan.cz\",\"description\":\"Nejlep\u0161\u00ed zdroj informac\u00ed o kapele Simple Plan\",\"publisher\":{\"@id\":\"https:\/\/www.simpleplan.cz\/cz\/#organization\"},\"potentialAction\":[{\"@type\":\"SearchAction\",\"target\":{\"@type\":\"EntryPoint\",\"urlTemplate\":\"https:\/\/www.simpleplan.cz\/cz\/?s={search_term_string}\"},\"query-input\":\"required name=search_term_string\"}],\"inLanguage\":\"cs\"},{\"@type\":\"Organization\",\"@id\":\"https:\/\/www.simpleplan.cz\/cz\/#organization\",\"name\":\"CZ: SimplePlan.cz\",\"url\":\"https:\/\/www.simpleplan.cz\/cz\/\",\"logo\":{\"@type\":\"ImageObject\",\"inLanguage\":\"cs\",\"@id\":\"https:\/\/www.simpleplan.cz\/cz\/#\/schema\/logo\/image\/\",\"url\":\"https:\/\/www.simpleplan.cz\/cz\/wp-content\/uploads\/spczlogo.png\",\"contentUrl\":\"https:\/\/www.simpleplan.cz\/cz\/wp-content\/uploads\/spczlogo.png\",\"width\":250,\"height\":190,\"caption\":\"CZ: SimplePlan.cz\"},\"image\":{\"@id\":\"https:\/\/www.simpleplan.cz\/cz\/#\/schema\/logo\/image\/\"},\"sameAs\":[\"http:\/\/www.facebook.com\/simpleplancz\",\"https:\/\/twitter.com\/simpleplancz\",\"http:\/\/www.instagram.com\/simpleplancz\",\"http:\/\/www.youtube.com\/simpleplancz\"]},{\"@type\":\"Person\",\"@id\":\"https:\/\/www.simpleplan.cz\/cz\/#\/schema\/person\/bb90dd25f4baab7793fc73ab0b783730\",\"name\":\"Dominika\",\"image\":{\"@type\":\"ImageObject\",\"inLanguage\":\"cs\",\"@id\":\"https:\/\/www.simpleplan.cz\/cz\/#\/schema\/person\/image\/\",\"url\":\"https:\/\/secure.gravatar.com\/avatar\/de55cb16a8578d56e96c89d1a0af3db5?s=96&d=mm&r=g\",\"contentUrl\":\"https:\/\/secure.gravatar.com\/avatar\/de55cb16a8578d56e96c89d1a0af3db5?s=96&d=mm&r=g\",\"caption\":\"Dominika\"},\"sameAs\":[\"http:\/\/www.simpleplan.cz\"],\"url\":\"https:\/\/www.simpleplan.cz\/cz\/index.php\/author\/admin-2\/\"}]}<\/script>\n<!-- \/ Yoast SEO plugin. -->","yoast_head_json":{"title":"Simple Plan o vinylu, pl\u00e1nech na turn\u00e9 v 2017, akustick\u00e9m albu a DVD v nov\u00e9m rozhovoru | CZ: SimplePlan.cz","robots":{"index":"index","follow":"follow","max-snippet":"max-snippet:-1","max-image-preview":"max-image-preview:large","max-video-preview":"max-video-preview:-1"},"canonical":"https:\/\/www.simpleplan.cz\/cz\/index.php\/simple-plan-o-vinylu-planech-na-turne-v-2017-akustickem-albu-dvd-v-novem-rozhovoru\/","og_locale":"cs_CZ","og_type":"article","og_title":"Simple Plan o vinylu, pl\u00e1nech na turn\u00e9 v 2017, akustick\u00e9m albu a DVD v nov\u00e9m rozhovoru | CZ: SimplePlan.cz","og_description":"Je\u0161t\u011b p\u0159ed p\u00e1te\u010dn\u00edm koncertem v Acton Vale, v Quebecu, m\u011bli na\u0161i kolegov\u00e9 ze serveru Tempo-Mag.com","og_url":"https:\/\/www.simpleplan.cz\/cz\/index.php\/simple-plan-o-vinylu-planech-na-turne-v-2017-akustickem-albu-dvd-v-novem-rozhovoru\/","og_site_name":"CZ: SimplePlan.cz","article_publisher":"http:\/\/www.facebook.com\/simpleplancz","article_published_time":"2016-08-22T13:31:05+00:00","article_modified_time":"2023-06-26T05:07:31+00:00","og_image":[{"url":"https:\/\/s10.postimg.org\/a0zgfr0s9\/1111.png"}],"author":"Dominika","twitter_card":"summary_large_image","twitter_creator":"@simpleplancz","twitter_site":"@simpleplancz","twitter_misc":{"Napsal(a)":"Dominika","Odhadovan\u00e1 doba \u010dten\u00ed":"5 minut"},"schema":{"@context":"https:\/\/schema.org","@graph":[{"@type":"Article","@id":"https:\/\/www.simpleplan.cz\/cz\/index.php\/simple-plan-o-vinylu-planech-na-turne-v-2017-akustickem-albu-dvd-v-novem-rozhovoru\/#article","isPartOf":{"@id":"https:\/\/www.simpleplan.cz\/cz\/index.php\/simple-plan-o-vinylu-planech-na-turne-v-2017-akustickem-albu-dvd-v-novem-rozhovoru\/"},"author":{"name":"Dominika","@id":"https:\/\/www.simpleplan.cz\/cz\/#\/schema\/person\/bb90dd25f4baab7793fc73ab0b783730"},"headline":"Simple Plan o vinylu, pl\u00e1nech na turn\u00e9 v 2017, akustick\u00e9m albu a DVD v nov\u00e9m rozhovoru","datePublished":"2016-08-22T13:31:05+00:00","dateModified":"2023-06-26T05:07:31+00:00","mainEntityOfPage":{"@id":"https:\/\/www.simpleplan.cz\/cz\/index.php\/simple-plan-o-vinylu-planech-na-turne-v-2017-akustickem-albu-dvd-v-novem-rozhovoru\/"},"wordCount":970,"commentCount":0,"publisher":{"@id":"https:\/\/www.simpleplan.cz\/cz\/#organization"},"keywords":["akustick\u00e9 album","DVD","Evropsk\u00e9 turn\u00e9","turn\u00e9","vinyl"],"articleSection":["5. album","6. album","DVD","rozhovory"],"inLanguage":"cs","potentialAction":[{"@type":"CommentAction","name":"Comment","target":["https:\/\/www.simpleplan.cz\/cz\/index.php\/simple-plan-o-vinylu-planech-na-turne-v-2017-akustickem-albu-dvd-v-novem-rozhovoru\/#respond"]}]},{"@type":"WebPage","@id":"https:\/\/www.simpleplan.cz\/cz\/index.php\/simple-plan-o-vinylu-planech-na-turne-v-2017-akustickem-albu-dvd-v-novem-rozhovoru\/","url":"https:\/\/www.simpleplan.cz\/cz\/index.php\/simple-plan-o-vinylu-planech-na-turne-v-2017-akustickem-albu-dvd-v-novem-rozhovoru\/","name":"Simple Plan o vinylu, pl\u00e1nech na turn\u00e9 v 2017, akustick\u00e9m albu a DVD v nov\u00e9m rozhovoru | CZ: SimplePlan.cz","isPartOf":{"@id":"https:\/\/www.simpleplan.cz\/cz\/#website"},"datePublished":"2016-08-22T13:31:05+00:00","dateModified":"2023-06-26T05:07:31+00:00","breadcrumb":{"@id":"https:\/\/www.simpleplan.cz\/cz\/index.php\/simple-plan-o-vinylu-planech-na-turne-v-2017-akustickem-albu-dvd-v-novem-rozhovoru\/#breadcrumb"},"inLanguage":"cs","potentialAction":[{"@type":"ReadAction","target":["https:\/\/www.simpleplan.cz\/cz\/index.php\/simple-plan-o-vinylu-planech-na-turne-v-2017-akustickem-albu-dvd-v-novem-rozhovoru\/"]}]},{"@type":"BreadcrumbList","@id":"https:\/\/www.simpleplan.cz\/cz\/index.php\/simple-plan-o-vinylu-planech-na-turne-v-2017-akustickem-albu-dvd-v-novem-rozhovoru\/#breadcrumb","itemListElement":[{"@type":"ListItem","position":1,"name":"Dom\u016f","item":"https:\/\/www.simpleplan.cz\/cz\/"},{"@type":"ListItem","position":2,"name":"5. album","item":"https:\/\/www.simpleplan.cz\/cz\/index.php\/category\/5-album\/"},{"@type":"ListItem","position":3,"name":"Simple Plan o vinylu, pl\u00e1nech na turn\u00e9 v 2017, akustick\u00e9m albu a DVD v nov\u00e9m rozhovoru"}]},{"@type":"WebSite","@id":"https:\/\/www.simpleplan.cz\/cz\/#website","url":"https:\/\/www.simpleplan.cz\/cz\/","name":"CZ: SimplePlan.cz","description":"Nejlep\u0161\u00ed zdroj informac\u00ed o kapele Simple Plan","publisher":{"@id":"https:\/\/www.simpleplan.cz\/cz\/#organization"},"potentialAction":[{"@type":"SearchAction","target":{"@type":"EntryPoint","urlTemplate":"https:\/\/www.simpleplan.cz\/cz\/?s={search_term_string}"},"query-input":"required name=search_term_string"}],"inLanguage":"cs"},{"@type":"Organization","@id":"https:\/\/www.simpleplan.cz\/cz\/#organization","name":"CZ: SimplePlan.cz","url":"https:\/\/www.simpleplan.cz\/cz\/","logo":{"@type":"ImageObject","inLanguage":"cs","@id":"https:\/\/www.simpleplan.cz\/cz\/#\/schema\/logo\/image\/","url":"https:\/\/www.simpleplan.cz\/cz\/wp-content\/uploads\/spczlogo.png","contentUrl":"https:\/\/www.simpleplan.cz\/cz\/wp-content\/uploads\/spczlogo.png","width":250,"height":190,"caption":"CZ: SimplePlan.cz"},"image":{"@id":"https:\/\/www.simpleplan.cz\/cz\/#\/schema\/logo\/image\/"},"sameAs":["http:\/\/www.facebook.com\/simpleplancz","https:\/\/twitter.com\/simpleplancz","http:\/\/www.instagram.com\/simpleplancz","http:\/\/www.youtube.com\/simpleplancz"]},{"@type":"Person","@id":"https:\/\/www.simpleplan.cz\/cz\/#\/schema\/person\/bb90dd25f4baab7793fc73ab0b783730","name":"Dominika","image":{"@type":"ImageObject","inLanguage":"cs","@id":"https:\/\/www.simpleplan.cz\/cz\/#\/schema\/person\/image\/","url":"https:\/\/secure.gravatar.com\/avatar\/de55cb16a8578d56e96c89d1a0af3db5?s=96&d=mm&r=g","contentUrl":"https:\/\/secure.gravatar.com\/avatar\/de55cb16a8578d56e96c89d1a0af3db5?s=96&d=mm&r=g","caption":"Dominika"},"sameAs":["http:\/\/www.simpleplan.cz"],"url":"https:\/\/www.simpleplan.cz\/cz\/index.php\/author\/admin-2\/"}]}},"featured_image_urls":{"full":"","thumbnail":"","medium":"","medium_large":"","large":"","1536x1536":"","2048x2048":"","elegant-magazine-featured":"","elegant-magazine-medium":"","elegant-magazine-medium-small":"","elegant-magazine-thumbnail-small":""},"author_info":{"display_name":"Dominika","author_link":"https:\/\/www.simpleplan.cz\/cz\/index.php\/author\/admin-2\/"},"category_info":"<a href=\"https:\/\/www.simpleplan.cz\/cz\/index.php\/category\/5-album\/\" rel=\"category tag\">5. album<\/a> <a href=\"https:\/\/www.simpleplan.cz\/cz\/index.php\/category\/6-album\/\" rel=\"category tag\">6. album<\/a> <a href=\"https:\/\/www.simpleplan.cz\/cz\/index.php\/category\/dvd\/\" rel=\"category tag\">DVD<\/a> <a href=\"https:\/\/www.simpleplan.cz\/cz\/index.php\/category\/rozhovory\/\" rel=\"category tag\">rozhovory<\/a>","tag_info":"rozhovory","comment_count":"0","_links":{"self":[{"href":"https:\/\/www.simpleplan.cz\/cz\/index.php\/wp-json\/wp\/v2\/posts\/19979"}],"collection":[{"href":"https:\/\/www.simpleplan.cz\/cz\/index.php\/wp-json\/wp\/v2\/posts"}],"about":[{"href":"https:\/\/www.simpleplan.cz\/cz\/index.php\/wp-json\/wp\/v2\/types\/post"}],"author":[{"embeddable":true,"href":"https:\/\/www.simpleplan.cz\/cz\/index.php\/wp-json\/wp\/v2\/users\/5"}],"replies":[{"embeddable":true,"href":"https:\/\/www.simpleplan.cz\/cz\/index.php\/wp-json\/wp\/v2\/comments?post=19979"}],"version-history":[{"count":4,"href":"https:\/\/www.simpleplan.cz\/cz\/index.php\/wp-json\/wp\/v2\/posts\/19979\/revisions"}],"predecessor-version":[{"id":30429,"href":"https:\/\/www.simpleplan.cz\/cz\/index.php\/wp-json\/wp\/v2\/posts\/19979\/revisions\/30429"}],"wp:attachment":[{"href":"https:\/\/www.simpleplan.cz\/cz\/index.php\/wp-json\/wp\/v2\/media?parent=19979"}],"wp:term":[{"taxonomy":"category","embeddable":true,"href":"https:\/\/www.simpleplan.cz\/cz\/index.php\/wp-json\/wp\/v2\/categories?post=19979"},{"taxonomy":"post_tag","embeddable":true,"href":"https:\/\/www.simpleplan.cz\/cz\/index.php\/wp-json\/wp\/v2\/tags?post=19979"}],"curies":[{"name":"wp","href":"https:\/\/api.w.org\/{rel}","templated":true}]}}