{"id":20716,"date":"2016-12-10T10:53:09","date_gmt":"2016-12-10T09:53:09","guid":{"rendered":"http:\/\/www.simpleplan.cz\/cz\/?p=20716"},"modified":"2023-06-26T07:07:17","modified_gmt":"2023-06-26T05:07:17","slug":"simple-plan-obmenili-setlist-pro-rio-de-janeiro","status":"publish","type":"post","link":"https:\/\/www.simpleplan.cz\/cz\/index.php\/simple-plan-obmenili-setlist-pro-rio-de-janeiro\/","title":{"rendered":"Simple Plan obm\u011bnili setlist pro Rio de Janeiro"},"content":{"rendered":"<p>Kluci from Simple Plan v\u010dera dorazili do <b>Rio de Janeira<\/b> a jejich prvn\u00ed kroky je samoz\u0159ejm\u011b zavedly na pl\u00e1\u017e Copacabana. Po kr\u00e1tk\u00e9m v\u00fdletu na pl\u00e1\u017e chlapci zam\u00ed\u0159ili do haly Circo Voador, kde podali n\u011bkolik rozhovor\u016f, setkali se s fanou\u0161ky a pomalu se p\u0159ipravovali na ve\u010dern\u00ed koncert. Prohl\u00e9dn\u011bte si n\u011bkolik <b>fotografi\u00ed SP z jejich prvn\u00edho leto\u0161n\u00edho dne v Riu<\/b> v galerii:<\/p>\n<p><center><a href=\"http:\/\/www.simpleplan.cz\/gallery\/thumbnails.php?album=2356\" target=\"_blank\" rel=\"noopener\"><img decoding=\"async\" src=\"http:\/\/www.simpleplan.cz\/gal\/4830.png\"\/><\/a> <a href=\"http:\/\/www.simpleplan.cz\/gallery\/thumbnails.php?album=2356\" target=\"_blank\" rel=\"noopener\"><img decoding=\"async\" src=\"http:\/\/www.simpleplan.cz\/gal\/4831.png\"\/><\/a><\/center><\/p>\n<p>A kone\u010dn\u011b bylo na \u010dase zah\u00e1jit show v jednom z nejv\u011bt\u0161\u00edch m\u011bst Braz\u00edlie. Herby Moreau zachytil na video <b>skv\u011bl\u00fd moment kluk\u016f v z\u00e1kulis\u00ed, t\u011bsn\u011b p\u0159ed startem koncertu<\/b>. Pod\u00edvejte se na n\u011bj zde:<\/p>\n<p><center><\/p>\n<blockquote class=\"instagram-media\" data-instgrm-captioned data-instgrm-version=\"7\" style=\" background:#FFF; border:0; border-radius:3px; box-shadow:0 0 1px 0 rgba(0,0,0,0.5),0 1px 10px 0 rgba(0,0,0,0.15); margin: 1px; max-width:658px; padding:0; width:99.375%; width:-webkit-calc(100% - 2px); width:calc(100% - 2px);\">\n<div style=\"padding:8px;\">\n<div style=\" background:#F8F8F8; line-height:0; margin-top:40px; padding:62.4305555556% 0; text-align:center; width:100%;\">\n<div style=\" background:url(data:image\/png;base64,iVBORw0KGgoAAAANSUhEUgAAACwAAAAsCAMAAAApWqozAAAABGdBTUEAALGPC\/xhBQAAAAFzUkdCAK7OHOkAAAAMUExURczMzPf399fX1+bm5mzY9AMAAADiSURBVDjLvZXbEsMgCES5\/P8\/t9FuRVCRmU73JWlzosgSIIZURCjo\/ad+EQJJB4Hv8BFt+IDpQoCx1wjOSBFhh2XssxEIYn3ulI\/6MNReE07UIWJEv8UEOWDS88LY97kqyTliJKKtuYBbruAyVh5wOHiXmpi5we58Ek028czwyuQdLKPG1Bkb4NnM+VeAnfHqn1k4+GPT6uGQcvu2h2OVuIf\/gWUFyy8OWEpdyZSa3aVCqpVoVvzZZ2VTnn2wU8qzVjDDetO90GSy9mVLqtgYSy231MxrY6I2gGqjrTY0L8fxCxfCBbhWrsYYAAAAAElFTkSuQmCC); display:block; height:44px; margin:0 auto -44px; position:relative; top:-22px; width:44px;\"><\/div>\n<\/div>\n<p style=\" margin:8px 0 0 0; padding:0 4px;\"> <a href=\"https:\/\/www.instagram.com\/p\/BN0RNarDPTo\/\" style=\" color:#000; font-family:Arial,sans-serif; font-size:14px; font-style:normal; font-weight:normal; line-height:17px; text-decoration:none; word-wrap:break-word;\" target=\"_blank\" rel=\"noopener\">Showtime #SimplePlan #viedetourn\u00e9e<\/a><\/p>\n<p style=\" color:#c9c8cd; font-family:Arial,sans-serif; font-size:14px; line-height:17px; margin-bottom:0; margin-top:8px; overflow:hidden; padding:8px 0 7px; text-align:center; text-overflow:ellipsis; white-space:nowrap;\">Video zve\u0159ejn\u011bn\u00e9 u\u017eivatelem Herby Moreau (@herbymoreau), <time style=\" font-family:Arial,sans-serif; font-size:14px; line-height:17px;\" datetime=\"2016-12-10T00:35:15+00:00\">Pro 9, 2016 v 4:35 PST<\/time><\/p>\n<\/div>\n<\/blockquote>\n<p><script async defer src=\"\/\/platform.instagram.com\/en_US\/embeds.js\"><\/script><\/center><\/p>\n<p>Co se setlistu t\u00fd\u010de, poprv\u00e9 v r\u00e1mci jihoamerick\u00e9ho turn\u00e9 se Simple Plan rozhodli seznam p\u00edsn\u00ed na koncertu trochu obm\u011bnit &#8211; a to p\u0159edev\u0161\u00edm k radosti mnoha fanou\u0161k\u016f, kte\u0159\u00ed je sleduj\u00ed po cel\u00e9m brazilsk\u00e9m turn\u00e9 &#8211; a zahr\u00e1li <b>&#8218;This Song Saved My Life&#8216;<\/b> m\u00edsto &#8218;Untitled&#8216;.<\/p>\n<p>Prohl\u00e9dn\u011bte si <b>cel\u00fd setlist z Ria<\/b> n\u00ed\u017ee:<\/p>\n<div class=\"setlist\">1. Opinion Overload<br \/>\n2. Jet Lag<br \/>\n3. Jump (\u201aI Gotta Feeling\u2018 snippet)<br \/>\n4. I\u2019d Do Anything<br \/>\n5. Boom<br \/>\n6. Welcome to My Life<br \/>\n7. Addicted<br \/>\n8. Your Love Is A Lie<br \/>\n9. Perfectly Perfect<br \/>\n10. Party medley &#8211; Uptown Funk (Mark Ronson\/Bruno Mars cover) &#038; Can&#8217;t Feel My Face (The Weeknd cover)<br \/>\n11. Can&#8217;t Keep My Hands Off You<br \/>\n12. Farewell<br \/>\n13. Summer Paradise<br \/>\n14. Crazy<br \/>\n15. I\u2019m Just a Kid<\/p>\n<div class=\"encore\">\nEncore:<\/div>\n<div class=\"setlist\">16. Shut Up!<br \/>\n17. Perfect World<br \/>\n18. This Song Saved My Life<br \/>\n19. Perfect\n<\/div>\n<\/div>\n<p>A na z\u00e1v\u011br mrkn\u011bte do galerie, kde m\u016f\u017eete ji\u017e nyn\u00ed objevit prvn\u00ed sn\u00edmky ze v\u010derej\u0161\u00edho koncertu v Riu:<\/p>\n<p><center><a href=\"http:\/\/www.simpleplan.cz\/gallery\/thumbnails.php?album=2357\" target=\"_blank\" rel=\"noopener\"><img decoding=\"async\" src=\"http:\/\/www.simpleplan.cz\/gal\/4832.png\"\/><\/a> <a href=\"http:\/\/www.simpleplan.cz\/gallery\/thumbnails.php?album=2357\" target=\"_blank\" rel=\"noopener\"><img decoding=\"async\" src=\"http:\/\/www.simpleplan.cz\/gal\/4833.png\"\/><\/a><\/center><\/p>\n<div class=\"fblikebutton_button\" style=\"float: left; padding-top: 20px; margin-right: 20px; padding-bottom: 20px; padding-left: 20px;\"><iframe src=\"http:\/\/www.facebook.com\/plugins\/like.php?href=https%3A%2F%2Fwww.simpleplan.cz%2Fcz%2Findex.php%2Fsimple-plan-obmenili-setlist-pro-rio-de-janeiro%2F&amp;layout=standard&amp;show-faces=false&amp;width=450&amp;action=like&amp;colorscheme=light\" scrolling=\"no\" frameborder=\"0\" allowTransparency=\"true\" style=\"border:none; overflow:hidden; width:450px; height:26px\"><\/iframe><\/div>\n","protected":false},"excerpt":{"rendered":"<p>Kluci from Simple Plan v\u010dera dorazili do Rio de Janeira a jejich prvn\u00ed kroky je<\/p>\n","protected":false},"author":5,"featured_media":0,"comment_status":"open","ping_status":"open","sticky":false,"template":"","format":"standard","meta":{"footnotes":"","fifu_image_url":"","fifu_image_alt":""},"categories":[9,8,10],"tags":[381,1010,182],"yoast_head":"<!-- This site is optimized with the Yoast SEO plugin v20.9 - https:\/\/yoast.com\/wordpress\/plugins\/seo\/ -->\n<title>Simple Plan obm\u011bnili setlist pro Rio de Janeiro | CZ: SimplePlan.cz<\/title>\n<meta name=\"robots\" content=\"index, follow, max-snippet:-1, max-image-preview:large, max-video-preview:-1\" \/>\n<link rel=\"canonical\" href=\"https:\/\/www.simpleplan.cz\/cz\/index.php\/simple-plan-obmenili-setlist-pro-rio-de-janeiro\/\" \/>\n<meta property=\"og:locale\" content=\"cs_CZ\" \/>\n<meta property=\"og:type\" content=\"article\" \/>\n<meta property=\"og:title\" content=\"Simple Plan obm\u011bnili setlist pro Rio de Janeiro | CZ: SimplePlan.cz\" \/>\n<meta property=\"og:description\" content=\"Kluci from Simple Plan v\u010dera dorazili do Rio de Janeira a jejich prvn\u00ed kroky je\" \/>\n<meta property=\"og:url\" content=\"https:\/\/www.simpleplan.cz\/cz\/index.php\/simple-plan-obmenili-setlist-pro-rio-de-janeiro\/\" \/>\n<meta property=\"og:site_name\" content=\"CZ: SimplePlan.cz\" \/>\n<meta property=\"article:publisher\" content=\"http:\/\/www.facebook.com\/simpleplancz\" \/>\n<meta property=\"article:published_time\" content=\"2016-12-10T09:53:09+00:00\" \/>\n<meta property=\"article:modified_time\" content=\"2023-06-26T05:07:17+00:00\" \/>\n<meta property=\"og:image\" content=\"http:\/\/www.simpleplan.cz\/gal\/4830.png\" \/>\n<meta name=\"author\" content=\"Dominika\" \/>\n<meta name=\"twitter:card\" content=\"summary_large_image\" \/>\n<meta name=\"twitter:creator\" content=\"@simpleplancz\" \/>\n<meta name=\"twitter:site\" content=\"@simpleplancz\" \/>\n<meta name=\"twitter:label1\" content=\"Napsal(a)\" \/>\n\t<meta name=\"twitter:data1\" content=\"Dominika\" \/>\n\t<meta name=\"twitter:label2\" content=\"Odhadovan\u00e1 doba \u010dten\u00ed\" \/>\n\t<meta name=\"twitter:data2\" content=\"1 minuta\" \/>\n<script type=\"application\/ld+json\" class=\"yoast-schema-graph\">{\"@context\":\"https:\/\/schema.org\",\"@graph\":[{\"@type\":\"Article\",\"@id\":\"https:\/\/www.simpleplan.cz\/cz\/index.php\/simple-plan-obmenili-setlist-pro-rio-de-janeiro\/#article\",\"isPartOf\":{\"@id\":\"https:\/\/www.simpleplan.cz\/cz\/index.php\/simple-plan-obmenili-setlist-pro-rio-de-janeiro\/\"},\"author\":{\"name\":\"Dominika\",\"@id\":\"https:\/\/www.simpleplan.cz\/cz\/#\/schema\/person\/bb90dd25f4baab7793fc73ab0b783730\"},\"headline\":\"Simple Plan obm\u011bnili setlist pro Rio de Janeiro\",\"datePublished\":\"2016-12-10T09:53:09+00:00\",\"dateModified\":\"2023-06-26T05:07:17+00:00\",\"mainEntityOfPage\":{\"@id\":\"https:\/\/www.simpleplan.cz\/cz\/index.php\/simple-plan-obmenili-setlist-pro-rio-de-janeiro\/\"},\"wordCount\":307,\"commentCount\":0,\"publisher\":{\"@id\":\"https:\/\/www.simpleplan.cz\/cz\/#organization\"},\"keywords\":[\"Braz\u00edlie\",\"Rio de Janeiro\",\"setlist\"],\"articleSection\":[\"fotky\",\"koncerty\",\"videa\"],\"inLanguage\":\"cs\",\"potentialAction\":[{\"@type\":\"CommentAction\",\"name\":\"Comment\",\"target\":[\"https:\/\/www.simpleplan.cz\/cz\/index.php\/simple-plan-obmenili-setlist-pro-rio-de-janeiro\/#respond\"]}]},{\"@type\":\"WebPage\",\"@id\":\"https:\/\/www.simpleplan.cz\/cz\/index.php\/simple-plan-obmenili-setlist-pro-rio-de-janeiro\/\",\"url\":\"https:\/\/www.simpleplan.cz\/cz\/index.php\/simple-plan-obmenili-setlist-pro-rio-de-janeiro\/\",\"name\":\"Simple Plan obm\u011bnili setlist pro Rio de Janeiro | CZ: SimplePlan.cz\",\"isPartOf\":{\"@id\":\"https:\/\/www.simpleplan.cz\/cz\/#website\"},\"datePublished\":\"2016-12-10T09:53:09+00:00\",\"dateModified\":\"2023-06-26T05:07:17+00:00\",\"breadcrumb\":{\"@id\":\"https:\/\/www.simpleplan.cz\/cz\/index.php\/simple-plan-obmenili-setlist-pro-rio-de-janeiro\/#breadcrumb\"},\"inLanguage\":\"cs\",\"potentialAction\":[{\"@type\":\"ReadAction\",\"target\":[\"https:\/\/www.simpleplan.cz\/cz\/index.php\/simple-plan-obmenili-setlist-pro-rio-de-janeiro\/\"]}]},{\"@type\":\"BreadcrumbList\",\"@id\":\"https:\/\/www.simpleplan.cz\/cz\/index.php\/simple-plan-obmenili-setlist-pro-rio-de-janeiro\/#breadcrumb\",\"itemListElement\":[{\"@type\":\"ListItem\",\"position\":1,\"name\":\"Dom\u016f\",\"item\":\"https:\/\/www.simpleplan.cz\/cz\/\"},{\"@type\":\"ListItem\",\"position\":2,\"name\":\"koncerty\",\"item\":\"https:\/\/www.simpleplan.cz\/cz\/index.php\/category\/koncerty\/\"},{\"@type\":\"ListItem\",\"position\":3,\"name\":\"Simple Plan obm\u011bnili setlist pro Rio de Janeiro\"}]},{\"@type\":\"WebSite\",\"@id\":\"https:\/\/www.simpleplan.cz\/cz\/#website\",\"url\":\"https:\/\/www.simpleplan.cz\/cz\/\",\"name\":\"CZ: SimplePlan.cz\",\"description\":\"Nejlep\u0161\u00ed zdroj informac\u00ed o kapele Simple Plan\",\"publisher\":{\"@id\":\"https:\/\/www.simpleplan.cz\/cz\/#organization\"},\"potentialAction\":[{\"@type\":\"SearchAction\",\"target\":{\"@type\":\"EntryPoint\",\"urlTemplate\":\"https:\/\/www.simpleplan.cz\/cz\/?s={search_term_string}\"},\"query-input\":\"required name=search_term_string\"}],\"inLanguage\":\"cs\"},{\"@type\":\"Organization\",\"@id\":\"https:\/\/www.simpleplan.cz\/cz\/#organization\",\"name\":\"CZ: SimplePlan.cz\",\"url\":\"https:\/\/www.simpleplan.cz\/cz\/\",\"logo\":{\"@type\":\"ImageObject\",\"inLanguage\":\"cs\",\"@id\":\"https:\/\/www.simpleplan.cz\/cz\/#\/schema\/logo\/image\/\",\"url\":\"https:\/\/www.simpleplan.cz\/cz\/wp-content\/uploads\/spczlogo.png\",\"contentUrl\":\"https:\/\/www.simpleplan.cz\/cz\/wp-content\/uploads\/spczlogo.png\",\"width\":250,\"height\":190,\"caption\":\"CZ: SimplePlan.cz\"},\"image\":{\"@id\":\"https:\/\/www.simpleplan.cz\/cz\/#\/schema\/logo\/image\/\"},\"sameAs\":[\"http:\/\/www.facebook.com\/simpleplancz\",\"https:\/\/twitter.com\/simpleplancz\",\"http:\/\/www.instagram.com\/simpleplancz\",\"http:\/\/www.youtube.com\/simpleplancz\"]},{\"@type\":\"Person\",\"@id\":\"https:\/\/www.simpleplan.cz\/cz\/#\/schema\/person\/bb90dd25f4baab7793fc73ab0b783730\",\"name\":\"Dominika\",\"image\":{\"@type\":\"ImageObject\",\"inLanguage\":\"cs\",\"@id\":\"https:\/\/www.simpleplan.cz\/cz\/#\/schema\/person\/image\/\",\"url\":\"https:\/\/secure.gravatar.com\/avatar\/de55cb16a8578d56e96c89d1a0af3db5?s=96&d=mm&r=g\",\"contentUrl\":\"https:\/\/secure.gravatar.com\/avatar\/de55cb16a8578d56e96c89d1a0af3db5?s=96&d=mm&r=g\",\"caption\":\"Dominika\"},\"sameAs\":[\"http:\/\/www.simpleplan.cz\"],\"url\":\"https:\/\/www.simpleplan.cz\/cz\/index.php\/author\/admin-2\/\"}]}<\/script>\n<!-- \/ Yoast SEO plugin. -->","yoast_head_json":{"title":"Simple Plan obm\u011bnili setlist pro Rio de Janeiro | CZ: SimplePlan.cz","robots":{"index":"index","follow":"follow","max-snippet":"max-snippet:-1","max-image-preview":"max-image-preview:large","max-video-preview":"max-video-preview:-1"},"canonical":"https:\/\/www.simpleplan.cz\/cz\/index.php\/simple-plan-obmenili-setlist-pro-rio-de-janeiro\/","og_locale":"cs_CZ","og_type":"article","og_title":"Simple Plan obm\u011bnili setlist pro Rio de Janeiro | CZ: SimplePlan.cz","og_description":"Kluci from Simple Plan v\u010dera dorazili do Rio de Janeira a jejich prvn\u00ed kroky je","og_url":"https:\/\/www.simpleplan.cz\/cz\/index.php\/simple-plan-obmenili-setlist-pro-rio-de-janeiro\/","og_site_name":"CZ: SimplePlan.cz","article_publisher":"http:\/\/www.facebook.com\/simpleplancz","article_published_time":"2016-12-10T09:53:09+00:00","article_modified_time":"2023-06-26T05:07:17+00:00","og_image":[{"url":"http:\/\/www.simpleplan.cz\/gal\/4830.png"}],"author":"Dominika","twitter_card":"summary_large_image","twitter_creator":"@simpleplancz","twitter_site":"@simpleplancz","twitter_misc":{"Napsal(a)":"Dominika","Odhadovan\u00e1 doba \u010dten\u00ed":"1 minuta"},"schema":{"@context":"https:\/\/schema.org","@graph":[{"@type":"Article","@id":"https:\/\/www.simpleplan.cz\/cz\/index.php\/simple-plan-obmenili-setlist-pro-rio-de-janeiro\/#article","isPartOf":{"@id":"https:\/\/www.simpleplan.cz\/cz\/index.php\/simple-plan-obmenili-setlist-pro-rio-de-janeiro\/"},"author":{"name":"Dominika","@id":"https:\/\/www.simpleplan.cz\/cz\/#\/schema\/person\/bb90dd25f4baab7793fc73ab0b783730"},"headline":"Simple Plan obm\u011bnili setlist pro Rio de Janeiro","datePublished":"2016-12-10T09:53:09+00:00","dateModified":"2023-06-26T05:07:17+00:00","mainEntityOfPage":{"@id":"https:\/\/www.simpleplan.cz\/cz\/index.php\/simple-plan-obmenili-setlist-pro-rio-de-janeiro\/"},"wordCount":307,"commentCount":0,"publisher":{"@id":"https:\/\/www.simpleplan.cz\/cz\/#organization"},"keywords":["Braz\u00edlie","Rio de Janeiro","setlist"],"articleSection":["fotky","koncerty","videa"],"inLanguage":"cs","potentialAction":[{"@type":"CommentAction","name":"Comment","target":["https:\/\/www.simpleplan.cz\/cz\/index.php\/simple-plan-obmenili-setlist-pro-rio-de-janeiro\/#respond"]}]},{"@type":"WebPage","@id":"https:\/\/www.simpleplan.cz\/cz\/index.php\/simple-plan-obmenili-setlist-pro-rio-de-janeiro\/","url":"https:\/\/www.simpleplan.cz\/cz\/index.php\/simple-plan-obmenili-setlist-pro-rio-de-janeiro\/","name":"Simple Plan obm\u011bnili setlist pro Rio de Janeiro | CZ: SimplePlan.cz","isPartOf":{"@id":"https:\/\/www.simpleplan.cz\/cz\/#website"},"datePublished":"2016-12-10T09:53:09+00:00","dateModified":"2023-06-26T05:07:17+00:00","breadcrumb":{"@id":"https:\/\/www.simpleplan.cz\/cz\/index.php\/simple-plan-obmenili-setlist-pro-rio-de-janeiro\/#breadcrumb"},"inLanguage":"cs","potentialAction":[{"@type":"ReadAction","target":["https:\/\/www.simpleplan.cz\/cz\/index.php\/simple-plan-obmenili-setlist-pro-rio-de-janeiro\/"]}]},{"@type":"BreadcrumbList","@id":"https:\/\/www.simpleplan.cz\/cz\/index.php\/simple-plan-obmenili-setlist-pro-rio-de-janeiro\/#breadcrumb","itemListElement":[{"@type":"ListItem","position":1,"name":"Dom\u016f","item":"https:\/\/www.simpleplan.cz\/cz\/"},{"@type":"ListItem","position":2,"name":"koncerty","item":"https:\/\/www.simpleplan.cz\/cz\/index.php\/category\/koncerty\/"},{"@type":"ListItem","position":3,"name":"Simple Plan obm\u011bnili setlist pro Rio de Janeiro"}]},{"@type":"WebSite","@id":"https:\/\/www.simpleplan.cz\/cz\/#website","url":"https:\/\/www.simpleplan.cz\/cz\/","name":"CZ: SimplePlan.cz","description":"Nejlep\u0161\u00ed zdroj informac\u00ed o kapele Simple Plan","publisher":{"@id":"https:\/\/www.simpleplan.cz\/cz\/#organization"},"potentialAction":[{"@type":"SearchAction","target":{"@type":"EntryPoint","urlTemplate":"https:\/\/www.simpleplan.cz\/cz\/?s={search_term_string}"},"query-input":"required name=search_term_string"}],"inLanguage":"cs"},{"@type":"Organization","@id":"https:\/\/www.simpleplan.cz\/cz\/#organization","name":"CZ: SimplePlan.cz","url":"https:\/\/www.simpleplan.cz\/cz\/","logo":{"@type":"ImageObject","inLanguage":"cs","@id":"https:\/\/www.simpleplan.cz\/cz\/#\/schema\/logo\/image\/","url":"https:\/\/www.simpleplan.cz\/cz\/wp-content\/uploads\/spczlogo.png","contentUrl":"https:\/\/www.simpleplan.cz\/cz\/wp-content\/uploads\/spczlogo.png","width":250,"height":190,"caption":"CZ: SimplePlan.cz"},"image":{"@id":"https:\/\/www.simpleplan.cz\/cz\/#\/schema\/logo\/image\/"},"sameAs":["http:\/\/www.facebook.com\/simpleplancz","https:\/\/twitter.com\/simpleplancz","http:\/\/www.instagram.com\/simpleplancz","http:\/\/www.youtube.com\/simpleplancz"]},{"@type":"Person","@id":"https:\/\/www.simpleplan.cz\/cz\/#\/schema\/person\/bb90dd25f4baab7793fc73ab0b783730","name":"Dominika","image":{"@type":"ImageObject","inLanguage":"cs","@id":"https:\/\/www.simpleplan.cz\/cz\/#\/schema\/person\/image\/","url":"https:\/\/secure.gravatar.com\/avatar\/de55cb16a8578d56e96c89d1a0af3db5?s=96&d=mm&r=g","contentUrl":"https:\/\/secure.gravatar.com\/avatar\/de55cb16a8578d56e96c89d1a0af3db5?s=96&d=mm&r=g","caption":"Dominika"},"sameAs":["http:\/\/www.simpleplan.cz"],"url":"https:\/\/www.simpleplan.cz\/cz\/index.php\/author\/admin-2\/"}]}},"featured_image_urls":{"full":"","thumbnail":"","medium":"","medium_large":"","large":"","1536x1536":"","2048x2048":"","elegant-magazine-featured":"","elegant-magazine-medium":"","elegant-magazine-medium-small":"","elegant-magazine-thumbnail-small":""},"author_info":{"display_name":"Dominika","author_link":"https:\/\/www.simpleplan.cz\/cz\/index.php\/author\/admin-2\/"},"category_info":"<a href=\"https:\/\/www.simpleplan.cz\/cz\/index.php\/category\/fotky\/\" rel=\"category tag\">fotky<\/a> <a href=\"https:\/\/www.simpleplan.cz\/cz\/index.php\/category\/koncerty\/\" rel=\"category tag\">koncerty<\/a> <a href=\"https:\/\/www.simpleplan.cz\/cz\/index.php\/category\/videa\/\" rel=\"category tag\">videa<\/a>","tag_info":"videa","comment_count":"0","_links":{"self":[{"href":"https:\/\/www.simpleplan.cz\/cz\/index.php\/wp-json\/wp\/v2\/posts\/20716"}],"collection":[{"href":"https:\/\/www.simpleplan.cz\/cz\/index.php\/wp-json\/wp\/v2\/posts"}],"about":[{"href":"https:\/\/www.simpleplan.cz\/cz\/index.php\/wp-json\/wp\/v2\/types\/post"}],"author":[{"embeddable":true,"href":"https:\/\/www.simpleplan.cz\/cz\/index.php\/wp-json\/wp\/v2\/users\/5"}],"replies":[{"embeddable":true,"href":"https:\/\/www.simpleplan.cz\/cz\/index.php\/wp-json\/wp\/v2\/comments?post=20716"}],"version-history":[{"count":2,"href":"https:\/\/www.simpleplan.cz\/cz\/index.php\/wp-json\/wp\/v2\/posts\/20716\/revisions"}],"predecessor-version":[{"id":30283,"href":"https:\/\/www.simpleplan.cz\/cz\/index.php\/wp-json\/wp\/v2\/posts\/20716\/revisions\/30283"}],"wp:attachment":[{"href":"https:\/\/www.simpleplan.cz\/cz\/index.php\/wp-json\/wp\/v2\/media?parent=20716"}],"wp:term":[{"taxonomy":"category","embeddable":true,"href":"https:\/\/www.simpleplan.cz\/cz\/index.php\/wp-json\/wp\/v2\/categories?post=20716"},{"taxonomy":"post_tag","embeddable":true,"href":"https:\/\/www.simpleplan.cz\/cz\/index.php\/wp-json\/wp\/v2\/tags?post=20716"}],"curies":[{"name":"wp","href":"https:\/\/api.w.org\/{rel}","templated":true}]}}