{"id":20755,"date":"2016-12-17T08:58:04","date_gmt":"2016-12-17T07:58:04","guid":{"rendered":"http:\/\/www.simpleplan.cz\/cz\/?p=20755"},"modified":"2023-06-26T07:07:16","modified_gmt":"2023-06-26T05:07:16","slug":"koncerty-v-halifaxu-ottawe-nebudou-prelozeny-na-breznove-turne","status":"publish","type":"post","link":"https:\/\/www.simpleplan.cz\/cz\/index.php\/koncerty-v-halifaxu-ottawe-nebudou-prelozeny-na-breznove-turne\/","title":{"rendered":"Koncerty v Halifaxu a Ottaw\u011b nebudou p\u0159elo\u017eeny na b\u0159eznov\u00e9 turn\u00e9"},"content":{"rendered":"<p><center><img decoding=\"async\" src=\"http:\/\/www.simpleplan.cz\/gal\/4732.png\"\/><\/center><\/p>\n<p>Asi p\u0159ed m\u011bs\u00edcem se m\u011bli Simple Plan p\u016fvodn\u011b vypravit na sv\u00e9 dlouho-o\u010dek\u00e1van\u00e9 turn\u00e9 po n\u011bkolika m\u011bstech Kanady, ale kv\u016fli Pierrov\u00fdm probl\u00e9m\u016fm s hlasivkami byli n\u011bkolik z t\u011bchto koncert\u016f (London, Quebec City, Toronto a Montreal) nuceni p\u0159elo\u017eit na b\u0159ezen 2017. <\/p>\n<p>Z p\u016fvodn\u00edho listopadov\u00e9ho turn\u00e9 pak zb\u00fdvala u\u017e jen dv\u011b m\u011bsta &#8211; <b>Halifax and Ottawa<\/b> &#8211; kter\u00e1 st\u00e1le \u010dekala na potvrzen\u00ed o p\u0159elo\u017een\u00ed na b\u0159ezen. Simple Plan v\u0161ak v\u010dera bohu\u017eel ofci\u00e1ln\u011b ozn\u00e1mili, \u017ee nebyli schopn\u00ed zajistit v b\u0159eznu voln\u00e9 koncertn\u00ed haly v t\u011bchto dvou m\u011bstech, a proto jsou nuceni <b>tyto dva koncerty pln\u011b zru\u0161it<\/b>. Fanou\u0161k\u016fm budou za p\u016fvodn\u00ed listopadov\u00e9 vstupenky do Halifaxu a Ottawvy vr\u00e1ceny pen\u00edze.<\/p>\n<p>P\u0159e\u010dt\u011bte si \u010desk\u00fd p\u0159eklad ofici\u00e1ln\u00edho vyj\u00e1d\u0159en\u00ed kapely:<\/p>\n<blockquote><p>Je n\u00e1m to nesm\u00edrn\u011b l\u00edto, ale <b>nebyli jsme schopni p\u0159elo\u017eit koncerty v Ottaw\u011b a Halifaxu a nyn\u00ed je mus\u00edme zru\u0161it<\/b>. Sna\u017eili jsme jak jsme jen mohli, aby se tyto koncerty v b\u0159eznu konaly, ale uk\u00e1zalo se to jako nemo\u017en\u00e9, vzhledem k nedostupnosti koncertn\u00edch hal a na\u0161emu \u010dasov\u00e9mu rozvrhu. Nen\u00ed nic na sv\u011bt\u011b, co nen\u00e1vid\u00edme v\u00edc, ne\u017e kdy\u017e mus\u00edme zklamat na\u0161e fanou\u0161ky a toto byla opravdu frustruj\u00edc\u00ed situace. Je\u0161t\u011b jednou bychom se cht\u011bli v\u0161em moc omluvit a chceme, abyste v\u011bd\u011bli, \u017ee ud\u011bl\u00e1me v\u0161e, co je v na\u0161ich sil\u00e1ch, abychom se vr\u00e1tili a zahr\u00e1li pro v\u00e1s jak jen to bude mo\u017en\u00e9. Mezit\u00edm budeme doufat, \u017ee se s n\u011bkter\u00fdmi z v\u00e1s uvid\u00edme v Montrealu, Quebec City nebo v Torontu. <\/p>\n<p>D\u00edky za pochopen\u00ed a t\u011b\u0161\u00edme se na v\u00e1s ji\u017e velmi brzy.<\/p>\n<p>Pierre, Chuck, Sebastien, Jeff a David. <\/p>\n<p>Pen\u00edze v\u00e1m budou vr\u00e1ceny v m\u00edst\u011b n\u00e1kupu vstupenek.<\/p><\/blockquote>\n<div class=\"fblikebutton_button\" style=\"float: left; padding-top: 20px; margin-right: 20px; padding-bottom: 20px; padding-left: 20px;\"><iframe src=\"http:\/\/www.facebook.com\/plugins\/like.php?href=https%3A%2F%2Fwww.simpleplan.cz%2Fcz%2Findex.php%2Fkoncerty-v-halifaxu-ottawe-nebudou-prelozeny-na-breznove-turne%2F&amp;layout=standard&amp;show-faces=false&amp;width=450&amp;action=like&amp;colorscheme=light\" scrolling=\"no\" frameborder=\"0\" allowTransparency=\"true\" style=\"border:none; overflow:hidden; width:450px; height:26px\"><\/iframe><\/div>\n","protected":false},"excerpt":{"rendered":"<p>Asi p\u0159ed m\u011bs\u00edcem se m\u011bli Simple Plan p\u016fvodn\u011b vypravit na sv\u00e9 dlouho-o\u010dek\u00e1van\u00e9 turn\u00e9 po n\u011bkolika<\/p>\n","protected":false},"author":5,"featured_media":0,"comment_status":"open","ping_status":"open","sticky":false,"template":"","format":"standard","meta":{"footnotes":"","fifu_image_url":"","fifu_image_alt":""},"categories":[8],"tags":[118,762,778,779],"yoast_head":"<!-- This site is optimized with the Yoast SEO plugin v20.9 - https:\/\/yoast.com\/wordpress\/plugins\/seo\/ -->\n<title>Koncerty v Halifaxu a Ottaw\u011b nebudou p\u0159elo\u017eeny na b\u0159eznov\u00e9 turn\u00e9 | CZ: SimplePlan.cz<\/title>\n<meta name=\"robots\" content=\"index, follow, max-snippet:-1, max-image-preview:large, max-video-preview:-1\" \/>\n<link rel=\"canonical\" href=\"https:\/\/www.simpleplan.cz\/cz\/index.php\/koncerty-v-halifaxu-ottawe-nebudou-prelozeny-na-breznove-turne\/\" \/>\n<meta property=\"og:locale\" content=\"cs_CZ\" \/>\n<meta property=\"og:type\" content=\"article\" \/>\n<meta property=\"og:title\" content=\"Koncerty v Halifaxu a Ottaw\u011b nebudou p\u0159elo\u017eeny na b\u0159eznov\u00e9 turn\u00e9 | CZ: SimplePlan.cz\" \/>\n<meta property=\"og:description\" content=\"Asi p\u0159ed m\u011bs\u00edcem se m\u011bli Simple Plan p\u016fvodn\u011b vypravit na sv\u00e9 dlouho-o\u010dek\u00e1van\u00e9 turn\u00e9 po n\u011bkolika\" \/>\n<meta property=\"og:url\" content=\"https:\/\/www.simpleplan.cz\/cz\/index.php\/koncerty-v-halifaxu-ottawe-nebudou-prelozeny-na-breznove-turne\/\" \/>\n<meta property=\"og:site_name\" content=\"CZ: SimplePlan.cz\" \/>\n<meta property=\"article:publisher\" content=\"http:\/\/www.facebook.com\/simpleplancz\" \/>\n<meta property=\"article:published_time\" content=\"2016-12-17T07:58:04+00:00\" \/>\n<meta property=\"article:modified_time\" content=\"2023-06-26T05:07:16+00:00\" \/>\n<meta property=\"og:image\" content=\"http:\/\/www.simpleplan.cz\/gal\/4732.png\" \/>\n<meta name=\"author\" content=\"Dominika\" \/>\n<meta name=\"twitter:card\" content=\"summary_large_image\" \/>\n<meta name=\"twitter:creator\" content=\"@simpleplancz\" \/>\n<meta name=\"twitter:site\" content=\"@simpleplancz\" \/>\n<meta name=\"twitter:label1\" content=\"Napsal(a)\" \/>\n\t<meta name=\"twitter:data1\" content=\"Dominika\" \/>\n\t<meta name=\"twitter:label2\" content=\"Odhadovan\u00e1 doba \u010dten\u00ed\" \/>\n\t<meta name=\"twitter:data2\" content=\"2 minuty\" \/>\n<script type=\"application\/ld+json\" class=\"yoast-schema-graph\">{\"@context\":\"https:\/\/schema.org\",\"@graph\":[{\"@type\":\"Article\",\"@id\":\"https:\/\/www.simpleplan.cz\/cz\/index.php\/koncerty-v-halifaxu-ottawe-nebudou-prelozeny-na-breznove-turne\/#article\",\"isPartOf\":{\"@id\":\"https:\/\/www.simpleplan.cz\/cz\/index.php\/koncerty-v-halifaxu-ottawe-nebudou-prelozeny-na-breznove-turne\/\"},\"author\":{\"name\":\"Dominika\",\"@id\":\"https:\/\/www.simpleplan.cz\/cz\/#\/schema\/person\/bb90dd25f4baab7793fc73ab0b783730\"},\"headline\":\"Koncerty v Halifaxu a Ottaw\u011b nebudou p\u0159elo\u017eeny na b\u0159eznov\u00e9 turn\u00e9\",\"datePublished\":\"2016-12-17T07:58:04+00:00\",\"dateModified\":\"2023-06-26T05:07:16+00:00\",\"mainEntityOfPage\":{\"@id\":\"https:\/\/www.simpleplan.cz\/cz\/index.php\/koncerty-v-halifaxu-ottawe-nebudou-prelozeny-na-breznove-turne\/\"},\"wordCount\":362,\"commentCount\":0,\"publisher\":{\"@id\":\"https:\/\/www.simpleplan.cz\/cz\/#organization\"},\"keywords\":[\"Canada\",\"Canadian tour\",\"Halifax\",\"Ottawa\"],\"articleSection\":[\"koncerty\"],\"inLanguage\":\"cs\",\"potentialAction\":[{\"@type\":\"CommentAction\",\"name\":\"Comment\",\"target\":[\"https:\/\/www.simpleplan.cz\/cz\/index.php\/koncerty-v-halifaxu-ottawe-nebudou-prelozeny-na-breznove-turne\/#respond\"]}]},{\"@type\":\"WebPage\",\"@id\":\"https:\/\/www.simpleplan.cz\/cz\/index.php\/koncerty-v-halifaxu-ottawe-nebudou-prelozeny-na-breznove-turne\/\",\"url\":\"https:\/\/www.simpleplan.cz\/cz\/index.php\/koncerty-v-halifaxu-ottawe-nebudou-prelozeny-na-breznove-turne\/\",\"name\":\"Koncerty v Halifaxu a Ottaw\u011b nebudou p\u0159elo\u017eeny na b\u0159eznov\u00e9 turn\u00e9 | CZ: SimplePlan.cz\",\"isPartOf\":{\"@id\":\"https:\/\/www.simpleplan.cz\/cz\/#website\"},\"datePublished\":\"2016-12-17T07:58:04+00:00\",\"dateModified\":\"2023-06-26T05:07:16+00:00\",\"breadcrumb\":{\"@id\":\"https:\/\/www.simpleplan.cz\/cz\/index.php\/koncerty-v-halifaxu-ottawe-nebudou-prelozeny-na-breznove-turne\/#breadcrumb\"},\"inLanguage\":\"cs\",\"potentialAction\":[{\"@type\":\"ReadAction\",\"target\":[\"https:\/\/www.simpleplan.cz\/cz\/index.php\/koncerty-v-halifaxu-ottawe-nebudou-prelozeny-na-breznove-turne\/\"]}]},{\"@type\":\"BreadcrumbList\",\"@id\":\"https:\/\/www.simpleplan.cz\/cz\/index.php\/koncerty-v-halifaxu-ottawe-nebudou-prelozeny-na-breznove-turne\/#breadcrumb\",\"itemListElement\":[{\"@type\":\"ListItem\",\"position\":1,\"name\":\"Dom\u016f\",\"item\":\"https:\/\/www.simpleplan.cz\/cz\/\"},{\"@type\":\"ListItem\",\"position\":2,\"name\":\"koncerty\",\"item\":\"https:\/\/www.simpleplan.cz\/cz\/index.php\/category\/koncerty\/\"},{\"@type\":\"ListItem\",\"position\":3,\"name\":\"Koncerty v Halifaxu a Ottaw\u011b nebudou p\u0159elo\u017eeny na b\u0159eznov\u00e9 turn\u00e9\"}]},{\"@type\":\"WebSite\",\"@id\":\"https:\/\/www.simpleplan.cz\/cz\/#website\",\"url\":\"https:\/\/www.simpleplan.cz\/cz\/\",\"name\":\"CZ: SimplePlan.cz\",\"description\":\"Nejlep\u0161\u00ed zdroj informac\u00ed o kapele Simple Plan\",\"publisher\":{\"@id\":\"https:\/\/www.simpleplan.cz\/cz\/#organization\"},\"potentialAction\":[{\"@type\":\"SearchAction\",\"target\":{\"@type\":\"EntryPoint\",\"urlTemplate\":\"https:\/\/www.simpleplan.cz\/cz\/?s={search_term_string}\"},\"query-input\":\"required name=search_term_string\"}],\"inLanguage\":\"cs\"},{\"@type\":\"Organization\",\"@id\":\"https:\/\/www.simpleplan.cz\/cz\/#organization\",\"name\":\"CZ: SimplePlan.cz\",\"url\":\"https:\/\/www.simpleplan.cz\/cz\/\",\"logo\":{\"@type\":\"ImageObject\",\"inLanguage\":\"cs\",\"@id\":\"https:\/\/www.simpleplan.cz\/cz\/#\/schema\/logo\/image\/\",\"url\":\"https:\/\/www.simpleplan.cz\/cz\/wp-content\/uploads\/spczlogo.png\",\"contentUrl\":\"https:\/\/www.simpleplan.cz\/cz\/wp-content\/uploads\/spczlogo.png\",\"width\":250,\"height\":190,\"caption\":\"CZ: SimplePlan.cz\"},\"image\":{\"@id\":\"https:\/\/www.simpleplan.cz\/cz\/#\/schema\/logo\/image\/\"},\"sameAs\":[\"http:\/\/www.facebook.com\/simpleplancz\",\"https:\/\/twitter.com\/simpleplancz\",\"http:\/\/www.instagram.com\/simpleplancz\",\"http:\/\/www.youtube.com\/simpleplancz\"]},{\"@type\":\"Person\",\"@id\":\"https:\/\/www.simpleplan.cz\/cz\/#\/schema\/person\/bb90dd25f4baab7793fc73ab0b783730\",\"name\":\"Dominika\",\"image\":{\"@type\":\"ImageObject\",\"inLanguage\":\"cs\",\"@id\":\"https:\/\/www.simpleplan.cz\/cz\/#\/schema\/person\/image\/\",\"url\":\"https:\/\/secure.gravatar.com\/avatar\/de55cb16a8578d56e96c89d1a0af3db5?s=96&d=mm&r=g\",\"contentUrl\":\"https:\/\/secure.gravatar.com\/avatar\/de55cb16a8578d56e96c89d1a0af3db5?s=96&d=mm&r=g\",\"caption\":\"Dominika\"},\"sameAs\":[\"http:\/\/www.simpleplan.cz\"],\"url\":\"https:\/\/www.simpleplan.cz\/cz\/index.php\/author\/admin-2\/\"}]}<\/script>\n<!-- \/ Yoast SEO plugin. -->","yoast_head_json":{"title":"Koncerty v Halifaxu a Ottaw\u011b nebudou p\u0159elo\u017eeny na b\u0159eznov\u00e9 turn\u00e9 | CZ: SimplePlan.cz","robots":{"index":"index","follow":"follow","max-snippet":"max-snippet:-1","max-image-preview":"max-image-preview:large","max-video-preview":"max-video-preview:-1"},"canonical":"https:\/\/www.simpleplan.cz\/cz\/index.php\/koncerty-v-halifaxu-ottawe-nebudou-prelozeny-na-breznove-turne\/","og_locale":"cs_CZ","og_type":"article","og_title":"Koncerty v Halifaxu a Ottaw\u011b nebudou p\u0159elo\u017eeny na b\u0159eznov\u00e9 turn\u00e9 | CZ: SimplePlan.cz","og_description":"Asi p\u0159ed m\u011bs\u00edcem se m\u011bli Simple Plan p\u016fvodn\u011b vypravit na sv\u00e9 dlouho-o\u010dek\u00e1van\u00e9 turn\u00e9 po n\u011bkolika","og_url":"https:\/\/www.simpleplan.cz\/cz\/index.php\/koncerty-v-halifaxu-ottawe-nebudou-prelozeny-na-breznove-turne\/","og_site_name":"CZ: SimplePlan.cz","article_publisher":"http:\/\/www.facebook.com\/simpleplancz","article_published_time":"2016-12-17T07:58:04+00:00","article_modified_time":"2023-06-26T05:07:16+00:00","og_image":[{"url":"http:\/\/www.simpleplan.cz\/gal\/4732.png"}],"author":"Dominika","twitter_card":"summary_large_image","twitter_creator":"@simpleplancz","twitter_site":"@simpleplancz","twitter_misc":{"Napsal(a)":"Dominika","Odhadovan\u00e1 doba \u010dten\u00ed":"2 minuty"},"schema":{"@context":"https:\/\/schema.org","@graph":[{"@type":"Article","@id":"https:\/\/www.simpleplan.cz\/cz\/index.php\/koncerty-v-halifaxu-ottawe-nebudou-prelozeny-na-breznove-turne\/#article","isPartOf":{"@id":"https:\/\/www.simpleplan.cz\/cz\/index.php\/koncerty-v-halifaxu-ottawe-nebudou-prelozeny-na-breznove-turne\/"},"author":{"name":"Dominika","@id":"https:\/\/www.simpleplan.cz\/cz\/#\/schema\/person\/bb90dd25f4baab7793fc73ab0b783730"},"headline":"Koncerty v Halifaxu a Ottaw\u011b nebudou p\u0159elo\u017eeny na b\u0159eznov\u00e9 turn\u00e9","datePublished":"2016-12-17T07:58:04+00:00","dateModified":"2023-06-26T05:07:16+00:00","mainEntityOfPage":{"@id":"https:\/\/www.simpleplan.cz\/cz\/index.php\/koncerty-v-halifaxu-ottawe-nebudou-prelozeny-na-breznove-turne\/"},"wordCount":362,"commentCount":0,"publisher":{"@id":"https:\/\/www.simpleplan.cz\/cz\/#organization"},"keywords":["Canada","Canadian tour","Halifax","Ottawa"],"articleSection":["koncerty"],"inLanguage":"cs","potentialAction":[{"@type":"CommentAction","name":"Comment","target":["https:\/\/www.simpleplan.cz\/cz\/index.php\/koncerty-v-halifaxu-ottawe-nebudou-prelozeny-na-breznove-turne\/#respond"]}]},{"@type":"WebPage","@id":"https:\/\/www.simpleplan.cz\/cz\/index.php\/koncerty-v-halifaxu-ottawe-nebudou-prelozeny-na-breznove-turne\/","url":"https:\/\/www.simpleplan.cz\/cz\/index.php\/koncerty-v-halifaxu-ottawe-nebudou-prelozeny-na-breznove-turne\/","name":"Koncerty v Halifaxu a Ottaw\u011b nebudou p\u0159elo\u017eeny na b\u0159eznov\u00e9 turn\u00e9 | CZ: SimplePlan.cz","isPartOf":{"@id":"https:\/\/www.simpleplan.cz\/cz\/#website"},"datePublished":"2016-12-17T07:58:04+00:00","dateModified":"2023-06-26T05:07:16+00:00","breadcrumb":{"@id":"https:\/\/www.simpleplan.cz\/cz\/index.php\/koncerty-v-halifaxu-ottawe-nebudou-prelozeny-na-breznove-turne\/#breadcrumb"},"inLanguage":"cs","potentialAction":[{"@type":"ReadAction","target":["https:\/\/www.simpleplan.cz\/cz\/index.php\/koncerty-v-halifaxu-ottawe-nebudou-prelozeny-na-breznove-turne\/"]}]},{"@type":"BreadcrumbList","@id":"https:\/\/www.simpleplan.cz\/cz\/index.php\/koncerty-v-halifaxu-ottawe-nebudou-prelozeny-na-breznove-turne\/#breadcrumb","itemListElement":[{"@type":"ListItem","position":1,"name":"Dom\u016f","item":"https:\/\/www.simpleplan.cz\/cz\/"},{"@type":"ListItem","position":2,"name":"koncerty","item":"https:\/\/www.simpleplan.cz\/cz\/index.php\/category\/koncerty\/"},{"@type":"ListItem","position":3,"name":"Koncerty v Halifaxu a Ottaw\u011b nebudou p\u0159elo\u017eeny na b\u0159eznov\u00e9 turn\u00e9"}]},{"@type":"WebSite","@id":"https:\/\/www.simpleplan.cz\/cz\/#website","url":"https:\/\/www.simpleplan.cz\/cz\/","name":"CZ: SimplePlan.cz","description":"Nejlep\u0161\u00ed zdroj informac\u00ed o kapele Simple Plan","publisher":{"@id":"https:\/\/www.simpleplan.cz\/cz\/#organization"},"potentialAction":[{"@type":"SearchAction","target":{"@type":"EntryPoint","urlTemplate":"https:\/\/www.simpleplan.cz\/cz\/?s={search_term_string}"},"query-input":"required name=search_term_string"}],"inLanguage":"cs"},{"@type":"Organization","@id":"https:\/\/www.simpleplan.cz\/cz\/#organization","name":"CZ: SimplePlan.cz","url":"https:\/\/www.simpleplan.cz\/cz\/","logo":{"@type":"ImageObject","inLanguage":"cs","@id":"https:\/\/www.simpleplan.cz\/cz\/#\/schema\/logo\/image\/","url":"https:\/\/www.simpleplan.cz\/cz\/wp-content\/uploads\/spczlogo.png","contentUrl":"https:\/\/www.simpleplan.cz\/cz\/wp-content\/uploads\/spczlogo.png","width":250,"height":190,"caption":"CZ: SimplePlan.cz"},"image":{"@id":"https:\/\/www.simpleplan.cz\/cz\/#\/schema\/logo\/image\/"},"sameAs":["http:\/\/www.facebook.com\/simpleplancz","https:\/\/twitter.com\/simpleplancz","http:\/\/www.instagram.com\/simpleplancz","http:\/\/www.youtube.com\/simpleplancz"]},{"@type":"Person","@id":"https:\/\/www.simpleplan.cz\/cz\/#\/schema\/person\/bb90dd25f4baab7793fc73ab0b783730","name":"Dominika","image":{"@type":"ImageObject","inLanguage":"cs","@id":"https:\/\/www.simpleplan.cz\/cz\/#\/schema\/person\/image\/","url":"https:\/\/secure.gravatar.com\/avatar\/de55cb16a8578d56e96c89d1a0af3db5?s=96&d=mm&r=g","contentUrl":"https:\/\/secure.gravatar.com\/avatar\/de55cb16a8578d56e96c89d1a0af3db5?s=96&d=mm&r=g","caption":"Dominika"},"sameAs":["http:\/\/www.simpleplan.cz"],"url":"https:\/\/www.simpleplan.cz\/cz\/index.php\/author\/admin-2\/"}]}},"featured_image_urls":{"full":"","thumbnail":"","medium":"","medium_large":"","large":"","1536x1536":"","2048x2048":"","elegant-magazine-featured":"","elegant-magazine-medium":"","elegant-magazine-medium-small":"","elegant-magazine-thumbnail-small":""},"author_info":{"display_name":"Dominika","author_link":"https:\/\/www.simpleplan.cz\/cz\/index.php\/author\/admin-2\/"},"category_info":"<a href=\"https:\/\/www.simpleplan.cz\/cz\/index.php\/category\/koncerty\/\" rel=\"category tag\">koncerty<\/a>","tag_info":"koncerty","comment_count":"0","_links":{"self":[{"href":"https:\/\/www.simpleplan.cz\/cz\/index.php\/wp-json\/wp\/v2\/posts\/20755"}],"collection":[{"href":"https:\/\/www.simpleplan.cz\/cz\/index.php\/wp-json\/wp\/v2\/posts"}],"about":[{"href":"https:\/\/www.simpleplan.cz\/cz\/index.php\/wp-json\/wp\/v2\/types\/post"}],"author":[{"embeddable":true,"href":"https:\/\/www.simpleplan.cz\/cz\/index.php\/wp-json\/wp\/v2\/users\/5"}],"replies":[{"embeddable":true,"href":"https:\/\/www.simpleplan.cz\/cz\/index.php\/wp-json\/wp\/v2\/comments?post=20755"}],"version-history":[{"count":2,"href":"https:\/\/www.simpleplan.cz\/cz\/index.php\/wp-json\/wp\/v2\/posts\/20755\/revisions"}],"predecessor-version":[{"id":20757,"href":"https:\/\/www.simpleplan.cz\/cz\/index.php\/wp-json\/wp\/v2\/posts\/20755\/revisions\/20757"}],"wp:attachment":[{"href":"https:\/\/www.simpleplan.cz\/cz\/index.php\/wp-json\/wp\/v2\/media?parent=20755"}],"wp:term":[{"taxonomy":"category","embeddable":true,"href":"https:\/\/www.simpleplan.cz\/cz\/index.php\/wp-json\/wp\/v2\/categories?post=20755"},{"taxonomy":"post_tag","embeddable":true,"href":"https:\/\/www.simpleplan.cz\/cz\/index.php\/wp-json\/wp\/v2\/tags?post=20755"}],"curies":[{"name":"wp","href":"https:\/\/api.w.org\/{rel}","templated":true}]}}