{"id":20816,"date":"2016-12-28T10:01:21","date_gmt":"2016-12-28T09:01:21","guid":{"rendered":"http:\/\/www.simpleplan.cz\/cz\/?p=20816"},"modified":"2023-06-26T07:07:14","modified_gmt":"2023-06-26T05:07:14","slug":"sebastien-o-nejvice-mylnych-predstavach-o-simple-plan","status":"publish","type":"post","link":"https:\/\/www.simpleplan.cz\/cz\/index.php\/sebastien-o-nejvice-mylnych-predstavach-o-simple-plan\/","title":{"rendered":"Sebastien o nejv\u00edce myln\u00fdch p\u0159edstav\u00e1ch o Simple Plan"},"content":{"rendered":"<p><img decoding=\"async\" style=\"margin: 20px;\" src=\"http:\/\/i.imgur.com\/a796uG7.png\" alt=\"\" align=\"right\" \/><br \/>\nV pr\u016fb\u011bhu posledn\u00edch n\u011bkolika m\u011bs\u00edc\u016f, mo\u017en\u00e1 i n\u011bkolika let, jste si mohli v\u0161imnou, \u017ee Sebastien s velkou oblibou pou\u017e\u00edv\u00e1 aplikaci zvanou li.st, kter\u00e1 mu umo\u017e\u0148uje dokumentovat r\u016fzn\u00e9 seznamy v\u011bc\u00ed, kter\u00e9 pak m\u016f\u017ee sd\u00edlet se sv\u00fdmi fanou\u0161ky. A jeliko\u017e m\u00e1 Seb pr\u00e1v\u011b te\u010f n\u011bkolik t\u00fddn\u016f volna, d\u00e1v\u00e1 mu to dost \u010dasu na p\u0159em\u00fd\u0161len\u00ed, co\u017e dalo v\u010dera vzniku dal\u0161\u00edmu seznamu.<\/p>\n<p>V tomto seznamu dal Seb dohromady ty <b>nejpopul\u00e1rn\u011bj\u0161\u00ed myln\u00e9 p\u0159edstavy o tom, jak\u00e9 je to b\u00fdt v kapele<\/b> &#8211; respektive jak\u00e9 je to b\u00fdt v Simple Plan. P\u0159eklad tohoto zaj\u00edmav\u00e9ho seznamu najdete n\u00ed\u017ee:<\/p>\n<blockquote><p><b><u>Myln\u00e9 p\u0159edstavy o tom, jak\u00e9 je to b\u00fdt v kapele<\/b><\/u><\/p>\n<p>Hmmmm&#8230; O tomto jsem si musel promluvit s kluky z kapely. Nejprve v\u00e1m \u0159eknu, co si lid\u00e9 b\u011b\u017en\u011b mysl\u00ed, a pak, co si o tom mysl\u00edme my, nebo jak to ve skute\u010dnosti vlastn\u011b je.<\/p>\n<p><b>\u2022 Nejrad\u011bji poslouch\u00e1me Simple Plan\u2028\u2028<\/b><\/p>\n<p>N\u011bkdy, kdy\u017e vejdeme do restaurac\u00ed nebo hotel\u016f, za\u010dnou schv\u00e1ln\u011b hr\u00e1t na\u0161e alba. Na chv\u00edli&#8230; a pak p\u0159idaj\u00ed na hlasitosti. To se mi moc nel\u00edb\u00ed. I tak poslouch\u00e1m SP ka\u017ed\u00fd den na p\u00f3diu!<\/p>\n<p>\u2028\u2028\u2028<b>\u2022 Simple Plan maj\u00ed sv\u00e9 vlastn\u00ed letadlo\u2028<\/b><\/p>\n<p>Nem\u00e1me! Wow, fakt nem\u00e1me. L\u00e9t\u00e1me norm\u00e1ln\u011b ekonomickou t\u0159\u00eddou. Proto m\u00e1m radost, kdy\u017e se mi poda\u0159\u00ed nasb\u00edrat m\u00edle a z\u00edskat upgrade do prvn\u00ed t\u0159\u00eddy zadarmo! Tedy pouze pokud ten upgrade nedostanou d\u0159\u00edv kluci z na\u0161eho crew &#8230; &#x1f624;\u2028<\/p>\n<p>\u2028\u2028\u2022\u2028 <b>Z\u00e1kulis\u00ed je sam\u00e1 p\u00e1rty<\/b><\/p>\n<p>Z\u00e1kulis\u00ed je tich\u00fdm a klidn\u00fdm prostorem v\u0161ech hal. M\u00e1me tam p\u00e1r dobrot, a pak u\u017e je to jen o tom, jak se p\u00e1r kluk\u016f rozcvi\u010duje a p\u0159ipravuje na show. Nuda!<\/p>\n<p>\u2028\u2028\u2028\u2022 <b>\u2028Tourbus je nejv\u00edc cool m\u00edsto na sv\u011bt\u011b<\/b><\/p>\n<p>Sna\u017e\u00edme se. Jako jo, je tam televize, drinky a tak podobn\u011b. Ale tak\u00e9 je to m\u00edsto, kde m\u00e1me sv\u00e9 p\u0159\u00edbytky, a kde sp\u00edme, kdy\u017e se autobus vyd\u00e1 na cestu&#8230; Kdy\u017e se pak \u010dlov\u011bk probud\u00ed, mus\u00ed hledat &#x1f6bd; [z\u00e1chod] proto\u017ee v tourbuse se nesm\u00ed &#x1f4a9; [chodit na velkou]&#8230;\u2028\u2028\u2028<\/p>\n<p>\u2022 \u2028<b>Staraj\u00ed se o n\u00e1s na\u0161i bodyguardi<\/b><\/p>\n<p>\u017d\u00e1dn\u00e9 nem\u00e1me! Tak\u017ee asi tak.<\/p>\n<p>\u2028\u2028\u2028\u2022\u2028 <b>Milujeme hudbu<\/b><\/p>\n<p>Samoz\u0159ejm\u011b, \u017ee ano! Ale pokud n\u00e1s n\u011bkde vyzved\u00e1v\u00e1te a m\u00e1me n\u011bkam jet, ztlumte to r\u00e1dio, pros\u00edm.<\/p><\/blockquote>\n<div class=\"fblikebutton_button\" style=\"float: left; padding-top: 20px; margin-right: 20px; padding-bottom: 20px; padding-left: 20px;\"><iframe src=\"http:\/\/www.facebook.com\/plugins\/like.php?href=https%3A%2F%2Fwww.simpleplan.cz%2Fcz%2Findex.php%2Fsebastien-o-nejvice-mylnych-predstavach-o-simple-plan%2F&amp;layout=standard&amp;show-faces=false&amp;width=450&amp;action=like&amp;colorscheme=light\" scrolling=\"no\" frameborder=\"0\" allowTransparency=\"true\" style=\"border:none; overflow:hidden; width:450px; height:26px\"><\/iframe><\/div>\n","protected":false},"excerpt":{"rendered":"<p>V pr\u016fb\u011bhu posledn\u00edch n\u011bkolika m\u011bs\u00edc\u016f, mo\u017en\u00e1 i n\u011bkolika let, jste si mohli v\u0161imnou, \u017ee Sebastien<\/p>\n","protected":false},"author":5,"featured_media":0,"comment_status":"open","ping_status":"open","sticky":false,"template":"","format":"standard","meta":{"footnotes":"","fifu_image_url":"","fifu_image_alt":""},"categories":[8,3],"tags":[77],"yoast_head":"<!-- This site is optimized with the Yoast SEO plugin v20.9 - https:\/\/yoast.com\/wordpress\/plugins\/seo\/ -->\n<title>Sebastien o nejv\u00edce myln\u00fdch p\u0159edstav\u00e1ch o Simple Plan | CZ: SimplePlan.cz<\/title>\n<meta name=\"robots\" content=\"index, follow, max-snippet:-1, max-image-preview:large, max-video-preview:-1\" \/>\n<link rel=\"canonical\" href=\"https:\/\/www.simpleplan.cz\/cz\/index.php\/sebastien-o-nejvice-mylnych-predstavach-o-simple-plan\/\" \/>\n<meta property=\"og:locale\" content=\"cs_CZ\" \/>\n<meta property=\"og:type\" content=\"article\" \/>\n<meta property=\"og:title\" content=\"Sebastien o nejv\u00edce myln\u00fdch p\u0159edstav\u00e1ch o Simple Plan | CZ: SimplePlan.cz\" \/>\n<meta property=\"og:description\" content=\"V pr\u016fb\u011bhu posledn\u00edch n\u011bkolika m\u011bs\u00edc\u016f, mo\u017en\u00e1 i n\u011bkolika let, jste si mohli v\u0161imnou, \u017ee Sebastien\" \/>\n<meta property=\"og:url\" content=\"https:\/\/www.simpleplan.cz\/cz\/index.php\/sebastien-o-nejvice-mylnych-predstavach-o-simple-plan\/\" \/>\n<meta property=\"og:site_name\" content=\"CZ: SimplePlan.cz\" \/>\n<meta property=\"article:publisher\" content=\"http:\/\/www.facebook.com\/simpleplancz\" \/>\n<meta property=\"article:published_time\" content=\"2016-12-28T09:01:21+00:00\" \/>\n<meta property=\"article:modified_time\" content=\"2023-06-26T05:07:14+00:00\" \/>\n<meta property=\"og:image\" content=\"http:\/\/i.imgur.com\/a796uG7.png\" \/>\n<meta name=\"author\" content=\"Dominika\" \/>\n<meta name=\"twitter:card\" content=\"summary_large_image\" \/>\n<meta name=\"twitter:creator\" content=\"@simpleplancz\" \/>\n<meta name=\"twitter:site\" content=\"@simpleplancz\" \/>\n<meta name=\"twitter:label1\" content=\"Napsal(a)\" \/>\n\t<meta name=\"twitter:data1\" content=\"Dominika\" \/>\n\t<meta name=\"twitter:label2\" content=\"Odhadovan\u00e1 doba \u010dten\u00ed\" \/>\n\t<meta name=\"twitter:data2\" content=\"2 minuty\" \/>\n<script type=\"application\/ld+json\" class=\"yoast-schema-graph\">{\"@context\":\"https:\/\/schema.org\",\"@graph\":[{\"@type\":\"Article\",\"@id\":\"https:\/\/www.simpleplan.cz\/cz\/index.php\/sebastien-o-nejvice-mylnych-predstavach-o-simple-plan\/#article\",\"isPartOf\":{\"@id\":\"https:\/\/www.simpleplan.cz\/cz\/index.php\/sebastien-o-nejvice-mylnych-predstavach-o-simple-plan\/\"},\"author\":{\"name\":\"Dominika\",\"@id\":\"https:\/\/www.simpleplan.cz\/cz\/#\/schema\/person\/bb90dd25f4baab7793fc73ab0b783730\"},\"headline\":\"Sebastien o nejv\u00edce myln\u00fdch p\u0159edstav\u00e1ch o Simple Plan\",\"datePublished\":\"2016-12-28T09:01:21+00:00\",\"dateModified\":\"2023-06-26T05:07:14+00:00\",\"mainEntityOfPage\":{\"@id\":\"https:\/\/www.simpleplan.cz\/cz\/index.php\/sebastien-o-nejvice-mylnych-predstavach-o-simple-plan\/\"},\"wordCount\":449,\"commentCount\":0,\"publisher\":{\"@id\":\"https:\/\/www.simpleplan.cz\/cz\/#organization\"},\"keywords\":[\"turn\u00e9\"],\"articleSection\":[\"koncerty\",\"Sebastien\"],\"inLanguage\":\"cs\",\"potentialAction\":[{\"@type\":\"CommentAction\",\"name\":\"Comment\",\"target\":[\"https:\/\/www.simpleplan.cz\/cz\/index.php\/sebastien-o-nejvice-mylnych-predstavach-o-simple-plan\/#respond\"]}]},{\"@type\":\"WebPage\",\"@id\":\"https:\/\/www.simpleplan.cz\/cz\/index.php\/sebastien-o-nejvice-mylnych-predstavach-o-simple-plan\/\",\"url\":\"https:\/\/www.simpleplan.cz\/cz\/index.php\/sebastien-o-nejvice-mylnych-predstavach-o-simple-plan\/\",\"name\":\"Sebastien o nejv\u00edce myln\u00fdch p\u0159edstav\u00e1ch o Simple Plan | CZ: SimplePlan.cz\",\"isPartOf\":{\"@id\":\"https:\/\/www.simpleplan.cz\/cz\/#website\"},\"datePublished\":\"2016-12-28T09:01:21+00:00\",\"dateModified\":\"2023-06-26T05:07:14+00:00\",\"breadcrumb\":{\"@id\":\"https:\/\/www.simpleplan.cz\/cz\/index.php\/sebastien-o-nejvice-mylnych-predstavach-o-simple-plan\/#breadcrumb\"},\"inLanguage\":\"cs\",\"potentialAction\":[{\"@type\":\"ReadAction\",\"target\":[\"https:\/\/www.simpleplan.cz\/cz\/index.php\/sebastien-o-nejvice-mylnych-predstavach-o-simple-plan\/\"]}]},{\"@type\":\"BreadcrumbList\",\"@id\":\"https:\/\/www.simpleplan.cz\/cz\/index.php\/sebastien-o-nejvice-mylnych-predstavach-o-simple-plan\/#breadcrumb\",\"itemListElement\":[{\"@type\":\"ListItem\",\"position\":1,\"name\":\"Dom\u016f\",\"item\":\"https:\/\/www.simpleplan.cz\/cz\/\"},{\"@type\":\"ListItem\",\"position\":2,\"name\":\"koncerty\",\"item\":\"https:\/\/www.simpleplan.cz\/cz\/index.php\/category\/koncerty\/\"},{\"@type\":\"ListItem\",\"position\":3,\"name\":\"Sebastien o nejv\u00edce myln\u00fdch p\u0159edstav\u00e1ch o Simple Plan\"}]},{\"@type\":\"WebSite\",\"@id\":\"https:\/\/www.simpleplan.cz\/cz\/#website\",\"url\":\"https:\/\/www.simpleplan.cz\/cz\/\",\"name\":\"CZ: SimplePlan.cz\",\"description\":\"Nejlep\u0161\u00ed zdroj informac\u00ed o kapele Simple Plan\",\"publisher\":{\"@id\":\"https:\/\/www.simpleplan.cz\/cz\/#organization\"},\"potentialAction\":[{\"@type\":\"SearchAction\",\"target\":{\"@type\":\"EntryPoint\",\"urlTemplate\":\"https:\/\/www.simpleplan.cz\/cz\/?s={search_term_string}\"},\"query-input\":\"required name=search_term_string\"}],\"inLanguage\":\"cs\"},{\"@type\":\"Organization\",\"@id\":\"https:\/\/www.simpleplan.cz\/cz\/#organization\",\"name\":\"CZ: SimplePlan.cz\",\"url\":\"https:\/\/www.simpleplan.cz\/cz\/\",\"logo\":{\"@type\":\"ImageObject\",\"inLanguage\":\"cs\",\"@id\":\"https:\/\/www.simpleplan.cz\/cz\/#\/schema\/logo\/image\/\",\"url\":\"https:\/\/www.simpleplan.cz\/cz\/wp-content\/uploads\/spczlogo.png\",\"contentUrl\":\"https:\/\/www.simpleplan.cz\/cz\/wp-content\/uploads\/spczlogo.png\",\"width\":250,\"height\":190,\"caption\":\"CZ: SimplePlan.cz\"},\"image\":{\"@id\":\"https:\/\/www.simpleplan.cz\/cz\/#\/schema\/logo\/image\/\"},\"sameAs\":[\"http:\/\/www.facebook.com\/simpleplancz\",\"https:\/\/twitter.com\/simpleplancz\",\"http:\/\/www.instagram.com\/simpleplancz\",\"http:\/\/www.youtube.com\/simpleplancz\"]},{\"@type\":\"Person\",\"@id\":\"https:\/\/www.simpleplan.cz\/cz\/#\/schema\/person\/bb90dd25f4baab7793fc73ab0b783730\",\"name\":\"Dominika\",\"image\":{\"@type\":\"ImageObject\",\"inLanguage\":\"cs\",\"@id\":\"https:\/\/www.simpleplan.cz\/cz\/#\/schema\/person\/image\/\",\"url\":\"https:\/\/secure.gravatar.com\/avatar\/de55cb16a8578d56e96c89d1a0af3db5?s=96&d=mm&r=g\",\"contentUrl\":\"https:\/\/secure.gravatar.com\/avatar\/de55cb16a8578d56e96c89d1a0af3db5?s=96&d=mm&r=g\",\"caption\":\"Dominika\"},\"sameAs\":[\"http:\/\/www.simpleplan.cz\"],\"url\":\"https:\/\/www.simpleplan.cz\/cz\/index.php\/author\/admin-2\/\"}]}<\/script>\n<!-- \/ Yoast SEO plugin. -->","yoast_head_json":{"title":"Sebastien o nejv\u00edce myln\u00fdch p\u0159edstav\u00e1ch o Simple Plan | CZ: SimplePlan.cz","robots":{"index":"index","follow":"follow","max-snippet":"max-snippet:-1","max-image-preview":"max-image-preview:large","max-video-preview":"max-video-preview:-1"},"canonical":"https:\/\/www.simpleplan.cz\/cz\/index.php\/sebastien-o-nejvice-mylnych-predstavach-o-simple-plan\/","og_locale":"cs_CZ","og_type":"article","og_title":"Sebastien o nejv\u00edce myln\u00fdch p\u0159edstav\u00e1ch o Simple Plan | CZ: SimplePlan.cz","og_description":"V pr\u016fb\u011bhu posledn\u00edch n\u011bkolika m\u011bs\u00edc\u016f, mo\u017en\u00e1 i n\u011bkolika let, jste si mohli v\u0161imnou, \u017ee Sebastien","og_url":"https:\/\/www.simpleplan.cz\/cz\/index.php\/sebastien-o-nejvice-mylnych-predstavach-o-simple-plan\/","og_site_name":"CZ: SimplePlan.cz","article_publisher":"http:\/\/www.facebook.com\/simpleplancz","article_published_time":"2016-12-28T09:01:21+00:00","article_modified_time":"2023-06-26T05:07:14+00:00","og_image":[{"url":"http:\/\/i.imgur.com\/a796uG7.png"}],"author":"Dominika","twitter_card":"summary_large_image","twitter_creator":"@simpleplancz","twitter_site":"@simpleplancz","twitter_misc":{"Napsal(a)":"Dominika","Odhadovan\u00e1 doba \u010dten\u00ed":"2 minuty"},"schema":{"@context":"https:\/\/schema.org","@graph":[{"@type":"Article","@id":"https:\/\/www.simpleplan.cz\/cz\/index.php\/sebastien-o-nejvice-mylnych-predstavach-o-simple-plan\/#article","isPartOf":{"@id":"https:\/\/www.simpleplan.cz\/cz\/index.php\/sebastien-o-nejvice-mylnych-predstavach-o-simple-plan\/"},"author":{"name":"Dominika","@id":"https:\/\/www.simpleplan.cz\/cz\/#\/schema\/person\/bb90dd25f4baab7793fc73ab0b783730"},"headline":"Sebastien o nejv\u00edce myln\u00fdch p\u0159edstav\u00e1ch o Simple Plan","datePublished":"2016-12-28T09:01:21+00:00","dateModified":"2023-06-26T05:07:14+00:00","mainEntityOfPage":{"@id":"https:\/\/www.simpleplan.cz\/cz\/index.php\/sebastien-o-nejvice-mylnych-predstavach-o-simple-plan\/"},"wordCount":449,"commentCount":0,"publisher":{"@id":"https:\/\/www.simpleplan.cz\/cz\/#organization"},"keywords":["turn\u00e9"],"articleSection":["koncerty","Sebastien"],"inLanguage":"cs","potentialAction":[{"@type":"CommentAction","name":"Comment","target":["https:\/\/www.simpleplan.cz\/cz\/index.php\/sebastien-o-nejvice-mylnych-predstavach-o-simple-plan\/#respond"]}]},{"@type":"WebPage","@id":"https:\/\/www.simpleplan.cz\/cz\/index.php\/sebastien-o-nejvice-mylnych-predstavach-o-simple-plan\/","url":"https:\/\/www.simpleplan.cz\/cz\/index.php\/sebastien-o-nejvice-mylnych-predstavach-o-simple-plan\/","name":"Sebastien o nejv\u00edce myln\u00fdch p\u0159edstav\u00e1ch o Simple Plan | CZ: SimplePlan.cz","isPartOf":{"@id":"https:\/\/www.simpleplan.cz\/cz\/#website"},"datePublished":"2016-12-28T09:01:21+00:00","dateModified":"2023-06-26T05:07:14+00:00","breadcrumb":{"@id":"https:\/\/www.simpleplan.cz\/cz\/index.php\/sebastien-o-nejvice-mylnych-predstavach-o-simple-plan\/#breadcrumb"},"inLanguage":"cs","potentialAction":[{"@type":"ReadAction","target":["https:\/\/www.simpleplan.cz\/cz\/index.php\/sebastien-o-nejvice-mylnych-predstavach-o-simple-plan\/"]}]},{"@type":"BreadcrumbList","@id":"https:\/\/www.simpleplan.cz\/cz\/index.php\/sebastien-o-nejvice-mylnych-predstavach-o-simple-plan\/#breadcrumb","itemListElement":[{"@type":"ListItem","position":1,"name":"Dom\u016f","item":"https:\/\/www.simpleplan.cz\/cz\/"},{"@type":"ListItem","position":2,"name":"koncerty","item":"https:\/\/www.simpleplan.cz\/cz\/index.php\/category\/koncerty\/"},{"@type":"ListItem","position":3,"name":"Sebastien o nejv\u00edce myln\u00fdch p\u0159edstav\u00e1ch o Simple Plan"}]},{"@type":"WebSite","@id":"https:\/\/www.simpleplan.cz\/cz\/#website","url":"https:\/\/www.simpleplan.cz\/cz\/","name":"CZ: SimplePlan.cz","description":"Nejlep\u0161\u00ed zdroj informac\u00ed o kapele Simple Plan","publisher":{"@id":"https:\/\/www.simpleplan.cz\/cz\/#organization"},"potentialAction":[{"@type":"SearchAction","target":{"@type":"EntryPoint","urlTemplate":"https:\/\/www.simpleplan.cz\/cz\/?s={search_term_string}"},"query-input":"required name=search_term_string"}],"inLanguage":"cs"},{"@type":"Organization","@id":"https:\/\/www.simpleplan.cz\/cz\/#organization","name":"CZ: SimplePlan.cz","url":"https:\/\/www.simpleplan.cz\/cz\/","logo":{"@type":"ImageObject","inLanguage":"cs","@id":"https:\/\/www.simpleplan.cz\/cz\/#\/schema\/logo\/image\/","url":"https:\/\/www.simpleplan.cz\/cz\/wp-content\/uploads\/spczlogo.png","contentUrl":"https:\/\/www.simpleplan.cz\/cz\/wp-content\/uploads\/spczlogo.png","width":250,"height":190,"caption":"CZ: SimplePlan.cz"},"image":{"@id":"https:\/\/www.simpleplan.cz\/cz\/#\/schema\/logo\/image\/"},"sameAs":["http:\/\/www.facebook.com\/simpleplancz","https:\/\/twitter.com\/simpleplancz","http:\/\/www.instagram.com\/simpleplancz","http:\/\/www.youtube.com\/simpleplancz"]},{"@type":"Person","@id":"https:\/\/www.simpleplan.cz\/cz\/#\/schema\/person\/bb90dd25f4baab7793fc73ab0b783730","name":"Dominika","image":{"@type":"ImageObject","inLanguage":"cs","@id":"https:\/\/www.simpleplan.cz\/cz\/#\/schema\/person\/image\/","url":"https:\/\/secure.gravatar.com\/avatar\/de55cb16a8578d56e96c89d1a0af3db5?s=96&d=mm&r=g","contentUrl":"https:\/\/secure.gravatar.com\/avatar\/de55cb16a8578d56e96c89d1a0af3db5?s=96&d=mm&r=g","caption":"Dominika"},"sameAs":["http:\/\/www.simpleplan.cz"],"url":"https:\/\/www.simpleplan.cz\/cz\/index.php\/author\/admin-2\/"}]}},"featured_image_urls":{"full":"","thumbnail":"","medium":"","medium_large":"","large":"","1536x1536":"","2048x2048":"","elegant-magazine-featured":"","elegant-magazine-medium":"","elegant-magazine-medium-small":"","elegant-magazine-thumbnail-small":""},"author_info":{"display_name":"Dominika","author_link":"https:\/\/www.simpleplan.cz\/cz\/index.php\/author\/admin-2\/"},"category_info":"<a href=\"https:\/\/www.simpleplan.cz\/cz\/index.php\/category\/koncerty\/\" rel=\"category tag\">koncerty<\/a> <a href=\"https:\/\/www.simpleplan.cz\/cz\/index.php\/category\/sebastien\/\" rel=\"category tag\">Sebastien<\/a>","tag_info":"Sebastien","comment_count":"0","_links":{"self":[{"href":"https:\/\/www.simpleplan.cz\/cz\/index.php\/wp-json\/wp\/v2\/posts\/20816"}],"collection":[{"href":"https:\/\/www.simpleplan.cz\/cz\/index.php\/wp-json\/wp\/v2\/posts"}],"about":[{"href":"https:\/\/www.simpleplan.cz\/cz\/index.php\/wp-json\/wp\/v2\/types\/post"}],"author":[{"embeddable":true,"href":"https:\/\/www.simpleplan.cz\/cz\/index.php\/wp-json\/wp\/v2\/users\/5"}],"replies":[{"embeddable":true,"href":"https:\/\/www.simpleplan.cz\/cz\/index.php\/wp-json\/wp\/v2\/comments?post=20816"}],"version-history":[{"count":2,"href":"https:\/\/www.simpleplan.cz\/cz\/index.php\/wp-json\/wp\/v2\/posts\/20816\/revisions"}],"predecessor-version":[{"id":20818,"href":"https:\/\/www.simpleplan.cz\/cz\/index.php\/wp-json\/wp\/v2\/posts\/20816\/revisions\/20818"}],"wp:attachment":[{"href":"https:\/\/www.simpleplan.cz\/cz\/index.php\/wp-json\/wp\/v2\/media?parent=20816"}],"wp:term":[{"taxonomy":"category","embeddable":true,"href":"https:\/\/www.simpleplan.cz\/cz\/index.php\/wp-json\/wp\/v2\/categories?post=20816"},{"taxonomy":"post_tag","embeddable":true,"href":"https:\/\/www.simpleplan.cz\/cz\/index.php\/wp-json\/wp\/v2\/tags?post=20816"}],"curies":[{"name":"wp","href":"https:\/\/api.w.org\/{rel}","templated":true}]}}