{"id":21241,"date":"2017-02-18T09:14:52","date_gmt":"2017-02-18T08:14:52","guid":{"rendered":"http:\/\/www.simpleplan.cz\/cz\/?p=21241"},"modified":"2023-06-26T07:07:08","modified_gmt":"2023-06-26T05:07:08","slug":"david-promluvil-sve-absenci-poslednim-turne-sp","status":"publish","type":"post","link":"https:\/\/www.simpleplan.cz\/cz\/index.php\/david-promluvil-sve-absenci-poslednim-turne-sp\/","title":{"rendered":"David promluvil o sv\u00e9 absenci na posledn\u00edm turn\u00e9 SP"},"content":{"rendered":"<p><img decoding=\"async\" style=\"margin: 15px;\" src=\"http:\/\/i.imgur.com\/QUegXaC.png\" alt=\"\" align=\"left\" \/>Ur\u010dit\u011b si vzpomenete na prosinec, kdy se na za\u010d\u00e1tku jihoamerick\u00e9ho turn\u00e9 SP fanou\u0161ci dozv\u011bd\u011bli, \u017ee David s kapelou toto turn\u00e9 z osobn\u00edch d\u016fvod\u016f <a href=\"http:\/\/www.simpleplan.cz\/cz\/index.php\/david-se-z-osobnich-duvodu-neobjevi-na-turne-po-jizni-americe\/\" target=\"_blank\" rel=\"noopener\">nepojede<\/a>.<\/p>\n<p>Po m\u011bs\u00edc\u00edch ticha ohledn\u011b t\u00e9to z\u00e1le\u017eitosti a s nadch\u00e1zej\u00edc\u00edm turn\u00e9 Simple Plan jen za n\u011bkolik t\u00fddn\u016f, se <b>David kone\u010dn\u011b rozhodl na t\u00e9ma sv\u00e9 absence na minul\u00e9m turn\u00e9 promluvit na sv\u00e9m <a href=\"https:\/\/www.instagram.com\/p\/BQo8PXghn3_\/?taken-by=daviddesrosiers\" target=\"_blank\" rel=\"noopener\">Instagramu<\/a> a zm\u00ednit tak\u00e9, \u017ee jej skute\u010dn\u011b m\u016f\u017eeme o\u010dek\u00e1vat zp\u011bt na nadch\u00e1zej\u00edc\u00edch koncertech<\/b>.<\/p>\n<p>P\u0159e\u010dt\u011bte si \u010desk\u00fd p\u0159eklad Davidovy zpr\u00e1vy n\u00ed\u017ee:<\/p>\n<blockquote><p>Ahoj v\u0161ichni,<\/p>\n<p>jen jsem cht\u011bl vyu\u017e\u00edt t\u00e9to chv\u00edle, abych v\u00e1m dal v\u011bd\u011bt, \u017ee se m\u00e1m dob\u0159e a moc se t\u011b\u0161\u00edm, a\u017e budu s kluky zp\u00e1tky na p\u00f3diu na na\u0161em nadch\u00e1zej\u00edc\u00edm turn\u00e9, abych pro v\u00e1s v\u0161echny mohl zase zahr\u00e1t. Minul\u00fd rok byl hodn\u011b nabit\u00fd a hodn\u011b ru\u0161n\u00fd, a proto jsem si pot\u0159eboval d\u00e1t trochu oddych a \u017e\u00edt na chv\u00edli ve sv\u00e9m rodn\u00e9m m\u011bst\u011b, abych si trochu nabil baterky.<\/p>\n<p>D\u011bkuji za pochopen\u00ed, moc si cen\u00edm va\u0161\u00ed podpory a tak\u00e9 podpory na\u0161\u00ed kapely. Uvid\u00edme se brzy na koncertech!<\/p>\n<p>M\u00edr, l\u00e1sku a sv\u011btlo &#x1f64f;&#x2764;&#xfe0f;&#x2728;<\/p><\/blockquote>\n<div class=\"fblikebutton_button\" style=\"float: left; padding-top: 20px; margin-right: 20px; padding-bottom: 20px; padding-left: 20px;\"><iframe src=\"http:\/\/www.facebook.com\/plugins\/like.php?href=https%3A%2F%2Fwww.simpleplan.cz%2Fcz%2Findex.php%2Fdavid-promluvil-sve-absenci-poslednim-turne-sp%2F&amp;layout=standard&amp;show-faces=false&amp;width=450&amp;action=like&amp;colorscheme=light\" scrolling=\"no\" frameborder=\"0\" allowTransparency=\"true\" style=\"border:none; overflow:hidden; width:450px; height:26px\"><\/iframe><\/div>\n","protected":false},"excerpt":{"rendered":"<p>Ur\u010dit\u011b si vzpomenete na prosinec, kdy se na za\u010d\u00e1tku jihoamerick\u00e9ho turn\u00e9 SP fanou\u0161ci dozv\u011bd\u011bli, \u017ee<\/p>\n","protected":false},"author":5,"featured_media":0,"comment_status":"open","ping_status":"open","sticky":false,"template":"","format":"standard","meta":{"footnotes":"","fifu_image_url":"","fifu_image_alt":""},"categories":[2],"tags":[1684],"yoast_head":"<!-- This site is optimized with the Yoast SEO plugin v20.9 - https:\/\/yoast.com\/wordpress\/plugins\/seo\/ -->\n<title>David promluvil o sv\u00e9 absenci na posledn\u00edm turn\u00e9 SP | CZ: SimplePlan.cz<\/title>\n<meta name=\"robots\" content=\"index, follow, max-snippet:-1, max-image-preview:large, max-video-preview:-1\" \/>\n<link rel=\"canonical\" href=\"https:\/\/www.simpleplan.cz\/cz\/index.php\/david-promluvil-sve-absenci-poslednim-turne-sp\/\" \/>\n<meta property=\"og:locale\" content=\"cs_CZ\" \/>\n<meta property=\"og:type\" content=\"article\" \/>\n<meta property=\"og:title\" content=\"David promluvil o sv\u00e9 absenci na posledn\u00edm turn\u00e9 SP | CZ: SimplePlan.cz\" \/>\n<meta property=\"og:description\" content=\"Ur\u010dit\u011b si vzpomenete na prosinec, kdy se na za\u010d\u00e1tku jihoamerick\u00e9ho turn\u00e9 SP fanou\u0161ci dozv\u011bd\u011bli, \u017ee\" \/>\n<meta property=\"og:url\" content=\"https:\/\/www.simpleplan.cz\/cz\/index.php\/david-promluvil-sve-absenci-poslednim-turne-sp\/\" \/>\n<meta property=\"og:site_name\" content=\"CZ: SimplePlan.cz\" \/>\n<meta property=\"article:publisher\" content=\"http:\/\/www.facebook.com\/simpleplancz\" \/>\n<meta property=\"article:published_time\" content=\"2017-02-18T08:14:52+00:00\" \/>\n<meta property=\"article:modified_time\" content=\"2023-06-26T05:07:08+00:00\" \/>\n<meta property=\"og:image\" content=\"http:\/\/i.imgur.com\/QUegXaC.png\" \/>\n<meta name=\"author\" content=\"Dominika\" \/>\n<meta name=\"twitter:card\" content=\"summary_large_image\" \/>\n<meta name=\"twitter:creator\" content=\"@simpleplancz\" \/>\n<meta name=\"twitter:site\" content=\"@simpleplancz\" \/>\n<meta name=\"twitter:label1\" content=\"Napsal(a)\" \/>\n\t<meta name=\"twitter:data1\" content=\"Dominika\" \/>\n\t<meta name=\"twitter:label2\" content=\"Odhadovan\u00e1 doba \u010dten\u00ed\" \/>\n\t<meta name=\"twitter:data2\" content=\"1 minuta\" \/>\n<script type=\"application\/ld+json\" class=\"yoast-schema-graph\">{\"@context\":\"https:\/\/schema.org\",\"@graph\":[{\"@type\":\"Article\",\"@id\":\"https:\/\/www.simpleplan.cz\/cz\/index.php\/david-promluvil-sve-absenci-poslednim-turne-sp\/#article\",\"isPartOf\":{\"@id\":\"https:\/\/www.simpleplan.cz\/cz\/index.php\/david-promluvil-sve-absenci-poslednim-turne-sp\/\"},\"author\":{\"name\":\"Dominika\",\"@id\":\"https:\/\/www.simpleplan.cz\/cz\/#\/schema\/person\/bb90dd25f4baab7793fc73ab0b783730\"},\"headline\":\"David promluvil o sv\u00e9 absenci na posledn\u00edm turn\u00e9 SP\",\"datePublished\":\"2017-02-18T08:14:52+00:00\",\"dateModified\":\"2023-06-26T05:07:08+00:00\",\"mainEntityOfPage\":{\"@id\":\"https:\/\/www.simpleplan.cz\/cz\/index.php\/david-promluvil-sve-absenci-poslednim-turne-sp\/\"},\"wordCount\":251,\"commentCount\":0,\"publisher\":{\"@id\":\"https:\/\/www.simpleplan.cz\/cz\/#organization\"},\"keywords\":[\"Instagram\"],\"articleSection\":[\"David\"],\"inLanguage\":\"cs\",\"potentialAction\":[{\"@type\":\"CommentAction\",\"name\":\"Comment\",\"target\":[\"https:\/\/www.simpleplan.cz\/cz\/index.php\/david-promluvil-sve-absenci-poslednim-turne-sp\/#respond\"]}]},{\"@type\":\"WebPage\",\"@id\":\"https:\/\/www.simpleplan.cz\/cz\/index.php\/david-promluvil-sve-absenci-poslednim-turne-sp\/\",\"url\":\"https:\/\/www.simpleplan.cz\/cz\/index.php\/david-promluvil-sve-absenci-poslednim-turne-sp\/\",\"name\":\"David promluvil o sv\u00e9 absenci na posledn\u00edm turn\u00e9 SP | CZ: SimplePlan.cz\",\"isPartOf\":{\"@id\":\"https:\/\/www.simpleplan.cz\/cz\/#website\"},\"datePublished\":\"2017-02-18T08:14:52+00:00\",\"dateModified\":\"2023-06-26T05:07:08+00:00\",\"breadcrumb\":{\"@id\":\"https:\/\/www.simpleplan.cz\/cz\/index.php\/david-promluvil-sve-absenci-poslednim-turne-sp\/#breadcrumb\"},\"inLanguage\":\"cs\",\"potentialAction\":[{\"@type\":\"ReadAction\",\"target\":[\"https:\/\/www.simpleplan.cz\/cz\/index.php\/david-promluvil-sve-absenci-poslednim-turne-sp\/\"]}]},{\"@type\":\"BreadcrumbList\",\"@id\":\"https:\/\/www.simpleplan.cz\/cz\/index.php\/david-promluvil-sve-absenci-poslednim-turne-sp\/#breadcrumb\",\"itemListElement\":[{\"@type\":\"ListItem\",\"position\":1,\"name\":\"Dom\u016f\",\"item\":\"https:\/\/www.simpleplan.cz\/cz\/\"},{\"@type\":\"ListItem\",\"position\":2,\"name\":\"David\",\"item\":\"https:\/\/www.simpleplan.cz\/cz\/index.php\/category\/david\/\"},{\"@type\":\"ListItem\",\"position\":3,\"name\":\"David promluvil o sv\u00e9 absenci na posledn\u00edm turn\u00e9 SP\"}]},{\"@type\":\"WebSite\",\"@id\":\"https:\/\/www.simpleplan.cz\/cz\/#website\",\"url\":\"https:\/\/www.simpleplan.cz\/cz\/\",\"name\":\"CZ: SimplePlan.cz\",\"description\":\"Nejlep\u0161\u00ed zdroj informac\u00ed o kapele Simple Plan\",\"publisher\":{\"@id\":\"https:\/\/www.simpleplan.cz\/cz\/#organization\"},\"potentialAction\":[{\"@type\":\"SearchAction\",\"target\":{\"@type\":\"EntryPoint\",\"urlTemplate\":\"https:\/\/www.simpleplan.cz\/cz\/?s={search_term_string}\"},\"query-input\":\"required name=search_term_string\"}],\"inLanguage\":\"cs\"},{\"@type\":\"Organization\",\"@id\":\"https:\/\/www.simpleplan.cz\/cz\/#organization\",\"name\":\"CZ: SimplePlan.cz\",\"url\":\"https:\/\/www.simpleplan.cz\/cz\/\",\"logo\":{\"@type\":\"ImageObject\",\"inLanguage\":\"cs\",\"@id\":\"https:\/\/www.simpleplan.cz\/cz\/#\/schema\/logo\/image\/\",\"url\":\"https:\/\/www.simpleplan.cz\/cz\/wp-content\/uploads\/spczlogo.png\",\"contentUrl\":\"https:\/\/www.simpleplan.cz\/cz\/wp-content\/uploads\/spczlogo.png\",\"width\":250,\"height\":190,\"caption\":\"CZ: SimplePlan.cz\"},\"image\":{\"@id\":\"https:\/\/www.simpleplan.cz\/cz\/#\/schema\/logo\/image\/\"},\"sameAs\":[\"http:\/\/www.facebook.com\/simpleplancz\",\"https:\/\/twitter.com\/simpleplancz\",\"http:\/\/www.instagram.com\/simpleplancz\",\"http:\/\/www.youtube.com\/simpleplancz\"]},{\"@type\":\"Person\",\"@id\":\"https:\/\/www.simpleplan.cz\/cz\/#\/schema\/person\/bb90dd25f4baab7793fc73ab0b783730\",\"name\":\"Dominika\",\"image\":{\"@type\":\"ImageObject\",\"inLanguage\":\"cs\",\"@id\":\"https:\/\/www.simpleplan.cz\/cz\/#\/schema\/person\/image\/\",\"url\":\"https:\/\/secure.gravatar.com\/avatar\/de55cb16a8578d56e96c89d1a0af3db5?s=96&d=mm&r=g\",\"contentUrl\":\"https:\/\/secure.gravatar.com\/avatar\/de55cb16a8578d56e96c89d1a0af3db5?s=96&d=mm&r=g\",\"caption\":\"Dominika\"},\"sameAs\":[\"http:\/\/www.simpleplan.cz\"],\"url\":\"https:\/\/www.simpleplan.cz\/cz\/index.php\/author\/admin-2\/\"}]}<\/script>\n<!-- \/ Yoast SEO plugin. -->","yoast_head_json":{"title":"David promluvil o sv\u00e9 absenci na posledn\u00edm turn\u00e9 SP | CZ: SimplePlan.cz","robots":{"index":"index","follow":"follow","max-snippet":"max-snippet:-1","max-image-preview":"max-image-preview:large","max-video-preview":"max-video-preview:-1"},"canonical":"https:\/\/www.simpleplan.cz\/cz\/index.php\/david-promluvil-sve-absenci-poslednim-turne-sp\/","og_locale":"cs_CZ","og_type":"article","og_title":"David promluvil o sv\u00e9 absenci na posledn\u00edm turn\u00e9 SP | CZ: SimplePlan.cz","og_description":"Ur\u010dit\u011b si vzpomenete na prosinec, kdy se na za\u010d\u00e1tku jihoamerick\u00e9ho turn\u00e9 SP fanou\u0161ci dozv\u011bd\u011bli, \u017ee","og_url":"https:\/\/www.simpleplan.cz\/cz\/index.php\/david-promluvil-sve-absenci-poslednim-turne-sp\/","og_site_name":"CZ: SimplePlan.cz","article_publisher":"http:\/\/www.facebook.com\/simpleplancz","article_published_time":"2017-02-18T08:14:52+00:00","article_modified_time":"2023-06-26T05:07:08+00:00","og_image":[{"url":"http:\/\/i.imgur.com\/QUegXaC.png"}],"author":"Dominika","twitter_card":"summary_large_image","twitter_creator":"@simpleplancz","twitter_site":"@simpleplancz","twitter_misc":{"Napsal(a)":"Dominika","Odhadovan\u00e1 doba \u010dten\u00ed":"1 minuta"},"schema":{"@context":"https:\/\/schema.org","@graph":[{"@type":"Article","@id":"https:\/\/www.simpleplan.cz\/cz\/index.php\/david-promluvil-sve-absenci-poslednim-turne-sp\/#article","isPartOf":{"@id":"https:\/\/www.simpleplan.cz\/cz\/index.php\/david-promluvil-sve-absenci-poslednim-turne-sp\/"},"author":{"name":"Dominika","@id":"https:\/\/www.simpleplan.cz\/cz\/#\/schema\/person\/bb90dd25f4baab7793fc73ab0b783730"},"headline":"David promluvil o sv\u00e9 absenci na posledn\u00edm turn\u00e9 SP","datePublished":"2017-02-18T08:14:52+00:00","dateModified":"2023-06-26T05:07:08+00:00","mainEntityOfPage":{"@id":"https:\/\/www.simpleplan.cz\/cz\/index.php\/david-promluvil-sve-absenci-poslednim-turne-sp\/"},"wordCount":251,"commentCount":0,"publisher":{"@id":"https:\/\/www.simpleplan.cz\/cz\/#organization"},"keywords":["Instagram"],"articleSection":["David"],"inLanguage":"cs","potentialAction":[{"@type":"CommentAction","name":"Comment","target":["https:\/\/www.simpleplan.cz\/cz\/index.php\/david-promluvil-sve-absenci-poslednim-turne-sp\/#respond"]}]},{"@type":"WebPage","@id":"https:\/\/www.simpleplan.cz\/cz\/index.php\/david-promluvil-sve-absenci-poslednim-turne-sp\/","url":"https:\/\/www.simpleplan.cz\/cz\/index.php\/david-promluvil-sve-absenci-poslednim-turne-sp\/","name":"David promluvil o sv\u00e9 absenci na posledn\u00edm turn\u00e9 SP | CZ: SimplePlan.cz","isPartOf":{"@id":"https:\/\/www.simpleplan.cz\/cz\/#website"},"datePublished":"2017-02-18T08:14:52+00:00","dateModified":"2023-06-26T05:07:08+00:00","breadcrumb":{"@id":"https:\/\/www.simpleplan.cz\/cz\/index.php\/david-promluvil-sve-absenci-poslednim-turne-sp\/#breadcrumb"},"inLanguage":"cs","potentialAction":[{"@type":"ReadAction","target":["https:\/\/www.simpleplan.cz\/cz\/index.php\/david-promluvil-sve-absenci-poslednim-turne-sp\/"]}]},{"@type":"BreadcrumbList","@id":"https:\/\/www.simpleplan.cz\/cz\/index.php\/david-promluvil-sve-absenci-poslednim-turne-sp\/#breadcrumb","itemListElement":[{"@type":"ListItem","position":1,"name":"Dom\u016f","item":"https:\/\/www.simpleplan.cz\/cz\/"},{"@type":"ListItem","position":2,"name":"David","item":"https:\/\/www.simpleplan.cz\/cz\/index.php\/category\/david\/"},{"@type":"ListItem","position":3,"name":"David promluvil o sv\u00e9 absenci na posledn\u00edm turn\u00e9 SP"}]},{"@type":"WebSite","@id":"https:\/\/www.simpleplan.cz\/cz\/#website","url":"https:\/\/www.simpleplan.cz\/cz\/","name":"CZ: SimplePlan.cz","description":"Nejlep\u0161\u00ed zdroj informac\u00ed o kapele Simple Plan","publisher":{"@id":"https:\/\/www.simpleplan.cz\/cz\/#organization"},"potentialAction":[{"@type":"SearchAction","target":{"@type":"EntryPoint","urlTemplate":"https:\/\/www.simpleplan.cz\/cz\/?s={search_term_string}"},"query-input":"required name=search_term_string"}],"inLanguage":"cs"},{"@type":"Organization","@id":"https:\/\/www.simpleplan.cz\/cz\/#organization","name":"CZ: SimplePlan.cz","url":"https:\/\/www.simpleplan.cz\/cz\/","logo":{"@type":"ImageObject","inLanguage":"cs","@id":"https:\/\/www.simpleplan.cz\/cz\/#\/schema\/logo\/image\/","url":"https:\/\/www.simpleplan.cz\/cz\/wp-content\/uploads\/spczlogo.png","contentUrl":"https:\/\/www.simpleplan.cz\/cz\/wp-content\/uploads\/spczlogo.png","width":250,"height":190,"caption":"CZ: SimplePlan.cz"},"image":{"@id":"https:\/\/www.simpleplan.cz\/cz\/#\/schema\/logo\/image\/"},"sameAs":["http:\/\/www.facebook.com\/simpleplancz","https:\/\/twitter.com\/simpleplancz","http:\/\/www.instagram.com\/simpleplancz","http:\/\/www.youtube.com\/simpleplancz"]},{"@type":"Person","@id":"https:\/\/www.simpleplan.cz\/cz\/#\/schema\/person\/bb90dd25f4baab7793fc73ab0b783730","name":"Dominika","image":{"@type":"ImageObject","inLanguage":"cs","@id":"https:\/\/www.simpleplan.cz\/cz\/#\/schema\/person\/image\/","url":"https:\/\/secure.gravatar.com\/avatar\/de55cb16a8578d56e96c89d1a0af3db5?s=96&d=mm&r=g","contentUrl":"https:\/\/secure.gravatar.com\/avatar\/de55cb16a8578d56e96c89d1a0af3db5?s=96&d=mm&r=g","caption":"Dominika"},"sameAs":["http:\/\/www.simpleplan.cz"],"url":"https:\/\/www.simpleplan.cz\/cz\/index.php\/author\/admin-2\/"}]}},"featured_image_urls":{"full":"","thumbnail":"","medium":"","medium_large":"","large":"","1536x1536":"","2048x2048":"","elegant-magazine-featured":"","elegant-magazine-medium":"","elegant-magazine-medium-small":"","elegant-magazine-thumbnail-small":""},"author_info":{"display_name":"Dominika","author_link":"https:\/\/www.simpleplan.cz\/cz\/index.php\/author\/admin-2\/"},"category_info":"<a href=\"https:\/\/www.simpleplan.cz\/cz\/index.php\/category\/david\/\" rel=\"category tag\">David<\/a>","tag_info":"David","comment_count":"0","_links":{"self":[{"href":"https:\/\/www.simpleplan.cz\/cz\/index.php\/wp-json\/wp\/v2\/posts\/21241"}],"collection":[{"href":"https:\/\/www.simpleplan.cz\/cz\/index.php\/wp-json\/wp\/v2\/posts"}],"about":[{"href":"https:\/\/www.simpleplan.cz\/cz\/index.php\/wp-json\/wp\/v2\/types\/post"}],"author":[{"embeddable":true,"href":"https:\/\/www.simpleplan.cz\/cz\/index.php\/wp-json\/wp\/v2\/users\/5"}],"replies":[{"embeddable":true,"href":"https:\/\/www.simpleplan.cz\/cz\/index.php\/wp-json\/wp\/v2\/comments?post=21241"}],"version-history":[{"count":5,"href":"https:\/\/www.simpleplan.cz\/cz\/index.php\/wp-json\/wp\/v2\/posts\/21241\/revisions"}],"predecessor-version":[{"id":30216,"href":"https:\/\/www.simpleplan.cz\/cz\/index.php\/wp-json\/wp\/v2\/posts\/21241\/revisions\/30216"}],"wp:attachment":[{"href":"https:\/\/www.simpleplan.cz\/cz\/index.php\/wp-json\/wp\/v2\/media?parent=21241"}],"wp:term":[{"taxonomy":"category","embeddable":true,"href":"https:\/\/www.simpleplan.cz\/cz\/index.php\/wp-json\/wp\/v2\/categories?post=21241"},{"taxonomy":"post_tag","embeddable":true,"href":"https:\/\/www.simpleplan.cz\/cz\/index.php\/wp-json\/wp\/v2\/tags?post=21241"}],"curies":[{"name":"wp","href":"https:\/\/api.w.org\/{rel}","templated":true}]}}