{"id":21736,"date":"2017-04-02T18:13:57","date_gmt":"2017-04-02T16:13:57","guid":{"rendered":"http:\/\/www.simpleplan.cz\/cz\/?p=21736"},"modified":"2023-06-26T07:06:17","modified_gmt":"2023-06-26T05:06:17","slug":"jeff-opet-zminuje-simpleplan-cz-rozhovoru-novinky-cz","status":"publish","type":"post","link":"https:\/\/www.simpleplan.cz\/cz\/index.php\/jeff-opet-zminuje-simpleplan-cz-rozhovoru-novinky-cz\/","title":{"rendered":"Jeff op\u011bt zmi\u0148uje SimplePlan.cz &#8211; v rozhovoru pro Novinky.cz"},"content":{"rendered":"<p><img decoding=\"async\" style=\"margin: 20px;\" src=\"http:\/\/i.imgur.com\/3oiMSiP.png\" alt=\"\" align=\"right\" \/>Po Jeffov\u011b zm\u00ednce o SimplePlan.cz v <a href=\"http:\/\/www.simpleplan.cz\/cz\/index.php\/jeff-evropu-2-simpleplan-cz-vlastne-vi-tehle-kapele-vic-nez-ja\/\">rozhovoru<\/a> s \u010deskou r\u00e1diovou stanic\u00ed Evropa 2 minul\u00fd t\u00fdden, m\u011bl dnes v dal\u0161\u00edm rozhovoru hlavn\u00ed kytarista Simple Plan na jednom z nejpopul\u00e1rn\u011bj\u0161\u00edch \u010desk\u00fdch novinkov\u00fdch server\u016f <b>op\u011bt na srdci dal\u0161\u00edch n\u011bkolik p\u011bkn\u00fdch slov o t\u00e9to str\u00e1nce<\/b>.<\/p>\n<p>Cel\u00fd velmi zaj\u00edmav\u00fd rozhovor pro Novinky.cz naleznete <a href=\"https:\/\/www.novinky.cz\/kultura\/433664-simple-plan-kdyz-se-objevi-trhliny-je-treba-najit-zpusob-jak-je-zacelit.html\" target=\"_blank\" rel=\"noopener\">zde<\/a> a n\u00ed\u017ee si ji\u017e m\u016f\u017eete p\u0159e\u010d\u00edst citaci se zm\u00ednkou o SimplePlan.cz a o tom, jak moc se Jeff t\u011b\u0161\u00ed na op\u011btovnou n\u00e1v\u0161t\u011bvu \u010cesk\u00e9 republiky:<\/p>\n<blockquote><p><b>V Praze vystoup\u00edte na festivalu Aerodrome spole\u010dn\u011b s Linkin Park, Enter Shikari, Royal Republic \u010di Mallory Knox. Kdo z nich je v\u00e1m nejbli\u017e\u0161\u00ed?<\/b><\/p>\n<p>Vyrostli jsme bl\u00ed\u017e Linkin Park. Netrouf\u00e1m si je je\u0161t\u011b naz\u00fdvat p\u0159\u00e1teli, ale zn\u00e1me se a m\u00e1m radost z ka\u017ed\u00e9ho setk\u00e1n\u00ed. Vz\u00e1jemn\u011b se respektujeme. Mus\u00edm zm\u00ednit, \u017ee se opravdu t\u011b\u0161\u00edm do Prahy, m\u00e1me v \u010cesk\u00e9 republice \u00fa\u017easn\u00e9 fanou\u0161ky. Mysl\u00edm, \u017ee za to vd\u011b\u010d\u00edme i d\u00edvce jm\u00e9nem Dominika, kter\u00e1 vede fanou\u0161kovsk\u00e9 str\u00e1nky tak d\u016fkladn\u011b, \u017ee se na n\u011b chod\u00edm d\u00edvat i j\u00e1, kdy\u017e pot\u0159ebuji v\u011bd\u011bt, co se v kapele d\u011bje. Dominika v\u00ed o Simple Plan v\u00edc ne\u017e j\u00e1. V\u00e1\u017en\u011b si mysl\u00edm, \u017ee m\u00e1 z\u00e1sluhu na tom, jak se n\u00e1m u v\u00e1s da\u0159\u00ed. Je v\u00e1\u0161niv\u00fd hudebn\u00ed fanou\u0161ek, a j\u00e1 ve v\u00e1\u0161e\u0148 v\u011b\u0159\u00edm.\n<\/p><\/blockquote>\n<div class=\"fblikebutton_button\" style=\"float: left; padding-top: 20px; margin-right: 20px; padding-bottom: 20px; padding-left: 20px;\"><iframe src=\"http:\/\/www.facebook.com\/plugins\/like.php?href=https%3A%2F%2Fwww.simpleplan.cz%2Fcz%2Findex.php%2Fjeff-opet-zminuje-simpleplan-cz-rozhovoru-novinky-cz%2F&amp;layout=standard&amp;show-faces=false&amp;width=450&amp;action=like&amp;colorscheme=light\" scrolling=\"no\" frameborder=\"0\" allowTransparency=\"true\" style=\"border:none; overflow:hidden; width:450px; height:26px\"><\/iframe><\/div>\n","protected":false},"excerpt":{"rendered":"<p>Po Jeffov\u011b zm\u00ednce o SimplePlan.cz v rozhovoru s \u010deskou r\u00e1diovou stanic\u00ed Evropa 2 minul\u00fd t\u00fdden,<\/p>\n","protected":false},"author":5,"featured_media":0,"comment_status":"open","ping_status":"open","sticky":false,"template":"","format":"standard","meta":{"footnotes":"","fifu_image_url":"","fifu_image_alt":""},"categories":[4,19,20],"tags":[2456,54,2542,157,524],"yoast_head":"<!-- This site is optimized with the Yoast SEO plugin v20.9 - https:\/\/yoast.com\/wordpress\/plugins\/seo\/ -->\n<title>Jeff op\u011bt zmi\u0148uje SimplePlan.cz - v rozhovoru pro Novinky.cz | CZ: SimplePlan.cz<\/title>\n<meta name=\"robots\" content=\"index, follow, max-snippet:-1, max-image-preview:large, max-video-preview:-1\" \/>\n<link rel=\"canonical\" href=\"https:\/\/www.simpleplan.cz\/cz\/index.php\/jeff-opet-zminuje-simpleplan-cz-rozhovoru-novinky-cz\/\" \/>\n<meta property=\"og:locale\" content=\"cs_CZ\" \/>\n<meta property=\"og:type\" content=\"article\" \/>\n<meta property=\"og:title\" content=\"Jeff op\u011bt zmi\u0148uje SimplePlan.cz - v rozhovoru pro Novinky.cz | CZ: SimplePlan.cz\" \/>\n<meta property=\"og:description\" content=\"Po Jeffov\u011b zm\u00ednce o SimplePlan.cz v rozhovoru s \u010deskou r\u00e1diovou stanic\u00ed Evropa 2 minul\u00fd t\u00fdden,\" \/>\n<meta property=\"og:url\" content=\"https:\/\/www.simpleplan.cz\/cz\/index.php\/jeff-opet-zminuje-simpleplan-cz-rozhovoru-novinky-cz\/\" \/>\n<meta property=\"og:site_name\" content=\"CZ: SimplePlan.cz\" \/>\n<meta property=\"article:publisher\" content=\"http:\/\/www.facebook.com\/simpleplancz\" \/>\n<meta property=\"article:published_time\" content=\"2017-04-02T16:13:57+00:00\" \/>\n<meta property=\"article:modified_time\" content=\"2023-06-26T05:06:17+00:00\" \/>\n<meta property=\"og:image\" content=\"http:\/\/i.imgur.com\/3oiMSiP.png\" \/>\n<meta name=\"author\" content=\"Dominika\" \/>\n<meta name=\"twitter:card\" content=\"summary_large_image\" \/>\n<meta name=\"twitter:creator\" content=\"@simpleplancz\" \/>\n<meta name=\"twitter:site\" content=\"@simpleplancz\" \/>\n<meta name=\"twitter:label1\" content=\"Napsal(a)\" \/>\n\t<meta name=\"twitter:data1\" content=\"Dominika\" \/>\n\t<meta name=\"twitter:label2\" content=\"Odhadovan\u00e1 doba \u010dten\u00ed\" \/>\n\t<meta name=\"twitter:data2\" content=\"1 minuta\" \/>\n<script type=\"application\/ld+json\" class=\"yoast-schema-graph\">{\"@context\":\"https:\/\/schema.org\",\"@graph\":[{\"@type\":\"Article\",\"@id\":\"https:\/\/www.simpleplan.cz\/cz\/index.php\/jeff-opet-zminuje-simpleplan-cz-rozhovoru-novinky-cz\/#article\",\"isPartOf\":{\"@id\":\"https:\/\/www.simpleplan.cz\/cz\/index.php\/jeff-opet-zminuje-simpleplan-cz-rozhovoru-novinky-cz\/\"},\"author\":{\"name\":\"Dominika\",\"@id\":\"https:\/\/www.simpleplan.cz\/cz\/#\/schema\/person\/bb90dd25f4baab7793fc73ab0b783730\"},\"headline\":\"Jeff op\u011bt zmi\u0148uje SimplePlan.cz &#8211; v rozhovoru pro Novinky.cz\",\"datePublished\":\"2017-04-02T16:13:57+00:00\",\"dateModified\":\"2023-06-26T05:06:17+00:00\",\"mainEntityOfPage\":{\"@id\":\"https:\/\/www.simpleplan.cz\/cz\/index.php\/jeff-opet-zminuje-simpleplan-cz-rozhovoru-novinky-cz\/\"},\"wordCount\":278,\"commentCount\":0,\"publisher\":{\"@id\":\"https:\/\/www.simpleplan.cz\/cz\/#organization\"},\"keywords\":[\"Aerodrome Festival\",\"\u010cesk\u00e1 republika\",\"Novinky.cz\",\"Praha\",\"SimplePlan.cz\"],\"articleSection\":[\"Jeff\",\"rozhovory\",\"SimplePlan.cz\"],\"inLanguage\":\"cs\",\"potentialAction\":[{\"@type\":\"CommentAction\",\"name\":\"Comment\",\"target\":[\"https:\/\/www.simpleplan.cz\/cz\/index.php\/jeff-opet-zminuje-simpleplan-cz-rozhovoru-novinky-cz\/#respond\"]}]},{\"@type\":\"WebPage\",\"@id\":\"https:\/\/www.simpleplan.cz\/cz\/index.php\/jeff-opet-zminuje-simpleplan-cz-rozhovoru-novinky-cz\/\",\"url\":\"https:\/\/www.simpleplan.cz\/cz\/index.php\/jeff-opet-zminuje-simpleplan-cz-rozhovoru-novinky-cz\/\",\"name\":\"Jeff op\u011bt zmi\u0148uje SimplePlan.cz - v rozhovoru pro Novinky.cz | CZ: SimplePlan.cz\",\"isPartOf\":{\"@id\":\"https:\/\/www.simpleplan.cz\/cz\/#website\"},\"datePublished\":\"2017-04-02T16:13:57+00:00\",\"dateModified\":\"2023-06-26T05:06:17+00:00\",\"breadcrumb\":{\"@id\":\"https:\/\/www.simpleplan.cz\/cz\/index.php\/jeff-opet-zminuje-simpleplan-cz-rozhovoru-novinky-cz\/#breadcrumb\"},\"inLanguage\":\"cs\",\"potentialAction\":[{\"@type\":\"ReadAction\",\"target\":[\"https:\/\/www.simpleplan.cz\/cz\/index.php\/jeff-opet-zminuje-simpleplan-cz-rozhovoru-novinky-cz\/\"]}]},{\"@type\":\"BreadcrumbList\",\"@id\":\"https:\/\/www.simpleplan.cz\/cz\/index.php\/jeff-opet-zminuje-simpleplan-cz-rozhovoru-novinky-cz\/#breadcrumb\",\"itemListElement\":[{\"@type\":\"ListItem\",\"position\":1,\"name\":\"Dom\u016f\",\"item\":\"https:\/\/www.simpleplan.cz\/cz\/\"},{\"@type\":\"ListItem\",\"position\":2,\"name\":\"Jeff\",\"item\":\"https:\/\/www.simpleplan.cz\/cz\/index.php\/category\/jeff\/\"},{\"@type\":\"ListItem\",\"position\":3,\"name\":\"Jeff op\u011bt zmi\u0148uje SimplePlan.cz &#8211; v rozhovoru pro Novinky.cz\"}]},{\"@type\":\"WebSite\",\"@id\":\"https:\/\/www.simpleplan.cz\/cz\/#website\",\"url\":\"https:\/\/www.simpleplan.cz\/cz\/\",\"name\":\"CZ: SimplePlan.cz\",\"description\":\"Nejlep\u0161\u00ed zdroj informac\u00ed o kapele Simple Plan\",\"publisher\":{\"@id\":\"https:\/\/www.simpleplan.cz\/cz\/#organization\"},\"potentialAction\":[{\"@type\":\"SearchAction\",\"target\":{\"@type\":\"EntryPoint\",\"urlTemplate\":\"https:\/\/www.simpleplan.cz\/cz\/?s={search_term_string}\"},\"query-input\":\"required name=search_term_string\"}],\"inLanguage\":\"cs\"},{\"@type\":\"Organization\",\"@id\":\"https:\/\/www.simpleplan.cz\/cz\/#organization\",\"name\":\"CZ: SimplePlan.cz\",\"url\":\"https:\/\/www.simpleplan.cz\/cz\/\",\"logo\":{\"@type\":\"ImageObject\",\"inLanguage\":\"cs\",\"@id\":\"https:\/\/www.simpleplan.cz\/cz\/#\/schema\/logo\/image\/\",\"url\":\"https:\/\/www.simpleplan.cz\/cz\/wp-content\/uploads\/spczlogo.png\",\"contentUrl\":\"https:\/\/www.simpleplan.cz\/cz\/wp-content\/uploads\/spczlogo.png\",\"width\":250,\"height\":190,\"caption\":\"CZ: SimplePlan.cz\"},\"image\":{\"@id\":\"https:\/\/www.simpleplan.cz\/cz\/#\/schema\/logo\/image\/\"},\"sameAs\":[\"http:\/\/www.facebook.com\/simpleplancz\",\"https:\/\/twitter.com\/simpleplancz\",\"http:\/\/www.instagram.com\/simpleplancz\",\"http:\/\/www.youtube.com\/simpleplancz\"]},{\"@type\":\"Person\",\"@id\":\"https:\/\/www.simpleplan.cz\/cz\/#\/schema\/person\/bb90dd25f4baab7793fc73ab0b783730\",\"name\":\"Dominika\",\"image\":{\"@type\":\"ImageObject\",\"inLanguage\":\"cs\",\"@id\":\"https:\/\/www.simpleplan.cz\/cz\/#\/schema\/person\/image\/\",\"url\":\"https:\/\/secure.gravatar.com\/avatar\/de55cb16a8578d56e96c89d1a0af3db5?s=96&d=mm&r=g\",\"contentUrl\":\"https:\/\/secure.gravatar.com\/avatar\/de55cb16a8578d56e96c89d1a0af3db5?s=96&d=mm&r=g\",\"caption\":\"Dominika\"},\"sameAs\":[\"http:\/\/www.simpleplan.cz\"],\"url\":\"https:\/\/www.simpleplan.cz\/cz\/index.php\/author\/admin-2\/\"}]}<\/script>\n<!-- \/ Yoast SEO plugin. -->","yoast_head_json":{"title":"Jeff op\u011bt zmi\u0148uje SimplePlan.cz - v rozhovoru pro Novinky.cz | CZ: SimplePlan.cz","robots":{"index":"index","follow":"follow","max-snippet":"max-snippet:-1","max-image-preview":"max-image-preview:large","max-video-preview":"max-video-preview:-1"},"canonical":"https:\/\/www.simpleplan.cz\/cz\/index.php\/jeff-opet-zminuje-simpleplan-cz-rozhovoru-novinky-cz\/","og_locale":"cs_CZ","og_type":"article","og_title":"Jeff op\u011bt zmi\u0148uje SimplePlan.cz - v rozhovoru pro Novinky.cz | CZ: SimplePlan.cz","og_description":"Po Jeffov\u011b zm\u00ednce o SimplePlan.cz v rozhovoru s \u010deskou r\u00e1diovou stanic\u00ed Evropa 2 minul\u00fd t\u00fdden,","og_url":"https:\/\/www.simpleplan.cz\/cz\/index.php\/jeff-opet-zminuje-simpleplan-cz-rozhovoru-novinky-cz\/","og_site_name":"CZ: SimplePlan.cz","article_publisher":"http:\/\/www.facebook.com\/simpleplancz","article_published_time":"2017-04-02T16:13:57+00:00","article_modified_time":"2023-06-26T05:06:17+00:00","og_image":[{"url":"http:\/\/i.imgur.com\/3oiMSiP.png"}],"author":"Dominika","twitter_card":"summary_large_image","twitter_creator":"@simpleplancz","twitter_site":"@simpleplancz","twitter_misc":{"Napsal(a)":"Dominika","Odhadovan\u00e1 doba \u010dten\u00ed":"1 minuta"},"schema":{"@context":"https:\/\/schema.org","@graph":[{"@type":"Article","@id":"https:\/\/www.simpleplan.cz\/cz\/index.php\/jeff-opet-zminuje-simpleplan-cz-rozhovoru-novinky-cz\/#article","isPartOf":{"@id":"https:\/\/www.simpleplan.cz\/cz\/index.php\/jeff-opet-zminuje-simpleplan-cz-rozhovoru-novinky-cz\/"},"author":{"name":"Dominika","@id":"https:\/\/www.simpleplan.cz\/cz\/#\/schema\/person\/bb90dd25f4baab7793fc73ab0b783730"},"headline":"Jeff op\u011bt zmi\u0148uje SimplePlan.cz &#8211; v rozhovoru pro Novinky.cz","datePublished":"2017-04-02T16:13:57+00:00","dateModified":"2023-06-26T05:06:17+00:00","mainEntityOfPage":{"@id":"https:\/\/www.simpleplan.cz\/cz\/index.php\/jeff-opet-zminuje-simpleplan-cz-rozhovoru-novinky-cz\/"},"wordCount":278,"commentCount":0,"publisher":{"@id":"https:\/\/www.simpleplan.cz\/cz\/#organization"},"keywords":["Aerodrome Festival","\u010cesk\u00e1 republika","Novinky.cz","Praha","SimplePlan.cz"],"articleSection":["Jeff","rozhovory","SimplePlan.cz"],"inLanguage":"cs","potentialAction":[{"@type":"CommentAction","name":"Comment","target":["https:\/\/www.simpleplan.cz\/cz\/index.php\/jeff-opet-zminuje-simpleplan-cz-rozhovoru-novinky-cz\/#respond"]}]},{"@type":"WebPage","@id":"https:\/\/www.simpleplan.cz\/cz\/index.php\/jeff-opet-zminuje-simpleplan-cz-rozhovoru-novinky-cz\/","url":"https:\/\/www.simpleplan.cz\/cz\/index.php\/jeff-opet-zminuje-simpleplan-cz-rozhovoru-novinky-cz\/","name":"Jeff op\u011bt zmi\u0148uje SimplePlan.cz - v rozhovoru pro Novinky.cz | CZ: SimplePlan.cz","isPartOf":{"@id":"https:\/\/www.simpleplan.cz\/cz\/#website"},"datePublished":"2017-04-02T16:13:57+00:00","dateModified":"2023-06-26T05:06:17+00:00","breadcrumb":{"@id":"https:\/\/www.simpleplan.cz\/cz\/index.php\/jeff-opet-zminuje-simpleplan-cz-rozhovoru-novinky-cz\/#breadcrumb"},"inLanguage":"cs","potentialAction":[{"@type":"ReadAction","target":["https:\/\/www.simpleplan.cz\/cz\/index.php\/jeff-opet-zminuje-simpleplan-cz-rozhovoru-novinky-cz\/"]}]},{"@type":"BreadcrumbList","@id":"https:\/\/www.simpleplan.cz\/cz\/index.php\/jeff-opet-zminuje-simpleplan-cz-rozhovoru-novinky-cz\/#breadcrumb","itemListElement":[{"@type":"ListItem","position":1,"name":"Dom\u016f","item":"https:\/\/www.simpleplan.cz\/cz\/"},{"@type":"ListItem","position":2,"name":"Jeff","item":"https:\/\/www.simpleplan.cz\/cz\/index.php\/category\/jeff\/"},{"@type":"ListItem","position":3,"name":"Jeff op\u011bt zmi\u0148uje SimplePlan.cz &#8211; v rozhovoru pro Novinky.cz"}]},{"@type":"WebSite","@id":"https:\/\/www.simpleplan.cz\/cz\/#website","url":"https:\/\/www.simpleplan.cz\/cz\/","name":"CZ: SimplePlan.cz","description":"Nejlep\u0161\u00ed zdroj informac\u00ed o kapele Simple Plan","publisher":{"@id":"https:\/\/www.simpleplan.cz\/cz\/#organization"},"potentialAction":[{"@type":"SearchAction","target":{"@type":"EntryPoint","urlTemplate":"https:\/\/www.simpleplan.cz\/cz\/?s={search_term_string}"},"query-input":"required name=search_term_string"}],"inLanguage":"cs"},{"@type":"Organization","@id":"https:\/\/www.simpleplan.cz\/cz\/#organization","name":"CZ: SimplePlan.cz","url":"https:\/\/www.simpleplan.cz\/cz\/","logo":{"@type":"ImageObject","inLanguage":"cs","@id":"https:\/\/www.simpleplan.cz\/cz\/#\/schema\/logo\/image\/","url":"https:\/\/www.simpleplan.cz\/cz\/wp-content\/uploads\/spczlogo.png","contentUrl":"https:\/\/www.simpleplan.cz\/cz\/wp-content\/uploads\/spczlogo.png","width":250,"height":190,"caption":"CZ: SimplePlan.cz"},"image":{"@id":"https:\/\/www.simpleplan.cz\/cz\/#\/schema\/logo\/image\/"},"sameAs":["http:\/\/www.facebook.com\/simpleplancz","https:\/\/twitter.com\/simpleplancz","http:\/\/www.instagram.com\/simpleplancz","http:\/\/www.youtube.com\/simpleplancz"]},{"@type":"Person","@id":"https:\/\/www.simpleplan.cz\/cz\/#\/schema\/person\/bb90dd25f4baab7793fc73ab0b783730","name":"Dominika","image":{"@type":"ImageObject","inLanguage":"cs","@id":"https:\/\/www.simpleplan.cz\/cz\/#\/schema\/person\/image\/","url":"https:\/\/secure.gravatar.com\/avatar\/de55cb16a8578d56e96c89d1a0af3db5?s=96&d=mm&r=g","contentUrl":"https:\/\/secure.gravatar.com\/avatar\/de55cb16a8578d56e96c89d1a0af3db5?s=96&d=mm&r=g","caption":"Dominika"},"sameAs":["http:\/\/www.simpleplan.cz"],"url":"https:\/\/www.simpleplan.cz\/cz\/index.php\/author\/admin-2\/"}]}},"featured_image_urls":{"full":"","thumbnail":"","medium":"","medium_large":"","large":"","1536x1536":"","2048x2048":"","elegant-magazine-featured":"","elegant-magazine-medium":"","elegant-magazine-medium-small":"","elegant-magazine-thumbnail-small":""},"author_info":{"display_name":"Dominika","author_link":"https:\/\/www.simpleplan.cz\/cz\/index.php\/author\/admin-2\/"},"category_info":"<a href=\"https:\/\/www.simpleplan.cz\/cz\/index.php\/category\/jeff\/\" rel=\"category tag\">Jeff<\/a> <a href=\"https:\/\/www.simpleplan.cz\/cz\/index.php\/category\/rozhovory\/\" rel=\"category tag\">rozhovory<\/a> <a href=\"https:\/\/www.simpleplan.cz\/cz\/index.php\/category\/simpleplancz\/\" rel=\"category tag\">SimplePlan.cz<\/a>","tag_info":"SimplePlan.cz","comment_count":"0","_links":{"self":[{"href":"https:\/\/www.simpleplan.cz\/cz\/index.php\/wp-json\/wp\/v2\/posts\/21736"}],"collection":[{"href":"https:\/\/www.simpleplan.cz\/cz\/index.php\/wp-json\/wp\/v2\/posts"}],"about":[{"href":"https:\/\/www.simpleplan.cz\/cz\/index.php\/wp-json\/wp\/v2\/types\/post"}],"author":[{"embeddable":true,"href":"https:\/\/www.simpleplan.cz\/cz\/index.php\/wp-json\/wp\/v2\/users\/5"}],"replies":[{"embeddable":true,"href":"https:\/\/www.simpleplan.cz\/cz\/index.php\/wp-json\/wp\/v2\/comments?post=21736"}],"version-history":[{"count":2,"href":"https:\/\/www.simpleplan.cz\/cz\/index.php\/wp-json\/wp\/v2\/posts\/21736\/revisions"}],"predecessor-version":[{"id":30136,"href":"https:\/\/www.simpleplan.cz\/cz\/index.php\/wp-json\/wp\/v2\/posts\/21736\/revisions\/30136"}],"wp:attachment":[{"href":"https:\/\/www.simpleplan.cz\/cz\/index.php\/wp-json\/wp\/v2\/media?parent=21736"}],"wp:term":[{"taxonomy":"category","embeddable":true,"href":"https:\/\/www.simpleplan.cz\/cz\/index.php\/wp-json\/wp\/v2\/categories?post=21736"},{"taxonomy":"post_tag","embeddable":true,"href":"https:\/\/www.simpleplan.cz\/cz\/index.php\/wp-json\/wp\/v2\/tags?post=21736"}],"curies":[{"name":"wp","href":"https:\/\/api.w.org\/{rel}","templated":true}]}}