{"id":22141,"date":"2017-06-03T11:08:08","date_gmt":"2017-06-03T09:08:08","guid":{"rendered":"http:\/\/www.simpleplan.cz\/cz\/?p=22141"},"modified":"2023-06-26T07:06:09","modified_gmt":"2023-06-26T05:06:09","slug":"simple-plan-vzdoruji-teroristickym-hrozbam-rock-am-ring","status":"publish","type":"post","link":"https:\/\/www.simpleplan.cz\/cz\/index.php\/simple-plan-vzdoruji-teroristickym-hrozbam-rock-am-ring\/","title":{"rendered":"Simple Plan vzdoruj\u00ed proti teroristick\u00fdm hrozb\u00e1m na Rock Am Ring"},"content":{"rendered":"<p><center><img decoding=\"async\" src=\"http:\/\/i.imgur.com\/3D5YX0l.png\"\/><\/center><\/p>\n<p>V\u010dera byli hudebn\u00ed fanou\u0161ci zasa\u017eeni zpr\u00e1vou, \u017ee asi hodinu po <a href=\"http:\/\/www.simpleplan.cz\/cz\/index.php\/simple-plan-rozeskakali-rock-am-ring-prvni-ukazka-letosniho-festivaloveho-setlistu\/\" target=\"_blank\" rel=\"noopener\">koncert\u011b Simple Plan<\/a> na n\u011bmeck\u00e9m festivalu <b>Rock Am Ring<\/b> policie doporu\u010dila organiz\u00e1tor\u016fm evakuovat are\u00e1l festivalu na z\u00e1klad\u011b potvrzen\u00e9 <b>hrozby teroristick\u00e9ho \u00fatoku<\/b> [v\u00edce informac\u00ed najdete <a href=\"http:\/\/www.simpleplan.cz\/cz\/index.php\/teroristicka-hrozba-rock-am-ring-vsichni-ucastnici-evakuovani\/\" target=\"_blank\" rel=\"noopener\">zde<\/a>].<\/p>\n<p>B\u011bhem ve\u010dera n\u00e1s \u010dlenov\u00e9 Simple Plan postupn\u011b udr\u017eovali v obraze a brzy dali v\u0161em fanou\u0161k\u016fm v\u011bd\u011bt, \u017ee jsou v bezpe\u010d\u00ed a pe\u010dliv\u011b n\u00e1sleduj\u00ed instrukce po\u0159adatel\u016f festivalu. V tuto chv\u00edli ji\u017e kapela m\u00ed\u0159\u00ed na jejich koncert ve m\u011bst\u011b Pratteln, ve \u0160v\u00fdcarsku, po kter\u00e9m dal\u0161\u00ed den vystoup\u00ed na festivalu Rock Im Park v N\u011bmecku &#8211; co\u017e je sestersk\u00fd festival festivalu Rock Am Ring. V\u0161echny informace v\u0161ak zat\u00edm nazna\u010duj\u00ed, \u017ee v\u0161echny nadch\u00e1zej\u00edc\u00ed koncerty se st\u00e1le konaj\u00ed a podobn\u00e9 hrozby nebyly potvrzeny u \u017e\u00e1dn\u00e9ho z dal\u0161\u00edch nadch\u00e1zej\u00edc\u00edch festival\u016f v r\u00e1mci turn\u00e9 Simple Plan. Po\u0159adatel\u00e9 Rock Am Ring nav\u00edc dnes r\u00e1no ozn\u00e1mili, \u017ee po intenzivn\u00edm p\u00e1tr\u00e1n\u00ed policie po cel\u00e9m are\u00e1lu festivalu v pr\u016fb\u011bhu noci bylo podez\u0159en\u00ed na potenci\u00e1ln\u00ed teroristick\u00fd \u00fatok vyvr\u00e1ceno a festival bude dnes i z\u00edtra v pln\u00e9 s\u00edle pokra\u010dovat.<\/p>\n<p>N\u011bkte\u0159\u00ed \u010dlenov\u00e9 Simple Plan b\u011bhem dne\u0161n\u00edho dne publikovali fotografie z jejich vystoupen\u00ed na Rock Am Ring, ke kter\u00fdm tak\u00e9 p\u0159idali vlastn\u00ed zpr\u00e1vy, ve kter\u00fdch zd\u016fraznili sv\u016fj vzdor proti teroru. V\u0161ichni \u010dlenov\u00e9 se shoduj\u00ed na tom, \u017ee je d\u016fle\u017eit\u00e9 nepoddat se strachu a u\u017e\u00edvat si \u017eivot ze v\u0161ech sil. <\/p>\n<p>P\u0159e\u010dt\u011bte si p\u0159eklady t\u011bchto zpr\u00e1v n\u00ed\u017ee: <\/p>\n<div class=\"quote\"><i>&#8222;Trochu jsem se b\u00e1l publikovat <a href=\"https:\/\/www.instagram.com\/p\/BU2zbsgFT4T\/?taken-by=jeffstinco\">tuto<\/a> fotografii, ale koneckonc\u016f, takto vypad\u00e1 v\u00edt\u011bzstv\u00ed: [v\u010dera] jsme zahr\u00e1li na Rock Am Ring t\u011bsn\u011b p\u0159ed t\u00edm, ne\u017e byl are\u00e1l evakuov\u00e1n na z\u00e1klad\u011b hrozby teroristick\u00e9ho \u00fatoku.<\/p>\n<p>P\u0159ed n\u00e1mi bylo p\u0159ibli\u017en\u011b 50 000 lid\u00ed, kte\u0159\u00ed tleskali, zp\u00edvali, sk\u00e1kali, k\u0159i\u010deli a u\u017e\u00edvali si to ze v\u0161ech sil. M\u011bli jsme mo\u017enost sd\u00edlet na\u0161i hudbu s davem fantastick\u00fdch lid\u00ed. Nejlep\u0161\u00ed zbran\u00ed, kterou m\u00e1me proti takov\u00fdmto \u00fatok\u016fm je z\u016fstat jimi nedot\u010deni a nenechat se ovl\u00e1dnout strachem.<\/p>\n<p>Cho\u010fte na koncerty sv\u00fdch obl\u00edben\u00fdch kapel. Cho\u010fte na sportovn\u00ed z\u00e1pasy sv\u00fdch obl\u00edben\u00fdch t\u00fdm\u016f. Vezm\u011bte sv\u00e9ho kamar\u00e1da do restaurace. A p\u0159edev\u0161\u00edm, nezapome\u0148te \u0159\u00edct sv\u00fdm milovan\u00fdm, \u017ee je milujete. \u017divot je nesm\u00edrn\u011b cenn\u00fd a nem\u016f\u017eeme ztr\u00e1cet \u010das \u017eivotem ve strachu, proto\u017ee jinak p\u0159est\u00e1v\u00e1 d\u00e1vat smysl. <\/p>\n<p>6. \u010dervna budeme s hlavou vzty\u010denou hr\u00e1t v pa\u0159\u00ed\u017esk\u00e9m Bataclanu&#8230;&#8220;<\/i><\/p>\n<p>\n<center><font color=\"434277\">&#8211; Jeff Stinco &#8211;<\/font><\/center><\/p>\n<\/div>\n<div class=\"quote\"><i>&#8222;Mus\u00edme si zp\u00edvat v de\u0161ti [pozn. odkaz na v\u00fdznam p\u00edsn\u011b <a href=\"http:\/\/www.simpleplan.cz\/cz\/index.php\/kapela\/diskografie\/singing-in-the-rain\/\" target=\"_blank\" rel=\"noopener\">Singing In the Rain<\/a>. Rock Am Ring byl v\u010dera \u00fa\u017easn\u00fd. A i p\u0159es v\u010derej\u0161\u00ed nenad\u00e1lou situaci si budu nav\u017edy pamatovat na\u0161e \u0161est\u00e9 (asi) vystoupen\u00ed na tomto masivn\u00edm festivalu, jako jeden z nejv\u011bt\u0161\u00edch koncert\u016f na\u0161\u00ed kari\u00e9ry! N\u011bmecko v\u00ed, jak to rozjet.&#8220;<\/i><\/p>\n<p>\n<center><font color=\"434277\">&#8211; Seb Lefebvre &#8211;<\/font><\/center><\/p>\n<\/div>\n<div class=\"quote\"><i>&#8222;Rock Am Ring je jedn\u00edm z na\u0161ich nejobl\u00edben\u011bj\u0161\u00edch festival\u016f na cel\u00e9m sv\u011bt\u011b a je nesm\u00edrn\u011b smutn\u00e9 a srdceryvn\u00e9 vid\u011bt, co se [v\u010dera] stalo. Jsme neskute\u010dn\u011b vd\u011b\u010dn\u00ed, \u017ee v\u0161ichni fanou\u0161ci a um\u011blci, kte\u0159\u00ed tu s n\u00e1mi oslavili hudbu jako takovou, jsou nyn\u00ed v bezpe\u010d\u00ed, a \u017ee jsme m\u011bli my jako kapela v\u016fbec mo\u017enost vystoupit. Milujeme N\u011bmecko a milujeme Rock Am Ring &#x1f1e9;&#x1f1ea; Wir Lieben Dich Germany und Rock Am Ring! &#8222;<\/i><\/p>\n<p>\n<center><font color=\"434277\">&#8211; Simple Plan &#8211;<\/font><\/center><\/p>\n<\/div>\n<p>Prohl\u00e9dn\u011bte si nyn\u00ed v\u0161echny dosud zve\u0159ejn\u011bn\u00e9 <b>fotografie z koncertu Simple Plan na RAR<\/b> v na\u0161\u00ed galerii:<\/p>\n<p><center><a href=\"http:\/\/www.simpleplan.cz\/gallery\/thumbnails.php?album=2467\"><img decoding=\"async\" src=\"http:\/\/i.imgur.com\/WrjhRu2.png\"\/><\/a> <a href=\"http:\/\/www.simpleplan.cz\/gallery\/thumbnails.php?album=2467\"><img decoding=\"async\" src=\"http:\/\/i.imgur.com\/wOAWiQy.png\"\/><\/a><\/center><\/p>\n<div class=\"fblikebutton_button\" style=\"float: left; padding-top: 20px; margin-right: 20px; padding-bottom: 20px; padding-left: 20px;\"><iframe src=\"http:\/\/www.facebook.com\/plugins\/like.php?href=https%3A%2F%2Fwww.simpleplan.cz%2Fcz%2Findex.php%2Fsimple-plan-vzdoruji-teroristickym-hrozbam-rock-am-ring%2F&amp;layout=standard&amp;show-faces=false&amp;width=450&amp;action=like&amp;colorscheme=light\" scrolling=\"no\" frameborder=\"0\" allowTransparency=\"true\" style=\"border:none; overflow:hidden; width:450px; height:26px\"><\/iframe><\/div>\n","protected":false},"excerpt":{"rendered":"<p>V\u010dera byli hudebn\u00ed fanou\u0161ci zasa\u017eeni zpr\u00e1vou, \u017ee asi hodinu po koncert\u011b Simple Plan na n\u011bmeck\u00e9m<\/p>\n","protected":false},"author":5,"featured_media":0,"comment_status":"open","ping_status":"open","sticky":false,"template":"","format":"standard","meta":{"footnotes":"","fifu_image_url":"","fifu_image_alt":""},"categories":[9,8],"tags":[347,349,2614],"yoast_head":"<!-- This site is optimized with the Yoast SEO plugin v20.9 - https:\/\/yoast.com\/wordpress\/plugins\/seo\/ -->\n<title>Simple Plan vzdoruj\u00ed proti teroristick\u00fdm hrozb\u00e1m na Rock Am Ring | CZ: SimplePlan.cz<\/title>\n<meta name=\"robots\" content=\"index, follow, max-snippet:-1, max-image-preview:large, max-video-preview:-1\" \/>\n<link rel=\"canonical\" href=\"https:\/\/www.simpleplan.cz\/cz\/index.php\/simple-plan-vzdoruji-teroristickym-hrozbam-rock-am-ring\/\" \/>\n<meta property=\"og:locale\" content=\"cs_CZ\" \/>\n<meta property=\"og:type\" content=\"article\" \/>\n<meta property=\"og:title\" content=\"Simple Plan vzdoruj\u00ed proti teroristick\u00fdm hrozb\u00e1m na Rock Am Ring | CZ: SimplePlan.cz\" \/>\n<meta property=\"og:description\" content=\"V\u010dera byli hudebn\u00ed fanou\u0161ci zasa\u017eeni zpr\u00e1vou, \u017ee asi hodinu po koncert\u011b Simple Plan na n\u011bmeck\u00e9m\" \/>\n<meta property=\"og:url\" content=\"https:\/\/www.simpleplan.cz\/cz\/index.php\/simple-plan-vzdoruji-teroristickym-hrozbam-rock-am-ring\/\" \/>\n<meta property=\"og:site_name\" content=\"CZ: SimplePlan.cz\" \/>\n<meta property=\"article:publisher\" content=\"http:\/\/www.facebook.com\/simpleplancz\" \/>\n<meta property=\"article:published_time\" content=\"2017-06-03T09:08:08+00:00\" \/>\n<meta property=\"article:modified_time\" content=\"2023-06-26T05:06:09+00:00\" \/>\n<meta property=\"og:image\" content=\"http:\/\/i.imgur.com\/3D5YX0l.png\" \/>\n<meta name=\"author\" content=\"Dominika\" \/>\n<meta name=\"twitter:card\" content=\"summary_large_image\" \/>\n<meta name=\"twitter:creator\" content=\"@simpleplancz\" \/>\n<meta name=\"twitter:site\" content=\"@simpleplancz\" \/>\n<meta name=\"twitter:label1\" content=\"Napsal(a)\" \/>\n\t<meta name=\"twitter:data1\" content=\"Dominika\" \/>\n\t<meta name=\"twitter:label2\" content=\"Odhadovan\u00e1 doba \u010dten\u00ed\" \/>\n\t<meta name=\"twitter:data2\" content=\"3 minuty\" \/>\n<script type=\"application\/ld+json\" class=\"yoast-schema-graph\">{\"@context\":\"https:\/\/schema.org\",\"@graph\":[{\"@type\":\"Article\",\"@id\":\"https:\/\/www.simpleplan.cz\/cz\/index.php\/simple-plan-vzdoruji-teroristickym-hrozbam-rock-am-ring\/#article\",\"isPartOf\":{\"@id\":\"https:\/\/www.simpleplan.cz\/cz\/index.php\/simple-plan-vzdoruji-teroristickym-hrozbam-rock-am-ring\/\"},\"author\":{\"name\":\"Dominika\",\"@id\":\"https:\/\/www.simpleplan.cz\/cz\/#\/schema\/person\/bb90dd25f4baab7793fc73ab0b783730\"},\"headline\":\"Simple Plan vzdoruj\u00ed proti teroristick\u00fdm hrozb\u00e1m na Rock Am Ring\",\"datePublished\":\"2017-06-03T09:08:08+00:00\",\"dateModified\":\"2023-06-26T05:06:09+00:00\",\"mainEntityOfPage\":{\"@id\":\"https:\/\/www.simpleplan.cz\/cz\/index.php\/simple-plan-vzdoruji-teroristickym-hrozbam-rock-am-ring\/\"},\"wordCount\":691,\"commentCount\":0,\"publisher\":{\"@id\":\"https:\/\/www.simpleplan.cz\/cz\/#organization\"},\"keywords\":[\"N\u011bmecko\",\"Rock Am Ring\",\"teroristick\u00e1 hrozba\"],\"articleSection\":[\"fotky\",\"koncerty\"],\"inLanguage\":\"cs\",\"potentialAction\":[{\"@type\":\"CommentAction\",\"name\":\"Comment\",\"target\":[\"https:\/\/www.simpleplan.cz\/cz\/index.php\/simple-plan-vzdoruji-teroristickym-hrozbam-rock-am-ring\/#respond\"]}]},{\"@type\":\"WebPage\",\"@id\":\"https:\/\/www.simpleplan.cz\/cz\/index.php\/simple-plan-vzdoruji-teroristickym-hrozbam-rock-am-ring\/\",\"url\":\"https:\/\/www.simpleplan.cz\/cz\/index.php\/simple-plan-vzdoruji-teroristickym-hrozbam-rock-am-ring\/\",\"name\":\"Simple Plan vzdoruj\u00ed proti teroristick\u00fdm hrozb\u00e1m na Rock Am Ring | CZ: SimplePlan.cz\",\"isPartOf\":{\"@id\":\"https:\/\/www.simpleplan.cz\/cz\/#website\"},\"datePublished\":\"2017-06-03T09:08:08+00:00\",\"dateModified\":\"2023-06-26T05:06:09+00:00\",\"breadcrumb\":{\"@id\":\"https:\/\/www.simpleplan.cz\/cz\/index.php\/simple-plan-vzdoruji-teroristickym-hrozbam-rock-am-ring\/#breadcrumb\"},\"inLanguage\":\"cs\",\"potentialAction\":[{\"@type\":\"ReadAction\",\"target\":[\"https:\/\/www.simpleplan.cz\/cz\/index.php\/simple-plan-vzdoruji-teroristickym-hrozbam-rock-am-ring\/\"]}]},{\"@type\":\"BreadcrumbList\",\"@id\":\"https:\/\/www.simpleplan.cz\/cz\/index.php\/simple-plan-vzdoruji-teroristickym-hrozbam-rock-am-ring\/#breadcrumb\",\"itemListElement\":[{\"@type\":\"ListItem\",\"position\":1,\"name\":\"Dom\u016f\",\"item\":\"https:\/\/www.simpleplan.cz\/cz\/\"},{\"@type\":\"ListItem\",\"position\":2,\"name\":\"fotky\",\"item\":\"https:\/\/www.simpleplan.cz\/cz\/index.php\/category\/fotky\/\"},{\"@type\":\"ListItem\",\"position\":3,\"name\":\"Simple Plan vzdoruj\u00ed proti teroristick\u00fdm hrozb\u00e1m na Rock Am Ring\"}]},{\"@type\":\"WebSite\",\"@id\":\"https:\/\/www.simpleplan.cz\/cz\/#website\",\"url\":\"https:\/\/www.simpleplan.cz\/cz\/\",\"name\":\"CZ: SimplePlan.cz\",\"description\":\"Nejlep\u0161\u00ed zdroj informac\u00ed o kapele Simple Plan\",\"publisher\":{\"@id\":\"https:\/\/www.simpleplan.cz\/cz\/#organization\"},\"potentialAction\":[{\"@type\":\"SearchAction\",\"target\":{\"@type\":\"EntryPoint\",\"urlTemplate\":\"https:\/\/www.simpleplan.cz\/cz\/?s={search_term_string}\"},\"query-input\":\"required name=search_term_string\"}],\"inLanguage\":\"cs\"},{\"@type\":\"Organization\",\"@id\":\"https:\/\/www.simpleplan.cz\/cz\/#organization\",\"name\":\"CZ: SimplePlan.cz\",\"url\":\"https:\/\/www.simpleplan.cz\/cz\/\",\"logo\":{\"@type\":\"ImageObject\",\"inLanguage\":\"cs\",\"@id\":\"https:\/\/www.simpleplan.cz\/cz\/#\/schema\/logo\/image\/\",\"url\":\"https:\/\/www.simpleplan.cz\/cz\/wp-content\/uploads\/spczlogo.png\",\"contentUrl\":\"https:\/\/www.simpleplan.cz\/cz\/wp-content\/uploads\/spczlogo.png\",\"width\":250,\"height\":190,\"caption\":\"CZ: SimplePlan.cz\"},\"image\":{\"@id\":\"https:\/\/www.simpleplan.cz\/cz\/#\/schema\/logo\/image\/\"},\"sameAs\":[\"http:\/\/www.facebook.com\/simpleplancz\",\"https:\/\/twitter.com\/simpleplancz\",\"http:\/\/www.instagram.com\/simpleplancz\",\"http:\/\/www.youtube.com\/simpleplancz\"]},{\"@type\":\"Person\",\"@id\":\"https:\/\/www.simpleplan.cz\/cz\/#\/schema\/person\/bb90dd25f4baab7793fc73ab0b783730\",\"name\":\"Dominika\",\"image\":{\"@type\":\"ImageObject\",\"inLanguage\":\"cs\",\"@id\":\"https:\/\/www.simpleplan.cz\/cz\/#\/schema\/person\/image\/\",\"url\":\"https:\/\/secure.gravatar.com\/avatar\/de55cb16a8578d56e96c89d1a0af3db5?s=96&d=mm&r=g\",\"contentUrl\":\"https:\/\/secure.gravatar.com\/avatar\/de55cb16a8578d56e96c89d1a0af3db5?s=96&d=mm&r=g\",\"caption\":\"Dominika\"},\"sameAs\":[\"http:\/\/www.simpleplan.cz\"],\"url\":\"https:\/\/www.simpleplan.cz\/cz\/index.php\/author\/admin-2\/\"}]}<\/script>\n<!-- \/ Yoast SEO plugin. -->","yoast_head_json":{"title":"Simple Plan vzdoruj\u00ed proti teroristick\u00fdm hrozb\u00e1m na Rock Am Ring | CZ: SimplePlan.cz","robots":{"index":"index","follow":"follow","max-snippet":"max-snippet:-1","max-image-preview":"max-image-preview:large","max-video-preview":"max-video-preview:-1"},"canonical":"https:\/\/www.simpleplan.cz\/cz\/index.php\/simple-plan-vzdoruji-teroristickym-hrozbam-rock-am-ring\/","og_locale":"cs_CZ","og_type":"article","og_title":"Simple Plan vzdoruj\u00ed proti teroristick\u00fdm hrozb\u00e1m na Rock Am Ring | CZ: SimplePlan.cz","og_description":"V\u010dera byli hudebn\u00ed fanou\u0161ci zasa\u017eeni zpr\u00e1vou, \u017ee asi hodinu po koncert\u011b Simple Plan na n\u011bmeck\u00e9m","og_url":"https:\/\/www.simpleplan.cz\/cz\/index.php\/simple-plan-vzdoruji-teroristickym-hrozbam-rock-am-ring\/","og_site_name":"CZ: SimplePlan.cz","article_publisher":"http:\/\/www.facebook.com\/simpleplancz","article_published_time":"2017-06-03T09:08:08+00:00","article_modified_time":"2023-06-26T05:06:09+00:00","og_image":[{"url":"http:\/\/i.imgur.com\/3D5YX0l.png"}],"author":"Dominika","twitter_card":"summary_large_image","twitter_creator":"@simpleplancz","twitter_site":"@simpleplancz","twitter_misc":{"Napsal(a)":"Dominika","Odhadovan\u00e1 doba \u010dten\u00ed":"3 minuty"},"schema":{"@context":"https:\/\/schema.org","@graph":[{"@type":"Article","@id":"https:\/\/www.simpleplan.cz\/cz\/index.php\/simple-plan-vzdoruji-teroristickym-hrozbam-rock-am-ring\/#article","isPartOf":{"@id":"https:\/\/www.simpleplan.cz\/cz\/index.php\/simple-plan-vzdoruji-teroristickym-hrozbam-rock-am-ring\/"},"author":{"name":"Dominika","@id":"https:\/\/www.simpleplan.cz\/cz\/#\/schema\/person\/bb90dd25f4baab7793fc73ab0b783730"},"headline":"Simple Plan vzdoruj\u00ed proti teroristick\u00fdm hrozb\u00e1m na Rock Am Ring","datePublished":"2017-06-03T09:08:08+00:00","dateModified":"2023-06-26T05:06:09+00:00","mainEntityOfPage":{"@id":"https:\/\/www.simpleplan.cz\/cz\/index.php\/simple-plan-vzdoruji-teroristickym-hrozbam-rock-am-ring\/"},"wordCount":691,"commentCount":0,"publisher":{"@id":"https:\/\/www.simpleplan.cz\/cz\/#organization"},"keywords":["N\u011bmecko","Rock Am Ring","teroristick\u00e1 hrozba"],"articleSection":["fotky","koncerty"],"inLanguage":"cs","potentialAction":[{"@type":"CommentAction","name":"Comment","target":["https:\/\/www.simpleplan.cz\/cz\/index.php\/simple-plan-vzdoruji-teroristickym-hrozbam-rock-am-ring\/#respond"]}]},{"@type":"WebPage","@id":"https:\/\/www.simpleplan.cz\/cz\/index.php\/simple-plan-vzdoruji-teroristickym-hrozbam-rock-am-ring\/","url":"https:\/\/www.simpleplan.cz\/cz\/index.php\/simple-plan-vzdoruji-teroristickym-hrozbam-rock-am-ring\/","name":"Simple Plan vzdoruj\u00ed proti teroristick\u00fdm hrozb\u00e1m na Rock Am Ring | CZ: SimplePlan.cz","isPartOf":{"@id":"https:\/\/www.simpleplan.cz\/cz\/#website"},"datePublished":"2017-06-03T09:08:08+00:00","dateModified":"2023-06-26T05:06:09+00:00","breadcrumb":{"@id":"https:\/\/www.simpleplan.cz\/cz\/index.php\/simple-plan-vzdoruji-teroristickym-hrozbam-rock-am-ring\/#breadcrumb"},"inLanguage":"cs","potentialAction":[{"@type":"ReadAction","target":["https:\/\/www.simpleplan.cz\/cz\/index.php\/simple-plan-vzdoruji-teroristickym-hrozbam-rock-am-ring\/"]}]},{"@type":"BreadcrumbList","@id":"https:\/\/www.simpleplan.cz\/cz\/index.php\/simple-plan-vzdoruji-teroristickym-hrozbam-rock-am-ring\/#breadcrumb","itemListElement":[{"@type":"ListItem","position":1,"name":"Dom\u016f","item":"https:\/\/www.simpleplan.cz\/cz\/"},{"@type":"ListItem","position":2,"name":"fotky","item":"https:\/\/www.simpleplan.cz\/cz\/index.php\/category\/fotky\/"},{"@type":"ListItem","position":3,"name":"Simple Plan vzdoruj\u00ed proti teroristick\u00fdm hrozb\u00e1m na Rock Am Ring"}]},{"@type":"WebSite","@id":"https:\/\/www.simpleplan.cz\/cz\/#website","url":"https:\/\/www.simpleplan.cz\/cz\/","name":"CZ: SimplePlan.cz","description":"Nejlep\u0161\u00ed zdroj informac\u00ed o kapele Simple Plan","publisher":{"@id":"https:\/\/www.simpleplan.cz\/cz\/#organization"},"potentialAction":[{"@type":"SearchAction","target":{"@type":"EntryPoint","urlTemplate":"https:\/\/www.simpleplan.cz\/cz\/?s={search_term_string}"},"query-input":"required name=search_term_string"}],"inLanguage":"cs"},{"@type":"Organization","@id":"https:\/\/www.simpleplan.cz\/cz\/#organization","name":"CZ: SimplePlan.cz","url":"https:\/\/www.simpleplan.cz\/cz\/","logo":{"@type":"ImageObject","inLanguage":"cs","@id":"https:\/\/www.simpleplan.cz\/cz\/#\/schema\/logo\/image\/","url":"https:\/\/www.simpleplan.cz\/cz\/wp-content\/uploads\/spczlogo.png","contentUrl":"https:\/\/www.simpleplan.cz\/cz\/wp-content\/uploads\/spczlogo.png","width":250,"height":190,"caption":"CZ: SimplePlan.cz"},"image":{"@id":"https:\/\/www.simpleplan.cz\/cz\/#\/schema\/logo\/image\/"},"sameAs":["http:\/\/www.facebook.com\/simpleplancz","https:\/\/twitter.com\/simpleplancz","http:\/\/www.instagram.com\/simpleplancz","http:\/\/www.youtube.com\/simpleplancz"]},{"@type":"Person","@id":"https:\/\/www.simpleplan.cz\/cz\/#\/schema\/person\/bb90dd25f4baab7793fc73ab0b783730","name":"Dominika","image":{"@type":"ImageObject","inLanguage":"cs","@id":"https:\/\/www.simpleplan.cz\/cz\/#\/schema\/person\/image\/","url":"https:\/\/secure.gravatar.com\/avatar\/de55cb16a8578d56e96c89d1a0af3db5?s=96&d=mm&r=g","contentUrl":"https:\/\/secure.gravatar.com\/avatar\/de55cb16a8578d56e96c89d1a0af3db5?s=96&d=mm&r=g","caption":"Dominika"},"sameAs":["http:\/\/www.simpleplan.cz"],"url":"https:\/\/www.simpleplan.cz\/cz\/index.php\/author\/admin-2\/"}]}},"featured_image_urls":{"full":"","thumbnail":"","medium":"","medium_large":"","large":"","1536x1536":"","2048x2048":"","elegant-magazine-featured":"","elegant-magazine-medium":"","elegant-magazine-medium-small":"","elegant-magazine-thumbnail-small":""},"author_info":{"display_name":"Dominika","author_link":"https:\/\/www.simpleplan.cz\/cz\/index.php\/author\/admin-2\/"},"category_info":"<a href=\"https:\/\/www.simpleplan.cz\/cz\/index.php\/category\/fotky\/\" rel=\"category tag\">fotky<\/a> <a href=\"https:\/\/www.simpleplan.cz\/cz\/index.php\/category\/koncerty\/\" rel=\"category tag\">koncerty<\/a>","tag_info":"koncerty","comment_count":"0","_links":{"self":[{"href":"https:\/\/www.simpleplan.cz\/cz\/index.php\/wp-json\/wp\/v2\/posts\/22141"}],"collection":[{"href":"https:\/\/www.simpleplan.cz\/cz\/index.php\/wp-json\/wp\/v2\/posts"}],"about":[{"href":"https:\/\/www.simpleplan.cz\/cz\/index.php\/wp-json\/wp\/v2\/types\/post"}],"author":[{"embeddable":true,"href":"https:\/\/www.simpleplan.cz\/cz\/index.php\/wp-json\/wp\/v2\/users\/5"}],"replies":[{"embeddable":true,"href":"https:\/\/www.simpleplan.cz\/cz\/index.php\/wp-json\/wp\/v2\/comments?post=22141"}],"version-history":[{"count":7,"href":"https:\/\/www.simpleplan.cz\/cz\/index.php\/wp-json\/wp\/v2\/posts\/22141\/revisions"}],"predecessor-version":[{"id":30069,"href":"https:\/\/www.simpleplan.cz\/cz\/index.php\/wp-json\/wp\/v2\/posts\/22141\/revisions\/30069"}],"wp:attachment":[{"href":"https:\/\/www.simpleplan.cz\/cz\/index.php\/wp-json\/wp\/v2\/media?parent=22141"}],"wp:term":[{"taxonomy":"category","embeddable":true,"href":"https:\/\/www.simpleplan.cz\/cz\/index.php\/wp-json\/wp\/v2\/categories?post=22141"},{"taxonomy":"post_tag","embeddable":true,"href":"https:\/\/www.simpleplan.cz\/cz\/index.php\/wp-json\/wp\/v2\/tags?post=22141"}],"curies":[{"name":"wp","href":"https:\/\/api.w.org\/{rel}","templated":true}]}}