{"id":22150,"date":"2017-06-03T19:13:48","date_gmt":"2017-06-03T17:13:48","guid":{"rendered":"http:\/\/www.simpleplan.cz\/cz\/?p=22150"},"modified":"2023-06-26T07:06:09","modified_gmt":"2023-06-26T05:06:09","slug":"pierre-apeluje-fanousky-zapsani-se-jako-darci-kostni-drene-zachranu-zivota-fanynky","status":"publish","type":"post","link":"https:\/\/www.simpleplan.cz\/cz\/index.php\/pierre-apeluje-fanousky-zapsani-se-jako-darci-kostni-drene-zachranu-zivota-fanynky\/","title":{"rendered":"Pierre apeluje na fanou\u0161ky o zaps\u00e1n\u00ed se jako d\u00e1rci kostn\u00ed d\u0159en\u011b pro z\u00e1chranu \u017eivota fanynky"},"content":{"rendered":"<p>Minul\u00fd t\u00fdden v Berl\u00edn\u011b, v N\u011bmecku si <b>Pierre Bouvier vyhradil \u010das na to, aby nato\u010dil speci\u00e1ln\u00ed video za \u00fa\u010delem pomoci dlouholet\u00e9 fanynce, Sabrin\u011b, kter\u00e1 ji\u017e l\u00e9ta z\u00e1pas\u00ed s rakovinou<\/b>. Jej\u00ed krevn\u00ed skupina (0 negativn\u00ed) je v\u0161ak bohu\u017eel velmi vz\u00e1cn\u00e1, a proto je pro n\u00ed velmi obt\u00ed\u017en\u00e9 naj\u00edt spr\u00e1vn\u00e9ho d\u00e1rce a zajistit si tak pomoc\u00ed transplantace kostn\u00ed d\u0159en\u011b lep\u0161\u00ed \u017eivot. V nad\u011bji, \u017ee by mohli t\u00edmto zp\u016fsobem naj\u00edt spr\u00e1vn\u00e9ho d\u00e1rce se <b>Pierre s Sabrina rozhodli po\u017e\u00e1dat dal\u0161\u00ed fanou\u0161ky, aby se zapsali jako d\u00e1rci kostn\u00ed d\u0159en\u011b<\/b> a p\u0159\u00edpadn\u011b tak pomohli zachr\u00e1nit \u017eiot jin\u00e9ho fanou\u0161ka. <\/p>\n<p>Tato problematika je Pierrovi bohu\u017eel velice bl\u00edzk\u00e1, jeliko\u017e p\u0159ed n\u011bkolika lety jeho mlad\u0161\u00ed bratr bojoval s rakovinou a s\u00e1m pot\u0159eboval transplantaci kostn\u00ed d\u0159en\u011b. Na\u0161t\u011bst\u00ed v\u0161ak v rodin\u011b nalezli vhodn\u00e9ho d\u00e1rce a Jay je od t\u00e9 doby naprosto v po\u0159\u00e1dku.<\/p>\n<p>N\u00ed\u017ee si m\u016f\u017eete prohl\u00e9dnout video, kter\u00e9 Sabrina s Pierrem v Berl\u00edn\u011b nato\u010dili [a pokud byste cht\u011bli Sabrinu p\u0159\u00edmo zkontaktovat, za\u0161lete ji zpr\u00e1vu na <a href=\"http:\/\/www.instagram.com\/zeldaskyward\" target=\"_blank\" rel=\"noopener\">@zeldaskyward<\/a>]:<\/p>\n<p><center><\/p>\n<blockquote class=\"instagram-media\" data-instgrm-captioned data-instgrm-version=\"7\" style=\" background:#FFF; border:0; border-radius:3px; box-shadow:0 0 1px 0 rgba(0,0,0,0.5),0 1px 10px 0 rgba(0,0,0,0.15); margin: 1px; max-width:658px; padding:0; width:99.375%; width:-webkit-calc(100% - 2px); width:calc(100% - 2px);\">\n<div style=\"padding:8px;\">\n<div style=\" background:#F8F8F8; line-height:0; margin-top:40px; padding:62.5% 0; text-align:center; width:100%;\">\n<div style=\" background:url(data:image\/png;base64,iVBORw0KGgoAAAANSUhEUgAAACwAAAAsCAMAAAApWqozAAAABGdBTUEAALGPC\/xhBQAAAAFzUkdCAK7OHOkAAAAMUExURczMzPf399fX1+bm5mzY9AMAAADiSURBVDjLvZXbEsMgCES5\/P8\/t9FuRVCRmU73JWlzosgSIIZURCjo\/ad+EQJJB4Hv8BFt+IDpQoCx1wjOSBFhh2XssxEIYn3ulI\/6MNReE07UIWJEv8UEOWDS88LY97kqyTliJKKtuYBbruAyVh5wOHiXmpi5we58Ek028czwyuQdLKPG1Bkb4NnM+VeAnfHqn1k4+GPT6uGQcvu2h2OVuIf\/gWUFyy8OWEpdyZSa3aVCqpVoVvzZZ2VTnn2wU8qzVjDDetO90GSy9mVLqtgYSy231MxrY6I2gGqjrTY0L8fxCxfCBbhWrsYYAAAAAElFTkSuQmCC); display:block; height:44px; margin:0 auto -44px; position:relative; top:-22px; width:44px;\"><\/div>\n<\/div>\n<p style=\" margin:8px 0 0 0; padding:0 4px;\"> <a href=\"https:\/\/www.instagram.com\/p\/BUpG5wnB_V7\/\" style=\" color:#000; font-family:Arial,sans-serif; font-size:14px; font-style:normal; font-weight:normal; line-height:17px; text-decoration:none; word-wrap:break-word;\" target=\"_blank\" rel=\"noopener\">One of our dearest fans  @zeldaskyward needs your help.  She has been battling both leukemia and lymphoma for a few years and she needs a bone marrow transplant. Her blood type is a rare kind of 0-negative of which there are no donors on the worldwide registry.  If you know that you are 0-negative blood type, please sign up to be a bone marrow transplant donor and hopefully you will also match the other criteria.  You may just save her life. If you have any questions on how to proceed, call your doctor or any blood, or bone marrow donating centers.  You can also reach out to @zeldaskyward if you need more info.  Thank you. &#x1f64f;&#x1f3fc;<\/a><\/p>\n<p style=\" color:#c9c8cd; font-family:Arial,sans-serif; font-size:14px; line-height:17px; margin-bottom:0; margin-top:8px; overflow:hidden; padding:8px 0 7px; text-align:center; text-overflow:ellipsis; white-space:nowrap;\">P\u0159\u00edsp\u011bvek sd\u00edlen\u00fd Pierre Bouvier (@pierrebouvier), <time style=\" font-family:Arial,sans-serif; font-size:14px; line-height:17px;\" datetime=\"2017-05-28T16:13:18+00:00\">Kv\u011b 28, 2017 v 9:13 PDT<\/time><\/p>\n<\/div>\n<\/blockquote>\n<p><script async defer src=\"\/\/platform.instagram.com\/en_US\/embeds.js\"><\/script><\/center><\/p>\n<div class=\"fblikebutton_button\" style=\"float: left; padding-top: 20px; margin-right: 20px; padding-bottom: 20px; padding-left: 20px;\"><iframe src=\"http:\/\/www.facebook.com\/plugins\/like.php?href=https%3A%2F%2Fwww.simpleplan.cz%2Fcz%2Findex.php%2Fpierre-apeluje-fanousky-zapsani-se-jako-darci-kostni-drene-zachranu-zivota-fanynky%2F&amp;layout=standard&amp;show-faces=false&amp;width=450&amp;action=like&amp;colorscheme=light\" scrolling=\"no\" frameborder=\"0\" allowTransparency=\"true\" style=\"border:none; overflow:hidden; width:450px; height:26px\"><\/iframe><\/div>\n","protected":false},"excerpt":{"rendered":"<p>Minul\u00fd t\u00fdden v Berl\u00edn\u011b, v N\u011bmecku si Pierre Bouvier vyhradil \u010das na to, aby nato\u010dil<\/p>\n","protected":false},"author":5,"featured_media":0,"comment_status":"open","ping_status":"open","sticky":false,"template":"","format":"standard","meta":{"footnotes":"","fifu_image_url":"","fifu_image_alt":""},"categories":[5,10],"tags":[58,1228,2616],"yoast_head":"<!-- This site is optimized with the Yoast SEO plugin v20.9 - https:\/\/yoast.com\/wordpress\/plugins\/seo\/ -->\n<title>Pierre apeluje na fanou\u0161ky o zaps\u00e1n\u00ed se jako d\u00e1rci kostn\u00ed d\u0159en\u011b pro z\u00e1chranu \u017eivota fanynky | CZ: SimplePlan.cz<\/title>\n<meta name=\"robots\" content=\"index, follow, max-snippet:-1, max-image-preview:large, max-video-preview:-1\" \/>\n<link rel=\"canonical\" href=\"https:\/\/www.simpleplan.cz\/cz\/index.php\/pierre-apeluje-fanousky-zapsani-se-jako-darci-kostni-drene-zachranu-zivota-fanynky\/\" \/>\n<meta property=\"og:locale\" content=\"cs_CZ\" \/>\n<meta property=\"og:type\" content=\"article\" \/>\n<meta property=\"og:title\" content=\"Pierre apeluje na fanou\u0161ky o zaps\u00e1n\u00ed se jako d\u00e1rci kostn\u00ed d\u0159en\u011b pro z\u00e1chranu \u017eivota fanynky | CZ: SimplePlan.cz\" \/>\n<meta property=\"og:description\" content=\"Minul\u00fd t\u00fdden v Berl\u00edn\u011b, v N\u011bmecku si Pierre Bouvier vyhradil \u010das na to, aby nato\u010dil\" \/>\n<meta property=\"og:url\" content=\"https:\/\/www.simpleplan.cz\/cz\/index.php\/pierre-apeluje-fanousky-zapsani-se-jako-darci-kostni-drene-zachranu-zivota-fanynky\/\" \/>\n<meta property=\"og:site_name\" content=\"CZ: SimplePlan.cz\" \/>\n<meta property=\"article:publisher\" content=\"http:\/\/www.facebook.com\/simpleplancz\" \/>\n<meta property=\"article:published_time\" content=\"2017-06-03T17:13:48+00:00\" \/>\n<meta property=\"article:modified_time\" content=\"2023-06-26T05:06:09+00:00\" \/>\n<meta property=\"og:image\" content=\"http:\/\/www.simpleplan.cz\/cz\/wp-content\/uploads\/logo.gif\" \/>\n<meta name=\"author\" content=\"Dominika\" \/>\n<meta name=\"twitter:card\" content=\"summary_large_image\" \/>\n<meta name=\"twitter:creator\" content=\"@simpleplancz\" \/>\n<meta name=\"twitter:site\" content=\"@simpleplancz\" \/>\n<meta name=\"twitter:label1\" content=\"Napsal(a)\" \/>\n\t<meta name=\"twitter:data1\" content=\"Dominika\" \/>\n\t<meta name=\"twitter:label2\" content=\"Odhadovan\u00e1 doba \u010dten\u00ed\" \/>\n\t<meta name=\"twitter:data2\" content=\"2 minuty\" \/>\n<script type=\"application\/ld+json\" class=\"yoast-schema-graph\">{\"@context\":\"https:\/\/schema.org\",\"@graph\":[{\"@type\":\"Article\",\"@id\":\"https:\/\/www.simpleplan.cz\/cz\/index.php\/pierre-apeluje-fanousky-zapsani-se-jako-darci-kostni-drene-zachranu-zivota-fanynky\/#article\",\"isPartOf\":{\"@id\":\"https:\/\/www.simpleplan.cz\/cz\/index.php\/pierre-apeluje-fanousky-zapsani-se-jako-darci-kostni-drene-zachranu-zivota-fanynky\/\"},\"author\":{\"name\":\"Dominika\",\"@id\":\"https:\/\/www.simpleplan.cz\/cz\/#\/schema\/person\/bb90dd25f4baab7793fc73ab0b783730\"},\"headline\":\"Pierre apeluje na fanou\u0161ky o zaps\u00e1n\u00ed se jako d\u00e1rci kostn\u00ed d\u0159en\u011b pro z\u00e1chranu \u017eivota fanynky\",\"datePublished\":\"2017-06-03T17:13:48+00:00\",\"dateModified\":\"2023-06-26T05:06:09+00:00\",\"mainEntityOfPage\":{\"@id\":\"https:\/\/www.simpleplan.cz\/cz\/index.php\/pierre-apeluje-fanousky-zapsani-se-jako-darci-kostni-drene-zachranu-zivota-fanynky\/\"},\"wordCount\":359,\"commentCount\":0,\"publisher\":{\"@id\":\"https:\/\/www.simpleplan.cz\/cz\/#organization\"},\"keywords\":[\"fanou\u0161ci\",\"rakovina\",\"transplantace kostn\u00ed d\u0159en\u011b\"],\"articleSection\":[\"Pierre\",\"videa\"],\"inLanguage\":\"cs\",\"potentialAction\":[{\"@type\":\"CommentAction\",\"name\":\"Comment\",\"target\":[\"https:\/\/www.simpleplan.cz\/cz\/index.php\/pierre-apeluje-fanousky-zapsani-se-jako-darci-kostni-drene-zachranu-zivota-fanynky\/#respond\"]}]},{\"@type\":\"WebPage\",\"@id\":\"https:\/\/www.simpleplan.cz\/cz\/index.php\/pierre-apeluje-fanousky-zapsani-se-jako-darci-kostni-drene-zachranu-zivota-fanynky\/\",\"url\":\"https:\/\/www.simpleplan.cz\/cz\/index.php\/pierre-apeluje-fanousky-zapsani-se-jako-darci-kostni-drene-zachranu-zivota-fanynky\/\",\"name\":\"Pierre apeluje na fanou\u0161ky o zaps\u00e1n\u00ed se jako d\u00e1rci kostn\u00ed d\u0159en\u011b pro z\u00e1chranu \u017eivota fanynky | CZ: SimplePlan.cz\",\"isPartOf\":{\"@id\":\"https:\/\/www.simpleplan.cz\/cz\/#website\"},\"datePublished\":\"2017-06-03T17:13:48+00:00\",\"dateModified\":\"2023-06-26T05:06:09+00:00\",\"breadcrumb\":{\"@id\":\"https:\/\/www.simpleplan.cz\/cz\/index.php\/pierre-apeluje-fanousky-zapsani-se-jako-darci-kostni-drene-zachranu-zivota-fanynky\/#breadcrumb\"},\"inLanguage\":\"cs\",\"potentialAction\":[{\"@type\":\"ReadAction\",\"target\":[\"https:\/\/www.simpleplan.cz\/cz\/index.php\/pierre-apeluje-fanousky-zapsani-se-jako-darci-kostni-drene-zachranu-zivota-fanynky\/\"]}]},{\"@type\":\"BreadcrumbList\",\"@id\":\"https:\/\/www.simpleplan.cz\/cz\/index.php\/pierre-apeluje-fanousky-zapsani-se-jako-darci-kostni-drene-zachranu-zivota-fanynky\/#breadcrumb\",\"itemListElement\":[{\"@type\":\"ListItem\",\"position\":1,\"name\":\"Dom\u016f\",\"item\":\"https:\/\/www.simpleplan.cz\/cz\/\"},{\"@type\":\"ListItem\",\"position\":2,\"name\":\"Pierre\",\"item\":\"https:\/\/www.simpleplan.cz\/cz\/index.php\/category\/pierre\/\"},{\"@type\":\"ListItem\",\"position\":3,\"name\":\"Pierre apeluje na fanou\u0161ky o zaps\u00e1n\u00ed se jako d\u00e1rci kostn\u00ed d\u0159en\u011b pro z\u00e1chranu \u017eivota fanynky\"}]},{\"@type\":\"WebSite\",\"@id\":\"https:\/\/www.simpleplan.cz\/cz\/#website\",\"url\":\"https:\/\/www.simpleplan.cz\/cz\/\",\"name\":\"CZ: SimplePlan.cz\",\"description\":\"Nejlep\u0161\u00ed zdroj informac\u00ed o kapele Simple Plan\",\"publisher\":{\"@id\":\"https:\/\/www.simpleplan.cz\/cz\/#organization\"},\"potentialAction\":[{\"@type\":\"SearchAction\",\"target\":{\"@type\":\"EntryPoint\",\"urlTemplate\":\"https:\/\/www.simpleplan.cz\/cz\/?s={search_term_string}\"},\"query-input\":\"required name=search_term_string\"}],\"inLanguage\":\"cs\"},{\"@type\":\"Organization\",\"@id\":\"https:\/\/www.simpleplan.cz\/cz\/#organization\",\"name\":\"CZ: SimplePlan.cz\",\"url\":\"https:\/\/www.simpleplan.cz\/cz\/\",\"logo\":{\"@type\":\"ImageObject\",\"inLanguage\":\"cs\",\"@id\":\"https:\/\/www.simpleplan.cz\/cz\/#\/schema\/logo\/image\/\",\"url\":\"https:\/\/www.simpleplan.cz\/cz\/wp-content\/uploads\/spczlogo.png\",\"contentUrl\":\"https:\/\/www.simpleplan.cz\/cz\/wp-content\/uploads\/spczlogo.png\",\"width\":250,\"height\":190,\"caption\":\"CZ: SimplePlan.cz\"},\"image\":{\"@id\":\"https:\/\/www.simpleplan.cz\/cz\/#\/schema\/logo\/image\/\"},\"sameAs\":[\"http:\/\/www.facebook.com\/simpleplancz\",\"https:\/\/twitter.com\/simpleplancz\",\"http:\/\/www.instagram.com\/simpleplancz\",\"http:\/\/www.youtube.com\/simpleplancz\"]},{\"@type\":\"Person\",\"@id\":\"https:\/\/www.simpleplan.cz\/cz\/#\/schema\/person\/bb90dd25f4baab7793fc73ab0b783730\",\"name\":\"Dominika\",\"image\":{\"@type\":\"ImageObject\",\"inLanguage\":\"cs\",\"@id\":\"https:\/\/www.simpleplan.cz\/cz\/#\/schema\/person\/image\/\",\"url\":\"https:\/\/secure.gravatar.com\/avatar\/de55cb16a8578d56e96c89d1a0af3db5?s=96&d=mm&r=g\",\"contentUrl\":\"https:\/\/secure.gravatar.com\/avatar\/de55cb16a8578d56e96c89d1a0af3db5?s=96&d=mm&r=g\",\"caption\":\"Dominika\"},\"sameAs\":[\"http:\/\/www.simpleplan.cz\"],\"url\":\"https:\/\/www.simpleplan.cz\/cz\/index.php\/author\/admin-2\/\"}]}<\/script>\n<!-- \/ Yoast SEO plugin. -->","yoast_head_json":{"title":"Pierre apeluje na fanou\u0161ky o zaps\u00e1n\u00ed se jako d\u00e1rci kostn\u00ed d\u0159en\u011b pro z\u00e1chranu \u017eivota fanynky | CZ: SimplePlan.cz","robots":{"index":"index","follow":"follow","max-snippet":"max-snippet:-1","max-image-preview":"max-image-preview:large","max-video-preview":"max-video-preview:-1"},"canonical":"https:\/\/www.simpleplan.cz\/cz\/index.php\/pierre-apeluje-fanousky-zapsani-se-jako-darci-kostni-drene-zachranu-zivota-fanynky\/","og_locale":"cs_CZ","og_type":"article","og_title":"Pierre apeluje na fanou\u0161ky o zaps\u00e1n\u00ed se jako d\u00e1rci kostn\u00ed d\u0159en\u011b pro z\u00e1chranu \u017eivota fanynky | CZ: SimplePlan.cz","og_description":"Minul\u00fd t\u00fdden v Berl\u00edn\u011b, v N\u011bmecku si Pierre Bouvier vyhradil \u010das na to, aby nato\u010dil","og_url":"https:\/\/www.simpleplan.cz\/cz\/index.php\/pierre-apeluje-fanousky-zapsani-se-jako-darci-kostni-drene-zachranu-zivota-fanynky\/","og_site_name":"CZ: SimplePlan.cz","article_publisher":"http:\/\/www.facebook.com\/simpleplancz","article_published_time":"2017-06-03T17:13:48+00:00","article_modified_time":"2023-06-26T05:06:09+00:00","og_image":[{"url":"http:\/\/www.simpleplan.cz\/cz\/wp-content\/uploads\/logo.gif"}],"author":"Dominika","twitter_card":"summary_large_image","twitter_creator":"@simpleplancz","twitter_site":"@simpleplancz","twitter_misc":{"Napsal(a)":"Dominika","Odhadovan\u00e1 doba \u010dten\u00ed":"2 minuty"},"schema":{"@context":"https:\/\/schema.org","@graph":[{"@type":"Article","@id":"https:\/\/www.simpleplan.cz\/cz\/index.php\/pierre-apeluje-fanousky-zapsani-se-jako-darci-kostni-drene-zachranu-zivota-fanynky\/#article","isPartOf":{"@id":"https:\/\/www.simpleplan.cz\/cz\/index.php\/pierre-apeluje-fanousky-zapsani-se-jako-darci-kostni-drene-zachranu-zivota-fanynky\/"},"author":{"name":"Dominika","@id":"https:\/\/www.simpleplan.cz\/cz\/#\/schema\/person\/bb90dd25f4baab7793fc73ab0b783730"},"headline":"Pierre apeluje na fanou\u0161ky o zaps\u00e1n\u00ed se jako d\u00e1rci kostn\u00ed d\u0159en\u011b pro z\u00e1chranu \u017eivota fanynky","datePublished":"2017-06-03T17:13:48+00:00","dateModified":"2023-06-26T05:06:09+00:00","mainEntityOfPage":{"@id":"https:\/\/www.simpleplan.cz\/cz\/index.php\/pierre-apeluje-fanousky-zapsani-se-jako-darci-kostni-drene-zachranu-zivota-fanynky\/"},"wordCount":359,"commentCount":0,"publisher":{"@id":"https:\/\/www.simpleplan.cz\/cz\/#organization"},"keywords":["fanou\u0161ci","rakovina","transplantace kostn\u00ed d\u0159en\u011b"],"articleSection":["Pierre","videa"],"inLanguage":"cs","potentialAction":[{"@type":"CommentAction","name":"Comment","target":["https:\/\/www.simpleplan.cz\/cz\/index.php\/pierre-apeluje-fanousky-zapsani-se-jako-darci-kostni-drene-zachranu-zivota-fanynky\/#respond"]}]},{"@type":"WebPage","@id":"https:\/\/www.simpleplan.cz\/cz\/index.php\/pierre-apeluje-fanousky-zapsani-se-jako-darci-kostni-drene-zachranu-zivota-fanynky\/","url":"https:\/\/www.simpleplan.cz\/cz\/index.php\/pierre-apeluje-fanousky-zapsani-se-jako-darci-kostni-drene-zachranu-zivota-fanynky\/","name":"Pierre apeluje na fanou\u0161ky o zaps\u00e1n\u00ed se jako d\u00e1rci kostn\u00ed d\u0159en\u011b pro z\u00e1chranu \u017eivota fanynky | CZ: SimplePlan.cz","isPartOf":{"@id":"https:\/\/www.simpleplan.cz\/cz\/#website"},"datePublished":"2017-06-03T17:13:48+00:00","dateModified":"2023-06-26T05:06:09+00:00","breadcrumb":{"@id":"https:\/\/www.simpleplan.cz\/cz\/index.php\/pierre-apeluje-fanousky-zapsani-se-jako-darci-kostni-drene-zachranu-zivota-fanynky\/#breadcrumb"},"inLanguage":"cs","potentialAction":[{"@type":"ReadAction","target":["https:\/\/www.simpleplan.cz\/cz\/index.php\/pierre-apeluje-fanousky-zapsani-se-jako-darci-kostni-drene-zachranu-zivota-fanynky\/"]}]},{"@type":"BreadcrumbList","@id":"https:\/\/www.simpleplan.cz\/cz\/index.php\/pierre-apeluje-fanousky-zapsani-se-jako-darci-kostni-drene-zachranu-zivota-fanynky\/#breadcrumb","itemListElement":[{"@type":"ListItem","position":1,"name":"Dom\u016f","item":"https:\/\/www.simpleplan.cz\/cz\/"},{"@type":"ListItem","position":2,"name":"Pierre","item":"https:\/\/www.simpleplan.cz\/cz\/index.php\/category\/pierre\/"},{"@type":"ListItem","position":3,"name":"Pierre apeluje na fanou\u0161ky o zaps\u00e1n\u00ed se jako d\u00e1rci kostn\u00ed d\u0159en\u011b pro z\u00e1chranu \u017eivota fanynky"}]},{"@type":"WebSite","@id":"https:\/\/www.simpleplan.cz\/cz\/#website","url":"https:\/\/www.simpleplan.cz\/cz\/","name":"CZ: SimplePlan.cz","description":"Nejlep\u0161\u00ed zdroj informac\u00ed o kapele Simple Plan","publisher":{"@id":"https:\/\/www.simpleplan.cz\/cz\/#organization"},"potentialAction":[{"@type":"SearchAction","target":{"@type":"EntryPoint","urlTemplate":"https:\/\/www.simpleplan.cz\/cz\/?s={search_term_string}"},"query-input":"required name=search_term_string"}],"inLanguage":"cs"},{"@type":"Organization","@id":"https:\/\/www.simpleplan.cz\/cz\/#organization","name":"CZ: SimplePlan.cz","url":"https:\/\/www.simpleplan.cz\/cz\/","logo":{"@type":"ImageObject","inLanguage":"cs","@id":"https:\/\/www.simpleplan.cz\/cz\/#\/schema\/logo\/image\/","url":"https:\/\/www.simpleplan.cz\/cz\/wp-content\/uploads\/spczlogo.png","contentUrl":"https:\/\/www.simpleplan.cz\/cz\/wp-content\/uploads\/spczlogo.png","width":250,"height":190,"caption":"CZ: SimplePlan.cz"},"image":{"@id":"https:\/\/www.simpleplan.cz\/cz\/#\/schema\/logo\/image\/"},"sameAs":["http:\/\/www.facebook.com\/simpleplancz","https:\/\/twitter.com\/simpleplancz","http:\/\/www.instagram.com\/simpleplancz","http:\/\/www.youtube.com\/simpleplancz"]},{"@type":"Person","@id":"https:\/\/www.simpleplan.cz\/cz\/#\/schema\/person\/bb90dd25f4baab7793fc73ab0b783730","name":"Dominika","image":{"@type":"ImageObject","inLanguage":"cs","@id":"https:\/\/www.simpleplan.cz\/cz\/#\/schema\/person\/image\/","url":"https:\/\/secure.gravatar.com\/avatar\/de55cb16a8578d56e96c89d1a0af3db5?s=96&d=mm&r=g","contentUrl":"https:\/\/secure.gravatar.com\/avatar\/de55cb16a8578d56e96c89d1a0af3db5?s=96&d=mm&r=g","caption":"Dominika"},"sameAs":["http:\/\/www.simpleplan.cz"],"url":"https:\/\/www.simpleplan.cz\/cz\/index.php\/author\/admin-2\/"}]}},"featured_image_urls":{"full":"","thumbnail":"","medium":"","medium_large":"","large":"","1536x1536":"","2048x2048":"","elegant-magazine-featured":"","elegant-magazine-medium":"","elegant-magazine-medium-small":"","elegant-magazine-thumbnail-small":""},"author_info":{"display_name":"Dominika","author_link":"https:\/\/www.simpleplan.cz\/cz\/index.php\/author\/admin-2\/"},"category_info":"<a href=\"https:\/\/www.simpleplan.cz\/cz\/index.php\/category\/pierre\/\" rel=\"category tag\">Pierre<\/a> <a href=\"https:\/\/www.simpleplan.cz\/cz\/index.php\/category\/videa\/\" rel=\"category tag\">videa<\/a>","tag_info":"videa","comment_count":"0","_links":{"self":[{"href":"https:\/\/www.simpleplan.cz\/cz\/index.php\/wp-json\/wp\/v2\/posts\/22150"}],"collection":[{"href":"https:\/\/www.simpleplan.cz\/cz\/index.php\/wp-json\/wp\/v2\/posts"}],"about":[{"href":"https:\/\/www.simpleplan.cz\/cz\/index.php\/wp-json\/wp\/v2\/types\/post"}],"author":[{"embeddable":true,"href":"https:\/\/www.simpleplan.cz\/cz\/index.php\/wp-json\/wp\/v2\/users\/5"}],"replies":[{"embeddable":true,"href":"https:\/\/www.simpleplan.cz\/cz\/index.php\/wp-json\/wp\/v2\/comments?post=22150"}],"version-history":[{"count":2,"href":"https:\/\/www.simpleplan.cz\/cz\/index.php\/wp-json\/wp\/v2\/posts\/22150\/revisions"}],"predecessor-version":[{"id":30068,"href":"https:\/\/www.simpleplan.cz\/cz\/index.php\/wp-json\/wp\/v2\/posts\/22150\/revisions\/30068"}],"wp:attachment":[{"href":"https:\/\/www.simpleplan.cz\/cz\/index.php\/wp-json\/wp\/v2\/media?parent=22150"}],"wp:term":[{"taxonomy":"category","embeddable":true,"href":"https:\/\/www.simpleplan.cz\/cz\/index.php\/wp-json\/wp\/v2\/categories?post=22150"},{"taxonomy":"post_tag","embeddable":true,"href":"https:\/\/www.simpleplan.cz\/cz\/index.php\/wp-json\/wp\/v2\/tags?post=22150"}],"curies":[{"name":"wp","href":"https:\/\/api.w.org\/{rel}","templated":true}]}}