{"id":2230,"date":"2009-12-05T22:00:36","date_gmt":"2009-12-05T22:00:36","guid":{"rendered":"http:\/\/www.simpleplan.cz\/wordpress\/?p=2230"},"modified":"2023-06-26T09:20:43","modified_gmt":"2023-06-26T07:20:43","slug":"zebrahead-mc-lars-v-praze","status":"publish","type":"post","link":"https:\/\/www.simpleplan.cz\/cz\/index.php\/zebrahead-mc-lars-v-praze\/","title":{"rendered":"Zebrahead &#038; MC Lars v Praze!"},"content":{"rendered":"<p><img decoding=\"async\" src=\"http:\/\/www.simpleplan.cz\/gal\/1651.gif\" align=\"left\" style=\"margin: 6px;\"> A te\u010f n\u011bco pro ty z v\u00e1s, kte\u0159\u00ed m\u00e1te r\u00e1di v\u0161e, co se alespo\u0148 trochu t\u00fdk\u00e1 Simple Plan.<\/p>\n<p>Vzpom\u00edn\u00e1te se na MC Larse? Je to ten t\u00fdpek, co nazp\u00edval hlavn\u011b s Pierrem (ale i Sebem a Pierrov\u00fdm bratrem Jayem) ze Simple Plan p\u00edsni\u010dku <b>It&#8217;s Not Easy Being Green<\/b>. <\/p>\n<p>A \u0159\u00edk\u00e1 v\u00e1m n\u011bco kapela Zebrahead? To by m\u011bla, proto\u017ee nejen, \u017ee jejich hudbu mnoz\u00ed \u010dlenov\u00e9 Simple Plan zbo\u017e\u0148uj\u00ed, ale tato kapela dokonce p\u0159esn\u011b p\u0159ed rokem touto dobou se Simple Plan jela turn\u00e9 po Evrop\u011b jako jejich p\u0159edskokani. <\/p>\n<p>Pokud v\u00e1m alespo\u0148 n\u011bkdo z nich z\u016fstal v mysli a pokud m\u00e1te r\u00e1di jejich hudbu, m\u00e1m pro v\u00e1s skv\u011blou zpr\u00e1vu!<\/p>\n<p><b>Zebrahead<\/b> se na sv\u00e9m evropsk\u00e9m turn\u00e9 zastav\u00ed i v <b>Praze<\/b> &#8211; konkr\u00e9tn\u011b v dubnu &#8211; a p\u0159edskakovat jim bude pr\u00e1v\u011b <b>MC Lars<\/b> a kapela Attack! Attack!<\/p>\n<p><b>Zebrahead (+ MC Lars + Attack! Attack!) &#8211; 15.dubna 2010 &#8211; Praha &#8211; Lucerna Music Bar &#8211; 21:00<\/b><\/p>\n<p>L\u00edstky na koncert zat\u00edm nejsou v prodeji, ale podle v\u0161eho by m\u011bly v p\u0159edprodeji st\u00e1t n\u011bco kolem 300 K\u010d a na m\u00edst\u011b kolem 400K\u010d.<\/p>\n<div class=\"fblikebutton_button\" style=\"float: left; padding-top: 20px; margin-right: 20px; padding-bottom: 20px; padding-left: 20px;\"><iframe src=\"http:\/\/www.facebook.com\/plugins\/like.php?href=https%3A%2F%2Fwww.simpleplan.cz%2Fcz%2Findex.php%2Fzebrahead-mc-lars-v-praze%2F&amp;layout=standard&amp;show-faces=false&amp;width=450&amp;action=like&amp;colorscheme=light\" scrolling=\"no\" frameborder=\"0\" allowTransparency=\"true\" style=\"border:none; overflow:hidden; width:450px; height:26px\"><\/iframe><\/div>\n","protected":false},"excerpt":{"rendered":"<p>A te\u010f n\u011bco pro ty z v\u00e1s, kte\u0159\u00ed m\u00e1te r\u00e1di v\u0161e, co se alespo\u0148 trochu<\/p>\n","protected":false},"author":5,"featured_media":0,"comment_status":"open","ping_status":"open","sticky":false,"template":"","format":"standard","meta":{"footnotes":"","fifu_image_url":"","fifu_image_alt":""},"categories":[24],"tags":[54,82,83,85],"yoast_head":"<!-- This site is optimized with the Yoast SEO plugin v20.9 - https:\/\/yoast.com\/wordpress\/plugins\/seo\/ -->\n<title>Zebrahead &amp; MC Lars v Praze! | CZ: SimplePlan.cz<\/title>\n<meta name=\"robots\" content=\"index, follow, max-snippet:-1, max-image-preview:large, max-video-preview:-1\" \/>\n<link rel=\"canonical\" href=\"https:\/\/www.simpleplan.cz\/cz\/index.php\/zebrahead-mc-lars-v-praze\/\" \/>\n<meta property=\"og:locale\" content=\"cs_CZ\" \/>\n<meta property=\"og:type\" content=\"article\" \/>\n<meta property=\"og:title\" content=\"Zebrahead &amp; MC Lars v Praze! | CZ: SimplePlan.cz\" \/>\n<meta property=\"og:description\" content=\"A te\u010f n\u011bco pro ty z v\u00e1s, kte\u0159\u00ed m\u00e1te r\u00e1di v\u0161e, co se alespo\u0148 trochu\" \/>\n<meta property=\"og:url\" content=\"https:\/\/www.simpleplan.cz\/cz\/index.php\/zebrahead-mc-lars-v-praze\/\" \/>\n<meta property=\"og:site_name\" content=\"CZ: SimplePlan.cz\" \/>\n<meta property=\"article:publisher\" content=\"http:\/\/www.facebook.com\/simpleplancz\" \/>\n<meta property=\"article:published_time\" content=\"2009-12-05T22:00:36+00:00\" \/>\n<meta property=\"article:modified_time\" content=\"2023-06-26T07:20:43+00:00\" \/>\n<meta property=\"og:image\" content=\"http:\/\/www.simpleplan.cz\/gal\/1651.gif\" \/>\n<meta name=\"author\" content=\"Dominika\" \/>\n<meta name=\"twitter:card\" content=\"summary_large_image\" \/>\n<meta name=\"twitter:creator\" content=\"@simpleplancz\" \/>\n<meta name=\"twitter:site\" content=\"@simpleplancz\" \/>\n<meta name=\"twitter:label1\" content=\"Napsal(a)\" \/>\n\t<meta name=\"twitter:data1\" content=\"Dominika\" \/>\n\t<meta name=\"twitter:label2\" content=\"Odhadovan\u00e1 doba \u010dten\u00ed\" \/>\n\t<meta name=\"twitter:data2\" content=\"1 minuta\" \/>\n<script type=\"application\/ld+json\" class=\"yoast-schema-graph\">{\"@context\":\"https:\/\/schema.org\",\"@graph\":[{\"@type\":\"Article\",\"@id\":\"https:\/\/www.simpleplan.cz\/cz\/index.php\/zebrahead-mc-lars-v-praze\/#article\",\"isPartOf\":{\"@id\":\"https:\/\/www.simpleplan.cz\/cz\/index.php\/zebrahead-mc-lars-v-praze\/\"},\"author\":{\"name\":\"Dominika\",\"@id\":\"https:\/\/www.simpleplan.cz\/cz\/#\/schema\/person\/bb90dd25f4baab7793fc73ab0b783730\"},\"headline\":\"Zebrahead &#038; MC Lars v Praze!\",\"datePublished\":\"2009-12-05T22:00:36+00:00\",\"dateModified\":\"2023-06-26T07:20:43+00:00\",\"mainEntityOfPage\":{\"@id\":\"https:\/\/www.simpleplan.cz\/cz\/index.php\/zebrahead-mc-lars-v-praze\/\"},\"wordCount\":218,\"commentCount\":0,\"publisher\":{\"@id\":\"https:\/\/www.simpleplan.cz\/cz\/#organization\"},\"keywords\":[\"\u010cesk\u00e1 republika\",\"MC Lars\",\"p\u0159edkapely\",\"Zebrahead\"],\"articleSection\":[\"ostatn\u00ed\"],\"inLanguage\":\"cs\",\"potentialAction\":[{\"@type\":\"CommentAction\",\"name\":\"Comment\",\"target\":[\"https:\/\/www.simpleplan.cz\/cz\/index.php\/zebrahead-mc-lars-v-praze\/#respond\"]}]},{\"@type\":\"WebPage\",\"@id\":\"https:\/\/www.simpleplan.cz\/cz\/index.php\/zebrahead-mc-lars-v-praze\/\",\"url\":\"https:\/\/www.simpleplan.cz\/cz\/index.php\/zebrahead-mc-lars-v-praze\/\",\"name\":\"Zebrahead & MC Lars v Praze! | CZ: SimplePlan.cz\",\"isPartOf\":{\"@id\":\"https:\/\/www.simpleplan.cz\/cz\/#website\"},\"datePublished\":\"2009-12-05T22:00:36+00:00\",\"dateModified\":\"2023-06-26T07:20:43+00:00\",\"breadcrumb\":{\"@id\":\"https:\/\/www.simpleplan.cz\/cz\/index.php\/zebrahead-mc-lars-v-praze\/#breadcrumb\"},\"inLanguage\":\"cs\",\"potentialAction\":[{\"@type\":\"ReadAction\",\"target\":[\"https:\/\/www.simpleplan.cz\/cz\/index.php\/zebrahead-mc-lars-v-praze\/\"]}]},{\"@type\":\"BreadcrumbList\",\"@id\":\"https:\/\/www.simpleplan.cz\/cz\/index.php\/zebrahead-mc-lars-v-praze\/#breadcrumb\",\"itemListElement\":[{\"@type\":\"ListItem\",\"position\":1,\"name\":\"Dom\u016f\",\"item\":\"https:\/\/www.simpleplan.cz\/cz\/\"},{\"@type\":\"ListItem\",\"position\":2,\"name\":\"ostatn\u00ed\",\"item\":\"https:\/\/www.simpleplan.cz\/cz\/index.php\/category\/ostatni\/\"},{\"@type\":\"ListItem\",\"position\":3,\"name\":\"Zebrahead &#038; MC Lars v Praze!\"}]},{\"@type\":\"WebSite\",\"@id\":\"https:\/\/www.simpleplan.cz\/cz\/#website\",\"url\":\"https:\/\/www.simpleplan.cz\/cz\/\",\"name\":\"CZ: SimplePlan.cz\",\"description\":\"Nejlep\u0161\u00ed zdroj informac\u00ed o kapele Simple Plan\",\"publisher\":{\"@id\":\"https:\/\/www.simpleplan.cz\/cz\/#organization\"},\"potentialAction\":[{\"@type\":\"SearchAction\",\"target\":{\"@type\":\"EntryPoint\",\"urlTemplate\":\"https:\/\/www.simpleplan.cz\/cz\/?s={search_term_string}\"},\"query-input\":\"required name=search_term_string\"}],\"inLanguage\":\"cs\"},{\"@type\":\"Organization\",\"@id\":\"https:\/\/www.simpleplan.cz\/cz\/#organization\",\"name\":\"CZ: SimplePlan.cz\",\"url\":\"https:\/\/www.simpleplan.cz\/cz\/\",\"logo\":{\"@type\":\"ImageObject\",\"inLanguage\":\"cs\",\"@id\":\"https:\/\/www.simpleplan.cz\/cz\/#\/schema\/logo\/image\/\",\"url\":\"https:\/\/www.simpleplan.cz\/cz\/wp-content\/uploads\/spczlogo.png\",\"contentUrl\":\"https:\/\/www.simpleplan.cz\/cz\/wp-content\/uploads\/spczlogo.png\",\"width\":250,\"height\":190,\"caption\":\"CZ: SimplePlan.cz\"},\"image\":{\"@id\":\"https:\/\/www.simpleplan.cz\/cz\/#\/schema\/logo\/image\/\"},\"sameAs\":[\"http:\/\/www.facebook.com\/simpleplancz\",\"https:\/\/twitter.com\/simpleplancz\",\"http:\/\/www.instagram.com\/simpleplancz\",\"http:\/\/www.youtube.com\/simpleplancz\"]},{\"@type\":\"Person\",\"@id\":\"https:\/\/www.simpleplan.cz\/cz\/#\/schema\/person\/bb90dd25f4baab7793fc73ab0b783730\",\"name\":\"Dominika\",\"image\":{\"@type\":\"ImageObject\",\"inLanguage\":\"cs\",\"@id\":\"https:\/\/www.simpleplan.cz\/cz\/#\/schema\/person\/image\/\",\"url\":\"https:\/\/secure.gravatar.com\/avatar\/de55cb16a8578d56e96c89d1a0af3db5?s=96&d=mm&r=g\",\"contentUrl\":\"https:\/\/secure.gravatar.com\/avatar\/de55cb16a8578d56e96c89d1a0af3db5?s=96&d=mm&r=g\",\"caption\":\"Dominika\"},\"sameAs\":[\"http:\/\/www.simpleplan.cz\"],\"url\":\"https:\/\/www.simpleplan.cz\/cz\/index.php\/author\/admin-2\/\"}]}<\/script>\n<!-- \/ Yoast SEO plugin. -->","yoast_head_json":{"title":"Zebrahead & MC Lars v Praze! | CZ: SimplePlan.cz","robots":{"index":"index","follow":"follow","max-snippet":"max-snippet:-1","max-image-preview":"max-image-preview:large","max-video-preview":"max-video-preview:-1"},"canonical":"https:\/\/www.simpleplan.cz\/cz\/index.php\/zebrahead-mc-lars-v-praze\/","og_locale":"cs_CZ","og_type":"article","og_title":"Zebrahead & MC Lars v Praze! | CZ: SimplePlan.cz","og_description":"A te\u010f n\u011bco pro ty z v\u00e1s, kte\u0159\u00ed m\u00e1te r\u00e1di v\u0161e, co se alespo\u0148 trochu","og_url":"https:\/\/www.simpleplan.cz\/cz\/index.php\/zebrahead-mc-lars-v-praze\/","og_site_name":"CZ: SimplePlan.cz","article_publisher":"http:\/\/www.facebook.com\/simpleplancz","article_published_time":"2009-12-05T22:00:36+00:00","article_modified_time":"2023-06-26T07:20:43+00:00","og_image":[{"url":"http:\/\/www.simpleplan.cz\/gal\/1651.gif"}],"author":"Dominika","twitter_card":"summary_large_image","twitter_creator":"@simpleplancz","twitter_site":"@simpleplancz","twitter_misc":{"Napsal(a)":"Dominika","Odhadovan\u00e1 doba \u010dten\u00ed":"1 minuta"},"schema":{"@context":"https:\/\/schema.org","@graph":[{"@type":"Article","@id":"https:\/\/www.simpleplan.cz\/cz\/index.php\/zebrahead-mc-lars-v-praze\/#article","isPartOf":{"@id":"https:\/\/www.simpleplan.cz\/cz\/index.php\/zebrahead-mc-lars-v-praze\/"},"author":{"name":"Dominika","@id":"https:\/\/www.simpleplan.cz\/cz\/#\/schema\/person\/bb90dd25f4baab7793fc73ab0b783730"},"headline":"Zebrahead &#038; MC Lars v Praze!","datePublished":"2009-12-05T22:00:36+00:00","dateModified":"2023-06-26T07:20:43+00:00","mainEntityOfPage":{"@id":"https:\/\/www.simpleplan.cz\/cz\/index.php\/zebrahead-mc-lars-v-praze\/"},"wordCount":218,"commentCount":0,"publisher":{"@id":"https:\/\/www.simpleplan.cz\/cz\/#organization"},"keywords":["\u010cesk\u00e1 republika","MC Lars","p\u0159edkapely","Zebrahead"],"articleSection":["ostatn\u00ed"],"inLanguage":"cs","potentialAction":[{"@type":"CommentAction","name":"Comment","target":["https:\/\/www.simpleplan.cz\/cz\/index.php\/zebrahead-mc-lars-v-praze\/#respond"]}]},{"@type":"WebPage","@id":"https:\/\/www.simpleplan.cz\/cz\/index.php\/zebrahead-mc-lars-v-praze\/","url":"https:\/\/www.simpleplan.cz\/cz\/index.php\/zebrahead-mc-lars-v-praze\/","name":"Zebrahead & MC Lars v Praze! | CZ: SimplePlan.cz","isPartOf":{"@id":"https:\/\/www.simpleplan.cz\/cz\/#website"},"datePublished":"2009-12-05T22:00:36+00:00","dateModified":"2023-06-26T07:20:43+00:00","breadcrumb":{"@id":"https:\/\/www.simpleplan.cz\/cz\/index.php\/zebrahead-mc-lars-v-praze\/#breadcrumb"},"inLanguage":"cs","potentialAction":[{"@type":"ReadAction","target":["https:\/\/www.simpleplan.cz\/cz\/index.php\/zebrahead-mc-lars-v-praze\/"]}]},{"@type":"BreadcrumbList","@id":"https:\/\/www.simpleplan.cz\/cz\/index.php\/zebrahead-mc-lars-v-praze\/#breadcrumb","itemListElement":[{"@type":"ListItem","position":1,"name":"Dom\u016f","item":"https:\/\/www.simpleplan.cz\/cz\/"},{"@type":"ListItem","position":2,"name":"ostatn\u00ed","item":"https:\/\/www.simpleplan.cz\/cz\/index.php\/category\/ostatni\/"},{"@type":"ListItem","position":3,"name":"Zebrahead &#038; MC Lars v Praze!"}]},{"@type":"WebSite","@id":"https:\/\/www.simpleplan.cz\/cz\/#website","url":"https:\/\/www.simpleplan.cz\/cz\/","name":"CZ: SimplePlan.cz","description":"Nejlep\u0161\u00ed zdroj informac\u00ed o kapele Simple Plan","publisher":{"@id":"https:\/\/www.simpleplan.cz\/cz\/#organization"},"potentialAction":[{"@type":"SearchAction","target":{"@type":"EntryPoint","urlTemplate":"https:\/\/www.simpleplan.cz\/cz\/?s={search_term_string}"},"query-input":"required name=search_term_string"}],"inLanguage":"cs"},{"@type":"Organization","@id":"https:\/\/www.simpleplan.cz\/cz\/#organization","name":"CZ: SimplePlan.cz","url":"https:\/\/www.simpleplan.cz\/cz\/","logo":{"@type":"ImageObject","inLanguage":"cs","@id":"https:\/\/www.simpleplan.cz\/cz\/#\/schema\/logo\/image\/","url":"https:\/\/www.simpleplan.cz\/cz\/wp-content\/uploads\/spczlogo.png","contentUrl":"https:\/\/www.simpleplan.cz\/cz\/wp-content\/uploads\/spczlogo.png","width":250,"height":190,"caption":"CZ: SimplePlan.cz"},"image":{"@id":"https:\/\/www.simpleplan.cz\/cz\/#\/schema\/logo\/image\/"},"sameAs":["http:\/\/www.facebook.com\/simpleplancz","https:\/\/twitter.com\/simpleplancz","http:\/\/www.instagram.com\/simpleplancz","http:\/\/www.youtube.com\/simpleplancz"]},{"@type":"Person","@id":"https:\/\/www.simpleplan.cz\/cz\/#\/schema\/person\/bb90dd25f4baab7793fc73ab0b783730","name":"Dominika","image":{"@type":"ImageObject","inLanguage":"cs","@id":"https:\/\/www.simpleplan.cz\/cz\/#\/schema\/person\/image\/","url":"https:\/\/secure.gravatar.com\/avatar\/de55cb16a8578d56e96c89d1a0af3db5?s=96&d=mm&r=g","contentUrl":"https:\/\/secure.gravatar.com\/avatar\/de55cb16a8578d56e96c89d1a0af3db5?s=96&d=mm&r=g","caption":"Dominika"},"sameAs":["http:\/\/www.simpleplan.cz"],"url":"https:\/\/www.simpleplan.cz\/cz\/index.php\/author\/admin-2\/"}]}},"featured_image_urls":{"full":"","thumbnail":"","medium":"","medium_large":"","large":"","1536x1536":"","2048x2048":"","elegant-magazine-featured":"","elegant-magazine-medium":"","elegant-magazine-medium-small":"","elegant-magazine-thumbnail-small":""},"author_info":{"display_name":"Dominika","author_link":"https:\/\/www.simpleplan.cz\/cz\/index.php\/author\/admin-2\/"},"category_info":"<a href=\"https:\/\/www.simpleplan.cz\/cz\/index.php\/category\/ostatni\/\" rel=\"category tag\">ostatn\u00ed<\/a>","tag_info":"ostatn\u00ed","comment_count":"0","_links":{"self":[{"href":"https:\/\/www.simpleplan.cz\/cz\/index.php\/wp-json\/wp\/v2\/posts\/2230"}],"collection":[{"href":"https:\/\/www.simpleplan.cz\/cz\/index.php\/wp-json\/wp\/v2\/posts"}],"about":[{"href":"https:\/\/www.simpleplan.cz\/cz\/index.php\/wp-json\/wp\/v2\/types\/post"}],"author":[{"embeddable":true,"href":"https:\/\/www.simpleplan.cz\/cz\/index.php\/wp-json\/wp\/v2\/users\/5"}],"replies":[{"embeddable":true,"href":"https:\/\/www.simpleplan.cz\/cz\/index.php\/wp-json\/wp\/v2\/comments?post=2230"}],"version-history":[{"count":3,"href":"https:\/\/www.simpleplan.cz\/cz\/index.php\/wp-json\/wp\/v2\/posts\/2230\/revisions"}],"predecessor-version":[{"id":4705,"href":"https:\/\/www.simpleplan.cz\/cz\/index.php\/wp-json\/wp\/v2\/posts\/2230\/revisions\/4705"}],"wp:attachment":[{"href":"https:\/\/www.simpleplan.cz\/cz\/index.php\/wp-json\/wp\/v2\/media?parent=2230"}],"wp:term":[{"taxonomy":"category","embeddable":true,"href":"https:\/\/www.simpleplan.cz\/cz\/index.php\/wp-json\/wp\/v2\/categories?post=2230"},{"taxonomy":"post_tag","embeddable":true,"href":"https:\/\/www.simpleplan.cz\/cz\/index.php\/wp-json\/wp\/v2\/tags?post=2230"}],"curies":[{"name":"wp","href":"https:\/\/api.w.org\/{rel}","templated":true}]}}