{"id":22452,"date":"2017-07-21T08:52:47","date_gmt":"2017-07-21T06:52:47","guid":{"rendered":"http:\/\/www.simpleplan.cz\/cz\/?p=22452"},"modified":"2023-06-26T07:06:03","modified_gmt":"2023-06-26T05:06:03","slug":"clenove-simple-plan-vyjadrili-smutek-nad-umrtim-chestera-benningtona","status":"publish","type":"post","link":"https:\/\/www.simpleplan.cz\/cz\/index.php\/clenove-simple-plan-vyjadrili-smutek-nad-umrtim-chestera-benningtona\/","title":{"rendered":"\u010clenov\u00e9 Simple Plan vyj\u00e1d\u0159ili smutek nad \u00famrt\u00edm Chestera Benningtona"},"content":{"rendered":"<p><img decoding=\"async\" style=\"margin: 20px;\" src=\"http:\/\/i.imgur.com\/fhG1Gsq.png\" alt=\"\" align=\"left\" \/>Cel\u00fd hudebn\u00ed sv\u011bt v\u010dera zas\u00e1hla tragick\u00e1 a \u0161okuj\u00edc\u00ed zpr\u00e1va. R\u00e1no 20. \u010dervna byl <b>hlavn\u00ed zp\u011bv\u00e1k kapely Linkin Park, Chester Bennington, nalezen mrtv\u00fd ve sv\u00e9 rezidenci v Los Angeles, jeho smrt potvrzena jako sebevra\u017eda<\/b>. <\/p>\n<p>Bylo by asi velice t\u011b\u017ek\u00e9 naj\u00edt v alternativn\u00ed hudebn\u00ed sc\u00e9n\u011b, jakkoliv rozmanit\u00e1 je, jedinou kapelu, kter\u00e1 tak \u010di onak nebyla ovlivn\u011bna hudbou <b>Linkin Park<\/b>. Simple Plan jsou samoz\u0159ejm\u011b jednou z nich &#8211; ji\u017e od sv\u00fdch za\u010d\u00e1tk\u016f k Linkin Park \u010dlenov\u00e9 Simple Plan vzhl\u00ed\u017eeli a byli tak\u00e9 jednou z posledn\u00edch kapel, kter\u00e1 s nimi m\u011bla mo\u017enost hr\u00e1t na jednom p\u00f3diu &#8211; a to u n\u00e1s v Praze, v \u010cesk\u00e9 republice na leto\u0161n\u00edm <a href=\"http:\/\/www.simpleplan.cz\/cz\/index.php\/zpatky-praze-simple-plan-rozproudili-aerodrome-festival\/\" target=\"_blank\" rel=\"noopener\">Aerodrome Festivalu<\/a>, kde byli Linkin Park headlinerem. V sou\u010dasn\u00e9 chv\u00edli nen\u00ed zn\u00e1mo, jestli bude kapela pokra\u010dovat i po t\u00e9to trag\u00e9dii.<\/p>\n<p>Smutn\u00e1 zpr\u00e1va o \u00famrt\u00ed Chestera Benningtona velmi siln\u011b zas\u00e1hla <b>\u010dleny Simple Plan, kte\u0159\u00ed na soci\u00e1ln\u00edch s\u00edt\u00edch b\u011bhem ve\u010dera vyj\u00e1d\u0159ili svou bolest nad ztr\u00e1tou tohoto zp\u011bv\u00e1ka Linkin Park<\/b>. Co \u010dlenov\u00e9 Simple Plan o Chesterovi napsali, si m\u016f\u017eete v \u010desk\u00e9m p\u0159ekladu p\u0159e\u010d\u00edst n\u00ed\u017ee:<\/p>\n<div class=\"quote\"><i>&#8222;M\u016fj kamar\u00e1d mi pr\u00e1v\u011b \u0159ekl o Chesteru Benningtonovi: <b>Jsem zdrcen<\/b>. Vid\u011bl jsem ho jen p\u0159ed n\u011bkolika t\u00fddny a vypadal tak \u0161\u0165astn\u011b&#8230; Odpo\u010d\u00edvej v pokoji, Chestere&#8230;<\/p>\n<p>Jsem v \u0161oku. Ani nev\u00edm, co \u0159\u00edct. M\u00e9 my\u0161lenky a modlitby jsou s celou velkou Linkin Park rodinou. Je to tak smutn\u00e9. <b>Chester byl v\u017edycky tak v\u0159el\u00fd, mil\u00fd a velkorys\u00fd ke mn\u011b i k ostatn\u00edm kluk\u016fm z SP&#8230;<\/b> Nem\u016f\u017eu p\u0159estat myslet na jeho 6 d\u011bt\u00ed&#8230;&#8220;<\/i> <\/p>\n<p>\n<center><font color=\"434277\">&#8211; Jeff Stinco &#8211;<\/font><\/center><\/p>\n<\/div>\n<div class=\"quote\"><i>&#8222;Tohle m\u011b hodn\u011b zas\u00e1hlo. <b>Jsem naprosto ot\u0159esen. Chesterovo \u00famrt\u00ed mi zlomilo srdce.<\/b> Byl jedn\u00edm z nejvlivn\u011bj\u0161\u00edch um\u011blc\u016f na\u0161\u00ed generace a j\u00e1 jsem v\u017edycky jmenoval Linkin Park, kdykoliv se m\u011b n\u011bkdo zeptal, ke komu vzhl\u00ed\u017e\u00edm a kdo mne inspiruje.<\/p>\n<p>M\u011bli jsme mo\u017enost se s n\u00edm st\u0159etnou hned n\u011bkolikr\u00e1t a v\u017edy jsem byl velmi ohromen t\u00edm, jak skromn\u00fd a mil\u00fd Chester byl. Poprv\u00e9 jsme se setkali v Bangkoku v roce 2005 na MTV Asia Aid Awards a i p\u0159esto, \u017ee u\u017e tehdy z n\u011bj byla superstar, <b>tak se s n\u00e1mi vybavoval a choval se k n\u00e1m jako k dlouholet\u00fdm p\u0159\u00e1tel\u016fm. Hr\u00e1li jsme spolu v \u0158\u00edm\u011b a tak\u00e9 p\u0159ed n\u011bkolika t\u00fddny v Praze. Chester si dokonce vyhradil \u010das na to, aby sledoval na\u0161i show a pobavil se s n\u00e1mi p\u0159edt\u00edm, ne\u017e s\u00e1m vy\u0161el na p\u00f3dium.<\/b><\/p>\n<p>Je to obrovsk\u00e9 kli\u0161\u00e9 v takov\u00fdchto situac\u00edch, ale kdy\u017e jsem se s n\u00edm vid\u011bl naposledy, vypadal skute\u010dn\u011b ohromn\u011b \u0161\u0165astn\u011b a spokojen\u011b. R\u00e1d bych vyj\u00e1d\u0159il svou up\u0159\u00edmnou soustrast jeho rodin\u011b, \u010dlen\u016fm kapely a LP komunit\u011b po cel\u00e9m sv\u011bt\u011b.&#8220;<\/i> <\/p>\n<p>\n<center><font color=\"434277\">&#8211; Chuck Comeau &#8211;<\/font><\/center><\/p>\n<\/div>\n<p>Sebastien pot\u00e9 v tichosti a jednoduchosti publikoval Instagram Story s fotografi\u00ed Chestera Benningtona, uzn\u00e1vaj\u00edc t\u00edm tak jeho odkaz. Simple Plan jako kapela n\u00e1sledn\u011b vydala ofici\u00e1ln\u00ed vyj\u00e1d\u0159en\u00ed skrze sv\u016fj Instagram:<\/p>\n<div class=\"quote\"><i>&#8222;Jsme naprosto <b>\u0161okov\u00e1ni a zdrceni zpr\u00e1vou o smrti Chestera Benningtona<\/b>. M\u011bli jsme tu poctu a pot\u011b\u0161en\u00ed s n\u00edm a s Linkin Park mnohokr\u00e1t sd\u00edlet jedno p\u00f3dium, tak\u017ee tato zpr\u00e1va opravdu hodn\u011b bol\u00ed. <b>Byl tak neskute\u010dn\u011b talentovan\u00fd a v\u017edy tak mil\u00fd, velkorys\u00fd a neskute\u010dn\u011b p\u0159\u00edv\u011btiv\u00fd k na\u0161\u00ed kapele.<\/b> D\u011bkujeme za v\u0161echnu tvoji hudbu, nad\u011bji a inspiraci, kterou jsi p\u0159edal v\u0161em sv\u00fdm fanou\u0161k\u016fm po cel\u00e9m sv\u011bt\u011b. Cel\u00e9 tv\u00e9 rodin\u011b, \u010dlen\u016fm kapely a celosv\u011btov\u00e9 LP komunit\u011b bychom cht\u011bli vyj\u00e1d\u0159it up\u0159\u00edmnou soustrast.&#8220;<\/i> <\/p>\n<p>\n<center><font color=\"434277\">&#8211; Simple Plan &#8211;<\/font><\/center><\/p>\n<\/div>\n<p>Za SimplePlan.cz bych tak\u00e9 r\u00e1da vyj\u00e1d\u0159ila n\u00e1\u0161 smutek nad ztr\u00e1tou takov\u00e9 osobnosti, jakou byl Chester Bennington. V na\u0161\u00ed mysli je jeho rodina, p\u0159\u00e1tel\u00e9, kamar\u00e1di z kapely a samoz\u0159ejm\u011b tak\u00e9 fanou\u0161ci Linkin Park. C\u00edt\u00edme va\u0161\u00ed bolest a na\u0161e komunita je tu pro v\u00e1s. Pros\u00edm, pokud si kdykoliv budete p\u0159ipadat, \u017ee nev\u00edte jak d\u00e1l, zkuste vyhledat pomoct a promluvit si o tom s n\u011bk\u00fdm. V\u017edycky je tu n\u011bkdo, kdo si v\u00e1s vyslechne. Na ka\u017ed\u00e9m z v\u00e1s z\u00e1le\u017e\u00ed. <\/p>\n<div class=\"fblikebutton_button\" style=\"float: left; padding-top: 20px; margin-right: 20px; padding-bottom: 20px; padding-left: 20px;\"><iframe src=\"http:\/\/www.facebook.com\/plugins\/like.php?href=https%3A%2F%2Fwww.simpleplan.cz%2Fcz%2Findex.php%2Fclenove-simple-plan-vyjadrili-smutek-nad-umrtim-chestera-benningtona%2F&amp;layout=standard&amp;show-faces=false&amp;width=450&amp;action=like&amp;colorscheme=light\" scrolling=\"no\" frameborder=\"0\" allowTransparency=\"true\" style=\"border:none; overflow:hidden; width:450px; height:26px\"><\/iframe><\/div>\n","protected":false},"excerpt":{"rendered":"<p>Cel\u00fd hudebn\u00ed sv\u011bt v\u010dera zas\u00e1hla tragick\u00e1 a \u0161okuj\u00edc\u00ed zpr\u00e1va. R\u00e1no 20. \u010dervna byl hlavn\u00ed zp\u011bv\u00e1k<\/p>\n","protected":false},"author":5,"featured_media":0,"comment_status":"open","ping_status":"open","sticky":false,"template":"","format":"standard","meta":{"footnotes":"","fifu_image_url":"","fifu_image_alt":""},"categories":[1,4,24],"tags":[2456,2657,1808],"yoast_head":"<!-- This site is optimized with the Yoast SEO plugin v20.9 - https:\/\/yoast.com\/wordpress\/plugins\/seo\/ -->\n<title>\u010clenov\u00e9 Simple Plan vyj\u00e1d\u0159ili smutek nad \u00famrt\u00edm Chestera Benningtona | CZ: SimplePlan.cz<\/title>\n<meta name=\"robots\" content=\"index, follow, max-snippet:-1, max-image-preview:large, max-video-preview:-1\" \/>\n<link rel=\"canonical\" href=\"https:\/\/www.simpleplan.cz\/cz\/index.php\/clenove-simple-plan-vyjadrili-smutek-nad-umrtim-chestera-benningtona\/\" \/>\n<meta property=\"og:locale\" content=\"cs_CZ\" \/>\n<meta property=\"og:type\" content=\"article\" \/>\n<meta property=\"og:title\" content=\"\u010clenov\u00e9 Simple Plan vyj\u00e1d\u0159ili smutek nad \u00famrt\u00edm Chestera Benningtona | CZ: SimplePlan.cz\" \/>\n<meta property=\"og:description\" content=\"Cel\u00fd hudebn\u00ed sv\u011bt v\u010dera zas\u00e1hla tragick\u00e1 a \u0161okuj\u00edc\u00ed zpr\u00e1va. R\u00e1no 20. \u010dervna byl hlavn\u00ed zp\u011bv\u00e1k\" \/>\n<meta property=\"og:url\" content=\"https:\/\/www.simpleplan.cz\/cz\/index.php\/clenove-simple-plan-vyjadrili-smutek-nad-umrtim-chestera-benningtona\/\" \/>\n<meta property=\"og:site_name\" content=\"CZ: SimplePlan.cz\" \/>\n<meta property=\"article:publisher\" content=\"http:\/\/www.facebook.com\/simpleplancz\" \/>\n<meta property=\"article:published_time\" content=\"2017-07-21T06:52:47+00:00\" \/>\n<meta property=\"article:modified_time\" content=\"2023-06-26T05:06:03+00:00\" \/>\n<meta property=\"og:image\" content=\"http:\/\/i.imgur.com\/fhG1Gsq.png\" \/>\n<meta name=\"author\" content=\"Dominika\" \/>\n<meta name=\"twitter:card\" content=\"summary_large_image\" \/>\n<meta name=\"twitter:creator\" content=\"@simpleplancz\" \/>\n<meta name=\"twitter:site\" content=\"@simpleplancz\" \/>\n<meta name=\"twitter:label1\" content=\"Napsal(a)\" \/>\n\t<meta name=\"twitter:data1\" content=\"Dominika\" \/>\n\t<meta name=\"twitter:label2\" content=\"Odhadovan\u00e1 doba \u010dten\u00ed\" \/>\n\t<meta name=\"twitter:data2\" content=\"4 minuty\" \/>\n<script type=\"application\/ld+json\" class=\"yoast-schema-graph\">{\"@context\":\"https:\/\/schema.org\",\"@graph\":[{\"@type\":\"Article\",\"@id\":\"https:\/\/www.simpleplan.cz\/cz\/index.php\/clenove-simple-plan-vyjadrili-smutek-nad-umrtim-chestera-benningtona\/#article\",\"isPartOf\":{\"@id\":\"https:\/\/www.simpleplan.cz\/cz\/index.php\/clenove-simple-plan-vyjadrili-smutek-nad-umrtim-chestera-benningtona\/\"},\"author\":{\"name\":\"Dominika\",\"@id\":\"https:\/\/www.simpleplan.cz\/cz\/#\/schema\/person\/bb90dd25f4baab7793fc73ab0b783730\"},\"headline\":\"\u010clenov\u00e9 Simple Plan vyj\u00e1d\u0159ili smutek nad \u00famrt\u00edm Chestera Benningtona\",\"datePublished\":\"2017-07-21T06:52:47+00:00\",\"dateModified\":\"2023-06-26T05:06:03+00:00\",\"mainEntityOfPage\":{\"@id\":\"https:\/\/www.simpleplan.cz\/cz\/index.php\/clenove-simple-plan-vyjadrili-smutek-nad-umrtim-chestera-benningtona\/\"},\"wordCount\":786,\"commentCount\":1,\"publisher\":{\"@id\":\"https:\/\/www.simpleplan.cz\/cz\/#organization\"},\"keywords\":[\"Aerodrome Festival\",\"Chester Bennington\",\"Linkin Park\"],\"articleSection\":[\"Chuck\",\"Jeff\",\"ostatn\u00ed\"],\"inLanguage\":\"cs\",\"potentialAction\":[{\"@type\":\"CommentAction\",\"name\":\"Comment\",\"target\":[\"https:\/\/www.simpleplan.cz\/cz\/index.php\/clenove-simple-plan-vyjadrili-smutek-nad-umrtim-chestera-benningtona\/#respond\"]}]},{\"@type\":\"WebPage\",\"@id\":\"https:\/\/www.simpleplan.cz\/cz\/index.php\/clenove-simple-plan-vyjadrili-smutek-nad-umrtim-chestera-benningtona\/\",\"url\":\"https:\/\/www.simpleplan.cz\/cz\/index.php\/clenove-simple-plan-vyjadrili-smutek-nad-umrtim-chestera-benningtona\/\",\"name\":\"\u010clenov\u00e9 Simple Plan vyj\u00e1d\u0159ili smutek nad \u00famrt\u00edm Chestera Benningtona | CZ: SimplePlan.cz\",\"isPartOf\":{\"@id\":\"https:\/\/www.simpleplan.cz\/cz\/#website\"},\"datePublished\":\"2017-07-21T06:52:47+00:00\",\"dateModified\":\"2023-06-26T05:06:03+00:00\",\"breadcrumb\":{\"@id\":\"https:\/\/www.simpleplan.cz\/cz\/index.php\/clenove-simple-plan-vyjadrili-smutek-nad-umrtim-chestera-benningtona\/#breadcrumb\"},\"inLanguage\":\"cs\",\"potentialAction\":[{\"@type\":\"ReadAction\",\"target\":[\"https:\/\/www.simpleplan.cz\/cz\/index.php\/clenove-simple-plan-vyjadrili-smutek-nad-umrtim-chestera-benningtona\/\"]}]},{\"@type\":\"BreadcrumbList\",\"@id\":\"https:\/\/www.simpleplan.cz\/cz\/index.php\/clenove-simple-plan-vyjadrili-smutek-nad-umrtim-chestera-benningtona\/#breadcrumb\",\"itemListElement\":[{\"@type\":\"ListItem\",\"position\":1,\"name\":\"Dom\u016f\",\"item\":\"https:\/\/www.simpleplan.cz\/cz\/\"},{\"@type\":\"ListItem\",\"position\":2,\"name\":\"Jeff\",\"item\":\"https:\/\/www.simpleplan.cz\/cz\/index.php\/category\/jeff\/\"},{\"@type\":\"ListItem\",\"position\":3,\"name\":\"\u010clenov\u00e9 Simple Plan vyj\u00e1d\u0159ili smutek nad \u00famrt\u00edm Chestera Benningtona\"}]},{\"@type\":\"WebSite\",\"@id\":\"https:\/\/www.simpleplan.cz\/cz\/#website\",\"url\":\"https:\/\/www.simpleplan.cz\/cz\/\",\"name\":\"CZ: SimplePlan.cz\",\"description\":\"Nejlep\u0161\u00ed zdroj informac\u00ed o kapele Simple Plan\",\"publisher\":{\"@id\":\"https:\/\/www.simpleplan.cz\/cz\/#organization\"},\"potentialAction\":[{\"@type\":\"SearchAction\",\"target\":{\"@type\":\"EntryPoint\",\"urlTemplate\":\"https:\/\/www.simpleplan.cz\/cz\/?s={search_term_string}\"},\"query-input\":\"required name=search_term_string\"}],\"inLanguage\":\"cs\"},{\"@type\":\"Organization\",\"@id\":\"https:\/\/www.simpleplan.cz\/cz\/#organization\",\"name\":\"CZ: SimplePlan.cz\",\"url\":\"https:\/\/www.simpleplan.cz\/cz\/\",\"logo\":{\"@type\":\"ImageObject\",\"inLanguage\":\"cs\",\"@id\":\"https:\/\/www.simpleplan.cz\/cz\/#\/schema\/logo\/image\/\",\"url\":\"https:\/\/www.simpleplan.cz\/cz\/wp-content\/uploads\/spczlogo.png\",\"contentUrl\":\"https:\/\/www.simpleplan.cz\/cz\/wp-content\/uploads\/spczlogo.png\",\"width\":250,\"height\":190,\"caption\":\"CZ: SimplePlan.cz\"},\"image\":{\"@id\":\"https:\/\/www.simpleplan.cz\/cz\/#\/schema\/logo\/image\/\"},\"sameAs\":[\"http:\/\/www.facebook.com\/simpleplancz\",\"https:\/\/twitter.com\/simpleplancz\",\"http:\/\/www.instagram.com\/simpleplancz\",\"http:\/\/www.youtube.com\/simpleplancz\"]},{\"@type\":\"Person\",\"@id\":\"https:\/\/www.simpleplan.cz\/cz\/#\/schema\/person\/bb90dd25f4baab7793fc73ab0b783730\",\"name\":\"Dominika\",\"image\":{\"@type\":\"ImageObject\",\"inLanguage\":\"cs\",\"@id\":\"https:\/\/www.simpleplan.cz\/cz\/#\/schema\/person\/image\/\",\"url\":\"https:\/\/secure.gravatar.com\/avatar\/de55cb16a8578d56e96c89d1a0af3db5?s=96&d=mm&r=g\",\"contentUrl\":\"https:\/\/secure.gravatar.com\/avatar\/de55cb16a8578d56e96c89d1a0af3db5?s=96&d=mm&r=g\",\"caption\":\"Dominika\"},\"sameAs\":[\"http:\/\/www.simpleplan.cz\"],\"url\":\"https:\/\/www.simpleplan.cz\/cz\/index.php\/author\/admin-2\/\"}]}<\/script>\n<!-- \/ Yoast SEO plugin. -->","yoast_head_json":{"title":"\u010clenov\u00e9 Simple Plan vyj\u00e1d\u0159ili smutek nad \u00famrt\u00edm Chestera Benningtona | CZ: SimplePlan.cz","robots":{"index":"index","follow":"follow","max-snippet":"max-snippet:-1","max-image-preview":"max-image-preview:large","max-video-preview":"max-video-preview:-1"},"canonical":"https:\/\/www.simpleplan.cz\/cz\/index.php\/clenove-simple-plan-vyjadrili-smutek-nad-umrtim-chestera-benningtona\/","og_locale":"cs_CZ","og_type":"article","og_title":"\u010clenov\u00e9 Simple Plan vyj\u00e1d\u0159ili smutek nad \u00famrt\u00edm Chestera Benningtona | CZ: SimplePlan.cz","og_description":"Cel\u00fd hudebn\u00ed sv\u011bt v\u010dera zas\u00e1hla tragick\u00e1 a \u0161okuj\u00edc\u00ed zpr\u00e1va. R\u00e1no 20. \u010dervna byl hlavn\u00ed zp\u011bv\u00e1k","og_url":"https:\/\/www.simpleplan.cz\/cz\/index.php\/clenove-simple-plan-vyjadrili-smutek-nad-umrtim-chestera-benningtona\/","og_site_name":"CZ: SimplePlan.cz","article_publisher":"http:\/\/www.facebook.com\/simpleplancz","article_published_time":"2017-07-21T06:52:47+00:00","article_modified_time":"2023-06-26T05:06:03+00:00","og_image":[{"url":"http:\/\/i.imgur.com\/fhG1Gsq.png"}],"author":"Dominika","twitter_card":"summary_large_image","twitter_creator":"@simpleplancz","twitter_site":"@simpleplancz","twitter_misc":{"Napsal(a)":"Dominika","Odhadovan\u00e1 doba \u010dten\u00ed":"4 minuty"},"schema":{"@context":"https:\/\/schema.org","@graph":[{"@type":"Article","@id":"https:\/\/www.simpleplan.cz\/cz\/index.php\/clenove-simple-plan-vyjadrili-smutek-nad-umrtim-chestera-benningtona\/#article","isPartOf":{"@id":"https:\/\/www.simpleplan.cz\/cz\/index.php\/clenove-simple-plan-vyjadrili-smutek-nad-umrtim-chestera-benningtona\/"},"author":{"name":"Dominika","@id":"https:\/\/www.simpleplan.cz\/cz\/#\/schema\/person\/bb90dd25f4baab7793fc73ab0b783730"},"headline":"\u010clenov\u00e9 Simple Plan vyj\u00e1d\u0159ili smutek nad \u00famrt\u00edm Chestera Benningtona","datePublished":"2017-07-21T06:52:47+00:00","dateModified":"2023-06-26T05:06:03+00:00","mainEntityOfPage":{"@id":"https:\/\/www.simpleplan.cz\/cz\/index.php\/clenove-simple-plan-vyjadrili-smutek-nad-umrtim-chestera-benningtona\/"},"wordCount":786,"commentCount":1,"publisher":{"@id":"https:\/\/www.simpleplan.cz\/cz\/#organization"},"keywords":["Aerodrome Festival","Chester Bennington","Linkin Park"],"articleSection":["Chuck","Jeff","ostatn\u00ed"],"inLanguage":"cs","potentialAction":[{"@type":"CommentAction","name":"Comment","target":["https:\/\/www.simpleplan.cz\/cz\/index.php\/clenove-simple-plan-vyjadrili-smutek-nad-umrtim-chestera-benningtona\/#respond"]}]},{"@type":"WebPage","@id":"https:\/\/www.simpleplan.cz\/cz\/index.php\/clenove-simple-plan-vyjadrili-smutek-nad-umrtim-chestera-benningtona\/","url":"https:\/\/www.simpleplan.cz\/cz\/index.php\/clenove-simple-plan-vyjadrili-smutek-nad-umrtim-chestera-benningtona\/","name":"\u010clenov\u00e9 Simple Plan vyj\u00e1d\u0159ili smutek nad \u00famrt\u00edm Chestera Benningtona | CZ: SimplePlan.cz","isPartOf":{"@id":"https:\/\/www.simpleplan.cz\/cz\/#website"},"datePublished":"2017-07-21T06:52:47+00:00","dateModified":"2023-06-26T05:06:03+00:00","breadcrumb":{"@id":"https:\/\/www.simpleplan.cz\/cz\/index.php\/clenove-simple-plan-vyjadrili-smutek-nad-umrtim-chestera-benningtona\/#breadcrumb"},"inLanguage":"cs","potentialAction":[{"@type":"ReadAction","target":["https:\/\/www.simpleplan.cz\/cz\/index.php\/clenove-simple-plan-vyjadrili-smutek-nad-umrtim-chestera-benningtona\/"]}]},{"@type":"BreadcrumbList","@id":"https:\/\/www.simpleplan.cz\/cz\/index.php\/clenove-simple-plan-vyjadrili-smutek-nad-umrtim-chestera-benningtona\/#breadcrumb","itemListElement":[{"@type":"ListItem","position":1,"name":"Dom\u016f","item":"https:\/\/www.simpleplan.cz\/cz\/"},{"@type":"ListItem","position":2,"name":"Jeff","item":"https:\/\/www.simpleplan.cz\/cz\/index.php\/category\/jeff\/"},{"@type":"ListItem","position":3,"name":"\u010clenov\u00e9 Simple Plan vyj\u00e1d\u0159ili smutek nad \u00famrt\u00edm Chestera Benningtona"}]},{"@type":"WebSite","@id":"https:\/\/www.simpleplan.cz\/cz\/#website","url":"https:\/\/www.simpleplan.cz\/cz\/","name":"CZ: SimplePlan.cz","description":"Nejlep\u0161\u00ed zdroj informac\u00ed o kapele Simple Plan","publisher":{"@id":"https:\/\/www.simpleplan.cz\/cz\/#organization"},"potentialAction":[{"@type":"SearchAction","target":{"@type":"EntryPoint","urlTemplate":"https:\/\/www.simpleplan.cz\/cz\/?s={search_term_string}"},"query-input":"required name=search_term_string"}],"inLanguage":"cs"},{"@type":"Organization","@id":"https:\/\/www.simpleplan.cz\/cz\/#organization","name":"CZ: SimplePlan.cz","url":"https:\/\/www.simpleplan.cz\/cz\/","logo":{"@type":"ImageObject","inLanguage":"cs","@id":"https:\/\/www.simpleplan.cz\/cz\/#\/schema\/logo\/image\/","url":"https:\/\/www.simpleplan.cz\/cz\/wp-content\/uploads\/spczlogo.png","contentUrl":"https:\/\/www.simpleplan.cz\/cz\/wp-content\/uploads\/spczlogo.png","width":250,"height":190,"caption":"CZ: SimplePlan.cz"},"image":{"@id":"https:\/\/www.simpleplan.cz\/cz\/#\/schema\/logo\/image\/"},"sameAs":["http:\/\/www.facebook.com\/simpleplancz","https:\/\/twitter.com\/simpleplancz","http:\/\/www.instagram.com\/simpleplancz","http:\/\/www.youtube.com\/simpleplancz"]},{"@type":"Person","@id":"https:\/\/www.simpleplan.cz\/cz\/#\/schema\/person\/bb90dd25f4baab7793fc73ab0b783730","name":"Dominika","image":{"@type":"ImageObject","inLanguage":"cs","@id":"https:\/\/www.simpleplan.cz\/cz\/#\/schema\/person\/image\/","url":"https:\/\/secure.gravatar.com\/avatar\/de55cb16a8578d56e96c89d1a0af3db5?s=96&d=mm&r=g","contentUrl":"https:\/\/secure.gravatar.com\/avatar\/de55cb16a8578d56e96c89d1a0af3db5?s=96&d=mm&r=g","caption":"Dominika"},"sameAs":["http:\/\/www.simpleplan.cz"],"url":"https:\/\/www.simpleplan.cz\/cz\/index.php\/author\/admin-2\/"}]}},"featured_image_urls":{"full":"","thumbnail":"","medium":"","medium_large":"","large":"","1536x1536":"","2048x2048":"","elegant-magazine-featured":"","elegant-magazine-medium":"","elegant-magazine-medium-small":"","elegant-magazine-thumbnail-small":""},"author_info":{"display_name":"Dominika","author_link":"https:\/\/www.simpleplan.cz\/cz\/index.php\/author\/admin-2\/"},"category_info":"<a href=\"https:\/\/www.simpleplan.cz\/cz\/index.php\/category\/chuck\/\" rel=\"category tag\">Chuck<\/a> <a href=\"https:\/\/www.simpleplan.cz\/cz\/index.php\/category\/jeff\/\" rel=\"category tag\">Jeff<\/a> <a href=\"https:\/\/www.simpleplan.cz\/cz\/index.php\/category\/ostatni\/\" rel=\"category tag\">ostatn\u00ed<\/a>","tag_info":"ostatn\u00ed","comment_count":"1","_links":{"self":[{"href":"https:\/\/www.simpleplan.cz\/cz\/index.php\/wp-json\/wp\/v2\/posts\/22452"}],"collection":[{"href":"https:\/\/www.simpleplan.cz\/cz\/index.php\/wp-json\/wp\/v2\/posts"}],"about":[{"href":"https:\/\/www.simpleplan.cz\/cz\/index.php\/wp-json\/wp\/v2\/types\/post"}],"author":[{"embeddable":true,"href":"https:\/\/www.simpleplan.cz\/cz\/index.php\/wp-json\/wp\/v2\/users\/5"}],"replies":[{"embeddable":true,"href":"https:\/\/www.simpleplan.cz\/cz\/index.php\/wp-json\/wp\/v2\/comments?post=22452"}],"version-history":[{"count":11,"href":"https:\/\/www.simpleplan.cz\/cz\/index.php\/wp-json\/wp\/v2\/posts\/22452\/revisions"}],"predecessor-version":[{"id":30020,"href":"https:\/\/www.simpleplan.cz\/cz\/index.php\/wp-json\/wp\/v2\/posts\/22452\/revisions\/30020"}],"wp:attachment":[{"href":"https:\/\/www.simpleplan.cz\/cz\/index.php\/wp-json\/wp\/v2\/media?parent=22452"}],"wp:term":[{"taxonomy":"category","embeddable":true,"href":"https:\/\/www.simpleplan.cz\/cz\/index.php\/wp-json\/wp\/v2\/categories?post=22452"},{"taxonomy":"post_tag","embeddable":true,"href":"https:\/\/www.simpleplan.cz\/cz\/index.php\/wp-json\/wp\/v2\/tags?post=22452"}],"curies":[{"name":"wp","href":"https:\/\/api.w.org\/{rel}","templated":true}]}}