{"id":22630,"date":"2017-08-14T18:23:37","date_gmt":"2017-08-14T16:23:37","guid":{"rendered":"http:\/\/www.simpleplan.cz\/cz\/?p=22630"},"modified":"2023-06-26T07:06:00","modified_gmt":"2023-06-26T05:06:00","slug":"simple-plan-davidove-rodnem-meste-matane-predvedli-emocionalni-show","status":"publish","type":"post","link":"https:\/\/www.simpleplan.cz\/cz\/index.php\/simple-plan-davidove-rodnem-meste-matane-predvedli-emocionalni-show\/","title":{"rendered":"Simple Plan v Davidov\u011b rodn\u00e9m m\u011bst\u011b Matane p\u0159edvedli emocion\u00e1ln\u00ed show"},"content":{"rendered":"<p><center><img decoding=\"async\" src=\"http:\/\/i.imgur.com\/imzTH9b.png\"><\/center><\/p>\n<p>V\u016fbec poprv\u00e9 ve sv\u00e9 kari\u00e9\u0159e zavedl tuto sobotu \u010dasov\u00fd rozvrh Simple Plan do quebeck\u00e9ho m\u011bsta <b>Matane &#8211; rodi\u0161t\u011b jejich baskytaristy Davida Desrosierse<\/b>. A i p\u0159esto, \u017ee se David na tento koncert t\u011b\u0161il opravdu dlouhou dobu, vzhledem ke sv\u00fdm probl\u00e9m\u016fm s depres\u00ed, se j\u00ed (a v\u0161ech dal\u0161\u00edch nadch\u00e1zej\u00edc\u00edch koncert\u016f po USA a Kanad\u011b) nemohl z\u00fa\u010dasnit. Z toho d\u016fvodu bylo pro zb\u00fdvaj\u00edc\u00ed \u010dleny Simple Plan o to v\u00edce d\u016fle\u017eit\u00e9, aby m\u00edstn\u00edmu davu p\u0159edvedli naprosto perfektn\u00ed show &#8211; aby byl na n\u011b David py\u0161n\u00fd.<\/p>\n<p>Ten den odpoledne byli <b>Chuck, Pierre, Jeff a Sebastien pozv\u00e1ni na radnici Matane<\/b>, kde se setkali s m\u00edstn\u00edm starostou a podepsali radni\u010dn\u00ed knihu n\u00e1v\u0161t\u011bv. Z\u00e1rove\u0148 t\u00e9to p\u0159\u00edle\u017eitosti tak\u00e9 vyu\u017eili k tomu, aby m\u011bstu pod\u011bkovali za jejich zapojen\u00ed do pl\u00e1nu Unie quebeck\u00fdch samospr\u00e1v a Simple Plan Foundation, kter\u00fd se sna\u017e\u00ed p\u0159im\u011bt quebeck\u00e1 m\u011bsta, aby vytvo\u0159ila pracovn\u00ed m\u00edsta pro mlad\u00e9 osoby z d\u011btsk\u00fdch domov\u016f, kte\u0159\u00ed by jinak velice nesnadno hledali zam\u011bstn\u00e1n\u00ed.<\/p>\n<p>Na n\u011bkolik fotografi\u00ed z n\u00e1v\u0161t\u011bvy SP matansk\u00e9 radnice se m\u016f\u017eete od\u00edvat v na\u0161\u00ed galerii:<\/p>\n<p><center><a href=\"http:\/\/www.simpleplan.cz\/gallery\/thumbnails.php?album=2501\"><img decoding=\"async\" src=\"http:\/\/i.imgur.com\/XQsXKUr.png\"\/><\/a><\/center><\/p>\n<p>O n\u011bkolik hodin pozd\u011bji se pak u\u017e Simple Plan d\u00edvali z p\u00f3dia festivalu \u00c9ole en musique v Matane a \u0161irok\u00fd a velice rozmanit\u00fd dav lid\u00ed, kte\u0159\u00ed si je p\u0159i\u0161li poslechnout. A\u0165 u\u017e dlouholet\u00ed fanou\u0161ci z Montrealu a jeho okol\u00ed, nebo \u010dty\u0159ic\u00e1tn\u00edci v zadn\u00edch \u0159ad\u00e1ch &#8211; na koncert se bez rozd\u00edlu v\u011bku a pohlav\u00ed p\u0159i\u0161ly pod\u00edvat tis\u00edce lid\u00ed. A a\u010dkoliv na m\u00edst\u011b nebyl, David\u016fv duch byl c\u00edtit v\u0161ude kolem v pr\u016fb\u011bhu cel\u00e9ho ve\u010dera.<\/p>\n<p>Podobn\u011b jako v La Tuque, ani, <b>Pierre p\u0159edstavil <i>Welcome To My Life<\/i> s velmi emocion\u00e1ln\u00edm \u00favodn\u00edm proslovem o Davidovi<\/b>, ve kter\u00e9m mimo jin\u00e9 zm\u00ednil, \u017ee si pro tento koncert zvolil tri\u010dko s r\u016f\u017e\u00ed, proto\u017ee mu p\u0159ipom\u00ednala Davida (jm\u00e9no &#8218;Desrosiers&#8216; znamen\u00e1 &#8222;z r\u016f\u017eov\u00e9ho ke\u0159e&#8220;). N\u00ed\u017ee si m\u016f\u017eete na videu poslechnout Pierr\u016fv proslov a z\u00e1rove\u0144 s n\u00edm n\u00ed\u017ee najdete i jeho \u010desk\u00fd p\u0159eklad:<\/p>\n<div class=\"quote\"><i>&#8222;Samoz\u0159ejm\u011b jsme velice smutn\u00ed, \u017ee tu s n\u00e1mi David dnes nem\u016f\u017ee tento moment sd\u00edlet. Pokud n\u00e1s sledujete na soci\u00e1ln\u00edch s\u00edt\u00edch, tak u\u017e v\u00edte, o \u010dem mluv\u00edm. Pokud ne, tak&#8230; David nyn\u00ed proch\u00e1z\u00ed velice t\u011b\u017ek\u00fdm obdob\u00edm a je pro n\u011bj velice d\u016fle\u017eit\u00e9, aby se dal do po\u0159\u00e1dku a byl dlohodob\u011b zdrav\u00fd &#8211; proto tu dnes nemohl b\u00fdt. Mysl\u00edme na n\u011bj a j\u00e1 tu m\u00e1m pro n\u011bj &#8211; &#8222;Desrosierse&#8220; &#8211; na hrudi malou r\u016f\u017ei\u010dku. Dnes ve\u010der, proto\u017ee jste jeho rodn\u00e9 m\u011bsto, a proto\u017ee jsme tu poprv\u00e9, k\u0159i\u010dte pros\u00edm pro Davida z pln\u00fdch plic. Chci, abyste se mnou nyn\u00ed v\u0161ichni zp\u00edvali, proto\u017ee na n\u011bj moc mysl\u00edme. Moc ho milujeme a proto\u017ee tu te\u010f nen\u00ed, n\u011bco v\u00e1m te\u010f sl\u00edb\u00edme: slibujeme, \u017ee se do Matane zase vr\u00e1t\u00edme &#8211; s Davidem. Tak\u017ee si se mnou zazp\u00edvejte tuto dal\u0161\u00ed p\u00edse\u0148. Cht\u011bli bychom ji v\u011bnovat Davidovi. Jmenuje se Welcome To My Life.&#8220;<\/i><\/p>\n<p><center><font color=\"434277\">&#8211; Pierre Bouvier &#8211;<\/font><\/center><\/p>\n<\/div>\n<p><center><iframe width=\"560\" height=\"315\" src=\"https:\/\/www.youtube.com\/embed\/afgQLSnBo-Y\" frameborder=\"0\" allowfullscreen><\/iframe><\/center><\/p>\n<p>A na z\u00e1v\u011br jako v\u017edy, <b>fotografie z koncertu v Matane<\/b>:<\/p>\n<p><center><a href=\"http:\/\/www.simpleplan.cz\/gallery\/thumbnails.php?album=2502\"><img decoding=\"async\" src=\"http:\/\/i.imgur.com\/T21Xq7u.png\"\/><\/a> <a href=\"http:\/\/www.simpleplan.cz\/gallery\/thumbnails.php?album=2502\"><img decoding=\"async\" src=\"http:\/\/i.imgur.com\/srjUXK2.png\"\/><\/a><\/center><\/p>\n<div class=\"fblikebutton_button\" style=\"float: left; padding-top: 20px; margin-right: 20px; padding-bottom: 20px; padding-left: 20px;\"><iframe src=\"http:\/\/www.facebook.com\/plugins\/like.php?href=https%3A%2F%2Fwww.simpleplan.cz%2Fcz%2Findex.php%2Fsimple-plan-davidove-rodnem-meste-matane-predvedli-emocionalni-show%2F&amp;layout=standard&amp;show-faces=false&amp;width=450&amp;action=like&amp;colorscheme=light\" scrolling=\"no\" frameborder=\"0\" allowTransparency=\"true\" style=\"border:none; overflow:hidden; width:450px; height:26px\"><\/iframe><\/div>\n","protected":false},"excerpt":{"rendered":"<p>V\u016fbec poprv\u00e9 ve sv\u00e9 kari\u00e9\u0159e zavedl tuto sobotu \u010dasov\u00fd rozvrh Simple Plan do quebeck\u00e9ho m\u011bsta<\/p>\n","protected":false},"author":5,"featured_media":0,"comment_status":"open","ping_status":"open","sticky":false,"template":"","format":"standard","meta":{"footnotes":"","fifu_image_url":"","fifu_image_alt":""},"categories":[2,9,8,10],"tags":[119,1571,1205],"yoast_head":"<!-- This site is optimized with the Yoast SEO plugin v20.9 - https:\/\/yoast.com\/wordpress\/plugins\/seo\/ -->\n<title>Simple Plan v Davidov\u011b rodn\u00e9m m\u011bst\u011b Matane p\u0159edvedli emocion\u00e1ln\u00ed show | CZ: SimplePlan.cz<\/title>\n<meta name=\"robots\" content=\"index, follow, max-snippet:-1, max-image-preview:large, max-video-preview:-1\" \/>\n<link rel=\"canonical\" href=\"https:\/\/www.simpleplan.cz\/cz\/index.php\/simple-plan-davidove-rodnem-meste-matane-predvedli-emocionalni-show\/\" \/>\n<meta property=\"og:locale\" content=\"cs_CZ\" \/>\n<meta property=\"og:type\" content=\"article\" \/>\n<meta property=\"og:title\" content=\"Simple Plan v Davidov\u011b rodn\u00e9m m\u011bst\u011b Matane p\u0159edvedli emocion\u00e1ln\u00ed show | CZ: SimplePlan.cz\" \/>\n<meta property=\"og:description\" content=\"V\u016fbec poprv\u00e9 ve sv\u00e9 kari\u00e9\u0159e zavedl tuto sobotu \u010dasov\u00fd rozvrh Simple Plan do quebeck\u00e9ho m\u011bsta\" \/>\n<meta property=\"og:url\" content=\"https:\/\/www.simpleplan.cz\/cz\/index.php\/simple-plan-davidove-rodnem-meste-matane-predvedli-emocionalni-show\/\" \/>\n<meta property=\"og:site_name\" content=\"CZ: SimplePlan.cz\" \/>\n<meta property=\"article:publisher\" content=\"http:\/\/www.facebook.com\/simpleplancz\" \/>\n<meta property=\"article:published_time\" content=\"2017-08-14T16:23:37+00:00\" \/>\n<meta property=\"article:modified_time\" content=\"2023-06-26T05:06:00+00:00\" \/>\n<meta property=\"og:image\" content=\"http:\/\/i.imgur.com\/imzTH9b.png\" \/>\n<meta name=\"author\" content=\"Dominika\" \/>\n<meta name=\"twitter:card\" content=\"summary_large_image\" \/>\n<meta name=\"twitter:creator\" content=\"@simpleplancz\" \/>\n<meta name=\"twitter:site\" content=\"@simpleplancz\" \/>\n<meta name=\"twitter:label1\" content=\"Napsal(a)\" \/>\n\t<meta name=\"twitter:data1\" content=\"Dominika\" \/>\n\t<meta name=\"twitter:label2\" content=\"Odhadovan\u00e1 doba \u010dten\u00ed\" \/>\n\t<meta name=\"twitter:data2\" content=\"3 minuty\" \/>\n<script type=\"application\/ld+json\" class=\"yoast-schema-graph\">{\"@context\":\"https:\/\/schema.org\",\"@graph\":[{\"@type\":\"Article\",\"@id\":\"https:\/\/www.simpleplan.cz\/cz\/index.php\/simple-plan-davidove-rodnem-meste-matane-predvedli-emocionalni-show\/#article\",\"isPartOf\":{\"@id\":\"https:\/\/www.simpleplan.cz\/cz\/index.php\/simple-plan-davidove-rodnem-meste-matane-predvedli-emocionalni-show\/\"},\"author\":{\"name\":\"Dominika\",\"@id\":\"https:\/\/www.simpleplan.cz\/cz\/#\/schema\/person\/bb90dd25f4baab7793fc73ab0b783730\"},\"headline\":\"Simple Plan v Davidov\u011b rodn\u00e9m m\u011bst\u011b Matane p\u0159edvedli emocion\u00e1ln\u00ed show\",\"datePublished\":\"2017-08-14T16:23:37+00:00\",\"dateModified\":\"2023-06-26T05:06:00+00:00\",\"mainEntityOfPage\":{\"@id\":\"https:\/\/www.simpleplan.cz\/cz\/index.php\/simple-plan-davidove-rodnem-meste-matane-predvedli-emocionalni-show\/\"},\"wordCount\":629,\"commentCount\":0,\"publisher\":{\"@id\":\"https:\/\/www.simpleplan.cz\/cz\/#organization\"},\"keywords\":[\"Kanada\",\"Matane\",\"Quebec\"],\"articleSection\":[\"David\",\"fotky\",\"koncerty\",\"videa\"],\"inLanguage\":\"cs\",\"potentialAction\":[{\"@type\":\"CommentAction\",\"name\":\"Comment\",\"target\":[\"https:\/\/www.simpleplan.cz\/cz\/index.php\/simple-plan-davidove-rodnem-meste-matane-predvedli-emocionalni-show\/#respond\"]}]},{\"@type\":\"WebPage\",\"@id\":\"https:\/\/www.simpleplan.cz\/cz\/index.php\/simple-plan-davidove-rodnem-meste-matane-predvedli-emocionalni-show\/\",\"url\":\"https:\/\/www.simpleplan.cz\/cz\/index.php\/simple-plan-davidove-rodnem-meste-matane-predvedli-emocionalni-show\/\",\"name\":\"Simple Plan v Davidov\u011b rodn\u00e9m m\u011bst\u011b Matane p\u0159edvedli emocion\u00e1ln\u00ed show | CZ: SimplePlan.cz\",\"isPartOf\":{\"@id\":\"https:\/\/www.simpleplan.cz\/cz\/#website\"},\"datePublished\":\"2017-08-14T16:23:37+00:00\",\"dateModified\":\"2023-06-26T05:06:00+00:00\",\"breadcrumb\":{\"@id\":\"https:\/\/www.simpleplan.cz\/cz\/index.php\/simple-plan-davidove-rodnem-meste-matane-predvedli-emocionalni-show\/#breadcrumb\"},\"inLanguage\":\"cs\",\"potentialAction\":[{\"@type\":\"ReadAction\",\"target\":[\"https:\/\/www.simpleplan.cz\/cz\/index.php\/simple-plan-davidove-rodnem-meste-matane-predvedli-emocionalni-show\/\"]}]},{\"@type\":\"BreadcrumbList\",\"@id\":\"https:\/\/www.simpleplan.cz\/cz\/index.php\/simple-plan-davidove-rodnem-meste-matane-predvedli-emocionalni-show\/#breadcrumb\",\"itemListElement\":[{\"@type\":\"ListItem\",\"position\":1,\"name\":\"Dom\u016f\",\"item\":\"https:\/\/www.simpleplan.cz\/cz\/\"},{\"@type\":\"ListItem\",\"position\":2,\"name\":\"David\",\"item\":\"https:\/\/www.simpleplan.cz\/cz\/index.php\/category\/david\/\"},{\"@type\":\"ListItem\",\"position\":3,\"name\":\"Simple Plan v Davidov\u011b rodn\u00e9m m\u011bst\u011b Matane p\u0159edvedli emocion\u00e1ln\u00ed show\"}]},{\"@type\":\"WebSite\",\"@id\":\"https:\/\/www.simpleplan.cz\/cz\/#website\",\"url\":\"https:\/\/www.simpleplan.cz\/cz\/\",\"name\":\"CZ: SimplePlan.cz\",\"description\":\"Nejlep\u0161\u00ed zdroj informac\u00ed o kapele Simple Plan\",\"publisher\":{\"@id\":\"https:\/\/www.simpleplan.cz\/cz\/#organization\"},\"potentialAction\":[{\"@type\":\"SearchAction\",\"target\":{\"@type\":\"EntryPoint\",\"urlTemplate\":\"https:\/\/www.simpleplan.cz\/cz\/?s={search_term_string}\"},\"query-input\":\"required name=search_term_string\"}],\"inLanguage\":\"cs\"},{\"@type\":\"Organization\",\"@id\":\"https:\/\/www.simpleplan.cz\/cz\/#organization\",\"name\":\"CZ: SimplePlan.cz\",\"url\":\"https:\/\/www.simpleplan.cz\/cz\/\",\"logo\":{\"@type\":\"ImageObject\",\"inLanguage\":\"cs\",\"@id\":\"https:\/\/www.simpleplan.cz\/cz\/#\/schema\/logo\/image\/\",\"url\":\"https:\/\/www.simpleplan.cz\/cz\/wp-content\/uploads\/spczlogo.png\",\"contentUrl\":\"https:\/\/www.simpleplan.cz\/cz\/wp-content\/uploads\/spczlogo.png\",\"width\":250,\"height\":190,\"caption\":\"CZ: SimplePlan.cz\"},\"image\":{\"@id\":\"https:\/\/www.simpleplan.cz\/cz\/#\/schema\/logo\/image\/\"},\"sameAs\":[\"http:\/\/www.facebook.com\/simpleplancz\",\"https:\/\/twitter.com\/simpleplancz\",\"http:\/\/www.instagram.com\/simpleplancz\",\"http:\/\/www.youtube.com\/simpleplancz\"]},{\"@type\":\"Person\",\"@id\":\"https:\/\/www.simpleplan.cz\/cz\/#\/schema\/person\/bb90dd25f4baab7793fc73ab0b783730\",\"name\":\"Dominika\",\"image\":{\"@type\":\"ImageObject\",\"inLanguage\":\"cs\",\"@id\":\"https:\/\/www.simpleplan.cz\/cz\/#\/schema\/person\/image\/\",\"url\":\"https:\/\/secure.gravatar.com\/avatar\/de55cb16a8578d56e96c89d1a0af3db5?s=96&d=mm&r=g\",\"contentUrl\":\"https:\/\/secure.gravatar.com\/avatar\/de55cb16a8578d56e96c89d1a0af3db5?s=96&d=mm&r=g\",\"caption\":\"Dominika\"},\"sameAs\":[\"http:\/\/www.simpleplan.cz\"],\"url\":\"https:\/\/www.simpleplan.cz\/cz\/index.php\/author\/admin-2\/\"}]}<\/script>\n<!-- \/ Yoast SEO plugin. -->","yoast_head_json":{"title":"Simple Plan v Davidov\u011b rodn\u00e9m m\u011bst\u011b Matane p\u0159edvedli emocion\u00e1ln\u00ed show | CZ: SimplePlan.cz","robots":{"index":"index","follow":"follow","max-snippet":"max-snippet:-1","max-image-preview":"max-image-preview:large","max-video-preview":"max-video-preview:-1"},"canonical":"https:\/\/www.simpleplan.cz\/cz\/index.php\/simple-plan-davidove-rodnem-meste-matane-predvedli-emocionalni-show\/","og_locale":"cs_CZ","og_type":"article","og_title":"Simple Plan v Davidov\u011b rodn\u00e9m m\u011bst\u011b Matane p\u0159edvedli emocion\u00e1ln\u00ed show | CZ: SimplePlan.cz","og_description":"V\u016fbec poprv\u00e9 ve sv\u00e9 kari\u00e9\u0159e zavedl tuto sobotu \u010dasov\u00fd rozvrh Simple Plan do quebeck\u00e9ho m\u011bsta","og_url":"https:\/\/www.simpleplan.cz\/cz\/index.php\/simple-plan-davidove-rodnem-meste-matane-predvedli-emocionalni-show\/","og_site_name":"CZ: SimplePlan.cz","article_publisher":"http:\/\/www.facebook.com\/simpleplancz","article_published_time":"2017-08-14T16:23:37+00:00","article_modified_time":"2023-06-26T05:06:00+00:00","og_image":[{"url":"http:\/\/i.imgur.com\/imzTH9b.png"}],"author":"Dominika","twitter_card":"summary_large_image","twitter_creator":"@simpleplancz","twitter_site":"@simpleplancz","twitter_misc":{"Napsal(a)":"Dominika","Odhadovan\u00e1 doba \u010dten\u00ed":"3 minuty"},"schema":{"@context":"https:\/\/schema.org","@graph":[{"@type":"Article","@id":"https:\/\/www.simpleplan.cz\/cz\/index.php\/simple-plan-davidove-rodnem-meste-matane-predvedli-emocionalni-show\/#article","isPartOf":{"@id":"https:\/\/www.simpleplan.cz\/cz\/index.php\/simple-plan-davidove-rodnem-meste-matane-predvedli-emocionalni-show\/"},"author":{"name":"Dominika","@id":"https:\/\/www.simpleplan.cz\/cz\/#\/schema\/person\/bb90dd25f4baab7793fc73ab0b783730"},"headline":"Simple Plan v Davidov\u011b rodn\u00e9m m\u011bst\u011b Matane p\u0159edvedli emocion\u00e1ln\u00ed show","datePublished":"2017-08-14T16:23:37+00:00","dateModified":"2023-06-26T05:06:00+00:00","mainEntityOfPage":{"@id":"https:\/\/www.simpleplan.cz\/cz\/index.php\/simple-plan-davidove-rodnem-meste-matane-predvedli-emocionalni-show\/"},"wordCount":629,"commentCount":0,"publisher":{"@id":"https:\/\/www.simpleplan.cz\/cz\/#organization"},"keywords":["Kanada","Matane","Quebec"],"articleSection":["David","fotky","koncerty","videa"],"inLanguage":"cs","potentialAction":[{"@type":"CommentAction","name":"Comment","target":["https:\/\/www.simpleplan.cz\/cz\/index.php\/simple-plan-davidove-rodnem-meste-matane-predvedli-emocionalni-show\/#respond"]}]},{"@type":"WebPage","@id":"https:\/\/www.simpleplan.cz\/cz\/index.php\/simple-plan-davidove-rodnem-meste-matane-predvedli-emocionalni-show\/","url":"https:\/\/www.simpleplan.cz\/cz\/index.php\/simple-plan-davidove-rodnem-meste-matane-predvedli-emocionalni-show\/","name":"Simple Plan v Davidov\u011b rodn\u00e9m m\u011bst\u011b Matane p\u0159edvedli emocion\u00e1ln\u00ed show | CZ: SimplePlan.cz","isPartOf":{"@id":"https:\/\/www.simpleplan.cz\/cz\/#website"},"datePublished":"2017-08-14T16:23:37+00:00","dateModified":"2023-06-26T05:06:00+00:00","breadcrumb":{"@id":"https:\/\/www.simpleplan.cz\/cz\/index.php\/simple-plan-davidove-rodnem-meste-matane-predvedli-emocionalni-show\/#breadcrumb"},"inLanguage":"cs","potentialAction":[{"@type":"ReadAction","target":["https:\/\/www.simpleplan.cz\/cz\/index.php\/simple-plan-davidove-rodnem-meste-matane-predvedli-emocionalni-show\/"]}]},{"@type":"BreadcrumbList","@id":"https:\/\/www.simpleplan.cz\/cz\/index.php\/simple-plan-davidove-rodnem-meste-matane-predvedli-emocionalni-show\/#breadcrumb","itemListElement":[{"@type":"ListItem","position":1,"name":"Dom\u016f","item":"https:\/\/www.simpleplan.cz\/cz\/"},{"@type":"ListItem","position":2,"name":"David","item":"https:\/\/www.simpleplan.cz\/cz\/index.php\/category\/david\/"},{"@type":"ListItem","position":3,"name":"Simple Plan v Davidov\u011b rodn\u00e9m m\u011bst\u011b Matane p\u0159edvedli emocion\u00e1ln\u00ed show"}]},{"@type":"WebSite","@id":"https:\/\/www.simpleplan.cz\/cz\/#website","url":"https:\/\/www.simpleplan.cz\/cz\/","name":"CZ: SimplePlan.cz","description":"Nejlep\u0161\u00ed zdroj informac\u00ed o kapele Simple Plan","publisher":{"@id":"https:\/\/www.simpleplan.cz\/cz\/#organization"},"potentialAction":[{"@type":"SearchAction","target":{"@type":"EntryPoint","urlTemplate":"https:\/\/www.simpleplan.cz\/cz\/?s={search_term_string}"},"query-input":"required name=search_term_string"}],"inLanguage":"cs"},{"@type":"Organization","@id":"https:\/\/www.simpleplan.cz\/cz\/#organization","name":"CZ: SimplePlan.cz","url":"https:\/\/www.simpleplan.cz\/cz\/","logo":{"@type":"ImageObject","inLanguage":"cs","@id":"https:\/\/www.simpleplan.cz\/cz\/#\/schema\/logo\/image\/","url":"https:\/\/www.simpleplan.cz\/cz\/wp-content\/uploads\/spczlogo.png","contentUrl":"https:\/\/www.simpleplan.cz\/cz\/wp-content\/uploads\/spczlogo.png","width":250,"height":190,"caption":"CZ: SimplePlan.cz"},"image":{"@id":"https:\/\/www.simpleplan.cz\/cz\/#\/schema\/logo\/image\/"},"sameAs":["http:\/\/www.facebook.com\/simpleplancz","https:\/\/twitter.com\/simpleplancz","http:\/\/www.instagram.com\/simpleplancz","http:\/\/www.youtube.com\/simpleplancz"]},{"@type":"Person","@id":"https:\/\/www.simpleplan.cz\/cz\/#\/schema\/person\/bb90dd25f4baab7793fc73ab0b783730","name":"Dominika","image":{"@type":"ImageObject","inLanguage":"cs","@id":"https:\/\/www.simpleplan.cz\/cz\/#\/schema\/person\/image\/","url":"https:\/\/secure.gravatar.com\/avatar\/de55cb16a8578d56e96c89d1a0af3db5?s=96&d=mm&r=g","contentUrl":"https:\/\/secure.gravatar.com\/avatar\/de55cb16a8578d56e96c89d1a0af3db5?s=96&d=mm&r=g","caption":"Dominika"},"sameAs":["http:\/\/www.simpleplan.cz"],"url":"https:\/\/www.simpleplan.cz\/cz\/index.php\/author\/admin-2\/"}]}},"featured_image_urls":{"full":"","thumbnail":"","medium":"","medium_large":"","large":"","1536x1536":"","2048x2048":"","elegant-magazine-featured":"","elegant-magazine-medium":"","elegant-magazine-medium-small":"","elegant-magazine-thumbnail-small":""},"author_info":{"display_name":"Dominika","author_link":"https:\/\/www.simpleplan.cz\/cz\/index.php\/author\/admin-2\/"},"category_info":"<a href=\"https:\/\/www.simpleplan.cz\/cz\/index.php\/category\/david\/\" rel=\"category tag\">David<\/a> <a href=\"https:\/\/www.simpleplan.cz\/cz\/index.php\/category\/fotky\/\" rel=\"category tag\">fotky<\/a> <a href=\"https:\/\/www.simpleplan.cz\/cz\/index.php\/category\/koncerty\/\" rel=\"category tag\">koncerty<\/a> <a href=\"https:\/\/www.simpleplan.cz\/cz\/index.php\/category\/videa\/\" rel=\"category tag\">videa<\/a>","tag_info":"videa","comment_count":"0","_links":{"self":[{"href":"https:\/\/www.simpleplan.cz\/cz\/index.php\/wp-json\/wp\/v2\/posts\/22630"}],"collection":[{"href":"https:\/\/www.simpleplan.cz\/cz\/index.php\/wp-json\/wp\/v2\/posts"}],"about":[{"href":"https:\/\/www.simpleplan.cz\/cz\/index.php\/wp-json\/wp\/v2\/types\/post"}],"author":[{"embeddable":true,"href":"https:\/\/www.simpleplan.cz\/cz\/index.php\/wp-json\/wp\/v2\/users\/5"}],"replies":[{"embeddable":true,"href":"https:\/\/www.simpleplan.cz\/cz\/index.php\/wp-json\/wp\/v2\/comments?post=22630"}],"version-history":[{"count":6,"href":"https:\/\/www.simpleplan.cz\/cz\/index.php\/wp-json\/wp\/v2\/posts\/22630\/revisions"}],"predecessor-version":[{"id":22636,"href":"https:\/\/www.simpleplan.cz\/cz\/index.php\/wp-json\/wp\/v2\/posts\/22630\/revisions\/22636"}],"wp:attachment":[{"href":"https:\/\/www.simpleplan.cz\/cz\/index.php\/wp-json\/wp\/v2\/media?parent=22630"}],"wp:term":[{"taxonomy":"category","embeddable":true,"href":"https:\/\/www.simpleplan.cz\/cz\/index.php\/wp-json\/wp\/v2\/categories?post=22630"},{"taxonomy":"post_tag","embeddable":true,"href":"https:\/\/www.simpleplan.cz\/cz\/index.php\/wp-json\/wp\/v2\/tags?post=22630"}],"curies":[{"name":"wp","href":"https:\/\/api.w.org\/{rel}","templated":true}]}}