{"id":22809,"date":"2017-09-06T21:04:41","date_gmt":"2017-09-06T19:04:41","guid":{"rendered":"http:\/\/www.simpleplan.cz\/cz\/?p=22809"},"modified":"2023-06-26T07:05:20","modified_gmt":"2023-06-26T05:05:20","slug":"simple-plan-jeli-prvni-koncert-kanadskeho-turne-ve-vancouveru-stopem","status":"publish","type":"post","link":"https:\/\/www.simpleplan.cz\/cz\/index.php\/simple-plan-jeli-prvni-koncert-kanadskeho-turne-ve-vancouveru-stopem\/","title":{"rendered":"Simple Plan jeli na prvn\u00ed koncert kanadsk\u00e9ho turn\u00e9 ve Vancouveru stopem!"},"content":{"rendered":"<p><center><img decoding=\"async\" src=\"http:\/\/i.imgur.com\/POoxFVM.png\"\/><\/center><\/p>\n<p>Po Seattlu m\u011bli kluci ze <b>Simple Plan o dva dny pozd\u011bji odstartovat sv\u00e9 kanadsk\u00e9 turn\u00e9 ve Vancouveru<\/b>, nicm\u00e9n\u011b tomu moc nechyb\u011blo a m\u00e1lem se na n\u011bj nedostali! Kv\u016fli <b>probl\u00e9m\u016fm na americko-kanadsk\u00e9 hranici<\/b>, kdy jejich tourbus nemohl b\u00fdt proclen po dobu n\u011bkolika hodin, se Chuck s Jeffem se rozhodli vz\u00edt si do Vancouveru tax\u00edka, zat\u00edmco Pierre, Seb a Chady m\u011bli vy\u010d\u00edhnuto na Uber.<\/p>\n<p>Bohu\u017eel, Uber prozat\u00edm v oblasti Vancouveru neoperuje, tak\u017ee pot\u00e9, co kluci hodnou chv\u00edli nemohli \u017e\u00e1dn\u00fd v okol\u00ed naj\u00edt, se Chady rozhodl zachr\u00e1nit situaci <b>zdvyhnut\u00fdm palcem &#8211; a za\u010dal jednodu\u0161e stopovat<\/b>. Kluci ji\u017e byli na kanadsk\u00e9 p\u016fd\u011b, a kanadsk\u00e1 pohostinnost se uk\u00e1zala jen o chv\u00edli pozd\u011bji, kdy na\u0161emu triu zastavil mil\u00fd \u0159idi\u010d jm\u00e9nem Sean, kter\u00fd kluky v po\u0159\u00e1dku do Vancouveru dopravil.<\/p>\n<p>Kluci n\u00e1sledn\u011b Seana samoz\u0159ejm\u011b pozvali na jejich koncert a Sean pak nato\u010dil video ze chv\u00edle, kdy o n\u011bm kluci za\u010dali na p\u00f3diu hovo\u0159it. Poslechn\u011bte si tento p\u0159\u00edb\u011bh v Pierrov\u011b zn\u011bn\u00ed n\u00ed\u017ee:<\/p>\n<p><center><\/p>\n<blockquote class=\"instagram-media\" data-instgrm-version=\"7\" style=\" background:#FFF; border:0; border-radius:3px; box-shadow:0 0 1px 0 rgba(0,0,0,0.5),0 1px 10px 0 rgba(0,0,0,0.15); margin: 1px; max-width:658px; padding:0; width:99.375%; width:-webkit-calc(100% - 2px); width:calc(100% - 2px);\">\n<div style=\"padding:8px;\">\n<div style=\" background:#F8F8F8; line-height:0; margin-top:40px; padding:50.0% 0; text-align:center; width:100%;\">\n<div style=\" background:url(data:image\/png;base64,iVBORw0KGgoAAAANSUhEUgAAACwAAAAsCAMAAAApWqozAAAABGdBTUEAALGPC\/xhBQAAAAFzUkdCAK7OHOkAAAAMUExURczMzPf399fX1+bm5mzY9AMAAADiSURBVDjLvZXbEsMgCES5\/P8\/t9FuRVCRmU73JWlzosgSIIZURCjo\/ad+EQJJB4Hv8BFt+IDpQoCx1wjOSBFhh2XssxEIYn3ulI\/6MNReE07UIWJEv8UEOWDS88LY97kqyTliJKKtuYBbruAyVh5wOHiXmpi5we58Ek028czwyuQdLKPG1Bkb4NnM+VeAnfHqn1k4+GPT6uGQcvu2h2OVuIf\/gWUFyy8OWEpdyZSa3aVCqpVoVvzZZ2VTnn2wU8qzVjDDetO90GSy9mVLqtgYSy231MxrY6I2gGqjrTY0L8fxCxfCBbhWrsYYAAAAAElFTkSuQmCC); display:block; height:44px; margin:0 auto -44px; position:relative; top:-22px; width:44px;\"><\/div>\n<\/div>\n<p style=\" color:#c9c8cd; font-family:Arial,sans-serif; font-size:14px; line-height:17px; margin-bottom:0; margin-top:8px; overflow:hidden; padding:8px 0 7px; text-align:center; text-overflow:ellipsis; white-space:nowrap;\"><a href=\"https:\/\/www.instagram.com\/p\/BYs9Ndvgonn\/\" style=\" color:#c9c8cd; font-family:Arial,sans-serif; font-size:14px; font-style:normal; font-weight:normal; line-height:17px; text-decoration:none;\" target=\"_blank\" rel=\"noopener\">P\u0159\u00edsp\u011bvek sd\u00edlen\u00fd Sean Mcgee (@sean6067)<\/a>, <time style=\" font-family:Arial,sans-serif; font-size:14px; line-height:17px;\" datetime=\"2017-09-06T14:11:09+00:00\">Z\u00e1\u0159 6, 2017 v 7:11 PDT<\/time><\/p>\n<\/div>\n<\/blockquote>\n<p><script async defer src=\"\/\/platform.instagram.com\/en_US\/embeds.js\"><\/script><\/center><\/p>\n<p>Co se t\u00fd\u010de setlistu, kluci do n\u011bj p\u0159idali ve Vancouveru jednu dodate\u010dnou p\u00edse\u0148, a to Summer Paradise:<\/p>\n<div class=\"setlist\">1. I&#8217;d Do Anything<br \/>\n2. The Worst Day Ever<br \/>\n3. You Don&#8217;t Mean Anything<br \/>\n4. I&#8217;m Just A Kid<br \/>\n5. When I&#8217;m With You<br \/>\n6. Meet You There<br \/>\n7. Addicted<br \/>\n8. My Alien<br \/>\n9. God Must Hate Me<br \/>\n10. I Won&#8217;t Be There<br \/>\n11. One Day<br \/>\n12. Grow Up<br \/>\n13. Perfect<\/p>\n<div class=\"encore\">\nP\u0159\u00eddavek:<\/div>\n<div class=\"setlist\">14. Shut Up!<br \/>\n15. Jump<br \/>\n16. Boom<br \/>\n17. Jet Lag<br \/>\n18. Summer Paradise<br \/>\n19. Crazy<br \/>\n20. Welcome To My Life\n<\/div>\n<\/div>\n<p>Na tomto v\u010derej\u0161\u00edm koncert\u011b se tak\u00e9 objevilo hned n\u011bkolik zn\u00e1m\u00fdch tv\u00e1\u0159\u00ed &#8211; mezi fanou\u0161ky na place byl k vid\u011bn\u00ed nap\u0159\u00edklad <b>Mike Ayley z kapely Marianas Trench<\/b> a na koncert se p\u0159i\u0161el pod\u00edvat i <b>Bob Rock<\/b>, kter\u00fd produkoval album &#8218;Still Not Getting Any&#8216;. Skrze odkazy n\u00ed\u017ee si m\u016f\u017eete prohl\u00e9dnout n\u011bkolik fotek \u010dlen\u016f SP pr\u00e1v\u011b s Bobem Rockem a tak\u00e9 prvn\u00ed sn\u00edmky z koncertu ve Vancouveru:<\/p>\n<p><center><a href=\"http:\/\/www.simpleplan.cz\/gallery\/thumbnails.php?album=2522\" target=\"_blank\" rel=\"noopener\"><img decoding=\"async\" src=\"http:\/\/i.imgur.com\/tORP0h8.png\"\/><\/a> <a href=\"http:\/\/www.simpleplan.cz\/gallery\/thumbnails.php?album=2520\" target=\"_blank\" rel=\"noopener\"><img decoding=\"async\" src=\"http:\/\/i.imgur.com\/hGEf0ls.png\"\/><\/a><\/center><\/p>\n<div class=\"fblikebutton_button\" style=\"float: left; padding-top: 20px; margin-right: 20px; padding-bottom: 20px; padding-left: 20px;\"><iframe src=\"http:\/\/www.facebook.com\/plugins\/like.php?href=https%3A%2F%2Fwww.simpleplan.cz%2Fcz%2Findex.php%2Fsimple-plan-jeli-prvni-koncert-kanadskeho-turne-ve-vancouveru-stopem%2F&amp;layout=standard&amp;show-faces=false&amp;width=450&amp;action=like&amp;colorscheme=light\" scrolling=\"no\" frameborder=\"0\" allowTransparency=\"true\" style=\"border:none; overflow:hidden; width:450px; height:26px\"><\/iframe><\/div>\n","protected":false},"excerpt":{"rendered":"<p>Po Seattlu m\u011bli kluci ze Simple Plan o dva dny pozd\u011bji odstartovat sv\u00e9 kanadsk\u00e9 turn\u00e9<\/p>\n","protected":false},"author":5,"featured_media":0,"comment_status":"open","ping_status":"open","sticky":false,"template":"","format":"standard","meta":{"footnotes":"","fifu_image_url":"","fifu_image_alt":""},"categories":[9,8,10],"tags":[119,562,182,2718,752],"yoast_head":"<!-- This site is optimized with the Yoast SEO plugin v20.9 - https:\/\/yoast.com\/wordpress\/plugins\/seo\/ -->\n<title>Simple Plan jeli na prvn\u00ed koncert kanadsk\u00e9ho turn\u00e9 ve Vancouveru stopem! | CZ: SimplePlan.cz<\/title>\n<meta name=\"robots\" content=\"index, follow, max-snippet:-1, max-image-preview:large, max-video-preview:-1\" \/>\n<link rel=\"canonical\" href=\"https:\/\/www.simpleplan.cz\/cz\/index.php\/simple-plan-jeli-prvni-koncert-kanadskeho-turne-ve-vancouveru-stopem\/\" \/>\n<meta property=\"og:locale\" content=\"cs_CZ\" \/>\n<meta property=\"og:type\" content=\"article\" \/>\n<meta property=\"og:title\" content=\"Simple Plan jeli na prvn\u00ed koncert kanadsk\u00e9ho turn\u00e9 ve Vancouveru stopem! | CZ: SimplePlan.cz\" \/>\n<meta property=\"og:description\" content=\"Po Seattlu m\u011bli kluci ze Simple Plan o dva dny pozd\u011bji odstartovat sv\u00e9 kanadsk\u00e9 turn\u00e9\" \/>\n<meta property=\"og:url\" content=\"https:\/\/www.simpleplan.cz\/cz\/index.php\/simple-plan-jeli-prvni-koncert-kanadskeho-turne-ve-vancouveru-stopem\/\" \/>\n<meta property=\"og:site_name\" content=\"CZ: SimplePlan.cz\" \/>\n<meta property=\"article:publisher\" content=\"http:\/\/www.facebook.com\/simpleplancz\" \/>\n<meta property=\"article:published_time\" content=\"2017-09-06T19:04:41+00:00\" \/>\n<meta property=\"article:modified_time\" content=\"2023-06-26T05:05:20+00:00\" \/>\n<meta property=\"og:image\" content=\"http:\/\/i.imgur.com\/POoxFVM.png\" \/>\n<meta name=\"author\" content=\"Dominika\" \/>\n<meta name=\"twitter:card\" content=\"summary_large_image\" \/>\n<meta name=\"twitter:creator\" content=\"@simpleplancz\" \/>\n<meta name=\"twitter:site\" content=\"@simpleplancz\" \/>\n<meta name=\"twitter:label1\" content=\"Napsal(a)\" \/>\n\t<meta name=\"twitter:data1\" content=\"Dominika\" \/>\n\t<meta name=\"twitter:label2\" content=\"Odhadovan\u00e1 doba \u010dten\u00ed\" \/>\n\t<meta name=\"twitter:data2\" content=\"2 minuty\" \/>\n<script type=\"application\/ld+json\" class=\"yoast-schema-graph\">{\"@context\":\"https:\/\/schema.org\",\"@graph\":[{\"@type\":\"Article\",\"@id\":\"https:\/\/www.simpleplan.cz\/cz\/index.php\/simple-plan-jeli-prvni-koncert-kanadskeho-turne-ve-vancouveru-stopem\/#article\",\"isPartOf\":{\"@id\":\"https:\/\/www.simpleplan.cz\/cz\/index.php\/simple-plan-jeli-prvni-koncert-kanadskeho-turne-ve-vancouveru-stopem\/\"},\"author\":{\"name\":\"Dominika\",\"@id\":\"https:\/\/www.simpleplan.cz\/cz\/#\/schema\/person\/bb90dd25f4baab7793fc73ab0b783730\"},\"headline\":\"Simple Plan jeli na prvn\u00ed koncert kanadsk\u00e9ho turn\u00e9 ve Vancouveru stopem!\",\"datePublished\":\"2017-09-06T19:04:41+00:00\",\"dateModified\":\"2023-06-26T05:05:20+00:00\",\"mainEntityOfPage\":{\"@id\":\"https:\/\/www.simpleplan.cz\/cz\/index.php\/simple-plan-jeli-prvni-koncert-kanadskeho-turne-ve-vancouveru-stopem\/\"},\"wordCount\":382,\"commentCount\":1,\"publisher\":{\"@id\":\"https:\/\/www.simpleplan.cz\/cz\/#organization\"},\"keywords\":[\"Kanada\",\"kanadsk\u00e9 turn\u00e9\",\"setlist\",\"stopov\u00e1n\u00ed\",\"Vancouver\"],\"articleSection\":[\"fotky\",\"koncerty\",\"videa\"],\"inLanguage\":\"cs\",\"potentialAction\":[{\"@type\":\"CommentAction\",\"name\":\"Comment\",\"target\":[\"https:\/\/www.simpleplan.cz\/cz\/index.php\/simple-plan-jeli-prvni-koncert-kanadskeho-turne-ve-vancouveru-stopem\/#respond\"]}]},{\"@type\":\"WebPage\",\"@id\":\"https:\/\/www.simpleplan.cz\/cz\/index.php\/simple-plan-jeli-prvni-koncert-kanadskeho-turne-ve-vancouveru-stopem\/\",\"url\":\"https:\/\/www.simpleplan.cz\/cz\/index.php\/simple-plan-jeli-prvni-koncert-kanadskeho-turne-ve-vancouveru-stopem\/\",\"name\":\"Simple Plan jeli na prvn\u00ed koncert kanadsk\u00e9ho turn\u00e9 ve Vancouveru stopem! | CZ: SimplePlan.cz\",\"isPartOf\":{\"@id\":\"https:\/\/www.simpleplan.cz\/cz\/#website\"},\"datePublished\":\"2017-09-06T19:04:41+00:00\",\"dateModified\":\"2023-06-26T05:05:20+00:00\",\"breadcrumb\":{\"@id\":\"https:\/\/www.simpleplan.cz\/cz\/index.php\/simple-plan-jeli-prvni-koncert-kanadskeho-turne-ve-vancouveru-stopem\/#breadcrumb\"},\"inLanguage\":\"cs\",\"potentialAction\":[{\"@type\":\"ReadAction\",\"target\":[\"https:\/\/www.simpleplan.cz\/cz\/index.php\/simple-plan-jeli-prvni-koncert-kanadskeho-turne-ve-vancouveru-stopem\/\"]}]},{\"@type\":\"BreadcrumbList\",\"@id\":\"https:\/\/www.simpleplan.cz\/cz\/index.php\/simple-plan-jeli-prvni-koncert-kanadskeho-turne-ve-vancouveru-stopem\/#breadcrumb\",\"itemListElement\":[{\"@type\":\"ListItem\",\"position\":1,\"name\":\"Dom\u016f\",\"item\":\"https:\/\/www.simpleplan.cz\/cz\/\"},{\"@type\":\"ListItem\",\"position\":2,\"name\":\"fotky\",\"item\":\"https:\/\/www.simpleplan.cz\/cz\/index.php\/category\/fotky\/\"},{\"@type\":\"ListItem\",\"position\":3,\"name\":\"Simple Plan jeli na prvn\u00ed koncert kanadsk\u00e9ho turn\u00e9 ve Vancouveru stopem!\"}]},{\"@type\":\"WebSite\",\"@id\":\"https:\/\/www.simpleplan.cz\/cz\/#website\",\"url\":\"https:\/\/www.simpleplan.cz\/cz\/\",\"name\":\"CZ: SimplePlan.cz\",\"description\":\"Nejlep\u0161\u00ed zdroj informac\u00ed o kapele Simple Plan\",\"publisher\":{\"@id\":\"https:\/\/www.simpleplan.cz\/cz\/#organization\"},\"potentialAction\":[{\"@type\":\"SearchAction\",\"target\":{\"@type\":\"EntryPoint\",\"urlTemplate\":\"https:\/\/www.simpleplan.cz\/cz\/?s={search_term_string}\"},\"query-input\":\"required name=search_term_string\"}],\"inLanguage\":\"cs\"},{\"@type\":\"Organization\",\"@id\":\"https:\/\/www.simpleplan.cz\/cz\/#organization\",\"name\":\"CZ: SimplePlan.cz\",\"url\":\"https:\/\/www.simpleplan.cz\/cz\/\",\"logo\":{\"@type\":\"ImageObject\",\"inLanguage\":\"cs\",\"@id\":\"https:\/\/www.simpleplan.cz\/cz\/#\/schema\/logo\/image\/\",\"url\":\"https:\/\/www.simpleplan.cz\/cz\/wp-content\/uploads\/spczlogo.png\",\"contentUrl\":\"https:\/\/www.simpleplan.cz\/cz\/wp-content\/uploads\/spczlogo.png\",\"width\":250,\"height\":190,\"caption\":\"CZ: SimplePlan.cz\"},\"image\":{\"@id\":\"https:\/\/www.simpleplan.cz\/cz\/#\/schema\/logo\/image\/\"},\"sameAs\":[\"http:\/\/www.facebook.com\/simpleplancz\",\"https:\/\/twitter.com\/simpleplancz\",\"http:\/\/www.instagram.com\/simpleplancz\",\"http:\/\/www.youtube.com\/simpleplancz\"]},{\"@type\":\"Person\",\"@id\":\"https:\/\/www.simpleplan.cz\/cz\/#\/schema\/person\/bb90dd25f4baab7793fc73ab0b783730\",\"name\":\"Dominika\",\"image\":{\"@type\":\"ImageObject\",\"inLanguage\":\"cs\",\"@id\":\"https:\/\/www.simpleplan.cz\/cz\/#\/schema\/person\/image\/\",\"url\":\"https:\/\/secure.gravatar.com\/avatar\/de55cb16a8578d56e96c89d1a0af3db5?s=96&d=mm&r=g\",\"contentUrl\":\"https:\/\/secure.gravatar.com\/avatar\/de55cb16a8578d56e96c89d1a0af3db5?s=96&d=mm&r=g\",\"caption\":\"Dominika\"},\"sameAs\":[\"http:\/\/www.simpleplan.cz\"],\"url\":\"https:\/\/www.simpleplan.cz\/cz\/index.php\/author\/admin-2\/\"}]}<\/script>\n<!-- \/ Yoast SEO plugin. -->","yoast_head_json":{"title":"Simple Plan jeli na prvn\u00ed koncert kanadsk\u00e9ho turn\u00e9 ve Vancouveru stopem! | CZ: SimplePlan.cz","robots":{"index":"index","follow":"follow","max-snippet":"max-snippet:-1","max-image-preview":"max-image-preview:large","max-video-preview":"max-video-preview:-1"},"canonical":"https:\/\/www.simpleplan.cz\/cz\/index.php\/simple-plan-jeli-prvni-koncert-kanadskeho-turne-ve-vancouveru-stopem\/","og_locale":"cs_CZ","og_type":"article","og_title":"Simple Plan jeli na prvn\u00ed koncert kanadsk\u00e9ho turn\u00e9 ve Vancouveru stopem! | CZ: SimplePlan.cz","og_description":"Po Seattlu m\u011bli kluci ze Simple Plan o dva dny pozd\u011bji odstartovat sv\u00e9 kanadsk\u00e9 turn\u00e9","og_url":"https:\/\/www.simpleplan.cz\/cz\/index.php\/simple-plan-jeli-prvni-koncert-kanadskeho-turne-ve-vancouveru-stopem\/","og_site_name":"CZ: SimplePlan.cz","article_publisher":"http:\/\/www.facebook.com\/simpleplancz","article_published_time":"2017-09-06T19:04:41+00:00","article_modified_time":"2023-06-26T05:05:20+00:00","og_image":[{"url":"http:\/\/i.imgur.com\/POoxFVM.png"}],"author":"Dominika","twitter_card":"summary_large_image","twitter_creator":"@simpleplancz","twitter_site":"@simpleplancz","twitter_misc":{"Napsal(a)":"Dominika","Odhadovan\u00e1 doba \u010dten\u00ed":"2 minuty"},"schema":{"@context":"https:\/\/schema.org","@graph":[{"@type":"Article","@id":"https:\/\/www.simpleplan.cz\/cz\/index.php\/simple-plan-jeli-prvni-koncert-kanadskeho-turne-ve-vancouveru-stopem\/#article","isPartOf":{"@id":"https:\/\/www.simpleplan.cz\/cz\/index.php\/simple-plan-jeli-prvni-koncert-kanadskeho-turne-ve-vancouveru-stopem\/"},"author":{"name":"Dominika","@id":"https:\/\/www.simpleplan.cz\/cz\/#\/schema\/person\/bb90dd25f4baab7793fc73ab0b783730"},"headline":"Simple Plan jeli na prvn\u00ed koncert kanadsk\u00e9ho turn\u00e9 ve Vancouveru stopem!","datePublished":"2017-09-06T19:04:41+00:00","dateModified":"2023-06-26T05:05:20+00:00","mainEntityOfPage":{"@id":"https:\/\/www.simpleplan.cz\/cz\/index.php\/simple-plan-jeli-prvni-koncert-kanadskeho-turne-ve-vancouveru-stopem\/"},"wordCount":382,"commentCount":1,"publisher":{"@id":"https:\/\/www.simpleplan.cz\/cz\/#organization"},"keywords":["Kanada","kanadsk\u00e9 turn\u00e9","setlist","stopov\u00e1n\u00ed","Vancouver"],"articleSection":["fotky","koncerty","videa"],"inLanguage":"cs","potentialAction":[{"@type":"CommentAction","name":"Comment","target":["https:\/\/www.simpleplan.cz\/cz\/index.php\/simple-plan-jeli-prvni-koncert-kanadskeho-turne-ve-vancouveru-stopem\/#respond"]}]},{"@type":"WebPage","@id":"https:\/\/www.simpleplan.cz\/cz\/index.php\/simple-plan-jeli-prvni-koncert-kanadskeho-turne-ve-vancouveru-stopem\/","url":"https:\/\/www.simpleplan.cz\/cz\/index.php\/simple-plan-jeli-prvni-koncert-kanadskeho-turne-ve-vancouveru-stopem\/","name":"Simple Plan jeli na prvn\u00ed koncert kanadsk\u00e9ho turn\u00e9 ve Vancouveru stopem! | CZ: SimplePlan.cz","isPartOf":{"@id":"https:\/\/www.simpleplan.cz\/cz\/#website"},"datePublished":"2017-09-06T19:04:41+00:00","dateModified":"2023-06-26T05:05:20+00:00","breadcrumb":{"@id":"https:\/\/www.simpleplan.cz\/cz\/index.php\/simple-plan-jeli-prvni-koncert-kanadskeho-turne-ve-vancouveru-stopem\/#breadcrumb"},"inLanguage":"cs","potentialAction":[{"@type":"ReadAction","target":["https:\/\/www.simpleplan.cz\/cz\/index.php\/simple-plan-jeli-prvni-koncert-kanadskeho-turne-ve-vancouveru-stopem\/"]}]},{"@type":"BreadcrumbList","@id":"https:\/\/www.simpleplan.cz\/cz\/index.php\/simple-plan-jeli-prvni-koncert-kanadskeho-turne-ve-vancouveru-stopem\/#breadcrumb","itemListElement":[{"@type":"ListItem","position":1,"name":"Dom\u016f","item":"https:\/\/www.simpleplan.cz\/cz\/"},{"@type":"ListItem","position":2,"name":"fotky","item":"https:\/\/www.simpleplan.cz\/cz\/index.php\/category\/fotky\/"},{"@type":"ListItem","position":3,"name":"Simple Plan jeli na prvn\u00ed koncert kanadsk\u00e9ho turn\u00e9 ve Vancouveru stopem!"}]},{"@type":"WebSite","@id":"https:\/\/www.simpleplan.cz\/cz\/#website","url":"https:\/\/www.simpleplan.cz\/cz\/","name":"CZ: SimplePlan.cz","description":"Nejlep\u0161\u00ed zdroj informac\u00ed o kapele Simple Plan","publisher":{"@id":"https:\/\/www.simpleplan.cz\/cz\/#organization"},"potentialAction":[{"@type":"SearchAction","target":{"@type":"EntryPoint","urlTemplate":"https:\/\/www.simpleplan.cz\/cz\/?s={search_term_string}"},"query-input":"required name=search_term_string"}],"inLanguage":"cs"},{"@type":"Organization","@id":"https:\/\/www.simpleplan.cz\/cz\/#organization","name":"CZ: SimplePlan.cz","url":"https:\/\/www.simpleplan.cz\/cz\/","logo":{"@type":"ImageObject","inLanguage":"cs","@id":"https:\/\/www.simpleplan.cz\/cz\/#\/schema\/logo\/image\/","url":"https:\/\/www.simpleplan.cz\/cz\/wp-content\/uploads\/spczlogo.png","contentUrl":"https:\/\/www.simpleplan.cz\/cz\/wp-content\/uploads\/spczlogo.png","width":250,"height":190,"caption":"CZ: SimplePlan.cz"},"image":{"@id":"https:\/\/www.simpleplan.cz\/cz\/#\/schema\/logo\/image\/"},"sameAs":["http:\/\/www.facebook.com\/simpleplancz","https:\/\/twitter.com\/simpleplancz","http:\/\/www.instagram.com\/simpleplancz","http:\/\/www.youtube.com\/simpleplancz"]},{"@type":"Person","@id":"https:\/\/www.simpleplan.cz\/cz\/#\/schema\/person\/bb90dd25f4baab7793fc73ab0b783730","name":"Dominika","image":{"@type":"ImageObject","inLanguage":"cs","@id":"https:\/\/www.simpleplan.cz\/cz\/#\/schema\/person\/image\/","url":"https:\/\/secure.gravatar.com\/avatar\/de55cb16a8578d56e96c89d1a0af3db5?s=96&d=mm&r=g","contentUrl":"https:\/\/secure.gravatar.com\/avatar\/de55cb16a8578d56e96c89d1a0af3db5?s=96&d=mm&r=g","caption":"Dominika"},"sameAs":["http:\/\/www.simpleplan.cz"],"url":"https:\/\/www.simpleplan.cz\/cz\/index.php\/author\/admin-2\/"}]}},"featured_image_urls":{"full":"","thumbnail":"","medium":"","medium_large":"","large":"","1536x1536":"","2048x2048":"","elegant-magazine-featured":"","elegant-magazine-medium":"","elegant-magazine-medium-small":"","elegant-magazine-thumbnail-small":""},"author_info":{"display_name":"Dominika","author_link":"https:\/\/www.simpleplan.cz\/cz\/index.php\/author\/admin-2\/"},"category_info":"<a href=\"https:\/\/www.simpleplan.cz\/cz\/index.php\/category\/fotky\/\" rel=\"category tag\">fotky<\/a> <a href=\"https:\/\/www.simpleplan.cz\/cz\/index.php\/category\/koncerty\/\" rel=\"category tag\">koncerty<\/a> <a href=\"https:\/\/www.simpleplan.cz\/cz\/index.php\/category\/videa\/\" rel=\"category tag\">videa<\/a>","tag_info":"videa","comment_count":"1","_links":{"self":[{"href":"https:\/\/www.simpleplan.cz\/cz\/index.php\/wp-json\/wp\/v2\/posts\/22809"}],"collection":[{"href":"https:\/\/www.simpleplan.cz\/cz\/index.php\/wp-json\/wp\/v2\/posts"}],"about":[{"href":"https:\/\/www.simpleplan.cz\/cz\/index.php\/wp-json\/wp\/v2\/types\/post"}],"author":[{"embeddable":true,"href":"https:\/\/www.simpleplan.cz\/cz\/index.php\/wp-json\/wp\/v2\/users\/5"}],"replies":[{"embeddable":true,"href":"https:\/\/www.simpleplan.cz\/cz\/index.php\/wp-json\/wp\/v2\/comments?post=22809"}],"version-history":[{"count":7,"href":"https:\/\/www.simpleplan.cz\/cz\/index.php\/wp-json\/wp\/v2\/posts\/22809\/revisions"}],"predecessor-version":[{"id":29961,"href":"https:\/\/www.simpleplan.cz\/cz\/index.php\/wp-json\/wp\/v2\/posts\/22809\/revisions\/29961"}],"wp:attachment":[{"href":"https:\/\/www.simpleplan.cz\/cz\/index.php\/wp-json\/wp\/v2\/media?parent=22809"}],"wp:term":[{"taxonomy":"category","embeddable":true,"href":"https:\/\/www.simpleplan.cz\/cz\/index.php\/wp-json\/wp\/v2\/categories?post=22809"},{"taxonomy":"post_tag","embeddable":true,"href":"https:\/\/www.simpleplan.cz\/cz\/index.php\/wp-json\/wp\/v2\/tags?post=22809"}],"curies":[{"name":"wp","href":"https:\/\/api.w.org\/{rel}","templated":true}]}}