{"id":22950,"date":"2017-10-14T14:12:18","date_gmt":"2017-10-14T12:12:18","guid":{"rendered":"http:\/\/www.simpleplan.cz\/cz\/?p=22950"},"modified":"2023-06-26T07:05:17","modified_gmt":"2023-06-26T05:05:17","slug":"jeff-stinco-se-stava-ambasadorem-nadace-quebecke-konzervatore","status":"publish","type":"post","link":"https:\/\/www.simpleplan.cz\/cz\/index.php\/jeff-stinco-se-stava-ambasadorem-nadace-quebecke-konzervatore\/","title":{"rendered":"Jeff Stinco se st\u00e1v\u00e1 ambasadorem nadace quebeck\u00e9 konzervato\u0159e"},"content":{"rendered":"<p>Ve st\u0159edu Jeff Stinco na Instagramu ozn\u00e1mil, \u017ee krom\u011b sv\u00e9 pr\u00e1ce se Simple Plan a sv\u00fdch vedlej\u0161\u00edch <a href=\"http:\/\/www.simpleplan.cz\/cz\/index.php\/kapela\/vedlejsi-projekty\/jeffovy-bary-a-restaurace\/\" rel=\"noopener\" target=\"_blank\">restaura\u010dn\u00edch<\/a> aktivit, se nyn\u00ed pou\u0161t\u00ed do dal\u0161\u00edho projektu, bl\u00edzk\u00e9mu jeho srdci. <\/p>\n<p><img decoding=\"async\" src=\"https:\/\/i.imgur.com\/DqSRH8d.png\" style=\"margin:20px\" align=\"right\"\/><b>Jeff Stinco bude jedn\u00edm z 21 um\u011bleck\u00fdch ambasador\u016f od herc\u016f po hudebn\u00edky<\/b> (mezi dal\u0161\u00edmi najdeme nap\u0159\u00edklad zp\u011bva\u010dku B\u00e9atrice Martin, tak\u00e9 zn\u00e1mou jako C\u0153ur de pirate), <b>d\u00edky jejich\u017e pr\u00e1ci bude Nadace Konzervato\u0159e hudby a dramatick\u00e9ho um\u011bn\u00ed v Qu\u00e9becu moci vyt\u011b\u017eit pot\u0159ebn\u00e9 finance<\/b>. C\u00edlem fundraisingov\u00e9 kampan\u011b nadace t\u00e9to konzervato\u0159e je vyt\u011b\u017eit celkem 4 miliony dolar\u016f v pr\u016fb\u011bhu p\u0159\u00ed\u0161t\u00edch 5 let. D\u00edky finan\u010dn\u00edm p\u0159\u00edsp\u011bvk\u016fm bude nadace moci podpo\u0159it sv\u00e9 studenty r\u016fzn\u00fdmi granty, a tak\u00e9 \u00fa\u010dast\u00ed v r\u016fzn\u00fdch aktivit\u00e1ch a projektech na t\u00e9to konzervato\u0159i &#8211; to v\u0161e ve snaze podpo\u0159it talent a kari\u00e9rn\u00ed r\u016fst sv\u00fdch student\u016f.<\/p>\n<p>Podle str\u00e1nek t\u00e9to nadace <i>&#8222;ambasado\u0159i sv\u00fdm zapojen\u00edm do t\u011bchto fundraisingov\u00fdch aktivit pomohou aktivn\u011b obohatit provincii Quebec novou generac\u00ed um\u011blc\u016f.&#8220;<\/i><\/p>\n<p>N\u00ed\u017ee si m\u016f\u017eete p\u0159e\u010d\u00edst p\u0159eklad Jeffova ozn\u00e1men\u00ed, se kter\u00fdm se s hrdost\u00ed o sv\u00e9m ambasadorstv\u00ed pochlubil na soci\u00e1ln\u00edch s\u00edt\u00edch:<\/p>\n<div class=\"quote\"><i>&#8222;Je mi velkou ct\u00ed, \u017ee mohu ozn\u00e1mit, \u017ee budu jedn\u00edm z ambasador\u016f nadace Konzervato\u0159e hudby a dramatick\u00e9ho um\u011bn\u00ed v Qu\u00e9becu. S\u00e1m jsem na montrealsk\u00e9 hudebn\u00ed konzervato\u0159i po mnoho let studoval hru na klasickou kytaru a dostalo se mi toho nejlep\u0161\u00edho tr\u00e9ninku, o jak\u00e9m se mi mohlo jen sn\u00edt. Je to \u00fa\u017easn\u00e1 instituce a tato nadace pom\u00e1h\u00e1 student\u016fm s granty a podporuje je jak b\u011bhem, tak i po ukon\u010den\u00ed jejich studi\u00ed. P\u0159eji quebeck\u00e9 konzervato\u0159i v\u0161e nejlep\u0161\u00ed k jej\u00edmu 75. v\u00fdro\u010d\u00ed! &#8222;<\/i><\/p>\n<p><center><font color=\"434277\">&#8211; Jeff Stinco &#8211;<\/font><\/center><\/div>\n<div class=\"fblikebutton_button\" style=\"float: left; padding-top: 20px; margin-right: 20px; padding-bottom: 20px; padding-left: 20px;\"><iframe src=\"http:\/\/www.facebook.com\/plugins\/like.php?href=https%3A%2F%2Fwww.simpleplan.cz%2Fcz%2Findex.php%2Fjeff-stinco-se-stava-ambasadorem-nadace-quebecke-konzervatore%2F&amp;layout=standard&amp;show-faces=false&amp;width=450&amp;action=like&amp;colorscheme=light\" scrolling=\"no\" frameborder=\"0\" allowTransparency=\"true\" style=\"border:none; overflow:hidden; width:450px; height:26px\"><\/iframe><\/div>\n","protected":false},"excerpt":{"rendered":"<p>Ve st\u0159edu Jeff Stinco na Instagramu ozn\u00e1mil, \u017ee krom\u011b sv\u00e9 pr\u00e1ce se Simple Plan a<\/p>\n","protected":false},"author":5,"featured_media":0,"comment_status":"open","ping_status":"open","sticky":false,"template":"","format":"standard","meta":{"footnotes":"","fifu_image_url":"","fifu_image_alt":""},"categories":[4],"tags":[2742],"yoast_head":"<!-- This site is optimized with the Yoast SEO plugin v20.9 - https:\/\/yoast.com\/wordpress\/plugins\/seo\/ -->\n<title>Jeff Stinco se st\u00e1v\u00e1 ambasadorem nadace quebeck\u00e9 konzervato\u0159e | CZ: SimplePlan.cz<\/title>\n<meta name=\"robots\" content=\"index, follow, max-snippet:-1, max-image-preview:large, max-video-preview:-1\" \/>\n<link rel=\"canonical\" href=\"https:\/\/www.simpleplan.cz\/cz\/index.php\/jeff-stinco-se-stava-ambasadorem-nadace-quebecke-konzervatore\/\" \/>\n<meta property=\"og:locale\" content=\"cs_CZ\" \/>\n<meta property=\"og:type\" content=\"article\" \/>\n<meta property=\"og:title\" content=\"Jeff Stinco se st\u00e1v\u00e1 ambasadorem nadace quebeck\u00e9 konzervato\u0159e | CZ: SimplePlan.cz\" \/>\n<meta property=\"og:description\" content=\"Ve st\u0159edu Jeff Stinco na Instagramu ozn\u00e1mil, \u017ee krom\u011b sv\u00e9 pr\u00e1ce se Simple Plan a\" \/>\n<meta property=\"og:url\" content=\"https:\/\/www.simpleplan.cz\/cz\/index.php\/jeff-stinco-se-stava-ambasadorem-nadace-quebecke-konzervatore\/\" \/>\n<meta property=\"og:site_name\" content=\"CZ: SimplePlan.cz\" \/>\n<meta property=\"article:publisher\" content=\"http:\/\/www.facebook.com\/simpleplancz\" \/>\n<meta property=\"article:published_time\" content=\"2017-10-14T12:12:18+00:00\" \/>\n<meta property=\"article:modified_time\" content=\"2023-06-26T05:05:17+00:00\" \/>\n<meta property=\"og:image\" content=\"https:\/\/i.imgur.com\/DqSRH8d.png\" \/>\n<meta name=\"author\" content=\"Dominika\" \/>\n<meta name=\"twitter:card\" content=\"summary_large_image\" \/>\n<meta name=\"twitter:creator\" content=\"@simpleplancz\" \/>\n<meta name=\"twitter:site\" content=\"@simpleplancz\" \/>\n<meta name=\"twitter:label1\" content=\"Napsal(a)\" \/>\n\t<meta name=\"twitter:data1\" content=\"Dominika\" \/>\n\t<meta name=\"twitter:label2\" content=\"Odhadovan\u00e1 doba \u010dten\u00ed\" \/>\n\t<meta name=\"twitter:data2\" content=\"2 minuty\" \/>\n<script type=\"application\/ld+json\" class=\"yoast-schema-graph\">{\"@context\":\"https:\/\/schema.org\",\"@graph\":[{\"@type\":\"Article\",\"@id\":\"https:\/\/www.simpleplan.cz\/cz\/index.php\/jeff-stinco-se-stava-ambasadorem-nadace-quebecke-konzervatore\/#article\",\"isPartOf\":{\"@id\":\"https:\/\/www.simpleplan.cz\/cz\/index.php\/jeff-stinco-se-stava-ambasadorem-nadace-quebecke-konzervatore\/\"},\"author\":{\"name\":\"Dominika\",\"@id\":\"https:\/\/www.simpleplan.cz\/cz\/#\/schema\/person\/bb90dd25f4baab7793fc73ab0b783730\"},\"headline\":\"Jeff Stinco se st\u00e1v\u00e1 ambasadorem nadace quebeck\u00e9 konzervato\u0159e\",\"datePublished\":\"2017-10-14T12:12:18+00:00\",\"dateModified\":\"2023-06-26T05:05:17+00:00\",\"mainEntityOfPage\":{\"@id\":\"https:\/\/www.simpleplan.cz\/cz\/index.php\/jeff-stinco-se-stava-ambasadorem-nadace-quebecke-konzervatore\/\"},\"wordCount\":344,\"commentCount\":0,\"publisher\":{\"@id\":\"https:\/\/www.simpleplan.cz\/cz\/#organization\"},\"keywords\":[\"konzervato\u0159\"],\"articleSection\":[\"Jeff\"],\"inLanguage\":\"cs\",\"potentialAction\":[{\"@type\":\"CommentAction\",\"name\":\"Comment\",\"target\":[\"https:\/\/www.simpleplan.cz\/cz\/index.php\/jeff-stinco-se-stava-ambasadorem-nadace-quebecke-konzervatore\/#respond\"]}]},{\"@type\":\"WebPage\",\"@id\":\"https:\/\/www.simpleplan.cz\/cz\/index.php\/jeff-stinco-se-stava-ambasadorem-nadace-quebecke-konzervatore\/\",\"url\":\"https:\/\/www.simpleplan.cz\/cz\/index.php\/jeff-stinco-se-stava-ambasadorem-nadace-quebecke-konzervatore\/\",\"name\":\"Jeff Stinco se st\u00e1v\u00e1 ambasadorem nadace quebeck\u00e9 konzervato\u0159e | CZ: SimplePlan.cz\",\"isPartOf\":{\"@id\":\"https:\/\/www.simpleplan.cz\/cz\/#website\"},\"datePublished\":\"2017-10-14T12:12:18+00:00\",\"dateModified\":\"2023-06-26T05:05:17+00:00\",\"breadcrumb\":{\"@id\":\"https:\/\/www.simpleplan.cz\/cz\/index.php\/jeff-stinco-se-stava-ambasadorem-nadace-quebecke-konzervatore\/#breadcrumb\"},\"inLanguage\":\"cs\",\"potentialAction\":[{\"@type\":\"ReadAction\",\"target\":[\"https:\/\/www.simpleplan.cz\/cz\/index.php\/jeff-stinco-se-stava-ambasadorem-nadace-quebecke-konzervatore\/\"]}]},{\"@type\":\"BreadcrumbList\",\"@id\":\"https:\/\/www.simpleplan.cz\/cz\/index.php\/jeff-stinco-se-stava-ambasadorem-nadace-quebecke-konzervatore\/#breadcrumb\",\"itemListElement\":[{\"@type\":\"ListItem\",\"position\":1,\"name\":\"Dom\u016f\",\"item\":\"https:\/\/www.simpleplan.cz\/cz\/\"},{\"@type\":\"ListItem\",\"position\":2,\"name\":\"Jeff\",\"item\":\"https:\/\/www.simpleplan.cz\/cz\/index.php\/category\/jeff\/\"},{\"@type\":\"ListItem\",\"position\":3,\"name\":\"Jeff Stinco se st\u00e1v\u00e1 ambasadorem nadace quebeck\u00e9 konzervato\u0159e\"}]},{\"@type\":\"WebSite\",\"@id\":\"https:\/\/www.simpleplan.cz\/cz\/#website\",\"url\":\"https:\/\/www.simpleplan.cz\/cz\/\",\"name\":\"CZ: SimplePlan.cz\",\"description\":\"Nejlep\u0161\u00ed zdroj informac\u00ed o kapele Simple Plan\",\"publisher\":{\"@id\":\"https:\/\/www.simpleplan.cz\/cz\/#organization\"},\"potentialAction\":[{\"@type\":\"SearchAction\",\"target\":{\"@type\":\"EntryPoint\",\"urlTemplate\":\"https:\/\/www.simpleplan.cz\/cz\/?s={search_term_string}\"},\"query-input\":\"required name=search_term_string\"}],\"inLanguage\":\"cs\"},{\"@type\":\"Organization\",\"@id\":\"https:\/\/www.simpleplan.cz\/cz\/#organization\",\"name\":\"CZ: SimplePlan.cz\",\"url\":\"https:\/\/www.simpleplan.cz\/cz\/\",\"logo\":{\"@type\":\"ImageObject\",\"inLanguage\":\"cs\",\"@id\":\"https:\/\/www.simpleplan.cz\/cz\/#\/schema\/logo\/image\/\",\"url\":\"https:\/\/www.simpleplan.cz\/cz\/wp-content\/uploads\/spczlogo.png\",\"contentUrl\":\"https:\/\/www.simpleplan.cz\/cz\/wp-content\/uploads\/spczlogo.png\",\"width\":250,\"height\":190,\"caption\":\"CZ: SimplePlan.cz\"},\"image\":{\"@id\":\"https:\/\/www.simpleplan.cz\/cz\/#\/schema\/logo\/image\/\"},\"sameAs\":[\"http:\/\/www.facebook.com\/simpleplancz\",\"https:\/\/twitter.com\/simpleplancz\",\"http:\/\/www.instagram.com\/simpleplancz\",\"http:\/\/www.youtube.com\/simpleplancz\"]},{\"@type\":\"Person\",\"@id\":\"https:\/\/www.simpleplan.cz\/cz\/#\/schema\/person\/bb90dd25f4baab7793fc73ab0b783730\",\"name\":\"Dominika\",\"image\":{\"@type\":\"ImageObject\",\"inLanguage\":\"cs\",\"@id\":\"https:\/\/www.simpleplan.cz\/cz\/#\/schema\/person\/image\/\",\"url\":\"https:\/\/secure.gravatar.com\/avatar\/de55cb16a8578d56e96c89d1a0af3db5?s=96&d=mm&r=g\",\"contentUrl\":\"https:\/\/secure.gravatar.com\/avatar\/de55cb16a8578d56e96c89d1a0af3db5?s=96&d=mm&r=g\",\"caption\":\"Dominika\"},\"sameAs\":[\"http:\/\/www.simpleplan.cz\"],\"url\":\"https:\/\/www.simpleplan.cz\/cz\/index.php\/author\/admin-2\/\"}]}<\/script>\n<!-- \/ Yoast SEO plugin. -->","yoast_head_json":{"title":"Jeff Stinco se st\u00e1v\u00e1 ambasadorem nadace quebeck\u00e9 konzervato\u0159e | CZ: SimplePlan.cz","robots":{"index":"index","follow":"follow","max-snippet":"max-snippet:-1","max-image-preview":"max-image-preview:large","max-video-preview":"max-video-preview:-1"},"canonical":"https:\/\/www.simpleplan.cz\/cz\/index.php\/jeff-stinco-se-stava-ambasadorem-nadace-quebecke-konzervatore\/","og_locale":"cs_CZ","og_type":"article","og_title":"Jeff Stinco se st\u00e1v\u00e1 ambasadorem nadace quebeck\u00e9 konzervato\u0159e | CZ: SimplePlan.cz","og_description":"Ve st\u0159edu Jeff Stinco na Instagramu ozn\u00e1mil, \u017ee krom\u011b sv\u00e9 pr\u00e1ce se Simple Plan a","og_url":"https:\/\/www.simpleplan.cz\/cz\/index.php\/jeff-stinco-se-stava-ambasadorem-nadace-quebecke-konzervatore\/","og_site_name":"CZ: SimplePlan.cz","article_publisher":"http:\/\/www.facebook.com\/simpleplancz","article_published_time":"2017-10-14T12:12:18+00:00","article_modified_time":"2023-06-26T05:05:17+00:00","og_image":[{"url":"https:\/\/i.imgur.com\/DqSRH8d.png"}],"author":"Dominika","twitter_card":"summary_large_image","twitter_creator":"@simpleplancz","twitter_site":"@simpleplancz","twitter_misc":{"Napsal(a)":"Dominika","Odhadovan\u00e1 doba \u010dten\u00ed":"2 minuty"},"schema":{"@context":"https:\/\/schema.org","@graph":[{"@type":"Article","@id":"https:\/\/www.simpleplan.cz\/cz\/index.php\/jeff-stinco-se-stava-ambasadorem-nadace-quebecke-konzervatore\/#article","isPartOf":{"@id":"https:\/\/www.simpleplan.cz\/cz\/index.php\/jeff-stinco-se-stava-ambasadorem-nadace-quebecke-konzervatore\/"},"author":{"name":"Dominika","@id":"https:\/\/www.simpleplan.cz\/cz\/#\/schema\/person\/bb90dd25f4baab7793fc73ab0b783730"},"headline":"Jeff Stinco se st\u00e1v\u00e1 ambasadorem nadace quebeck\u00e9 konzervato\u0159e","datePublished":"2017-10-14T12:12:18+00:00","dateModified":"2023-06-26T05:05:17+00:00","mainEntityOfPage":{"@id":"https:\/\/www.simpleplan.cz\/cz\/index.php\/jeff-stinco-se-stava-ambasadorem-nadace-quebecke-konzervatore\/"},"wordCount":344,"commentCount":0,"publisher":{"@id":"https:\/\/www.simpleplan.cz\/cz\/#organization"},"keywords":["konzervato\u0159"],"articleSection":["Jeff"],"inLanguage":"cs","potentialAction":[{"@type":"CommentAction","name":"Comment","target":["https:\/\/www.simpleplan.cz\/cz\/index.php\/jeff-stinco-se-stava-ambasadorem-nadace-quebecke-konzervatore\/#respond"]}]},{"@type":"WebPage","@id":"https:\/\/www.simpleplan.cz\/cz\/index.php\/jeff-stinco-se-stava-ambasadorem-nadace-quebecke-konzervatore\/","url":"https:\/\/www.simpleplan.cz\/cz\/index.php\/jeff-stinco-se-stava-ambasadorem-nadace-quebecke-konzervatore\/","name":"Jeff Stinco se st\u00e1v\u00e1 ambasadorem nadace quebeck\u00e9 konzervato\u0159e | CZ: SimplePlan.cz","isPartOf":{"@id":"https:\/\/www.simpleplan.cz\/cz\/#website"},"datePublished":"2017-10-14T12:12:18+00:00","dateModified":"2023-06-26T05:05:17+00:00","breadcrumb":{"@id":"https:\/\/www.simpleplan.cz\/cz\/index.php\/jeff-stinco-se-stava-ambasadorem-nadace-quebecke-konzervatore\/#breadcrumb"},"inLanguage":"cs","potentialAction":[{"@type":"ReadAction","target":["https:\/\/www.simpleplan.cz\/cz\/index.php\/jeff-stinco-se-stava-ambasadorem-nadace-quebecke-konzervatore\/"]}]},{"@type":"BreadcrumbList","@id":"https:\/\/www.simpleplan.cz\/cz\/index.php\/jeff-stinco-se-stava-ambasadorem-nadace-quebecke-konzervatore\/#breadcrumb","itemListElement":[{"@type":"ListItem","position":1,"name":"Dom\u016f","item":"https:\/\/www.simpleplan.cz\/cz\/"},{"@type":"ListItem","position":2,"name":"Jeff","item":"https:\/\/www.simpleplan.cz\/cz\/index.php\/category\/jeff\/"},{"@type":"ListItem","position":3,"name":"Jeff Stinco se st\u00e1v\u00e1 ambasadorem nadace quebeck\u00e9 konzervato\u0159e"}]},{"@type":"WebSite","@id":"https:\/\/www.simpleplan.cz\/cz\/#website","url":"https:\/\/www.simpleplan.cz\/cz\/","name":"CZ: SimplePlan.cz","description":"Nejlep\u0161\u00ed zdroj informac\u00ed o kapele Simple Plan","publisher":{"@id":"https:\/\/www.simpleplan.cz\/cz\/#organization"},"potentialAction":[{"@type":"SearchAction","target":{"@type":"EntryPoint","urlTemplate":"https:\/\/www.simpleplan.cz\/cz\/?s={search_term_string}"},"query-input":"required name=search_term_string"}],"inLanguage":"cs"},{"@type":"Organization","@id":"https:\/\/www.simpleplan.cz\/cz\/#organization","name":"CZ: SimplePlan.cz","url":"https:\/\/www.simpleplan.cz\/cz\/","logo":{"@type":"ImageObject","inLanguage":"cs","@id":"https:\/\/www.simpleplan.cz\/cz\/#\/schema\/logo\/image\/","url":"https:\/\/www.simpleplan.cz\/cz\/wp-content\/uploads\/spczlogo.png","contentUrl":"https:\/\/www.simpleplan.cz\/cz\/wp-content\/uploads\/spczlogo.png","width":250,"height":190,"caption":"CZ: SimplePlan.cz"},"image":{"@id":"https:\/\/www.simpleplan.cz\/cz\/#\/schema\/logo\/image\/"},"sameAs":["http:\/\/www.facebook.com\/simpleplancz","https:\/\/twitter.com\/simpleplancz","http:\/\/www.instagram.com\/simpleplancz","http:\/\/www.youtube.com\/simpleplancz"]},{"@type":"Person","@id":"https:\/\/www.simpleplan.cz\/cz\/#\/schema\/person\/bb90dd25f4baab7793fc73ab0b783730","name":"Dominika","image":{"@type":"ImageObject","inLanguage":"cs","@id":"https:\/\/www.simpleplan.cz\/cz\/#\/schema\/person\/image\/","url":"https:\/\/secure.gravatar.com\/avatar\/de55cb16a8578d56e96c89d1a0af3db5?s=96&d=mm&r=g","contentUrl":"https:\/\/secure.gravatar.com\/avatar\/de55cb16a8578d56e96c89d1a0af3db5?s=96&d=mm&r=g","caption":"Dominika"},"sameAs":["http:\/\/www.simpleplan.cz"],"url":"https:\/\/www.simpleplan.cz\/cz\/index.php\/author\/admin-2\/"}]}},"featured_image_urls":{"full":"","thumbnail":"","medium":"","medium_large":"","large":"","1536x1536":"","2048x2048":"","elegant-magazine-featured":"","elegant-magazine-medium":"","elegant-magazine-medium-small":"","elegant-magazine-thumbnail-small":""},"author_info":{"display_name":"Dominika","author_link":"https:\/\/www.simpleplan.cz\/cz\/index.php\/author\/admin-2\/"},"category_info":"<a href=\"https:\/\/www.simpleplan.cz\/cz\/index.php\/category\/jeff\/\" rel=\"category tag\">Jeff<\/a>","tag_info":"Jeff","comment_count":"0","_links":{"self":[{"href":"https:\/\/www.simpleplan.cz\/cz\/index.php\/wp-json\/wp\/v2\/posts\/22950"}],"collection":[{"href":"https:\/\/www.simpleplan.cz\/cz\/index.php\/wp-json\/wp\/v2\/posts"}],"about":[{"href":"https:\/\/www.simpleplan.cz\/cz\/index.php\/wp-json\/wp\/v2\/types\/post"}],"author":[{"embeddable":true,"href":"https:\/\/www.simpleplan.cz\/cz\/index.php\/wp-json\/wp\/v2\/users\/5"}],"replies":[{"embeddable":true,"href":"https:\/\/www.simpleplan.cz\/cz\/index.php\/wp-json\/wp\/v2\/comments?post=22950"}],"version-history":[{"count":10,"href":"https:\/\/www.simpleplan.cz\/cz\/index.php\/wp-json\/wp\/v2\/posts\/22950\/revisions"}],"predecessor-version":[{"id":22960,"href":"https:\/\/www.simpleplan.cz\/cz\/index.php\/wp-json\/wp\/v2\/posts\/22950\/revisions\/22960"}],"wp:attachment":[{"href":"https:\/\/www.simpleplan.cz\/cz\/index.php\/wp-json\/wp\/v2\/media?parent=22950"}],"wp:term":[{"taxonomy":"category","embeddable":true,"href":"https:\/\/www.simpleplan.cz\/cz\/index.php\/wp-json\/wp\/v2\/categories?post=22950"},{"taxonomy":"post_tag","embeddable":true,"href":"https:\/\/www.simpleplan.cz\/cz\/index.php\/wp-json\/wp\/v2\/tags?post=22950"}],"curies":[{"name":"wp","href":"https:\/\/api.w.org\/{rel}","templated":true}]}}