{"id":24817,"date":"2017-12-11T16:49:03","date_gmt":"2017-12-11T15:49:03","guid":{"rendered":"http:\/\/www.simpleplan.cz\/cz\/?p=24817"},"modified":"2023-06-26T07:05:12","modified_gmt":"2023-06-26T05:05:12","slug":"la-presse-jmenoval-pierra-umelci-diky-kterym-montreal-zazaril","status":"publish","type":"post","link":"https:\/\/www.simpleplan.cz\/cz\/index.php\/la-presse-jmenoval-pierra-umelci-diky-kterym-montreal-zazaril\/","title":{"rendered":"La Presse jmenoval Pierra mezi &#8222;um\u011blci, d\u00edky kter\u00fdm Montreal zaz\u00e1\u0159il&#8220;"},"content":{"rendered":"<p><center><img decoding=\"async\" src=\"https:\/\/i.imgur.com\/vRr5BNE.png\"\/><\/center><\/p>\n<p>Kanadsk\u00e9 noviny <b><i>La Presse<\/i><\/b> v\u010dera na sv\u00e9 placen\u00e9 verzi &#8222;La Presse+&#8220; zve\u0159ejnili zaj\u00edmav\u00fd \u010dl\u00e1nek, kter\u00fd se zam\u011b\u0159il na skupinu um\u011blc\u016f narozen\u00fdch v okol\u00ed Montrealu, kte\u0159\u00ed nav\u011bky vryli sv\u016fj p\u0159\u00edb\u011bh do historie sv\u00e9ho m\u011bsta &#8211; jin\u00fdmi slovy (jak se v \u010dl\u00e1nku p\u0159\u00edmo p\u00ed\u0161e) <b>&#8222;d\u00edky kter\u00fdm Montreal zaz\u00e1\u0159il&#8220;<\/b>.<\/p>\n<p>Mezi jm\u00e9ny osobnost\u00ed, kter\u00e9 se v \u010dl\u00e1nku objevily, najdeme nap\u0159\u00edklad popul\u00e1rn\u00ed kanadsk\u00e9 zp\u011bv\u00e1ky Leonarda Cohena, Michela Rivarda, Ginette Reno nebo La Bolduc, spisovatele Saula Bellowa, pianistu Oscara Pettersona, b\u00e1sn\u00edka \u00c9mila Nelligana, mal\u00ed\u0159e Jean-Paula Riopelle nebo herce Marca Favreau. Jedno jm\u00e9no z cel\u00e9ho seznamu v\u0161ak pro fanou\u0161ky Simple Plan vyvst\u00e1v\u00e1 ze v\u0161ech nejv\u00edc &#8211; a to jm\u00e9no nejmlad\u0161\u00ed osobnosti z cel\u00e9ho seznamu &#8211; <b>Pierra Bouviera<\/b>, kter\u00fd byl po boku cel\u00e9 sv\u00e9 kapely jmenov\u00e1n tak\u00e9 jedn\u00edm z nejd\u016fle\u017eit\u011bj\u00edch montrealsk\u00fdch um\u011blc\u016f.<\/p>\n<p>N\u00ed\u017ee si m\u016f\u017eete p\u0159e\u010d\u00edst, co La Presse o Pierrovi v kr\u00e1tkosi napsal [p\u016fvodn\u00ed francouzsk\u00fd \u010dl\u00e1nek najdete <a href=\"https:\/\/scontent-frx5-1.cdninstagram.com\/t51.2885-15\/e35\/24838866_1762045227436765_8980271566436696064_n.jpg\"  rel=\"lightbox[24817] noopener\" target=\"_blank\">zde<\/a>]:<\/p>\n<div class=\"quote\"><b>Pierre Bouvier, hlavn\u00ed zp\u011bv\u00e1k Simple Plan<\/b><\/p>\n<p><i>Zp\u011bv\u00e1k a muzikant pop-punkov\u00e9 kapely Simple Plan se narodil v roce 1979 anglicky mluv\u00edc\u00ed matce a francouzsky mluv\u00edc\u00edmu otci. Jeho kapela, kter\u00e1 byla zalo\u017eena v roce 1999 slav\u00ed mezin\u00e1rodn\u00ed \u00fasp\u011bch a po cel\u00e9m sv\u011bt\u011b prodala v\u00edce jak 10 milion\u016f alb. Jejich prvn\u00ed desky, zvan\u00e9 No Pads, No Helmets&#8230; Just Balls, z roku 2002, se prodalo 3 miliony kus\u016f.<\/i><\/p>\n<p><center><font color=\"434277\">&#8211; La Presse (prosinec 2017) &#8211;<\/font><\/center><\/div>\n<div class=\"fblikebutton_button\" style=\"float: left; padding-top: 20px; margin-right: 20px; padding-bottom: 20px; padding-left: 20px;\"><iframe src=\"http:\/\/www.facebook.com\/plugins\/like.php?href=https%3A%2F%2Fwww.simpleplan.cz%2Fcz%2Findex.php%2Fla-presse-jmenoval-pierra-umelci-diky-kterym-montreal-zazaril%2F&amp;layout=standard&amp;show-faces=false&amp;width=450&amp;action=like&amp;colorscheme=light\" scrolling=\"no\" frameborder=\"0\" allowTransparency=\"true\" style=\"border:none; overflow:hidden; width:450px; height:26px\"><\/iframe><\/div>\n","protected":false},"excerpt":{"rendered":"<p>Kanadsk\u00e9 noviny La Presse v\u010dera na sv\u00e9 placen\u00e9 verzi &#8222;La Presse+&#8220; zve\u0159ejnili zaj\u00edmav\u00fd \u010dl\u00e1nek, kter\u00fd<\/p>\n","protected":false},"author":5,"featured_media":24820,"comment_status":"open","ping_status":"open","sticky":false,"template":"","format":"standard","meta":{"footnotes":"","fifu_image_url":"","fifu_image_alt":""},"categories":[18,5],"tags":[1256,47],"yoast_head":"<!-- This site is optimized with the Yoast SEO plugin v20.9 - https:\/\/yoast.com\/wordpress\/plugins\/seo\/ -->\n<title>La Presse jmenoval Pierra mezi &quot;um\u011blci, d\u00edky kter\u00fdm Montreal zaz\u00e1\u0159il&quot; | CZ: SimplePlan.cz<\/title>\n<meta name=\"robots\" content=\"index, follow, max-snippet:-1, max-image-preview:large, max-video-preview:-1\" \/>\n<link rel=\"canonical\" href=\"https:\/\/www.simpleplan.cz\/cz\/index.php\/la-presse-jmenoval-pierra-umelci-diky-kterym-montreal-zazaril\/\" \/>\n<meta property=\"og:locale\" content=\"cs_CZ\" \/>\n<meta property=\"og:type\" content=\"article\" \/>\n<meta property=\"og:title\" content=\"La Presse jmenoval Pierra mezi &quot;um\u011blci, d\u00edky kter\u00fdm Montreal zaz\u00e1\u0159il&quot; | CZ: SimplePlan.cz\" \/>\n<meta property=\"og:description\" content=\"Kanadsk\u00e9 noviny La Presse v\u010dera na sv\u00e9 placen\u00e9 verzi &#8222;La Presse+&#8220; zve\u0159ejnili zaj\u00edmav\u00fd \u010dl\u00e1nek, kter\u00fd\" \/>\n<meta property=\"og:url\" content=\"https:\/\/www.simpleplan.cz\/cz\/index.php\/la-presse-jmenoval-pierra-umelci-diky-kterym-montreal-zazaril\/\" \/>\n<meta property=\"og:site_name\" content=\"CZ: SimplePlan.cz\" \/>\n<meta property=\"article:publisher\" content=\"http:\/\/www.facebook.com\/simpleplancz\" \/>\n<meta property=\"article:published_time\" content=\"2017-12-11T15:49:03+00:00\" \/>\n<meta property=\"article:modified_time\" content=\"2023-06-26T05:05:12+00:00\" \/>\n<meta property=\"og:image\" content=\"https:\/\/www.simpleplan.cz\/cz\/wp-content\/uploads\/vRr5BNE.png\" \/>\n\t<meta property=\"og:image:width\" content=\"670\" \/>\n\t<meta property=\"og:image:height\" content=\"300\" \/>\n\t<meta property=\"og:image:type\" content=\"image\/png\" \/>\n<meta name=\"author\" content=\"Dominika\" \/>\n<meta name=\"twitter:card\" content=\"summary_large_image\" \/>\n<meta name=\"twitter:creator\" content=\"@simpleplancz\" \/>\n<meta name=\"twitter:site\" content=\"@simpleplancz\" \/>\n<meta name=\"twitter:label1\" content=\"Napsal(a)\" \/>\n\t<meta name=\"twitter:data1\" content=\"Dominika\" \/>\n\t<meta name=\"twitter:label2\" content=\"Odhadovan\u00e1 doba \u010dten\u00ed\" \/>\n\t<meta name=\"twitter:data2\" content=\"1 minuta\" \/>\n<script type=\"application\/ld+json\" class=\"yoast-schema-graph\">{\"@context\":\"https:\/\/schema.org\",\"@graph\":[{\"@type\":\"Article\",\"@id\":\"https:\/\/www.simpleplan.cz\/cz\/index.php\/la-presse-jmenoval-pierra-umelci-diky-kterym-montreal-zazaril\/#article\",\"isPartOf\":{\"@id\":\"https:\/\/www.simpleplan.cz\/cz\/index.php\/la-presse-jmenoval-pierra-umelci-diky-kterym-montreal-zazaril\/\"},\"author\":{\"name\":\"Dominika\",\"@id\":\"https:\/\/www.simpleplan.cz\/cz\/#\/schema\/person\/bb90dd25f4baab7793fc73ab0b783730\"},\"headline\":\"La Presse jmenoval Pierra mezi &#8222;um\u011blci, d\u00edky kter\u00fdm Montreal zaz\u00e1\u0159il&#8220;\",\"datePublished\":\"2017-12-11T15:49:03+00:00\",\"dateModified\":\"2023-06-26T05:05:12+00:00\",\"mainEntityOfPage\":{\"@id\":\"https:\/\/www.simpleplan.cz\/cz\/index.php\/la-presse-jmenoval-pierra-umelci-diky-kterym-montreal-zazaril\/\"},\"wordCount\":284,\"commentCount\":0,\"publisher\":{\"@id\":\"https:\/\/www.simpleplan.cz\/cz\/#organization\"},\"keywords\":[\"La Presse\",\"Montreal\"],\"articleSection\":[\"m\u00e9dia\",\"Pierre\"],\"inLanguage\":\"cs\",\"potentialAction\":[{\"@type\":\"CommentAction\",\"name\":\"Comment\",\"target\":[\"https:\/\/www.simpleplan.cz\/cz\/index.php\/la-presse-jmenoval-pierra-umelci-diky-kterym-montreal-zazaril\/#respond\"]}]},{\"@type\":\"WebPage\",\"@id\":\"https:\/\/www.simpleplan.cz\/cz\/index.php\/la-presse-jmenoval-pierra-umelci-diky-kterym-montreal-zazaril\/\",\"url\":\"https:\/\/www.simpleplan.cz\/cz\/index.php\/la-presse-jmenoval-pierra-umelci-diky-kterym-montreal-zazaril\/\",\"name\":\"La Presse jmenoval Pierra mezi \\\"um\u011blci, d\u00edky kter\u00fdm Montreal zaz\u00e1\u0159il\\\" | CZ: SimplePlan.cz\",\"isPartOf\":{\"@id\":\"https:\/\/www.simpleplan.cz\/cz\/#website\"},\"datePublished\":\"2017-12-11T15:49:03+00:00\",\"dateModified\":\"2023-06-26T05:05:12+00:00\",\"breadcrumb\":{\"@id\":\"https:\/\/www.simpleplan.cz\/cz\/index.php\/la-presse-jmenoval-pierra-umelci-diky-kterym-montreal-zazaril\/#breadcrumb\"},\"inLanguage\":\"cs\",\"potentialAction\":[{\"@type\":\"ReadAction\",\"target\":[\"https:\/\/www.simpleplan.cz\/cz\/index.php\/la-presse-jmenoval-pierra-umelci-diky-kterym-montreal-zazaril\/\"]}]},{\"@type\":\"BreadcrumbList\",\"@id\":\"https:\/\/www.simpleplan.cz\/cz\/index.php\/la-presse-jmenoval-pierra-umelci-diky-kterym-montreal-zazaril\/#breadcrumb\",\"itemListElement\":[{\"@type\":\"ListItem\",\"position\":1,\"name\":\"Dom\u016f\",\"item\":\"https:\/\/www.simpleplan.cz\/cz\/\"},{\"@type\":\"ListItem\",\"position\":2,\"name\":\"Pierre\",\"item\":\"https:\/\/www.simpleplan.cz\/cz\/index.php\/category\/pierre\/\"},{\"@type\":\"ListItem\",\"position\":3,\"name\":\"La Presse jmenoval Pierra mezi &#8222;um\u011blci, d\u00edky kter\u00fdm Montreal zaz\u00e1\u0159il&#8220;\"}]},{\"@type\":\"WebSite\",\"@id\":\"https:\/\/www.simpleplan.cz\/cz\/#website\",\"url\":\"https:\/\/www.simpleplan.cz\/cz\/\",\"name\":\"CZ: SimplePlan.cz\",\"description\":\"Nejlep\u0161\u00ed zdroj informac\u00ed o kapele Simple Plan\",\"publisher\":{\"@id\":\"https:\/\/www.simpleplan.cz\/cz\/#organization\"},\"potentialAction\":[{\"@type\":\"SearchAction\",\"target\":{\"@type\":\"EntryPoint\",\"urlTemplate\":\"https:\/\/www.simpleplan.cz\/cz\/?s={search_term_string}\"},\"query-input\":\"required name=search_term_string\"}],\"inLanguage\":\"cs\"},{\"@type\":\"Organization\",\"@id\":\"https:\/\/www.simpleplan.cz\/cz\/#organization\",\"name\":\"CZ: SimplePlan.cz\",\"url\":\"https:\/\/www.simpleplan.cz\/cz\/\",\"logo\":{\"@type\":\"ImageObject\",\"inLanguage\":\"cs\",\"@id\":\"https:\/\/www.simpleplan.cz\/cz\/#\/schema\/logo\/image\/\",\"url\":\"https:\/\/www.simpleplan.cz\/cz\/wp-content\/uploads\/spczlogo.png\",\"contentUrl\":\"https:\/\/www.simpleplan.cz\/cz\/wp-content\/uploads\/spczlogo.png\",\"width\":250,\"height\":190,\"caption\":\"CZ: SimplePlan.cz\"},\"image\":{\"@id\":\"https:\/\/www.simpleplan.cz\/cz\/#\/schema\/logo\/image\/\"},\"sameAs\":[\"http:\/\/www.facebook.com\/simpleplancz\",\"https:\/\/twitter.com\/simpleplancz\",\"http:\/\/www.instagram.com\/simpleplancz\",\"http:\/\/www.youtube.com\/simpleplancz\"]},{\"@type\":\"Person\",\"@id\":\"https:\/\/www.simpleplan.cz\/cz\/#\/schema\/person\/bb90dd25f4baab7793fc73ab0b783730\",\"name\":\"Dominika\",\"image\":{\"@type\":\"ImageObject\",\"inLanguage\":\"cs\",\"@id\":\"https:\/\/www.simpleplan.cz\/cz\/#\/schema\/person\/image\/\",\"url\":\"https:\/\/secure.gravatar.com\/avatar\/de55cb16a8578d56e96c89d1a0af3db5?s=96&d=mm&r=g\",\"contentUrl\":\"https:\/\/secure.gravatar.com\/avatar\/de55cb16a8578d56e96c89d1a0af3db5?s=96&d=mm&r=g\",\"caption\":\"Dominika\"},\"sameAs\":[\"http:\/\/www.simpleplan.cz\"],\"url\":\"https:\/\/www.simpleplan.cz\/cz\/index.php\/author\/admin-2\/\"}]}<\/script>\n<!-- \/ Yoast SEO plugin. -->","yoast_head_json":{"title":"La Presse jmenoval Pierra mezi \"um\u011blci, d\u00edky kter\u00fdm Montreal zaz\u00e1\u0159il\" | CZ: SimplePlan.cz","robots":{"index":"index","follow":"follow","max-snippet":"max-snippet:-1","max-image-preview":"max-image-preview:large","max-video-preview":"max-video-preview:-1"},"canonical":"https:\/\/www.simpleplan.cz\/cz\/index.php\/la-presse-jmenoval-pierra-umelci-diky-kterym-montreal-zazaril\/","og_locale":"cs_CZ","og_type":"article","og_title":"La Presse jmenoval Pierra mezi \"um\u011blci, d\u00edky kter\u00fdm Montreal zaz\u00e1\u0159il\" | CZ: SimplePlan.cz","og_description":"Kanadsk\u00e9 noviny La Presse v\u010dera na sv\u00e9 placen\u00e9 verzi &#8222;La Presse+&#8220; zve\u0159ejnili zaj\u00edmav\u00fd \u010dl\u00e1nek, kter\u00fd","og_url":"https:\/\/www.simpleplan.cz\/cz\/index.php\/la-presse-jmenoval-pierra-umelci-diky-kterym-montreal-zazaril\/","og_site_name":"CZ: SimplePlan.cz","article_publisher":"http:\/\/www.facebook.com\/simpleplancz","article_published_time":"2017-12-11T15:49:03+00:00","article_modified_time":"2023-06-26T05:05:12+00:00","og_image":[{"width":670,"height":300,"url":"https:\/\/www.simpleplan.cz\/cz\/wp-content\/uploads\/vRr5BNE.png","type":"image\/png"}],"author":"Dominika","twitter_card":"summary_large_image","twitter_creator":"@simpleplancz","twitter_site":"@simpleplancz","twitter_misc":{"Napsal(a)":"Dominika","Odhadovan\u00e1 doba \u010dten\u00ed":"1 minuta"},"schema":{"@context":"https:\/\/schema.org","@graph":[{"@type":"Article","@id":"https:\/\/www.simpleplan.cz\/cz\/index.php\/la-presse-jmenoval-pierra-umelci-diky-kterym-montreal-zazaril\/#article","isPartOf":{"@id":"https:\/\/www.simpleplan.cz\/cz\/index.php\/la-presse-jmenoval-pierra-umelci-diky-kterym-montreal-zazaril\/"},"author":{"name":"Dominika","@id":"https:\/\/www.simpleplan.cz\/cz\/#\/schema\/person\/bb90dd25f4baab7793fc73ab0b783730"},"headline":"La Presse jmenoval Pierra mezi &#8222;um\u011blci, d\u00edky kter\u00fdm Montreal zaz\u00e1\u0159il&#8220;","datePublished":"2017-12-11T15:49:03+00:00","dateModified":"2023-06-26T05:05:12+00:00","mainEntityOfPage":{"@id":"https:\/\/www.simpleplan.cz\/cz\/index.php\/la-presse-jmenoval-pierra-umelci-diky-kterym-montreal-zazaril\/"},"wordCount":284,"commentCount":0,"publisher":{"@id":"https:\/\/www.simpleplan.cz\/cz\/#organization"},"keywords":["La Presse","Montreal"],"articleSection":["m\u00e9dia","Pierre"],"inLanguage":"cs","potentialAction":[{"@type":"CommentAction","name":"Comment","target":["https:\/\/www.simpleplan.cz\/cz\/index.php\/la-presse-jmenoval-pierra-umelci-diky-kterym-montreal-zazaril\/#respond"]}]},{"@type":"WebPage","@id":"https:\/\/www.simpleplan.cz\/cz\/index.php\/la-presse-jmenoval-pierra-umelci-diky-kterym-montreal-zazaril\/","url":"https:\/\/www.simpleplan.cz\/cz\/index.php\/la-presse-jmenoval-pierra-umelci-diky-kterym-montreal-zazaril\/","name":"La Presse jmenoval Pierra mezi \"um\u011blci, d\u00edky kter\u00fdm Montreal zaz\u00e1\u0159il\" | CZ: SimplePlan.cz","isPartOf":{"@id":"https:\/\/www.simpleplan.cz\/cz\/#website"},"datePublished":"2017-12-11T15:49:03+00:00","dateModified":"2023-06-26T05:05:12+00:00","breadcrumb":{"@id":"https:\/\/www.simpleplan.cz\/cz\/index.php\/la-presse-jmenoval-pierra-umelci-diky-kterym-montreal-zazaril\/#breadcrumb"},"inLanguage":"cs","potentialAction":[{"@type":"ReadAction","target":["https:\/\/www.simpleplan.cz\/cz\/index.php\/la-presse-jmenoval-pierra-umelci-diky-kterym-montreal-zazaril\/"]}]},{"@type":"BreadcrumbList","@id":"https:\/\/www.simpleplan.cz\/cz\/index.php\/la-presse-jmenoval-pierra-umelci-diky-kterym-montreal-zazaril\/#breadcrumb","itemListElement":[{"@type":"ListItem","position":1,"name":"Dom\u016f","item":"https:\/\/www.simpleplan.cz\/cz\/"},{"@type":"ListItem","position":2,"name":"Pierre","item":"https:\/\/www.simpleplan.cz\/cz\/index.php\/category\/pierre\/"},{"@type":"ListItem","position":3,"name":"La Presse jmenoval Pierra mezi &#8222;um\u011blci, d\u00edky kter\u00fdm Montreal zaz\u00e1\u0159il&#8220;"}]},{"@type":"WebSite","@id":"https:\/\/www.simpleplan.cz\/cz\/#website","url":"https:\/\/www.simpleplan.cz\/cz\/","name":"CZ: SimplePlan.cz","description":"Nejlep\u0161\u00ed zdroj informac\u00ed o kapele Simple Plan","publisher":{"@id":"https:\/\/www.simpleplan.cz\/cz\/#organization"},"potentialAction":[{"@type":"SearchAction","target":{"@type":"EntryPoint","urlTemplate":"https:\/\/www.simpleplan.cz\/cz\/?s={search_term_string}"},"query-input":"required name=search_term_string"}],"inLanguage":"cs"},{"@type":"Organization","@id":"https:\/\/www.simpleplan.cz\/cz\/#organization","name":"CZ: SimplePlan.cz","url":"https:\/\/www.simpleplan.cz\/cz\/","logo":{"@type":"ImageObject","inLanguage":"cs","@id":"https:\/\/www.simpleplan.cz\/cz\/#\/schema\/logo\/image\/","url":"https:\/\/www.simpleplan.cz\/cz\/wp-content\/uploads\/spczlogo.png","contentUrl":"https:\/\/www.simpleplan.cz\/cz\/wp-content\/uploads\/spczlogo.png","width":250,"height":190,"caption":"CZ: SimplePlan.cz"},"image":{"@id":"https:\/\/www.simpleplan.cz\/cz\/#\/schema\/logo\/image\/"},"sameAs":["http:\/\/www.facebook.com\/simpleplancz","https:\/\/twitter.com\/simpleplancz","http:\/\/www.instagram.com\/simpleplancz","http:\/\/www.youtube.com\/simpleplancz"]},{"@type":"Person","@id":"https:\/\/www.simpleplan.cz\/cz\/#\/schema\/person\/bb90dd25f4baab7793fc73ab0b783730","name":"Dominika","image":{"@type":"ImageObject","inLanguage":"cs","@id":"https:\/\/www.simpleplan.cz\/cz\/#\/schema\/person\/image\/","url":"https:\/\/secure.gravatar.com\/avatar\/de55cb16a8578d56e96c89d1a0af3db5?s=96&d=mm&r=g","contentUrl":"https:\/\/secure.gravatar.com\/avatar\/de55cb16a8578d56e96c89d1a0af3db5?s=96&d=mm&r=g","caption":"Dominika"},"sameAs":["http:\/\/www.simpleplan.cz"],"url":"https:\/\/www.simpleplan.cz\/cz\/index.php\/author\/admin-2\/"}]}},"featured_image_urls":{"full":["https:\/\/www.simpleplan.cz\/cz\/wp-content\/uploads\/vRr5BNE.png",670,300,false],"thumbnail":["https:\/\/www.simpleplan.cz\/cz\/wp-content\/uploads\/vRr5BNE-150x150.png",150,150,true],"medium":["https:\/\/www.simpleplan.cz\/cz\/wp-content\/uploads\/vRr5BNE-300x134.png",300,134,true],"medium_large":["https:\/\/www.simpleplan.cz\/cz\/wp-content\/uploads\/vRr5BNE.png",640,287,false],"large":["https:\/\/www.simpleplan.cz\/cz\/wp-content\/uploads\/vRr5BNE.png",640,287,false],"1536x1536":["https:\/\/www.simpleplan.cz\/cz\/wp-content\/uploads\/vRr5BNE.png",670,300,false],"2048x2048":["https:\/\/www.simpleplan.cz\/cz\/wp-content\/uploads\/vRr5BNE.png",670,300,false],"elegant-magazine-featured":["https:\/\/www.simpleplan.cz\/cz\/wp-content\/uploads\/vRr5BNE.png",670,300,false],"elegant-magazine-medium":["https:\/\/www.simpleplan.cz\/cz\/wp-content\/uploads\/vRr5BNE.png",670,300,false],"elegant-magazine-medium-small":["https:\/\/www.simpleplan.cz\/cz\/wp-content\/uploads\/vRr5BNE.png",300,134,false],"elegant-magazine-thumbnail-small":["https:\/\/www.simpleplan.cz\/cz\/wp-content\/uploads\/vRr5BNE.png",50,22,false]},"author_info":{"display_name":"Dominika","author_link":"https:\/\/www.simpleplan.cz\/cz\/index.php\/author\/admin-2\/"},"category_info":"<a href=\"https:\/\/www.simpleplan.cz\/cz\/index.php\/category\/media\/\" rel=\"category tag\">m\u00e9dia<\/a> <a href=\"https:\/\/www.simpleplan.cz\/cz\/index.php\/category\/pierre\/\" rel=\"category tag\">Pierre<\/a>","tag_info":"Pierre","comment_count":"0","_links":{"self":[{"href":"https:\/\/www.simpleplan.cz\/cz\/index.php\/wp-json\/wp\/v2\/posts\/24817"}],"collection":[{"href":"https:\/\/www.simpleplan.cz\/cz\/index.php\/wp-json\/wp\/v2\/posts"}],"about":[{"href":"https:\/\/www.simpleplan.cz\/cz\/index.php\/wp-json\/wp\/v2\/types\/post"}],"author":[{"embeddable":true,"href":"https:\/\/www.simpleplan.cz\/cz\/index.php\/wp-json\/wp\/v2\/users\/5"}],"replies":[{"embeddable":true,"href":"https:\/\/www.simpleplan.cz\/cz\/index.php\/wp-json\/wp\/v2\/comments?post=24817"}],"version-history":[{"count":1,"href":"https:\/\/www.simpleplan.cz\/cz\/index.php\/wp-json\/wp\/v2\/posts\/24817\/revisions"}],"predecessor-version":[{"id":24819,"href":"https:\/\/www.simpleplan.cz\/cz\/index.php\/wp-json\/wp\/v2\/posts\/24817\/revisions\/24819"}],"wp:featuredmedia":[{"embeddable":true,"href":"https:\/\/www.simpleplan.cz\/cz\/index.php\/wp-json\/wp\/v2\/media\/24820"}],"wp:attachment":[{"href":"https:\/\/www.simpleplan.cz\/cz\/index.php\/wp-json\/wp\/v2\/media?parent=24817"}],"wp:term":[{"taxonomy":"category","embeddable":true,"href":"https:\/\/www.simpleplan.cz\/cz\/index.php\/wp-json\/wp\/v2\/categories?post=24817"},{"taxonomy":"post_tag","embeddable":true,"href":"https:\/\/www.simpleplan.cz\/cz\/index.php\/wp-json\/wp\/v2\/tags?post=24817"}],"curies":[{"name":"wp","href":"https:\/\/api.w.org\/{rel}","templated":true}]}}