{"id":27485,"date":"2018-06-17T18:48:14","date_gmt":"2018-06-17T16:48:14","guid":{"rendered":"http:\/\/www.simpleplan.cz\/cz\/?p=27485"},"modified":"2023-06-26T07:05:03","modified_gmt":"2023-06-26T05:05:03","slug":"montebello-rockfest-spolu-letech-opet-vystoupili-puvodni-clenove-reset","status":"publish","type":"post","link":"https:\/\/www.simpleplan.cz\/cz\/index.php\/montebello-rockfest-spolu-letech-opet-vystoupili-puvodni-clenove-reset\/","title":{"rendered":"Na Montebello Rockfestu spolu po letech op\u011bt vystoupili p\u016fvodn\u00ed \u010dlenov\u00e9 Reset"},"content":{"rendered":"<p>V p\u00e1tek ve\u010der m\u011bli n\u00e1v\u0161t\u011bvn\u00edci nejv\u011bt\u0161\u00edho kanadsk\u00e9ho rockov\u00e9ho festivalu <b>Montebello Rockfestu<\/b> jedine\u010dnou mo\u017enost za\u017e\u00edt setk\u00e1n\u00ed p\u016fvodn\u00edch \u010dlen\u016f kapely Reset na jednom p\u00f3diu. Pokud sledujete Simple Plan u\u017e n\u011bjakou dobu, v\u00edte, \u017ee Reset zalo\u017eili v 90. letech dva \u010dlenov\u00e9 Simple Plan &#8211; Pierre a Chuck, kte\u0159\u00ed v\u0161ak po n\u011bkolika letech kapelu opustili a nakonec spolu op\u011bt skon\u010dili v Simple Plan. Mezit\u00edm v\u0161ak Reset nahradili zp\u011bv\u00e1ka Pierra nov\u00e1\u010dkem Davidem Desrosiersem, kter\u00e9ho si nakonec Simple Plan ukradli t\u00e9\u017e.<\/p>\n<p>Jeliko\u017e je David v sou\u010dasn\u00e9 dob\u011b st\u00e1le kv\u016fli sv\u00e9 nemoci neschopen vystupov\u00e1n\u00ed, fanou\u0161ci m\u011bli mo\u017enost na tomto znovushled\u00e1n\u00ed p\u016fvodn\u00edch \u010dlen\u016f Reset vid\u011bt alespo\u0148 <b>Pierra s Chuckem<\/b>, kte\u0159\u00ed kv\u016fli Montebello Rockfestu p\u0159ijeli na n\u011bkolik dn\u00ed do Kanady &#8211; a \u017ee to st\u00e1lo za to!<\/p>\n<p>Prohl\u00e9dn\u011bte si <b>prvn\u00ed fotografii z tohoto dojemn\u00e9ho setk\u00e1n\u00ed b\u00fdval\u00fdch \u010dlen\u016f Reset<\/b> v na\u0161\u00ed galerii:<\/p>\n<p><center><a href=\"http:\/\/www.simpleplan.cz\/gallery\/thumbnails.php?album=2608\" rel=\"noopener\" target=\"_blank\"><img decoding=\"async\" src=\"https:\/\/i.imgur.com\/XwjZ5Tf.png\"\/><\/a><\/center><\/p>\n<div class=\"fblikebutton_button\" style=\"float: left; padding-top: 20px; margin-right: 20px; padding-bottom: 20px; padding-left: 20px;\"><iframe src=\"http:\/\/www.facebook.com\/plugins\/like.php?href=https%3A%2F%2Fwww.simpleplan.cz%2Fcz%2Findex.php%2Fmontebello-rockfest-spolu-letech-opet-vystoupili-puvodni-clenove-reset%2F&amp;layout=standard&amp;show-faces=false&amp;width=450&amp;action=like&amp;colorscheme=light\" scrolling=\"no\" frameborder=\"0\" allowTransparency=\"true\" style=\"border:none; overflow:hidden; width:450px; height:26px\"><\/iframe><\/div>\n","protected":false},"excerpt":{"rendered":"<p>V p\u00e1tek ve\u010der m\u011bli n\u00e1v\u0161t\u011bvn\u00edci nejv\u011bt\u0161\u00edho kanadsk\u00e9ho rockov\u00e9ho festivalu Montebello Rockfestu jedine\u010dnou mo\u017enost za\u017e\u00edt setk\u00e1n\u00ed<\/p>\n","protected":false},"author":5,"featured_media":27488,"comment_status":"open","ping_status":"open","sticky":false,"template":"","format":"standard","meta":{"footnotes":"","fifu_image_url":"","fifu_image_alt":""},"categories":[1,9,8,5],"tags":[2930,269,1633],"yoast_head":"<!-- This site is optimized with the Yoast SEO plugin v20.9 - https:\/\/yoast.com\/wordpress\/plugins\/seo\/ -->\n<title>Na Montebello Rockfestu spolu po letech op\u011bt vystoupili p\u016fvodn\u00ed \u010dlenov\u00e9 Reset | CZ: SimplePlan.cz<\/title>\n<meta name=\"robots\" content=\"index, follow, max-snippet:-1, max-image-preview:large, max-video-preview:-1\" \/>\n<link rel=\"canonical\" href=\"https:\/\/www.simpleplan.cz\/cz\/index.php\/montebello-rockfest-spolu-letech-opet-vystoupili-puvodni-clenove-reset\/\" \/>\n<meta property=\"og:locale\" content=\"cs_CZ\" \/>\n<meta property=\"og:type\" content=\"article\" \/>\n<meta property=\"og:title\" content=\"Na Montebello Rockfestu spolu po letech op\u011bt vystoupili p\u016fvodn\u00ed \u010dlenov\u00e9 Reset | CZ: SimplePlan.cz\" \/>\n<meta property=\"og:description\" content=\"V p\u00e1tek ve\u010der m\u011bli n\u00e1v\u0161t\u011bvn\u00edci nejv\u011bt\u0161\u00edho kanadsk\u00e9ho rockov\u00e9ho festivalu Montebello Rockfestu jedine\u010dnou mo\u017enost za\u017e\u00edt setk\u00e1n\u00ed\" \/>\n<meta property=\"og:url\" content=\"https:\/\/www.simpleplan.cz\/cz\/index.php\/montebello-rockfest-spolu-letech-opet-vystoupili-puvodni-clenove-reset\/\" \/>\n<meta property=\"og:site_name\" content=\"CZ: SimplePlan.cz\" \/>\n<meta property=\"article:publisher\" content=\"http:\/\/www.facebook.com\/simpleplancz\" \/>\n<meta property=\"article:published_time\" content=\"2018-06-17T16:48:14+00:00\" \/>\n<meta property=\"article:modified_time\" content=\"2023-06-26T05:05:03+00:00\" \/>\n<meta property=\"og:image\" content=\"https:\/\/www.simpleplan.cz\/cz\/wp-content\/uploads\/x1ADUUh.png\" \/>\n\t<meta property=\"og:image:width\" content=\"670\" \/>\n\t<meta property=\"og:image:height\" content=\"300\" \/>\n\t<meta property=\"og:image:type\" content=\"image\/png\" \/>\n<meta name=\"author\" content=\"Dominika\" \/>\n<meta name=\"twitter:card\" content=\"summary_large_image\" \/>\n<meta name=\"twitter:creator\" content=\"@simpleplancz\" \/>\n<meta name=\"twitter:site\" content=\"@simpleplancz\" \/>\n<meta name=\"twitter:label1\" content=\"Napsal(a)\" \/>\n\t<meta name=\"twitter:data1\" content=\"Dominika\" \/>\n\t<meta name=\"twitter:label2\" content=\"Odhadovan\u00e1 doba \u010dten\u00ed\" \/>\n\t<meta name=\"twitter:data2\" content=\"1 minuta\" \/>\n<script type=\"application\/ld+json\" class=\"yoast-schema-graph\">{\"@context\":\"https:\/\/schema.org\",\"@graph\":[{\"@type\":\"Article\",\"@id\":\"https:\/\/www.simpleplan.cz\/cz\/index.php\/montebello-rockfest-spolu-letech-opet-vystoupili-puvodni-clenove-reset\/#article\",\"isPartOf\":{\"@id\":\"https:\/\/www.simpleplan.cz\/cz\/index.php\/montebello-rockfest-spolu-letech-opet-vystoupili-puvodni-clenove-reset\/\"},\"author\":{\"name\":\"Dominika\",\"@id\":\"https:\/\/www.simpleplan.cz\/cz\/#\/schema\/person\/bb90dd25f4baab7793fc73ab0b783730\"},\"headline\":\"Na Montebello Rockfestu spolu po letech op\u011bt vystoupili p\u016fvodn\u00ed \u010dlenov\u00e9 Reset\",\"datePublished\":\"2018-06-17T16:48:14+00:00\",\"dateModified\":\"2023-06-26T05:05:03+00:00\",\"mainEntityOfPage\":{\"@id\":\"https:\/\/www.simpleplan.cz\/cz\/index.php\/montebello-rockfest-spolu-letech-opet-vystoupili-puvodni-clenove-reset\/\"},\"wordCount\":196,\"commentCount\":0,\"publisher\":{\"@id\":\"https:\/\/www.simpleplan.cz\/cz\/#organization\"},\"keywords\":[\"Montebello Rockfest\",\"Reset\",\"reunion\"],\"articleSection\":[\"Chuck\",\"fotky\",\"koncerty\",\"Pierre\"],\"inLanguage\":\"cs\",\"potentialAction\":[{\"@type\":\"CommentAction\",\"name\":\"Comment\",\"target\":[\"https:\/\/www.simpleplan.cz\/cz\/index.php\/montebello-rockfest-spolu-letech-opet-vystoupili-puvodni-clenove-reset\/#respond\"]}]},{\"@type\":\"WebPage\",\"@id\":\"https:\/\/www.simpleplan.cz\/cz\/index.php\/montebello-rockfest-spolu-letech-opet-vystoupili-puvodni-clenove-reset\/\",\"url\":\"https:\/\/www.simpleplan.cz\/cz\/index.php\/montebello-rockfest-spolu-letech-opet-vystoupili-puvodni-clenove-reset\/\",\"name\":\"Na Montebello Rockfestu spolu po letech op\u011bt vystoupili p\u016fvodn\u00ed \u010dlenov\u00e9 Reset | CZ: SimplePlan.cz\",\"isPartOf\":{\"@id\":\"https:\/\/www.simpleplan.cz\/cz\/#website\"},\"datePublished\":\"2018-06-17T16:48:14+00:00\",\"dateModified\":\"2023-06-26T05:05:03+00:00\",\"breadcrumb\":{\"@id\":\"https:\/\/www.simpleplan.cz\/cz\/index.php\/montebello-rockfest-spolu-letech-opet-vystoupili-puvodni-clenove-reset\/#breadcrumb\"},\"inLanguage\":\"cs\",\"potentialAction\":[{\"@type\":\"ReadAction\",\"target\":[\"https:\/\/www.simpleplan.cz\/cz\/index.php\/montebello-rockfest-spolu-letech-opet-vystoupili-puvodni-clenove-reset\/\"]}]},{\"@type\":\"BreadcrumbList\",\"@id\":\"https:\/\/www.simpleplan.cz\/cz\/index.php\/montebello-rockfest-spolu-letech-opet-vystoupili-puvodni-clenove-reset\/#breadcrumb\",\"itemListElement\":[{\"@type\":\"ListItem\",\"position\":1,\"name\":\"Dom\u016f\",\"item\":\"https:\/\/www.simpleplan.cz\/cz\/\"},{\"@type\":\"ListItem\",\"position\":2,\"name\":\"Chuck\",\"item\":\"https:\/\/www.simpleplan.cz\/cz\/index.php\/category\/chuck\/\"},{\"@type\":\"ListItem\",\"position\":3,\"name\":\"Na Montebello Rockfestu spolu po letech op\u011bt vystoupili p\u016fvodn\u00ed \u010dlenov\u00e9 Reset\"}]},{\"@type\":\"WebSite\",\"@id\":\"https:\/\/www.simpleplan.cz\/cz\/#website\",\"url\":\"https:\/\/www.simpleplan.cz\/cz\/\",\"name\":\"CZ: SimplePlan.cz\",\"description\":\"Nejlep\u0161\u00ed zdroj informac\u00ed o kapele Simple Plan\",\"publisher\":{\"@id\":\"https:\/\/www.simpleplan.cz\/cz\/#organization\"},\"potentialAction\":[{\"@type\":\"SearchAction\",\"target\":{\"@type\":\"EntryPoint\",\"urlTemplate\":\"https:\/\/www.simpleplan.cz\/cz\/?s={search_term_string}\"},\"query-input\":\"required name=search_term_string\"}],\"inLanguage\":\"cs\"},{\"@type\":\"Organization\",\"@id\":\"https:\/\/www.simpleplan.cz\/cz\/#organization\",\"name\":\"CZ: SimplePlan.cz\",\"url\":\"https:\/\/www.simpleplan.cz\/cz\/\",\"logo\":{\"@type\":\"ImageObject\",\"inLanguage\":\"cs\",\"@id\":\"https:\/\/www.simpleplan.cz\/cz\/#\/schema\/logo\/image\/\",\"url\":\"https:\/\/www.simpleplan.cz\/cz\/wp-content\/uploads\/spczlogo.png\",\"contentUrl\":\"https:\/\/www.simpleplan.cz\/cz\/wp-content\/uploads\/spczlogo.png\",\"width\":250,\"height\":190,\"caption\":\"CZ: SimplePlan.cz\"},\"image\":{\"@id\":\"https:\/\/www.simpleplan.cz\/cz\/#\/schema\/logo\/image\/\"},\"sameAs\":[\"http:\/\/www.facebook.com\/simpleplancz\",\"https:\/\/twitter.com\/simpleplancz\",\"http:\/\/www.instagram.com\/simpleplancz\",\"http:\/\/www.youtube.com\/simpleplancz\"]},{\"@type\":\"Person\",\"@id\":\"https:\/\/www.simpleplan.cz\/cz\/#\/schema\/person\/bb90dd25f4baab7793fc73ab0b783730\",\"name\":\"Dominika\",\"image\":{\"@type\":\"ImageObject\",\"inLanguage\":\"cs\",\"@id\":\"https:\/\/www.simpleplan.cz\/cz\/#\/schema\/person\/image\/\",\"url\":\"https:\/\/secure.gravatar.com\/avatar\/de55cb16a8578d56e96c89d1a0af3db5?s=96&d=mm&r=g\",\"contentUrl\":\"https:\/\/secure.gravatar.com\/avatar\/de55cb16a8578d56e96c89d1a0af3db5?s=96&d=mm&r=g\",\"caption\":\"Dominika\"},\"sameAs\":[\"http:\/\/www.simpleplan.cz\"],\"url\":\"https:\/\/www.simpleplan.cz\/cz\/index.php\/author\/admin-2\/\"}]}<\/script>\n<!-- \/ Yoast SEO plugin. -->","yoast_head_json":{"title":"Na Montebello Rockfestu spolu po letech op\u011bt vystoupili p\u016fvodn\u00ed \u010dlenov\u00e9 Reset | CZ: SimplePlan.cz","robots":{"index":"index","follow":"follow","max-snippet":"max-snippet:-1","max-image-preview":"max-image-preview:large","max-video-preview":"max-video-preview:-1"},"canonical":"https:\/\/www.simpleplan.cz\/cz\/index.php\/montebello-rockfest-spolu-letech-opet-vystoupili-puvodni-clenove-reset\/","og_locale":"cs_CZ","og_type":"article","og_title":"Na Montebello Rockfestu spolu po letech op\u011bt vystoupili p\u016fvodn\u00ed \u010dlenov\u00e9 Reset | CZ: SimplePlan.cz","og_description":"V p\u00e1tek ve\u010der m\u011bli n\u00e1v\u0161t\u011bvn\u00edci nejv\u011bt\u0161\u00edho kanadsk\u00e9ho rockov\u00e9ho festivalu Montebello Rockfestu jedine\u010dnou mo\u017enost za\u017e\u00edt setk\u00e1n\u00ed","og_url":"https:\/\/www.simpleplan.cz\/cz\/index.php\/montebello-rockfest-spolu-letech-opet-vystoupili-puvodni-clenove-reset\/","og_site_name":"CZ: SimplePlan.cz","article_publisher":"http:\/\/www.facebook.com\/simpleplancz","article_published_time":"2018-06-17T16:48:14+00:00","article_modified_time":"2023-06-26T05:05:03+00:00","og_image":[{"width":670,"height":300,"url":"https:\/\/www.simpleplan.cz\/cz\/wp-content\/uploads\/x1ADUUh.png","type":"image\/png"}],"author":"Dominika","twitter_card":"summary_large_image","twitter_creator":"@simpleplancz","twitter_site":"@simpleplancz","twitter_misc":{"Napsal(a)":"Dominika","Odhadovan\u00e1 doba \u010dten\u00ed":"1 minuta"},"schema":{"@context":"https:\/\/schema.org","@graph":[{"@type":"Article","@id":"https:\/\/www.simpleplan.cz\/cz\/index.php\/montebello-rockfest-spolu-letech-opet-vystoupili-puvodni-clenove-reset\/#article","isPartOf":{"@id":"https:\/\/www.simpleplan.cz\/cz\/index.php\/montebello-rockfest-spolu-letech-opet-vystoupili-puvodni-clenove-reset\/"},"author":{"name":"Dominika","@id":"https:\/\/www.simpleplan.cz\/cz\/#\/schema\/person\/bb90dd25f4baab7793fc73ab0b783730"},"headline":"Na Montebello Rockfestu spolu po letech op\u011bt vystoupili p\u016fvodn\u00ed \u010dlenov\u00e9 Reset","datePublished":"2018-06-17T16:48:14+00:00","dateModified":"2023-06-26T05:05:03+00:00","mainEntityOfPage":{"@id":"https:\/\/www.simpleplan.cz\/cz\/index.php\/montebello-rockfest-spolu-letech-opet-vystoupili-puvodni-clenove-reset\/"},"wordCount":196,"commentCount":0,"publisher":{"@id":"https:\/\/www.simpleplan.cz\/cz\/#organization"},"keywords":["Montebello Rockfest","Reset","reunion"],"articleSection":["Chuck","fotky","koncerty","Pierre"],"inLanguage":"cs","potentialAction":[{"@type":"CommentAction","name":"Comment","target":["https:\/\/www.simpleplan.cz\/cz\/index.php\/montebello-rockfest-spolu-letech-opet-vystoupili-puvodni-clenove-reset\/#respond"]}]},{"@type":"WebPage","@id":"https:\/\/www.simpleplan.cz\/cz\/index.php\/montebello-rockfest-spolu-letech-opet-vystoupili-puvodni-clenove-reset\/","url":"https:\/\/www.simpleplan.cz\/cz\/index.php\/montebello-rockfest-spolu-letech-opet-vystoupili-puvodni-clenove-reset\/","name":"Na Montebello Rockfestu spolu po letech op\u011bt vystoupili p\u016fvodn\u00ed \u010dlenov\u00e9 Reset | CZ: SimplePlan.cz","isPartOf":{"@id":"https:\/\/www.simpleplan.cz\/cz\/#website"},"datePublished":"2018-06-17T16:48:14+00:00","dateModified":"2023-06-26T05:05:03+00:00","breadcrumb":{"@id":"https:\/\/www.simpleplan.cz\/cz\/index.php\/montebello-rockfest-spolu-letech-opet-vystoupili-puvodni-clenove-reset\/#breadcrumb"},"inLanguage":"cs","potentialAction":[{"@type":"ReadAction","target":["https:\/\/www.simpleplan.cz\/cz\/index.php\/montebello-rockfest-spolu-letech-opet-vystoupili-puvodni-clenove-reset\/"]}]},{"@type":"BreadcrumbList","@id":"https:\/\/www.simpleplan.cz\/cz\/index.php\/montebello-rockfest-spolu-letech-opet-vystoupili-puvodni-clenove-reset\/#breadcrumb","itemListElement":[{"@type":"ListItem","position":1,"name":"Dom\u016f","item":"https:\/\/www.simpleplan.cz\/cz\/"},{"@type":"ListItem","position":2,"name":"Chuck","item":"https:\/\/www.simpleplan.cz\/cz\/index.php\/category\/chuck\/"},{"@type":"ListItem","position":3,"name":"Na Montebello Rockfestu spolu po letech op\u011bt vystoupili p\u016fvodn\u00ed \u010dlenov\u00e9 Reset"}]},{"@type":"WebSite","@id":"https:\/\/www.simpleplan.cz\/cz\/#website","url":"https:\/\/www.simpleplan.cz\/cz\/","name":"CZ: SimplePlan.cz","description":"Nejlep\u0161\u00ed zdroj informac\u00ed o kapele Simple Plan","publisher":{"@id":"https:\/\/www.simpleplan.cz\/cz\/#organization"},"potentialAction":[{"@type":"SearchAction","target":{"@type":"EntryPoint","urlTemplate":"https:\/\/www.simpleplan.cz\/cz\/?s={search_term_string}"},"query-input":"required name=search_term_string"}],"inLanguage":"cs"},{"@type":"Organization","@id":"https:\/\/www.simpleplan.cz\/cz\/#organization","name":"CZ: SimplePlan.cz","url":"https:\/\/www.simpleplan.cz\/cz\/","logo":{"@type":"ImageObject","inLanguage":"cs","@id":"https:\/\/www.simpleplan.cz\/cz\/#\/schema\/logo\/image\/","url":"https:\/\/www.simpleplan.cz\/cz\/wp-content\/uploads\/spczlogo.png","contentUrl":"https:\/\/www.simpleplan.cz\/cz\/wp-content\/uploads\/spczlogo.png","width":250,"height":190,"caption":"CZ: SimplePlan.cz"},"image":{"@id":"https:\/\/www.simpleplan.cz\/cz\/#\/schema\/logo\/image\/"},"sameAs":["http:\/\/www.facebook.com\/simpleplancz","https:\/\/twitter.com\/simpleplancz","http:\/\/www.instagram.com\/simpleplancz","http:\/\/www.youtube.com\/simpleplancz"]},{"@type":"Person","@id":"https:\/\/www.simpleplan.cz\/cz\/#\/schema\/person\/bb90dd25f4baab7793fc73ab0b783730","name":"Dominika","image":{"@type":"ImageObject","inLanguage":"cs","@id":"https:\/\/www.simpleplan.cz\/cz\/#\/schema\/person\/image\/","url":"https:\/\/secure.gravatar.com\/avatar\/de55cb16a8578d56e96c89d1a0af3db5?s=96&d=mm&r=g","contentUrl":"https:\/\/secure.gravatar.com\/avatar\/de55cb16a8578d56e96c89d1a0af3db5?s=96&d=mm&r=g","caption":"Dominika"},"sameAs":["http:\/\/www.simpleplan.cz"],"url":"https:\/\/www.simpleplan.cz\/cz\/index.php\/author\/admin-2\/"}]}},"featured_image_urls":{"full":["https:\/\/www.simpleplan.cz\/cz\/wp-content\/uploads\/x1ADUUh.png",670,300,false],"thumbnail":["https:\/\/www.simpleplan.cz\/cz\/wp-content\/uploads\/x1ADUUh-150x150.png",150,150,true],"medium":["https:\/\/www.simpleplan.cz\/cz\/wp-content\/uploads\/x1ADUUh-300x134.png",300,134,true],"medium_large":["https:\/\/www.simpleplan.cz\/cz\/wp-content\/uploads\/x1ADUUh.png",640,287,false],"large":["https:\/\/www.simpleplan.cz\/cz\/wp-content\/uploads\/x1ADUUh.png",640,287,false],"1536x1536":["https:\/\/www.simpleplan.cz\/cz\/wp-content\/uploads\/x1ADUUh.png",670,300,false],"2048x2048":["https:\/\/www.simpleplan.cz\/cz\/wp-content\/uploads\/x1ADUUh.png",670,300,false],"elegant-magazine-featured":["https:\/\/www.simpleplan.cz\/cz\/wp-content\/uploads\/x1ADUUh.png",670,300,false],"elegant-magazine-medium":["https:\/\/www.simpleplan.cz\/cz\/wp-content\/uploads\/x1ADUUh.png",670,300,false],"elegant-magazine-medium-small":["https:\/\/www.simpleplan.cz\/cz\/wp-content\/uploads\/x1ADUUh.png",300,134,false],"elegant-magazine-thumbnail-small":["https:\/\/www.simpleplan.cz\/cz\/wp-content\/uploads\/x1ADUUh.png",50,22,false]},"author_info":{"display_name":"Dominika","author_link":"https:\/\/www.simpleplan.cz\/cz\/index.php\/author\/admin-2\/"},"category_info":"<a href=\"https:\/\/www.simpleplan.cz\/cz\/index.php\/category\/chuck\/\" rel=\"category tag\">Chuck<\/a> <a href=\"https:\/\/www.simpleplan.cz\/cz\/index.php\/category\/fotky\/\" rel=\"category tag\">fotky<\/a> <a href=\"https:\/\/www.simpleplan.cz\/cz\/index.php\/category\/koncerty\/\" rel=\"category tag\">koncerty<\/a> <a href=\"https:\/\/www.simpleplan.cz\/cz\/index.php\/category\/pierre\/\" rel=\"category tag\">Pierre<\/a>","tag_info":"Pierre","comment_count":"0","_links":{"self":[{"href":"https:\/\/www.simpleplan.cz\/cz\/index.php\/wp-json\/wp\/v2\/posts\/27485"}],"collection":[{"href":"https:\/\/www.simpleplan.cz\/cz\/index.php\/wp-json\/wp\/v2\/posts"}],"about":[{"href":"https:\/\/www.simpleplan.cz\/cz\/index.php\/wp-json\/wp\/v2\/types\/post"}],"author":[{"embeddable":true,"href":"https:\/\/www.simpleplan.cz\/cz\/index.php\/wp-json\/wp\/v2\/users\/5"}],"replies":[{"embeddable":true,"href":"https:\/\/www.simpleplan.cz\/cz\/index.php\/wp-json\/wp\/v2\/comments?post=27485"}],"version-history":[{"count":2,"href":"https:\/\/www.simpleplan.cz\/cz\/index.php\/wp-json\/wp\/v2\/posts\/27485\/revisions"}],"predecessor-version":[{"id":27489,"href":"https:\/\/www.simpleplan.cz\/cz\/index.php\/wp-json\/wp\/v2\/posts\/27485\/revisions\/27489"}],"wp:featuredmedia":[{"embeddable":true,"href":"https:\/\/www.simpleplan.cz\/cz\/index.php\/wp-json\/wp\/v2\/media\/27488"}],"wp:attachment":[{"href":"https:\/\/www.simpleplan.cz\/cz\/index.php\/wp-json\/wp\/v2\/media?parent=27485"}],"wp:term":[{"taxonomy":"category","embeddable":true,"href":"https:\/\/www.simpleplan.cz\/cz\/index.php\/wp-json\/wp\/v2\/categories?post=27485"},{"taxonomy":"post_tag","embeddable":true,"href":"https:\/\/www.simpleplan.cz\/cz\/index.php\/wp-json\/wp\/v2\/tags?post=27485"}],"curies":[{"name":"wp","href":"https:\/\/api.w.org\/{rel}","templated":true}]}}