{"id":27906,"date":"2018-09-21T23:04:28","date_gmt":"2018-09-21T21:04:28","guid":{"rendered":"http:\/\/www.simpleplan.cz\/cz\/?p=27906"},"modified":"2023-06-26T07:04:58","modified_gmt":"2023-06-26T05:04:58","slug":"simple-plan-se-podelili-dosud-nevideny-snimek-ze-dne-ashton-kutcher-nenachytal-punkd","status":"publish","type":"post","link":"https:\/\/www.simpleplan.cz\/cz\/index.php\/simple-plan-se-podelili-dosud-nevideny-snimek-ze-dne-ashton-kutcher-nenachytal-punkd\/","title":{"rendered":"Simple Plan se pod\u011blili o dosud nevid\u011bn\u00fd sn\u00edmek ze dne, kdy je Ashton Kutcher nenachytal pro Punk&#8217;d"},"content":{"rendered":"<p><center><img decoding=\"async\" src=\"https:\/\/i.imgur.com\/U1K6yGm.png\"\/><\/center><\/p>\n<p>Jak si ti z v\u00e1s,co se narodili v minul\u00e9m stolet\u00ed mo\u017en\u00e1 vzpomenou, mezi lety 2003 a 2007 moderoval herec Ashton Kutcher po\u0159ad na MTV s n\u00e1zvem <b>Punk&#8217;d<\/b>, ve kter\u00e9m se sna\u017eil dostat r\u016fzn\u00e9 celebrity od Justina Timberlakea a\u017e po Pink do nep\u0159\u00edjemn\u00fdch situac\u00ed a r\u016fzn\u011b je nap\u00e1lit, zat\u00edmco tyto osobnosti nem\u011bli o ni\u010dem ani tu\u0161en\u00ed, a u\u017e v\u016fbec ne o tom, \u017ee je nat\u00e1\u010dej\u00ed skryt\u00e9 kamery. A zat\u00edmco n\u011bkter\u00e9 pranky se na t\u00e9to show poda\u0159ili na v\u00fdbornou, n\u011bkter\u00e9 se prost\u011b nevyvedli &#8211; a Simple Plan jsou kr\u00e1sn\u00fdm p\u0159\u00edkladem pr\u00e1v\u011b t\u011bch nepoveden\u00fdch.<\/p>\n<p><b>Kluci ze Simple Plan byli jedn\u011bmi z prvn\u00edch &#8222;celebrit&#8220;, kter\u00e9 se Ashton Kutcher kolem let 2002 a 2003, kdy se nat\u00e1\u010dela prvn\u00ed s\u00e9rie Punk&#8217;d, pokusil nachytat.<\/b> A\u0165 se je v\u0161ak Ashton pokusil dostat do jakkoliv nep\u0159\u00edjemn\u00e9 situace, kluci z toho v\u0161eho vybrusili t\u00edm, \u017ee se jim poda\u0159ilo odhalit cel\u00fd prank, v\u010detn\u011b skryt\u00fdch kamer.<\/p>\n<p>Chuck se Sebem se o cel\u00fd tento p\u0159\u00edb\u011bh ned\u00e1vno pod\u011blili v rozhovoru pro Alternative Press. Tak\u017ee.. co p\u0159esn\u011b se tehdy v noci vlastn\u011b stalo?<\/p>\n<div class=\"quote\"><b>Seb:<\/b> <i>Ashton Kutcher se n\u00e1s sna\u017eil nap\u00e1lit!<\/i><br \/>\n<b>Chuck:<\/b> <i>Ano, byli jsme mezi t\u011bmi, kter\u00e9 se sna\u017eili nap\u00e1lit v prvn\u00ed s\u00e9rii, je\u0161t\u011b p\u0159edt\u00edm, ne\u017e byl Punk&#8217;d v\u016fbec poprv\u00e9 odvys\u00edl\u00e1n. Byli jsme na seznamu. Tak\u017ee je to clekem \u0161\u00edlen\u00e1 historka&#8230; Chce\u0161 \u0159\u00edct, co se stalo?<\/i><br \/>\n<b>Seb:<\/b> <i>Jo, byla to jeden z t\u011bch prank\u016f v autech&#8230; Mysl\u00edm, \u017ee m\u011bli..<\/i><br \/>\n<b>Chuck:<\/b> <i>Stalo se to pot\u00e9, co jsme hr\u00e1li v jedn\u00e9 z ve\u010dern\u00edch talk show&#8230; Mysl\u00edm, \u017ee to byl Jay Leno, nebo mo\u017en\u00e1 tehdy je\u0161t\u011b Craig Killbourne. Ale ka\u017edop\u00e1dn\u011b n\u00e1s po na\u0161em vystoupen\u00ed \u010dekala p\u0159ed studiem limuz\u00edna. <\/i><br \/>\n<b>Seb:<\/b> <i>A \u0159\u00eddil ji Dax [Shepard], co\u017e jsme tehdy samoz\u0159ejm\u011b je\u0161t\u011b nev\u011bd\u011bli.<\/i><br \/>\n<b>Chuck:<\/b> <i>Ale hned od za\u0159\u00e1tku n\u011bco nesed\u011blo, proto\u017ee n\u00e1s v\u011bt\u0161inou p\u0159ij\u00ed\u017ed\u00ed vyzvednout dod\u00e1vka, a ne limuz\u00edna. Tak\u017ee jsme do n\u00ed nasedli a ten t\u00fdpek se hned oto\u010dil a za\u010dal hr\u00e1t na\u0161e CD. A \u0159\u00edk\u00e1 n\u00e1m: &#8218;Kluci, j\u00e1 v\u00e1s naprosto zbo\u017e\u0148uju! Chucku, tvoje bubnov\u00e1n\u00ed je fakt neskute\u010dn\u00fd. Jsem v\u00e1\u0161 velk\u00fd fanou\u0161ek!&#8216;<\/i><br \/>\n<b>Seb:<\/b> <i>A to prost\u011b NIKDY nikdo ne\u0159\u00edk\u00e1, tak\u017ee si hned \u0159eknete, \u017ee je tu n\u011bco \u0161patn\u011b..<\/i><br \/>\n<b>Chuck:<\/b> <i>Hned v tu chv\u00edli jsem v\u011bd\u011bl, \u017ee tu n\u011bco nehraje, proto\u017ee \u0159idi\u010di nikdy neznaj\u00ed m\u00e9 jm\u00e9no, ani by nem\u011bli, a on ho znal.<\/i><br \/>\n<b>Seb:<\/b> <i>A pak je tu dal\u0161\u00ed v\u011bc: my jsme v minulosti u\u017e m\u011bli zku\u0161enost se skryt\u00fdmi kamerami, proto\u017ee Pierre byl v Damage Control. Tak\u017ee v\u00edme, jak to funguje. A prakticky hned, co jsme do t\u00e9 limuz\u00edny nasedli jsme vid\u011bli, \u017ee je jedna kamera v krabici s kapesn\u00ed\u010dky, dal\u0161\u00ed v rohu, tak\u017ee&#8230; u\u017e tehdy to n\u011b\u010d\u00edm smrd\u011blo.<\/i><br \/>\n<b>Chuck:<\/b> <i>N\u00e1\u0161 mana\u017eer tam byl s n\u00e1mi a my m\u00e1me takovou tendenci, \u017ee kdy\u017e je n\u011bco \u0161patn\u011b, tak spolu za\u010dneme mluvit francouzsky. Tak\u017ee jsme hned p\u0159epnuli do francouz\u0161tiny a n\u00e1\u0161 mana\u017eer se n\u00e1s hned sna\u017eil uko\u010d\u00edrovat, abychom mluvili anglicky, proto\u017ee to evidentn\u011b nen\u00ed pro MTV zrovna nejep\u0161\u00ed, kdy\u017e mluv\u00ed\u0161 francouzsky. Tak\u017ee to bylo taky divn\u00e9. Ale jedeme d\u00e1l, a v tu chv\u00edli najednou n\u00e1\u0161 \u0159idi\u010d mus\u00ed zastavit na benz\u00ednce. Samoz\u0159ejm\u011b v\u011bt\u0161inou kdy\u017e m\u00e1te \u0159idi\u010de, tak\u017ee se nezastavujete na benz\u00ednce, proto\u017ee to m\u011bl s\u00e1m ud\u011blat p\u0159edt\u00edm, ne\u017e v\u00e1s nabral, tak\u017ee to taky nesed\u011blo. A pak to bylo dovr\u0161eno t\u00edm, kdy\u017e k autu p\u0159istoupil bezdomovec, kter\u00fd za\u010dal na\u0161eho \u0159idi\u010de prosit o pen\u00edze &#8211; ten vysko\u010dil z auta a za\u010dal ho prost\u011b ml\u00e1tit. Pak nasedl zp\u00e1tky a p\u0159i v\u00fdjezdu je\u0161t\u011b do toho bezdomovce autem vrazil a my tam sed\u011bli a \u0159\u00edkali si: &#8218;Co se to proboha d\u011bje?&#8216; A pak k tomu do\u0161lo: v t\u00e9 dob\u011b jsem hodn\u011b \u010detl \u010dasopis Billboard a v\u011bd\u011bl jsem o tom, \u017ee se na MTV p\u0159ipravuje po\u0159ad Punk&#8217;d. \u010cetl jsem o tom, proto\u017ee to tam ozn\u00e1mili ve stylu: &#8218;Bude se jednat o nov\u00fd po\u0159ad, kde se celebrity dostanou do r\u016fzn\u00fdch nep\u0159\u00edjemn\u00fdch situac\u00ed.&#8216; Tak\u017ee jsem v\u011bd\u011bl co se d\u011bje, a pak jsem uvid\u011bl, \u017ee m\u00e1ten \u0159idi\u010d na kapot\u011b pap\u00edr, na kter\u00e9m bylo naps\u00e1no &#8218;Punk&#8217;d&#8216;. Tak jsem doslova \u0159ekl: &#8218;Mysl\u00edm si, \u017ee se n\u00e1s sna\u017e\u00ed nap\u00e1lit Ashton Kutcher pro Punk&#8217;d!&#8216;. A v tu r\u00e1nu se v\u0161echno zastavilo. Ashton vy\u0161el ven a byl neskute\u010dn\u011b na\u0161tvanej a pov\u00edd\u00e1 n\u00e1m: &#8218;Jak jste to v\u011bd\u011bli?&#8216;. No, jsme prost\u011b chyt\u0159\u00ed!<\/i><\/p>\n<p><center><font color=\"434277\"><b>&#8211; Rozhovor pro Alternative Press [<a href=\"https:\/\/www.youtube.com\/watch?v=AzPcc3rLjr4\" rel=\"noopener\" target=\"_blank\">odkaz<\/a>] &#8211;<\/b><\/font><\/center><\/div>\n<p>A pro\u010d se o tomto t\u00e9m\u011b\u0159 patn\u00e1ct let star\u00e9m p\u0159\u00edb\u011bhu dnes bav\u00edme? <b>Simple Plan si toto zaj\u00edmav\u00e9 setk\u00e1n\u00ed dnes p\u0159ipomn\u011bli publikov\u00e1n\u00edm dosud nevid\u011bn\u00e9ho sn\u00edmku z tohoto nepoveden\u00e9ho pranku s Ashtonem Kutcherem [mrkn\u011bte nahoru].<\/b> Plnou velikost fotografie najdete v na\u0161\u00ed galerii:<\/p>\n<p><center><\/p>\n<div class=\"view-full-post2\" style=\"padding-top:5px\"><a href=\"http:\/\/www.simpleplan.cz\/gallery\/thumbnails.php?album=2654\" target=\"_blank\" class=\"view-full-post-btn\" rel=\"noopener\">POD\u00cdVEJTE SE DO GALERIE<\/a><\/div>\n<p><\/center><\/p>\n<div class=\"fblikebutton_button\" style=\"float: left; padding-top: 20px; margin-right: 20px; padding-bottom: 20px; padding-left: 20px;\"><iframe src=\"http:\/\/www.facebook.com\/plugins\/like.php?href=https%3A%2F%2Fwww.simpleplan.cz%2Fcz%2Findex.php%2Fsimple-plan-se-podelili-dosud-nevideny-snimek-ze-dne-ashton-kutcher-nenachytal-punkd%2F&amp;layout=standard&amp;show-faces=false&amp;width=450&amp;action=like&amp;colorscheme=light\" scrolling=\"no\" frameborder=\"0\" allowTransparency=\"true\" style=\"border:none; overflow:hidden; width:450px; height:26px\"><\/iframe><\/div>\n","protected":false},"excerpt":{"rendered":"<p>Jak si ti z v\u00e1s,co se narodili v minul\u00e9m stolet\u00ed mo\u017en\u00e1 vzpomenou, mezi lety 2003<\/p>\n","protected":false},"author":5,"featured_media":27908,"comment_status":"open","ping_status":"open","sticky":false,"template":"","format":"standard","meta":{"footnotes":"","fifu_image_url":"","fifu_image_alt":""},"categories":[9,18,19],"tags":[2990,2989],"yoast_head":"<!-- This site is optimized with the Yoast SEO plugin v20.9 - https:\/\/yoast.com\/wordpress\/plugins\/seo\/ -->\n<title>Simple Plan se pod\u011blili o dosud nevid\u011bn\u00fd sn\u00edmek ze dne, kdy je Ashton Kutcher nenachytal pro Punk&#039;d | CZ: SimplePlan.cz<\/title>\n<meta name=\"robots\" content=\"index, follow, max-snippet:-1, max-image-preview:large, max-video-preview:-1\" \/>\n<link rel=\"canonical\" href=\"https:\/\/www.simpleplan.cz\/cz\/index.php\/simple-plan-se-podelili-dosud-nevideny-snimek-ze-dne-ashton-kutcher-nenachytal-punkd\/\" \/>\n<meta property=\"og:locale\" content=\"cs_CZ\" \/>\n<meta property=\"og:type\" content=\"article\" \/>\n<meta property=\"og:title\" content=\"Simple Plan se pod\u011blili o dosud nevid\u011bn\u00fd sn\u00edmek ze dne, kdy je Ashton Kutcher nenachytal pro Punk&#039;d | CZ: SimplePlan.cz\" \/>\n<meta property=\"og:description\" content=\"Jak si ti z v\u00e1s,co se narodili v minul\u00e9m stolet\u00ed mo\u017en\u00e1 vzpomenou, mezi lety 2003\" \/>\n<meta property=\"og:url\" content=\"https:\/\/www.simpleplan.cz\/cz\/index.php\/simple-plan-se-podelili-dosud-nevideny-snimek-ze-dne-ashton-kutcher-nenachytal-punkd\/\" \/>\n<meta property=\"og:site_name\" content=\"CZ: SimplePlan.cz\" \/>\n<meta property=\"article:publisher\" content=\"http:\/\/www.facebook.com\/simpleplancz\" \/>\n<meta property=\"article:published_time\" content=\"2018-09-21T21:04:28+00:00\" \/>\n<meta property=\"article:modified_time\" content=\"2023-06-26T05:04:58+00:00\" \/>\n<meta property=\"og:image\" content=\"https:\/\/www.simpleplan.cz\/cz\/wp-content\/uploads\/036.png\" \/>\n\t<meta property=\"og:image:width\" content=\"670\" \/>\n\t<meta property=\"og:image:height\" content=\"300\" \/>\n\t<meta property=\"og:image:type\" content=\"image\/png\" \/>\n<meta name=\"author\" content=\"Dominika\" \/>\n<meta name=\"twitter:card\" content=\"summary_large_image\" \/>\n<meta name=\"twitter:creator\" content=\"@simpleplancz\" \/>\n<meta name=\"twitter:site\" content=\"@simpleplancz\" \/>\n<meta name=\"twitter:label1\" content=\"Napsal(a)\" \/>\n\t<meta name=\"twitter:data1\" content=\"Dominika\" \/>\n\t<meta name=\"twitter:label2\" content=\"Odhadovan\u00e1 doba \u010dten\u00ed\" \/>\n\t<meta name=\"twitter:data2\" content=\"5 minut\" \/>\n<script type=\"application\/ld+json\" class=\"yoast-schema-graph\">{\"@context\":\"https:\/\/schema.org\",\"@graph\":[{\"@type\":\"Article\",\"@id\":\"https:\/\/www.simpleplan.cz\/cz\/index.php\/simple-plan-se-podelili-dosud-nevideny-snimek-ze-dne-ashton-kutcher-nenachytal-punkd\/#article\",\"isPartOf\":{\"@id\":\"https:\/\/www.simpleplan.cz\/cz\/index.php\/simple-plan-se-podelili-dosud-nevideny-snimek-ze-dne-ashton-kutcher-nenachytal-punkd\/\"},\"author\":{\"name\":\"Dominika\",\"@id\":\"https:\/\/www.simpleplan.cz\/cz\/#\/schema\/person\/bb90dd25f4baab7793fc73ab0b783730\"},\"headline\":\"Simple Plan se pod\u011blili o dosud nevid\u011bn\u00fd sn\u00edmek ze dne, kdy je Ashton Kutcher nenachytal pro Punk&#8217;d\",\"datePublished\":\"2018-09-21T21:04:28+00:00\",\"dateModified\":\"2023-06-26T05:04:58+00:00\",\"mainEntityOfPage\":{\"@id\":\"https:\/\/www.simpleplan.cz\/cz\/index.php\/simple-plan-se-podelili-dosud-nevideny-snimek-ze-dne-ashton-kutcher-nenachytal-punkd\/\"},\"wordCount\":974,\"commentCount\":0,\"publisher\":{\"@id\":\"https:\/\/www.simpleplan.cz\/cz\/#organization\"},\"keywords\":[\"Ashton Kutcher\",\"Punk'd\"],\"articleSection\":[\"fotky\",\"m\u00e9dia\",\"rozhovory\"],\"inLanguage\":\"cs\",\"potentialAction\":[{\"@type\":\"CommentAction\",\"name\":\"Comment\",\"target\":[\"https:\/\/www.simpleplan.cz\/cz\/index.php\/simple-plan-se-podelili-dosud-nevideny-snimek-ze-dne-ashton-kutcher-nenachytal-punkd\/#respond\"]}]},{\"@type\":\"WebPage\",\"@id\":\"https:\/\/www.simpleplan.cz\/cz\/index.php\/simple-plan-se-podelili-dosud-nevideny-snimek-ze-dne-ashton-kutcher-nenachytal-punkd\/\",\"url\":\"https:\/\/www.simpleplan.cz\/cz\/index.php\/simple-plan-se-podelili-dosud-nevideny-snimek-ze-dne-ashton-kutcher-nenachytal-punkd\/\",\"name\":\"Simple Plan se pod\u011blili o dosud nevid\u011bn\u00fd sn\u00edmek ze dne, kdy je Ashton Kutcher nenachytal pro Punk'd | CZ: SimplePlan.cz\",\"isPartOf\":{\"@id\":\"https:\/\/www.simpleplan.cz\/cz\/#website\"},\"datePublished\":\"2018-09-21T21:04:28+00:00\",\"dateModified\":\"2023-06-26T05:04:58+00:00\",\"breadcrumb\":{\"@id\":\"https:\/\/www.simpleplan.cz\/cz\/index.php\/simple-plan-se-podelili-dosud-nevideny-snimek-ze-dne-ashton-kutcher-nenachytal-punkd\/#breadcrumb\"},\"inLanguage\":\"cs\",\"potentialAction\":[{\"@type\":\"ReadAction\",\"target\":[\"https:\/\/www.simpleplan.cz\/cz\/index.php\/simple-plan-se-podelili-dosud-nevideny-snimek-ze-dne-ashton-kutcher-nenachytal-punkd\/\"]}]},{\"@type\":\"BreadcrumbList\",\"@id\":\"https:\/\/www.simpleplan.cz\/cz\/index.php\/simple-plan-se-podelili-dosud-nevideny-snimek-ze-dne-ashton-kutcher-nenachytal-punkd\/#breadcrumb\",\"itemListElement\":[{\"@type\":\"ListItem\",\"position\":1,\"name\":\"Dom\u016f\",\"item\":\"https:\/\/www.simpleplan.cz\/cz\/\"},{\"@type\":\"ListItem\",\"position\":2,\"name\":\"fotky\",\"item\":\"https:\/\/www.simpleplan.cz\/cz\/index.php\/category\/fotky\/\"},{\"@type\":\"ListItem\",\"position\":3,\"name\":\"Simple Plan se pod\u011blili o dosud nevid\u011bn\u00fd sn\u00edmek ze dne, kdy je Ashton Kutcher nenachytal pro Punk&#8217;d\"}]},{\"@type\":\"WebSite\",\"@id\":\"https:\/\/www.simpleplan.cz\/cz\/#website\",\"url\":\"https:\/\/www.simpleplan.cz\/cz\/\",\"name\":\"CZ: SimplePlan.cz\",\"description\":\"Nejlep\u0161\u00ed zdroj informac\u00ed o kapele Simple Plan\",\"publisher\":{\"@id\":\"https:\/\/www.simpleplan.cz\/cz\/#organization\"},\"potentialAction\":[{\"@type\":\"SearchAction\",\"target\":{\"@type\":\"EntryPoint\",\"urlTemplate\":\"https:\/\/www.simpleplan.cz\/cz\/?s={search_term_string}\"},\"query-input\":\"required name=search_term_string\"}],\"inLanguage\":\"cs\"},{\"@type\":\"Organization\",\"@id\":\"https:\/\/www.simpleplan.cz\/cz\/#organization\",\"name\":\"CZ: SimplePlan.cz\",\"url\":\"https:\/\/www.simpleplan.cz\/cz\/\",\"logo\":{\"@type\":\"ImageObject\",\"inLanguage\":\"cs\",\"@id\":\"https:\/\/www.simpleplan.cz\/cz\/#\/schema\/logo\/image\/\",\"url\":\"https:\/\/www.simpleplan.cz\/cz\/wp-content\/uploads\/spczlogo.png\",\"contentUrl\":\"https:\/\/www.simpleplan.cz\/cz\/wp-content\/uploads\/spczlogo.png\",\"width\":250,\"height\":190,\"caption\":\"CZ: SimplePlan.cz\"},\"image\":{\"@id\":\"https:\/\/www.simpleplan.cz\/cz\/#\/schema\/logo\/image\/\"},\"sameAs\":[\"http:\/\/www.facebook.com\/simpleplancz\",\"https:\/\/twitter.com\/simpleplancz\",\"http:\/\/www.instagram.com\/simpleplancz\",\"http:\/\/www.youtube.com\/simpleplancz\"]},{\"@type\":\"Person\",\"@id\":\"https:\/\/www.simpleplan.cz\/cz\/#\/schema\/person\/bb90dd25f4baab7793fc73ab0b783730\",\"name\":\"Dominika\",\"image\":{\"@type\":\"ImageObject\",\"inLanguage\":\"cs\",\"@id\":\"https:\/\/www.simpleplan.cz\/cz\/#\/schema\/person\/image\/\",\"url\":\"https:\/\/secure.gravatar.com\/avatar\/de55cb16a8578d56e96c89d1a0af3db5?s=96&d=mm&r=g\",\"contentUrl\":\"https:\/\/secure.gravatar.com\/avatar\/de55cb16a8578d56e96c89d1a0af3db5?s=96&d=mm&r=g\",\"caption\":\"Dominika\"},\"sameAs\":[\"http:\/\/www.simpleplan.cz\"],\"url\":\"https:\/\/www.simpleplan.cz\/cz\/index.php\/author\/admin-2\/\"}]}<\/script>\n<!-- \/ Yoast SEO plugin. -->","yoast_head_json":{"title":"Simple Plan se pod\u011blili o dosud nevid\u011bn\u00fd sn\u00edmek ze dne, kdy je Ashton Kutcher nenachytal pro Punk'd | CZ: SimplePlan.cz","robots":{"index":"index","follow":"follow","max-snippet":"max-snippet:-1","max-image-preview":"max-image-preview:large","max-video-preview":"max-video-preview:-1"},"canonical":"https:\/\/www.simpleplan.cz\/cz\/index.php\/simple-plan-se-podelili-dosud-nevideny-snimek-ze-dne-ashton-kutcher-nenachytal-punkd\/","og_locale":"cs_CZ","og_type":"article","og_title":"Simple Plan se pod\u011blili o dosud nevid\u011bn\u00fd sn\u00edmek ze dne, kdy je Ashton Kutcher nenachytal pro Punk'd | CZ: SimplePlan.cz","og_description":"Jak si ti z v\u00e1s,co se narodili v minul\u00e9m stolet\u00ed mo\u017en\u00e1 vzpomenou, mezi lety 2003","og_url":"https:\/\/www.simpleplan.cz\/cz\/index.php\/simple-plan-se-podelili-dosud-nevideny-snimek-ze-dne-ashton-kutcher-nenachytal-punkd\/","og_site_name":"CZ: SimplePlan.cz","article_publisher":"http:\/\/www.facebook.com\/simpleplancz","article_published_time":"2018-09-21T21:04:28+00:00","article_modified_time":"2023-06-26T05:04:58+00:00","og_image":[{"width":670,"height":300,"url":"https:\/\/www.simpleplan.cz\/cz\/wp-content\/uploads\/036.png","type":"image\/png"}],"author":"Dominika","twitter_card":"summary_large_image","twitter_creator":"@simpleplancz","twitter_site":"@simpleplancz","twitter_misc":{"Napsal(a)":"Dominika","Odhadovan\u00e1 doba \u010dten\u00ed":"5 minut"},"schema":{"@context":"https:\/\/schema.org","@graph":[{"@type":"Article","@id":"https:\/\/www.simpleplan.cz\/cz\/index.php\/simple-plan-se-podelili-dosud-nevideny-snimek-ze-dne-ashton-kutcher-nenachytal-punkd\/#article","isPartOf":{"@id":"https:\/\/www.simpleplan.cz\/cz\/index.php\/simple-plan-se-podelili-dosud-nevideny-snimek-ze-dne-ashton-kutcher-nenachytal-punkd\/"},"author":{"name":"Dominika","@id":"https:\/\/www.simpleplan.cz\/cz\/#\/schema\/person\/bb90dd25f4baab7793fc73ab0b783730"},"headline":"Simple Plan se pod\u011blili o dosud nevid\u011bn\u00fd sn\u00edmek ze dne, kdy je Ashton Kutcher nenachytal pro Punk&#8217;d","datePublished":"2018-09-21T21:04:28+00:00","dateModified":"2023-06-26T05:04:58+00:00","mainEntityOfPage":{"@id":"https:\/\/www.simpleplan.cz\/cz\/index.php\/simple-plan-se-podelili-dosud-nevideny-snimek-ze-dne-ashton-kutcher-nenachytal-punkd\/"},"wordCount":974,"commentCount":0,"publisher":{"@id":"https:\/\/www.simpleplan.cz\/cz\/#organization"},"keywords":["Ashton Kutcher","Punk'd"],"articleSection":["fotky","m\u00e9dia","rozhovory"],"inLanguage":"cs","potentialAction":[{"@type":"CommentAction","name":"Comment","target":["https:\/\/www.simpleplan.cz\/cz\/index.php\/simple-plan-se-podelili-dosud-nevideny-snimek-ze-dne-ashton-kutcher-nenachytal-punkd\/#respond"]}]},{"@type":"WebPage","@id":"https:\/\/www.simpleplan.cz\/cz\/index.php\/simple-plan-se-podelili-dosud-nevideny-snimek-ze-dne-ashton-kutcher-nenachytal-punkd\/","url":"https:\/\/www.simpleplan.cz\/cz\/index.php\/simple-plan-se-podelili-dosud-nevideny-snimek-ze-dne-ashton-kutcher-nenachytal-punkd\/","name":"Simple Plan se pod\u011blili o dosud nevid\u011bn\u00fd sn\u00edmek ze dne, kdy je Ashton Kutcher nenachytal pro Punk'd | CZ: SimplePlan.cz","isPartOf":{"@id":"https:\/\/www.simpleplan.cz\/cz\/#website"},"datePublished":"2018-09-21T21:04:28+00:00","dateModified":"2023-06-26T05:04:58+00:00","breadcrumb":{"@id":"https:\/\/www.simpleplan.cz\/cz\/index.php\/simple-plan-se-podelili-dosud-nevideny-snimek-ze-dne-ashton-kutcher-nenachytal-punkd\/#breadcrumb"},"inLanguage":"cs","potentialAction":[{"@type":"ReadAction","target":["https:\/\/www.simpleplan.cz\/cz\/index.php\/simple-plan-se-podelili-dosud-nevideny-snimek-ze-dne-ashton-kutcher-nenachytal-punkd\/"]}]},{"@type":"BreadcrumbList","@id":"https:\/\/www.simpleplan.cz\/cz\/index.php\/simple-plan-se-podelili-dosud-nevideny-snimek-ze-dne-ashton-kutcher-nenachytal-punkd\/#breadcrumb","itemListElement":[{"@type":"ListItem","position":1,"name":"Dom\u016f","item":"https:\/\/www.simpleplan.cz\/cz\/"},{"@type":"ListItem","position":2,"name":"fotky","item":"https:\/\/www.simpleplan.cz\/cz\/index.php\/category\/fotky\/"},{"@type":"ListItem","position":3,"name":"Simple Plan se pod\u011blili o dosud nevid\u011bn\u00fd sn\u00edmek ze dne, kdy je Ashton Kutcher nenachytal pro Punk&#8217;d"}]},{"@type":"WebSite","@id":"https:\/\/www.simpleplan.cz\/cz\/#website","url":"https:\/\/www.simpleplan.cz\/cz\/","name":"CZ: SimplePlan.cz","description":"Nejlep\u0161\u00ed zdroj informac\u00ed o kapele Simple Plan","publisher":{"@id":"https:\/\/www.simpleplan.cz\/cz\/#organization"},"potentialAction":[{"@type":"SearchAction","target":{"@type":"EntryPoint","urlTemplate":"https:\/\/www.simpleplan.cz\/cz\/?s={search_term_string}"},"query-input":"required name=search_term_string"}],"inLanguage":"cs"},{"@type":"Organization","@id":"https:\/\/www.simpleplan.cz\/cz\/#organization","name":"CZ: SimplePlan.cz","url":"https:\/\/www.simpleplan.cz\/cz\/","logo":{"@type":"ImageObject","inLanguage":"cs","@id":"https:\/\/www.simpleplan.cz\/cz\/#\/schema\/logo\/image\/","url":"https:\/\/www.simpleplan.cz\/cz\/wp-content\/uploads\/spczlogo.png","contentUrl":"https:\/\/www.simpleplan.cz\/cz\/wp-content\/uploads\/spczlogo.png","width":250,"height":190,"caption":"CZ: SimplePlan.cz"},"image":{"@id":"https:\/\/www.simpleplan.cz\/cz\/#\/schema\/logo\/image\/"},"sameAs":["http:\/\/www.facebook.com\/simpleplancz","https:\/\/twitter.com\/simpleplancz","http:\/\/www.instagram.com\/simpleplancz","http:\/\/www.youtube.com\/simpleplancz"]},{"@type":"Person","@id":"https:\/\/www.simpleplan.cz\/cz\/#\/schema\/person\/bb90dd25f4baab7793fc73ab0b783730","name":"Dominika","image":{"@type":"ImageObject","inLanguage":"cs","@id":"https:\/\/www.simpleplan.cz\/cz\/#\/schema\/person\/image\/","url":"https:\/\/secure.gravatar.com\/avatar\/de55cb16a8578d56e96c89d1a0af3db5?s=96&d=mm&r=g","contentUrl":"https:\/\/secure.gravatar.com\/avatar\/de55cb16a8578d56e96c89d1a0af3db5?s=96&d=mm&r=g","caption":"Dominika"},"sameAs":["http:\/\/www.simpleplan.cz"],"url":"https:\/\/www.simpleplan.cz\/cz\/index.php\/author\/admin-2\/"}]}},"featured_image_urls":{"full":["https:\/\/www.simpleplan.cz\/cz\/wp-content\/uploads\/036.png",670,300,false],"thumbnail":["https:\/\/www.simpleplan.cz\/cz\/wp-content\/uploads\/036-150x150.png",150,150,true],"medium":["https:\/\/www.simpleplan.cz\/cz\/wp-content\/uploads\/036-300x134.png",300,134,true],"medium_large":["https:\/\/www.simpleplan.cz\/cz\/wp-content\/uploads\/036.png",640,287,false],"large":["https:\/\/www.simpleplan.cz\/cz\/wp-content\/uploads\/036.png",640,287,false],"1536x1536":["https:\/\/www.simpleplan.cz\/cz\/wp-content\/uploads\/036.png",670,300,false],"2048x2048":["https:\/\/www.simpleplan.cz\/cz\/wp-content\/uploads\/036.png",670,300,false],"elegant-magazine-featured":["https:\/\/www.simpleplan.cz\/cz\/wp-content\/uploads\/036.png",670,300,false],"elegant-magazine-medium":["https:\/\/www.simpleplan.cz\/cz\/wp-content\/uploads\/036.png",670,300,false],"elegant-magazine-medium-small":["https:\/\/www.simpleplan.cz\/cz\/wp-content\/uploads\/036.png",300,134,false],"elegant-magazine-thumbnail-small":["https:\/\/www.simpleplan.cz\/cz\/wp-content\/uploads\/036.png",50,22,false]},"author_info":{"display_name":"Dominika","author_link":"https:\/\/www.simpleplan.cz\/cz\/index.php\/author\/admin-2\/"},"category_info":"<a href=\"https:\/\/www.simpleplan.cz\/cz\/index.php\/category\/fotky\/\" rel=\"category tag\">fotky<\/a> <a href=\"https:\/\/www.simpleplan.cz\/cz\/index.php\/category\/media\/\" rel=\"category tag\">m\u00e9dia<\/a> <a href=\"https:\/\/www.simpleplan.cz\/cz\/index.php\/category\/rozhovory\/\" rel=\"category tag\">rozhovory<\/a>","tag_info":"rozhovory","comment_count":"0","_links":{"self":[{"href":"https:\/\/www.simpleplan.cz\/cz\/index.php\/wp-json\/wp\/v2\/posts\/27906"}],"collection":[{"href":"https:\/\/www.simpleplan.cz\/cz\/index.php\/wp-json\/wp\/v2\/posts"}],"about":[{"href":"https:\/\/www.simpleplan.cz\/cz\/index.php\/wp-json\/wp\/v2\/types\/post"}],"author":[{"embeddable":true,"href":"https:\/\/www.simpleplan.cz\/cz\/index.php\/wp-json\/wp\/v2\/users\/5"}],"replies":[{"embeddable":true,"href":"https:\/\/www.simpleplan.cz\/cz\/index.php\/wp-json\/wp\/v2\/comments?post=27906"}],"version-history":[{"count":3,"href":"https:\/\/www.simpleplan.cz\/cz\/index.php\/wp-json\/wp\/v2\/posts\/27906\/revisions"}],"predecessor-version":[{"id":29895,"href":"https:\/\/www.simpleplan.cz\/cz\/index.php\/wp-json\/wp\/v2\/posts\/27906\/revisions\/29895"}],"wp:featuredmedia":[{"embeddable":true,"href":"https:\/\/www.simpleplan.cz\/cz\/index.php\/wp-json\/wp\/v2\/media\/27908"}],"wp:attachment":[{"href":"https:\/\/www.simpleplan.cz\/cz\/index.php\/wp-json\/wp\/v2\/media?parent=27906"}],"wp:term":[{"taxonomy":"category","embeddable":true,"href":"https:\/\/www.simpleplan.cz\/cz\/index.php\/wp-json\/wp\/v2\/categories?post=27906"},{"taxonomy":"post_tag","embeddable":true,"href":"https:\/\/www.simpleplan.cz\/cz\/index.php\/wp-json\/wp\/v2\/tags?post=27906"}],"curies":[{"name":"wp","href":"https:\/\/api.w.org\/{rel}","templated":true}]}}