{"id":28252,"date":"2019-02-16T18:59:06","date_gmt":"2019-02-16T17:59:06","guid":{"rendered":"http:\/\/www.simpleplan.cz\/cz\/?p=28252"},"modified":"2023-06-26T07:04:34","modified_gmt":"2023-06-26T05:04:34","slug":"pierre-chuckem-si-prizvali-travise-clarka-we-the-kings-dalsi-skladaci-session","status":"publish","type":"post","link":"https:\/\/www.simpleplan.cz\/cz\/index.php\/pierre-chuckem-si-prizvali-travise-clarka-we-the-kings-dalsi-skladaci-session\/","title":{"rendered":"Pierre s Chuckem si p\u0159izvali Travise Clarka (We The Kings) na dal\u0161\u00ed skl\u00e1dac\u00ed session!"},"content":{"rendered":"<p><center><img decoding=\"async\" src=\"https:\/\/i.imgur.com\/inqAFDr.jpg\"\/><\/center><\/p>\n<p>Vypad\u00e1 to, \u017ee si Pierre s Chuckem opravdu obl\u00edbili hlavn\u00edho zp\u011bv\u00e1ka We The Kings, <b>Travise Clarka<\/b>, jako sv\u00e9ho t\u0159et\u00edho skladatele do party, jeliko\u017e <b>jej op\u011bt po\u017e\u00e1dali, aby se p\u0159idal k jejich dal\u0161\u00ed skl\u00e1datelsk\u00e9 session, kter\u00e9 v tuto chv\u00edli prob\u00edhaj\u00ed v Los Angeles.<\/b> <\/p>\n<p>Z toho, co v\u00edme, to bylo ji\u017e pot\u0159et\u00ed za posledn\u00edch n\u011bkolik m\u011bs\u00edc\u016f, co se tito t\u0159i muzikanti spojili, aby spole\u010dn\u00fdmi silami slo\u017eili n\u011bkolik nov\u00fdch song\u016f pro nadch\u00e1zej\u00edc\u00ed \u0161est\u00e9 album Simple Plan &#8211; poprv\u00e9 to bylo <a href=\"http:\/\/www.simpleplan.cz\/cz\/index.php\/pierre-chuckem-skladaji-pisne-nove-album-travisem-clarkem-we-the-kings\/\" rel=\"noopener\" target=\"_blank\">v prosinci 2018<\/a> a dal\u0161\u00ed spole\u010dn\u00e9 skl\u00e1d\u00e1n\u00ed pak prob\u011bhlo <a href=\"http:\/\/www.simpleplan.cz\/cz\/index.php\/pierre-chuck-skladaji-travisem-clarkem-pierre-odhalil-vice-stylu-textovem-obsahu-noveho-alba\/\" rel=\"noopener\" target=\"_blank\">v lednu leto\u0161n\u00edho roku<\/a>.<\/p>\n<p>Toto trio tento t\u00fdden pracovalo na n\u011bkolika nov\u00fdch hitech v Chuckov\u011b dom\u00e1c\u00edm studiu, co\u017e dnes Pierre potvrdil <b>novou spole\u010dnou fotkou na sv\u00e9m Instagramu [<a href=\"http:\/\/www.simpleplan.cz\/gallery\/thumbnails.php?album=2667\" rel=\"noopener\" target=\"_blank\">pod\u00edvejte se na ni v na\u0161\u00ed galerii<\/a>]<\/b> a <b>Travis o t\u00e9to session tak\u00e9 promluvil ve sv\u00e9 nejnov\u011bj\u0161\u00ed Instagram Story<\/b>:<\/p>\n<div class=\"quote\"><i>&#8222;Pr\u00e1v\u011b jsem se vr\u00e1til z jedn\u00e9 z t\u011bch lep\u0161\u00edch skl\u00e1dac\u00edch sessions, kter\u00fdch jsem se kdy s klukama ze Simple Plan z\u00fa\u010dastnil! D\u00edky moc Pierre a Chucku, \u017ee toho m\u016f\u017eu b\u00fdt sou\u010d\u00e1st\u00ed! A te\u010f jsem zp\u00e1tky se svoj\u00ed rodinou!&#8220;<\/i><\/div>\n<p><center><font color=\"434277\"><b>&#8211; Travis Clark (We The Kings) &#8211;<\/b><\/font><\/center><\/p>\n<p><center><iframe width=\"560\" height=\"315\" src=\"https:\/\/www.youtube.com\/embed\/ykg7ztJ0jV4\" frameborder=\"0\" allow=\"accelerometer; autoplay; encrypted-media; gyroscope; picture-in-picture\" allowfullscreen><\/iframe><\/center><\/p>\n<p><center><img decoding=\"async\" src=\"http:\/\/www.simpleplan.cz\/cz\/wp-content\/themes\/2016\/images\/divider.png\"><\/center><\/p>\n<div class=\"musichead3\" align=\"center\"><center>Nezapome\u0148te sledovat ve\u0161ker\u00fd pokrok v tvorb\u011b nov\u00e9ho alba Simple Plan sledov\u00e1n\u00edm na\u0161\u00ed <b>speci\u00e1ln\u00ed sekce o 6. albu<\/b>, kde najdete v\u0161e, co o t\u00e9to desce doposud v\u00edme!<\/center><\/div>\n<p><center><\/p>\n<div class=\"view-full-post2\" style=\"padding-top:5px\"><a href=\"http:\/\/www.simpleplan.cz\/cz\/index.php\/kapela\/diskografie\/album-6\/\" target=\"_blank\" class=\"view-full-post-btn\" rel=\"noopener\">Info o 6. albu<\/a><\/div>\n<p><\/center><\/p>\n<div class=\"fblikebutton_button\" style=\"float: left; padding-top: 20px; margin-right: 20px; padding-bottom: 20px; padding-left: 20px;\"><iframe src=\"http:\/\/www.facebook.com\/plugins\/like.php?href=https%3A%2F%2Fwww.simpleplan.cz%2Fcz%2Findex.php%2Fpierre-chuckem-si-prizvali-travise-clarka-we-the-kings-dalsi-skladaci-session%2F&amp;layout=standard&amp;show-faces=false&amp;width=450&amp;action=like&amp;colorscheme=light\" scrolling=\"no\" frameborder=\"0\" allowTransparency=\"true\" style=\"border:none; overflow:hidden; width:450px; height:26px\"><\/iframe><\/div>\n","protected":false},"excerpt":{"rendered":"<p>Vypad\u00e1 to, \u017ee si Pierre s Chuckem opravdu obl\u00edbili hlavn\u00edho zp\u011bv\u00e1ka We The Kings, Travise<\/p>\n","protected":false},"author":5,"featured_media":28254,"comment_status":"open","ping_status":"open","sticky":false,"template":"","format":"standard","meta":{"footnotes":"","fifu_image_url":"","fifu_image_alt":""},"categories":[2277,1,5],"tags":[2278,1079,641,634],"yoast_head":"<!-- This site is optimized with the Yoast SEO plugin v20.9 - https:\/\/yoast.com\/wordpress\/plugins\/seo\/ -->\n<title>Pierre s Chuckem si p\u0159izvali Travise Clarka (We The Kings) na dal\u0161\u00ed skl\u00e1dac\u00ed session! | CZ: SimplePlan.cz<\/title>\n<meta name=\"robots\" content=\"index, follow, max-snippet:-1, max-image-preview:large, max-video-preview:-1\" \/>\n<link rel=\"canonical\" href=\"https:\/\/www.simpleplan.cz\/cz\/index.php\/pierre-chuckem-si-prizvali-travise-clarka-we-the-kings-dalsi-skladaci-session\/\" \/>\n<meta property=\"og:locale\" content=\"cs_CZ\" \/>\n<meta property=\"og:type\" content=\"article\" \/>\n<meta property=\"og:title\" content=\"Pierre s Chuckem si p\u0159izvali Travise Clarka (We The Kings) na dal\u0161\u00ed skl\u00e1dac\u00ed session! | CZ: SimplePlan.cz\" \/>\n<meta property=\"og:description\" content=\"Vypad\u00e1 to, \u017ee si Pierre s Chuckem opravdu obl\u00edbili hlavn\u00edho zp\u011bv\u00e1ka We The Kings, Travise\" \/>\n<meta property=\"og:url\" content=\"https:\/\/www.simpleplan.cz\/cz\/index.php\/pierre-chuckem-si-prizvali-travise-clarka-we-the-kings-dalsi-skladaci-session\/\" \/>\n<meta property=\"og:site_name\" content=\"CZ: SimplePlan.cz\" \/>\n<meta property=\"article:publisher\" content=\"http:\/\/www.facebook.com\/simpleplancz\" \/>\n<meta property=\"article:published_time\" content=\"2019-02-16T17:59:06+00:00\" \/>\n<meta property=\"article:modified_time\" content=\"2023-06-26T05:04:34+00:00\" \/>\n<meta property=\"og:image\" content=\"https:\/\/www.simpleplan.cz\/cz\/wp-content\/uploads\/101.jpg\" \/>\n\t<meta property=\"og:image:width\" content=\"670\" \/>\n\t<meta property=\"og:image:height\" content=\"300\" \/>\n\t<meta property=\"og:image:type\" content=\"image\/jpeg\" \/>\n<meta name=\"author\" content=\"Dominika\" \/>\n<meta name=\"twitter:card\" content=\"summary_large_image\" \/>\n<meta name=\"twitter:creator\" content=\"@simpleplancz\" \/>\n<meta name=\"twitter:site\" content=\"@simpleplancz\" \/>\n<meta name=\"twitter:label1\" content=\"Napsal(a)\" \/>\n\t<meta name=\"twitter:data1\" content=\"Dominika\" \/>\n\t<meta name=\"twitter:label2\" content=\"Odhadovan\u00e1 doba \u010dten\u00ed\" \/>\n\t<meta name=\"twitter:data2\" content=\"1 minuta\" \/>\n<script type=\"application\/ld+json\" class=\"yoast-schema-graph\">{\"@context\":\"https:\/\/schema.org\",\"@graph\":[{\"@type\":\"Article\",\"@id\":\"https:\/\/www.simpleplan.cz\/cz\/index.php\/pierre-chuckem-si-prizvali-travise-clarka-we-the-kings-dalsi-skladaci-session\/#article\",\"isPartOf\":{\"@id\":\"https:\/\/www.simpleplan.cz\/cz\/index.php\/pierre-chuckem-si-prizvali-travise-clarka-we-the-kings-dalsi-skladaci-session\/\"},\"author\":{\"name\":\"Dominika\",\"@id\":\"https:\/\/www.simpleplan.cz\/cz\/#\/schema\/person\/bb90dd25f4baab7793fc73ab0b783730\"},\"headline\":\"Pierre s Chuckem si p\u0159izvali Travise Clarka (We The Kings) na dal\u0161\u00ed skl\u00e1dac\u00ed session!\",\"datePublished\":\"2019-02-16T17:59:06+00:00\",\"dateModified\":\"2023-06-26T05:04:34+00:00\",\"mainEntityOfPage\":{\"@id\":\"https:\/\/www.simpleplan.cz\/cz\/index.php\/pierre-chuckem-si-prizvali-travise-clarka-we-the-kings-dalsi-skladaci-session\/\"},\"wordCount\":285,\"commentCount\":0,\"publisher\":{\"@id\":\"https:\/\/www.simpleplan.cz\/cz\/#organization\"},\"keywords\":[\"6. album\",\"skl\u00e1d\u00e1n\u00ed p\u00edsn\u00ed\",\"Travis Clark\",\"We The Kings\"],\"articleSection\":[\"6. album\",\"Chuck\",\"Pierre\"],\"inLanguage\":\"cs\",\"potentialAction\":[{\"@type\":\"CommentAction\",\"name\":\"Comment\",\"target\":[\"https:\/\/www.simpleplan.cz\/cz\/index.php\/pierre-chuckem-si-prizvali-travise-clarka-we-the-kings-dalsi-skladaci-session\/#respond\"]}]},{\"@type\":\"WebPage\",\"@id\":\"https:\/\/www.simpleplan.cz\/cz\/index.php\/pierre-chuckem-si-prizvali-travise-clarka-we-the-kings-dalsi-skladaci-session\/\",\"url\":\"https:\/\/www.simpleplan.cz\/cz\/index.php\/pierre-chuckem-si-prizvali-travise-clarka-we-the-kings-dalsi-skladaci-session\/\",\"name\":\"Pierre s Chuckem si p\u0159izvali Travise Clarka (We The Kings) na dal\u0161\u00ed skl\u00e1dac\u00ed session! | CZ: SimplePlan.cz\",\"isPartOf\":{\"@id\":\"https:\/\/www.simpleplan.cz\/cz\/#website\"},\"datePublished\":\"2019-02-16T17:59:06+00:00\",\"dateModified\":\"2023-06-26T05:04:34+00:00\",\"breadcrumb\":{\"@id\":\"https:\/\/www.simpleplan.cz\/cz\/index.php\/pierre-chuckem-si-prizvali-travise-clarka-we-the-kings-dalsi-skladaci-session\/#breadcrumb\"},\"inLanguage\":\"cs\",\"potentialAction\":[{\"@type\":\"ReadAction\",\"target\":[\"https:\/\/www.simpleplan.cz\/cz\/index.php\/pierre-chuckem-si-prizvali-travise-clarka-we-the-kings-dalsi-skladaci-session\/\"]}]},{\"@type\":\"BreadcrumbList\",\"@id\":\"https:\/\/www.simpleplan.cz\/cz\/index.php\/pierre-chuckem-si-prizvali-travise-clarka-we-the-kings-dalsi-skladaci-session\/#breadcrumb\",\"itemListElement\":[{\"@type\":\"ListItem\",\"position\":1,\"name\":\"Dom\u016f\",\"item\":\"https:\/\/www.simpleplan.cz\/cz\/\"},{\"@type\":\"ListItem\",\"position\":2,\"name\":\"6. album\",\"item\":\"https:\/\/www.simpleplan.cz\/cz\/index.php\/category\/6-album\/\"},{\"@type\":\"ListItem\",\"position\":3,\"name\":\"Pierre s Chuckem si p\u0159izvali Travise Clarka (We The Kings) na dal\u0161\u00ed skl\u00e1dac\u00ed session!\"}]},{\"@type\":\"WebSite\",\"@id\":\"https:\/\/www.simpleplan.cz\/cz\/#website\",\"url\":\"https:\/\/www.simpleplan.cz\/cz\/\",\"name\":\"CZ: SimplePlan.cz\",\"description\":\"Nejlep\u0161\u00ed zdroj informac\u00ed o kapele Simple Plan\",\"publisher\":{\"@id\":\"https:\/\/www.simpleplan.cz\/cz\/#organization\"},\"potentialAction\":[{\"@type\":\"SearchAction\",\"target\":{\"@type\":\"EntryPoint\",\"urlTemplate\":\"https:\/\/www.simpleplan.cz\/cz\/?s={search_term_string}\"},\"query-input\":\"required name=search_term_string\"}],\"inLanguage\":\"cs\"},{\"@type\":\"Organization\",\"@id\":\"https:\/\/www.simpleplan.cz\/cz\/#organization\",\"name\":\"CZ: SimplePlan.cz\",\"url\":\"https:\/\/www.simpleplan.cz\/cz\/\",\"logo\":{\"@type\":\"ImageObject\",\"inLanguage\":\"cs\",\"@id\":\"https:\/\/www.simpleplan.cz\/cz\/#\/schema\/logo\/image\/\",\"url\":\"https:\/\/www.simpleplan.cz\/cz\/wp-content\/uploads\/spczlogo.png\",\"contentUrl\":\"https:\/\/www.simpleplan.cz\/cz\/wp-content\/uploads\/spczlogo.png\",\"width\":250,\"height\":190,\"caption\":\"CZ: SimplePlan.cz\"},\"image\":{\"@id\":\"https:\/\/www.simpleplan.cz\/cz\/#\/schema\/logo\/image\/\"},\"sameAs\":[\"http:\/\/www.facebook.com\/simpleplancz\",\"https:\/\/twitter.com\/simpleplancz\",\"http:\/\/www.instagram.com\/simpleplancz\",\"http:\/\/www.youtube.com\/simpleplancz\"]},{\"@type\":\"Person\",\"@id\":\"https:\/\/www.simpleplan.cz\/cz\/#\/schema\/person\/bb90dd25f4baab7793fc73ab0b783730\",\"name\":\"Dominika\",\"image\":{\"@type\":\"ImageObject\",\"inLanguage\":\"cs\",\"@id\":\"https:\/\/www.simpleplan.cz\/cz\/#\/schema\/person\/image\/\",\"url\":\"https:\/\/secure.gravatar.com\/avatar\/de55cb16a8578d56e96c89d1a0af3db5?s=96&d=mm&r=g\",\"contentUrl\":\"https:\/\/secure.gravatar.com\/avatar\/de55cb16a8578d56e96c89d1a0af3db5?s=96&d=mm&r=g\",\"caption\":\"Dominika\"},\"sameAs\":[\"http:\/\/www.simpleplan.cz\"],\"url\":\"https:\/\/www.simpleplan.cz\/cz\/index.php\/author\/admin-2\/\"}]}<\/script>\n<!-- \/ Yoast SEO plugin. -->","yoast_head_json":{"title":"Pierre s Chuckem si p\u0159izvali Travise Clarka (We The Kings) na dal\u0161\u00ed skl\u00e1dac\u00ed session! | CZ: SimplePlan.cz","robots":{"index":"index","follow":"follow","max-snippet":"max-snippet:-1","max-image-preview":"max-image-preview:large","max-video-preview":"max-video-preview:-1"},"canonical":"https:\/\/www.simpleplan.cz\/cz\/index.php\/pierre-chuckem-si-prizvali-travise-clarka-we-the-kings-dalsi-skladaci-session\/","og_locale":"cs_CZ","og_type":"article","og_title":"Pierre s Chuckem si p\u0159izvali Travise Clarka (We The Kings) na dal\u0161\u00ed skl\u00e1dac\u00ed session! | CZ: SimplePlan.cz","og_description":"Vypad\u00e1 to, \u017ee si Pierre s Chuckem opravdu obl\u00edbili hlavn\u00edho zp\u011bv\u00e1ka We The Kings, Travise","og_url":"https:\/\/www.simpleplan.cz\/cz\/index.php\/pierre-chuckem-si-prizvali-travise-clarka-we-the-kings-dalsi-skladaci-session\/","og_site_name":"CZ: SimplePlan.cz","article_publisher":"http:\/\/www.facebook.com\/simpleplancz","article_published_time":"2019-02-16T17:59:06+00:00","article_modified_time":"2023-06-26T05:04:34+00:00","og_image":[{"width":670,"height":300,"url":"https:\/\/www.simpleplan.cz\/cz\/wp-content\/uploads\/101.jpg","type":"image\/jpeg"}],"author":"Dominika","twitter_card":"summary_large_image","twitter_creator":"@simpleplancz","twitter_site":"@simpleplancz","twitter_misc":{"Napsal(a)":"Dominika","Odhadovan\u00e1 doba \u010dten\u00ed":"1 minuta"},"schema":{"@context":"https:\/\/schema.org","@graph":[{"@type":"Article","@id":"https:\/\/www.simpleplan.cz\/cz\/index.php\/pierre-chuckem-si-prizvali-travise-clarka-we-the-kings-dalsi-skladaci-session\/#article","isPartOf":{"@id":"https:\/\/www.simpleplan.cz\/cz\/index.php\/pierre-chuckem-si-prizvali-travise-clarka-we-the-kings-dalsi-skladaci-session\/"},"author":{"name":"Dominika","@id":"https:\/\/www.simpleplan.cz\/cz\/#\/schema\/person\/bb90dd25f4baab7793fc73ab0b783730"},"headline":"Pierre s Chuckem si p\u0159izvali Travise Clarka (We The Kings) na dal\u0161\u00ed skl\u00e1dac\u00ed session!","datePublished":"2019-02-16T17:59:06+00:00","dateModified":"2023-06-26T05:04:34+00:00","mainEntityOfPage":{"@id":"https:\/\/www.simpleplan.cz\/cz\/index.php\/pierre-chuckem-si-prizvali-travise-clarka-we-the-kings-dalsi-skladaci-session\/"},"wordCount":285,"commentCount":0,"publisher":{"@id":"https:\/\/www.simpleplan.cz\/cz\/#organization"},"keywords":["6. album","skl\u00e1d\u00e1n\u00ed p\u00edsn\u00ed","Travis Clark","We The Kings"],"articleSection":["6. album","Chuck","Pierre"],"inLanguage":"cs","potentialAction":[{"@type":"CommentAction","name":"Comment","target":["https:\/\/www.simpleplan.cz\/cz\/index.php\/pierre-chuckem-si-prizvali-travise-clarka-we-the-kings-dalsi-skladaci-session\/#respond"]}]},{"@type":"WebPage","@id":"https:\/\/www.simpleplan.cz\/cz\/index.php\/pierre-chuckem-si-prizvali-travise-clarka-we-the-kings-dalsi-skladaci-session\/","url":"https:\/\/www.simpleplan.cz\/cz\/index.php\/pierre-chuckem-si-prizvali-travise-clarka-we-the-kings-dalsi-skladaci-session\/","name":"Pierre s Chuckem si p\u0159izvali Travise Clarka (We The Kings) na dal\u0161\u00ed skl\u00e1dac\u00ed session! | CZ: SimplePlan.cz","isPartOf":{"@id":"https:\/\/www.simpleplan.cz\/cz\/#website"},"datePublished":"2019-02-16T17:59:06+00:00","dateModified":"2023-06-26T05:04:34+00:00","breadcrumb":{"@id":"https:\/\/www.simpleplan.cz\/cz\/index.php\/pierre-chuckem-si-prizvali-travise-clarka-we-the-kings-dalsi-skladaci-session\/#breadcrumb"},"inLanguage":"cs","potentialAction":[{"@type":"ReadAction","target":["https:\/\/www.simpleplan.cz\/cz\/index.php\/pierre-chuckem-si-prizvali-travise-clarka-we-the-kings-dalsi-skladaci-session\/"]}]},{"@type":"BreadcrumbList","@id":"https:\/\/www.simpleplan.cz\/cz\/index.php\/pierre-chuckem-si-prizvali-travise-clarka-we-the-kings-dalsi-skladaci-session\/#breadcrumb","itemListElement":[{"@type":"ListItem","position":1,"name":"Dom\u016f","item":"https:\/\/www.simpleplan.cz\/cz\/"},{"@type":"ListItem","position":2,"name":"6. album","item":"https:\/\/www.simpleplan.cz\/cz\/index.php\/category\/6-album\/"},{"@type":"ListItem","position":3,"name":"Pierre s Chuckem si p\u0159izvali Travise Clarka (We The Kings) na dal\u0161\u00ed skl\u00e1dac\u00ed session!"}]},{"@type":"WebSite","@id":"https:\/\/www.simpleplan.cz\/cz\/#website","url":"https:\/\/www.simpleplan.cz\/cz\/","name":"CZ: SimplePlan.cz","description":"Nejlep\u0161\u00ed zdroj informac\u00ed o kapele Simple Plan","publisher":{"@id":"https:\/\/www.simpleplan.cz\/cz\/#organization"},"potentialAction":[{"@type":"SearchAction","target":{"@type":"EntryPoint","urlTemplate":"https:\/\/www.simpleplan.cz\/cz\/?s={search_term_string}"},"query-input":"required name=search_term_string"}],"inLanguage":"cs"},{"@type":"Organization","@id":"https:\/\/www.simpleplan.cz\/cz\/#organization","name":"CZ: SimplePlan.cz","url":"https:\/\/www.simpleplan.cz\/cz\/","logo":{"@type":"ImageObject","inLanguage":"cs","@id":"https:\/\/www.simpleplan.cz\/cz\/#\/schema\/logo\/image\/","url":"https:\/\/www.simpleplan.cz\/cz\/wp-content\/uploads\/spczlogo.png","contentUrl":"https:\/\/www.simpleplan.cz\/cz\/wp-content\/uploads\/spczlogo.png","width":250,"height":190,"caption":"CZ: SimplePlan.cz"},"image":{"@id":"https:\/\/www.simpleplan.cz\/cz\/#\/schema\/logo\/image\/"},"sameAs":["http:\/\/www.facebook.com\/simpleplancz","https:\/\/twitter.com\/simpleplancz","http:\/\/www.instagram.com\/simpleplancz","http:\/\/www.youtube.com\/simpleplancz"]},{"@type":"Person","@id":"https:\/\/www.simpleplan.cz\/cz\/#\/schema\/person\/bb90dd25f4baab7793fc73ab0b783730","name":"Dominika","image":{"@type":"ImageObject","inLanguage":"cs","@id":"https:\/\/www.simpleplan.cz\/cz\/#\/schema\/person\/image\/","url":"https:\/\/secure.gravatar.com\/avatar\/de55cb16a8578d56e96c89d1a0af3db5?s=96&d=mm&r=g","contentUrl":"https:\/\/secure.gravatar.com\/avatar\/de55cb16a8578d56e96c89d1a0af3db5?s=96&d=mm&r=g","caption":"Dominika"},"sameAs":["http:\/\/www.simpleplan.cz"],"url":"https:\/\/www.simpleplan.cz\/cz\/index.php\/author\/admin-2\/"}]}},"featured_image_urls":{"full":["https:\/\/www.simpleplan.cz\/cz\/wp-content\/uploads\/101.jpg",670,300,false],"thumbnail":["https:\/\/www.simpleplan.cz\/cz\/wp-content\/uploads\/101-150x150.jpg",150,150,true],"medium":["https:\/\/www.simpleplan.cz\/cz\/wp-content\/uploads\/101-300x134.jpg",300,134,true],"medium_large":["https:\/\/www.simpleplan.cz\/cz\/wp-content\/uploads\/101.jpg",640,287,false],"large":["https:\/\/www.simpleplan.cz\/cz\/wp-content\/uploads\/101.jpg",640,287,false],"1536x1536":["https:\/\/www.simpleplan.cz\/cz\/wp-content\/uploads\/101.jpg",670,300,false],"2048x2048":["https:\/\/www.simpleplan.cz\/cz\/wp-content\/uploads\/101.jpg",670,300,false],"elegant-magazine-featured":["https:\/\/www.simpleplan.cz\/cz\/wp-content\/uploads\/101.jpg",670,300,false],"elegant-magazine-medium":["https:\/\/www.simpleplan.cz\/cz\/wp-content\/uploads\/101.jpg",670,300,false],"elegant-magazine-medium-small":["https:\/\/www.simpleplan.cz\/cz\/wp-content\/uploads\/101.jpg",300,134,false],"elegant-magazine-thumbnail-small":["https:\/\/www.simpleplan.cz\/cz\/wp-content\/uploads\/101.jpg",50,22,false]},"author_info":{"display_name":"Dominika","author_link":"https:\/\/www.simpleplan.cz\/cz\/index.php\/author\/admin-2\/"},"category_info":"<a href=\"https:\/\/www.simpleplan.cz\/cz\/index.php\/category\/6-album\/\" rel=\"category tag\">6. album<\/a> <a href=\"https:\/\/www.simpleplan.cz\/cz\/index.php\/category\/chuck\/\" rel=\"category tag\">Chuck<\/a> <a href=\"https:\/\/www.simpleplan.cz\/cz\/index.php\/category\/pierre\/\" rel=\"category tag\">Pierre<\/a>","tag_info":"Pierre","comment_count":"0","_links":{"self":[{"href":"https:\/\/www.simpleplan.cz\/cz\/index.php\/wp-json\/wp\/v2\/posts\/28252"}],"collection":[{"href":"https:\/\/www.simpleplan.cz\/cz\/index.php\/wp-json\/wp\/v2\/posts"}],"about":[{"href":"https:\/\/www.simpleplan.cz\/cz\/index.php\/wp-json\/wp\/v2\/types\/post"}],"author":[{"embeddable":true,"href":"https:\/\/www.simpleplan.cz\/cz\/index.php\/wp-json\/wp\/v2\/users\/5"}],"replies":[{"embeddable":true,"href":"https:\/\/www.simpleplan.cz\/cz\/index.php\/wp-json\/wp\/v2\/comments?post=28252"}],"version-history":[{"count":2,"href":"https:\/\/www.simpleplan.cz\/cz\/index.php\/wp-json\/wp\/v2\/posts\/28252\/revisions"}],"predecessor-version":[{"id":29883,"href":"https:\/\/www.simpleplan.cz\/cz\/index.php\/wp-json\/wp\/v2\/posts\/28252\/revisions\/29883"}],"wp:featuredmedia":[{"embeddable":true,"href":"https:\/\/www.simpleplan.cz\/cz\/index.php\/wp-json\/wp\/v2\/media\/28254"}],"wp:attachment":[{"href":"https:\/\/www.simpleplan.cz\/cz\/index.php\/wp-json\/wp\/v2\/media?parent=28252"}],"wp:term":[{"taxonomy":"category","embeddable":true,"href":"https:\/\/www.simpleplan.cz\/cz\/index.php\/wp-json\/wp\/v2\/categories?post=28252"},{"taxonomy":"post_tag","embeddable":true,"href":"https:\/\/www.simpleplan.cz\/cz\/index.php\/wp-json\/wp\/v2\/tags?post=28252"}],"curies":[{"name":"wp","href":"https:\/\/api.w.org\/{rel}","templated":true}]}}